{"id":39492,"date":"2019-12-18T07:57:49","date_gmt":"2019-12-18T10:57:49","guid":{"rendered":"https:\/\/dana.com.br\/canaldana\/?p=39492"},"modified":"2019-12-18T07:57:49","modified_gmt":"2019-12-18T10:57:49","slug":"vw-brasil-celebra-marco-historico-de-quatro-milhoes-de-veiculos-exportados","status":"publish","type":"post","link":"https:\/\/dana.com.br\/canaldana\/2019\/12\/18\/vw-brasil-celebra-marco-historico-de-quatro-milhoes-de-veiculos-exportados\/","title":{"rendered":"VW Brasil celebra marco hist\u00f3rico de quatro milh\u00f5es de ve\u00edculos exportados"},"content":{"rendered":"<p><em>Di\u00e1rio Ind\u00fastria &amp; Com\u00e9rcio<\/em><\/p>\n<p>&nbsp;<\/p>\n<p>Respons\u00e1vel por 25% das exporta\u00e7\u00f5es de autom\u00f3veis e comerciais leves do setor automotivo brasileiro, a Volkswagen do Brasil acaba de ultrapassar a marca de 4 milh\u00f5es de unidades exportadas desde fevereiro de 1970, com destino a 147 pa\u00edses. Atualmente, atende 18 mercados diferentes da Am\u00e9rica do Sul, Central e Caribe, com destaque para Col\u00f4mbia, Chile, Peru e Uruguai, para onde s\u00e3o enviados os modelos T\u2011Cross, Polo, Virtus, Gol, Voyage, Saveiro, up! e Fox.<\/p>\n<p>&nbsp;<\/p>\n<p>\u201cAssim como toda a ind\u00fastria automotiva, vivemos um momento desafiador com rela\u00e7\u00e3o a exporta\u00e7\u00f5es. Adotamos estrat\u00e9gias para conquistar novos mercados de exporta\u00e7\u00e3o a partir do Brasil e iniciamos, este ano, o envio do Virtus e T\u2011Cross para o M\u00e9xico e da Saveiro para o Peru. Nosso objetivo \u00e9 ampliar ainda mais nossa presen\u00e7a em outros pa\u00edses em 2020, consolidando nosso perfil exportador\u201d, enfatizou Pablo Di Si, Presidente e CEO da Volkswagen Am\u00e9rica Latina.<\/p>\n<p>&nbsp;<\/p>\n<p>Gol, T\u2011Cross e Virtus foram os modelos mais exportados entre janeiro e novembro de 2019. Presente em nove mercados, al\u00e9m do Brasil, o Gol \u00e9 o l\u00edder com mais de 30 mil unidades enviadas; seguido pelo Virtus, com 13,5 mil, que est\u00e1 presente em 10 pa\u00edses. Lan\u00e7ado em 2019, o T\u2011Cross j\u00e1 contabiliza resultados expressivos tamb\u00e9m no mercado externo, foram mais de 16 mil unidades para 10 pa\u00edses.<\/p>\n<p>&nbsp;<\/p>\n<p>Historicamente o Gol \u00e9 o modelo mais exportado da Volkswagen do Brasil superando a marca de 1,5 milh\u00e3o de exemplares, seguido por Voyage com mais de 479 mil e pelo Fox, com mais de 471 mil.<\/p>\n<p>&nbsp;<\/p>\n<p>As exporta\u00e7\u00f5es da Volkswagen do Brasil come\u00e7aram em fevereiro de 1970, quando 13 unidades dos modelos Kombi e Variant foram exportadas para o M\u00e9xico e pa\u00edses da Am\u00e9rica do Sul. Em 1972, os volumes exportados j\u00e1 chegavam a 7.204 unidades. Este n\u00famero expressivo fez a empresa perceber a grande oportunidade de tornar-se l\u00edder em exporta\u00e7\u00e3o (autom\u00f3veis e comerciais leves).<\/p>\n<p>&nbsp;<\/p>\n<p>Um dos maiores contratos de exporta\u00e7\u00e3o foi com o Iraque, para onde foram exportadas 170 mil unidades do Passat de 1983 a 1988. O ano de 2005 registra o \u00e1pice da exporta\u00e7\u00e3o, com a abertura dos mercados da \u00c1frica e Oriente M\u00e9dio, mais uma vez a Volkswagen do Brasil superou desafios levando produtos para pa\u00edses com diferentes exig\u00eancias. Os produtos da Volkswagen do Brasil (autom\u00f3veis e comerciais leves), j\u00e1 marcaram presen\u00e7a na Europa, \u00c1frica, \u00c1sia e Am\u00e9ricas. (Di\u00e1rio Ind\u00fastria &amp; Com\u00e9rcio)<\/p>\n","protected":false},"excerpt":{"rendered":"<p>Di\u00e1rio Ind\u00fastria &amp; Com\u00e9rcio &nbsp; Respons\u00e1vel por 25% das exporta\u00e7\u00f5es de autom\u00f3veis e comerciais leves do setor automotivo brasileiro, a Volkswagen do Brasil acaba de ultrapassar a marca de 4 milh\u00f5es de unidades exportadas desde fevereiro de 1970, com destino a 147 pa\u00edses. Atualmente, atende 18 mercados diferentes da Am\u00e9rica do Sul, Central e Caribe,\u2026 <a class=\"readmore\" href=\"https:\/\/dana.com.br\/canaldana\/2019\/12\/18\/vw-brasil-celebra-marco-historico-de-quatro-milhoes-de-veiculos-exportados\/\">Leia mais \u00bb<\/a><\/p>\n","protected":false},"author":3,"featured_media":0,"comment_status":"closed","ping_status":"closed","sticky":false,"template":"","format":"standard","meta":{"_acf_changed":false,"footnotes":""},"categories":[61],"tags":[],"class_list":["post-39492","post","type-post","status-publish","format-standard","hentry","category-destaques"],"acf":[],"yoast_head":"<!-- This site is optimized with the Yoast SEO plugin v27.3 - https:\/\/yoast.com\/product\/yoast-seo-wordpress\/ -->\n<title>VW Brasil celebra marco hist\u00f3rico de quatro milh\u00f5es de ve\u00edculos exportados - Canal Dana<\/title>\n<meta name=\"robots\" content=\"index, follow, max-snippet:-1, max-image-preview:large, max-video-preview:-1\" \/>\n<link rel=\"canonical\" href=\"https:\/\/dana.com.br\/canaldana\/2019\/12\/18\/vw-brasil-celebra-marco-historico-de-quatro-milhoes-de-veiculos-exportados\/\" \/>\n<meta property=\"og:locale\" content=\"pt_BR\" \/>\n<meta property=\"og:type\" content=\"article\" \/>\n<meta property=\"og:title\" content=\"VW Brasil celebra marco hist\u00f3rico de quatro milh\u00f5es de ve\u00edculos exportados - Canal Dana\" \/>\n<meta property=\"og:description\" content=\"Di\u00e1rio Ind\u00fastria &amp; Com\u00e9rcio &nbsp; Respons\u00e1vel por 25% das exporta\u00e7\u00f5es de autom\u00f3veis e comerciais leves do setor automotivo brasileiro, a Volkswagen do Brasil acaba de ultrapassar a marca de 4 milh\u00f5es de unidades exportadas desde fevereiro de 1970, com destino a 147 pa\u00edses. Atualmente, atende 18 mercados diferentes da Am\u00e9rica do Sul, Central e Caribe,\u2026 Leia mais \u00bb\" \/>\n<meta property=\"og:url\" content=\"https:\/\/dana.com.br\/canaldana\/2019\/12\/18\/vw-brasil-celebra-marco-historico-de-quatro-milhoes-de-veiculos-exportados\/\" \/>\n<meta property=\"og:site_name\" content=\"Canal Dana\" \/>\n<meta property=\"article:published_time\" content=\"2019-12-18T10:57:49+00:00\" \/>\n<meta name=\"author\" content=\"Canal Dana\" \/>\n<meta name=\"twitter:card\" content=\"summary_large_image\" \/>\n<meta name=\"twitter:label1\" content=\"Escrito por\" \/>\n\t<meta name=\"twitter:data1\" content=\"Canal Dana\" \/>\n\t<meta name=\"twitter:label2\" content=\"Est. tempo de leitura\" \/>\n\t<meta name=\"twitter:data2\" content=\"2 minutos\" \/>\n<script type=\"application\/ld+json\" class=\"yoast-schema-graph\">{\"@context\":\"https:\\\/\\\/schema.org\",\"@graph\":[{\"@type\":\"Article\",\"@id\":\"https:\\\/\\\/dana.com.br\\\/canaldana\\\/2019\\\/12\\\/18\\\/vw-brasil-celebra-marco-historico-de-quatro-milhoes-de-veiculos-exportados\\\/#article\",\"isPartOf\":{\"@id\":\"https:\\\/\\\/dana.com.br\\\/canaldana\\\/2019\\\/12\\\/18\\\/vw-brasil-celebra-marco-historico-de-quatro-milhoes-de-veiculos-exportados\\\/\"},\"author\":{\"name\":\"Canal Dana\",\"@id\":\"https:\\\/\\\/dana.com.br\\\/canaldana\\\/#\\\/schema\\\/person\\\/3c21f22f56fcf3bc46b94bc60ea4fef6\"},\"headline\":\"VW Brasil celebra marco hist\u00f3rico de quatro milh\u00f5es de ve\u00edculos exportados\",\"datePublished\":\"2019-12-18T10:57:49+00:00\",\"mainEntityOfPage\":{\"@id\":\"https:\\\/\\\/dana.com.br\\\/canaldana\\\/2019\\\/12\\\/18\\\/vw-brasil-celebra-marco-historico-de-quatro-milhoes-de-veiculos-exportados\\\/\"},\"wordCount\":438,\"articleSection\":[\"Destaques\"],\"inLanguage\":\"pt-BR\"},{\"@type\":\"WebPage\",\"@id\":\"https:\\\/\\\/dana.com.br\\\/canaldana\\\/2019\\\/12\\\/18\\\/vw-brasil-celebra-marco-historico-de-quatro-milhoes-de-veiculos-exportados\\\/\",\"url\":\"https:\\\/\\\/dana.com.br\\\/canaldana\\\/2019\\\/12\\\/18\\\/vw-brasil-celebra-marco-historico-de-quatro-milhoes-de-veiculos-exportados\\\/\",\"name\":\"VW Brasil celebra marco hist\u00f3rico de quatro milh\u00f5es de ve\u00edculos exportados - Canal Dana\",\"isPartOf\":{\"@id\":\"https:\\\/\\\/dana.com.br\\\/canaldana\\\/#website\"},\"datePublished\":\"2019-12-18T10:57:49+00:00\",\"author\":{\"@id\":\"https:\\\/\\\/dana.com.br\\\/canaldana\\\/#\\\/schema\\\/person\\\/3c21f22f56fcf3bc46b94bc60ea4fef6\"},\"breadcrumb\":{\"@id\":\"https:\\\/\\\/dana.com.br\\\/canaldana\\\/2019\\\/12\\\/18\\\/vw-brasil-celebra-marco-historico-de-quatro-milhoes-de-veiculos-exportados\\\/#breadcrumb\"},\"inLanguage\":\"pt-BR\",\"potentialAction\":[{\"@type\":\"ReadAction\",\"target\":[\"https:\\\/\\\/dana.com.br\\\/canaldana\\\/2019\\\/12\\\/18\\\/vw-brasil-celebra-marco-historico-de-quatro-milhoes-de-veiculos-exportados\\\/\"]}]},{\"@type\":\"BreadcrumbList\",\"@id\":\"https:\\\/\\\/dana.com.br\\\/canaldana\\\/2019\\\/12\\\/18\\\/vw-brasil-celebra-marco-historico-de-quatro-milhoes-de-veiculos-exportados\\\/#breadcrumb\",\"itemListElement\":[{\"@type\":\"ListItem\",\"position\":1,\"name\":\"Home\",\"item\":\"https:\\\/\\\/dana.com.br\\\/canaldana\\\/\"},{\"@type\":\"ListItem\",\"position\":2,\"name\":\"Destaques\",\"item\":\"https:\\\/\\\/dana.com.br\\\/canaldana\\\/destaques\\\/\"},{\"@type\":\"ListItem\",\"position\":3,\"name\":\"VW Brasil celebra marco hist\u00f3rico de quatro milh\u00f5es de ve\u00edculos exportados\"}]},{\"@type\":\"WebSite\",\"@id\":\"https:\\\/\\\/dana.com.br\\\/canaldana\\\/#website\",\"url\":\"https:\\\/\\\/dana.com.br\\\/canaldana\\\/\",\"name\":\"Canal Dana\",\"description\":\"Informativo com as principais not\u00edcias da ind\u00fastria automotiva\",\"potentialAction\":[{\"@type\":\"SearchAction\",\"target\":{\"@type\":\"EntryPoint\",\"urlTemplate\":\"https:\\\/\\\/dana.com.br\\\/canaldana\\\/?s={search_term_string}\"},\"query-input\":{\"@type\":\"PropertyValueSpecification\",\"valueRequired\":true,\"valueName\":\"search_term_string\"}}],\"inLanguage\":\"pt-BR\"},{\"@type\":\"Person\",\"@id\":\"https:\\\/\\\/dana.com.br\\\/canaldana\\\/#\\\/schema\\\/person\\\/3c21f22f56fcf3bc46b94bc60ea4fef6\",\"name\":\"Canal Dana\",\"image\":{\"@type\":\"ImageObject\",\"inLanguage\":\"pt-BR\",\"@id\":\"https:\\\/\\\/secure.gravatar.com\\\/avatar\\\/420aaf9278582877d9018637c6817617705899d2858d7572ef0fe59a6b6454b4?s=96&d=mm&r=g\",\"url\":\"https:\\\/\\\/secure.gravatar.com\\\/avatar\\\/420aaf9278582877d9018637c6817617705899d2858d7572ef0fe59a6b6454b4?s=96&d=mm&r=g\",\"contentUrl\":\"https:\\\/\\\/secure.gravatar.com\\\/avatar\\\/420aaf9278582877d9018637c6817617705899d2858d7572ef0fe59a6b6454b4?s=96&d=mm&r=g\",\"caption\":\"Canal Dana\"},\"url\":\"https:\\\/\\\/dana.com.br\\\/canaldana\\\/author\\\/cdeditor\\\/\"}]}<\/script>\n<!-- \/ Yoast SEO plugin. -->","yoast_head_json":{"title":"VW Brasil celebra marco hist\u00f3rico de quatro milh\u00f5es de ve\u00edculos exportados - Canal Dana","robots":{"index":"index","follow":"follow","max-snippet":"max-snippet:-1","max-image-preview":"max-image-preview:large","max-video-preview":"max-video-preview:-1"},"canonical":"https:\/\/dana.com.br\/canaldana\/2019\/12\/18\/vw-brasil-celebra-marco-historico-de-quatro-milhoes-de-veiculos-exportados\/","og_locale":"pt_BR","og_type":"article","og_title":"VW Brasil celebra marco hist\u00f3rico de quatro milh\u00f5es de ve\u00edculos exportados - Canal Dana","og_description":"Di\u00e1rio Ind\u00fastria &amp; Com\u00e9rcio &nbsp; Respons\u00e1vel por 25% das exporta\u00e7\u00f5es de autom\u00f3veis e comerciais leves do setor automotivo brasileiro, a Volkswagen do Brasil acaba de ultrapassar a marca de 4 milh\u00f5es de unidades exportadas desde fevereiro de 1970, com destino a 147 pa\u00edses. Atualmente, atende 18 mercados diferentes da Am\u00e9rica do Sul, Central e Caribe,\u2026 Leia mais \u00bb","og_url":"https:\/\/dana.com.br\/canaldana\/2019\/12\/18\/vw-brasil-celebra-marco-historico-de-quatro-milhoes-de-veiculos-exportados\/","og_site_name":"Canal Dana","article_published_time":"2019-12-18T10:57:49+00:00","author":"Canal Dana","twitter_card":"summary_large_image","twitter_misc":{"Escrito por":"Canal Dana","Est. tempo de leitura":"2 minutos"},"schema":{"@context":"https:\/\/schema.org","@graph":[{"@type":"Article","@id":"https:\/\/dana.com.br\/canaldana\/2019\/12\/18\/vw-brasil-celebra-marco-historico-de-quatro-milhoes-de-veiculos-exportados\/#article","isPartOf":{"@id":"https:\/\/dana.com.br\/canaldana\/2019\/12\/18\/vw-brasil-celebra-marco-historico-de-quatro-milhoes-de-veiculos-exportados\/"},"author":{"name":"Canal Dana","@id":"https:\/\/dana.com.br\/canaldana\/#\/schema\/person\/3c21f22f56fcf3bc46b94bc60ea4fef6"},"headline":"VW Brasil celebra marco hist\u00f3rico de quatro milh\u00f5es de ve\u00edculos exportados","datePublished":"2019-12-18T10:57:49+00:00","mainEntityOfPage":{"@id":"https:\/\/dana.com.br\/canaldana\/2019\/12\/18\/vw-brasil-celebra-marco-historico-de-quatro-milhoes-de-veiculos-exportados\/"},"wordCount":438,"articleSection":["Destaques"],"inLanguage":"pt-BR"},{"@type":"WebPage","@id":"https:\/\/dana.com.br\/canaldana\/2019\/12\/18\/vw-brasil-celebra-marco-historico-de-quatro-milhoes-de-veiculos-exportados\/","url":"https:\/\/dana.com.br\/canaldana\/2019\/12\/18\/vw-brasil-celebra-marco-historico-de-quatro-milhoes-de-veiculos-exportados\/","name":"VW Brasil celebra marco hist\u00f3rico de quatro milh\u00f5es de ve\u00edculos exportados - Canal Dana","isPartOf":{"@id":"https:\/\/dana.com.br\/canaldana\/#website"},"datePublished":"2019-12-18T10:57:49+00:00","author":{"@id":"https:\/\/dana.com.br\/canaldana\/#\/schema\/person\/3c21f22f56fcf3bc46b94bc60ea4fef6"},"breadcrumb":{"@id":"https:\/\/dana.com.br\/canaldana\/2019\/12\/18\/vw-brasil-celebra-marco-historico-de-quatro-milhoes-de-veiculos-exportados\/#breadcrumb"},"inLanguage":"pt-BR","potentialAction":[{"@type":"ReadAction","target":["https:\/\/dana.com.br\/canaldana\/2019\/12\/18\/vw-brasil-celebra-marco-historico-de-quatro-milhoes-de-veiculos-exportados\/"]}]},{"@type":"BreadcrumbList","@id":"https:\/\/dana.com.br\/canaldana\/2019\/12\/18\/vw-brasil-celebra-marco-historico-de-quatro-milhoes-de-veiculos-exportados\/#breadcrumb","itemListElement":[{"@type":"ListItem","position":1,"name":"Home","item":"https:\/\/dana.com.br\/canaldana\/"},{"@type":"ListItem","position":2,"name":"Destaques","item":"https:\/\/dana.com.br\/canaldana\/destaques\/"},{"@type":"ListItem","position":3,"name":"VW Brasil celebra marco hist\u00f3rico de quatro milh\u00f5es de ve\u00edculos exportados"}]},{"@type":"WebSite","@id":"https:\/\/dana.com.br\/canaldana\/#website","url":"https:\/\/dana.com.br\/canaldana\/","name":"Canal Dana","description":"Informativo com as principais not\u00edcias da ind\u00fastria automotiva","potentialAction":[{"@type":"SearchAction","target":{"@type":"EntryPoint","urlTemplate":"https:\/\/dana.com.br\/canaldana\/?s={search_term_string}"},"query-input":{"@type":"PropertyValueSpecification","valueRequired":true,"valueName":"search_term_string"}}],"inLanguage":"pt-BR"},{"@type":"Person","@id":"https:\/\/dana.com.br\/canaldana\/#\/schema\/person\/3c21f22f56fcf3bc46b94bc60ea4fef6","name":"Canal Dana","image":{"@type":"ImageObject","inLanguage":"pt-BR","@id":"https:\/\/secure.gravatar.com\/avatar\/420aaf9278582877d9018637c6817617705899d2858d7572ef0fe59a6b6454b4?s=96&d=mm&r=g","url":"https:\/\/secure.gravatar.com\/avatar\/420aaf9278582877d9018637c6817617705899d2858d7572ef0fe59a6b6454b4?s=96&d=mm&r=g","contentUrl":"https:\/\/secure.gravatar.com\/avatar\/420aaf9278582877d9018637c6817617705899d2858d7572ef0fe59a6b6454b4?s=96&d=mm&r=g","caption":"Canal Dana"},"url":"https:\/\/dana.com.br\/canaldana\/author\/cdeditor\/"}]}},"_links":{"self":[{"href":"https:\/\/dana.com.br\/canaldana\/wp-json\/wp\/v2\/posts\/39492","targetHints":{"allow":["GET"]}}],"collection":[{"href":"https:\/\/dana.com.br\/canaldana\/wp-json\/wp\/v2\/posts"}],"about":[{"href":"https:\/\/dana.com.br\/canaldana\/wp-json\/wp\/v2\/types\/post"}],"author":[{"embeddable":true,"href":"https:\/\/dana.com.br\/canaldana\/wp-json\/wp\/v2\/users\/3"}],"replies":[{"embeddable":true,"href":"https:\/\/dana.com.br\/canaldana\/wp-json\/wp\/v2\/comments?post=39492"}],"version-history":[{"count":0,"href":"https:\/\/dana.com.br\/canaldana\/wp-json\/wp\/v2\/posts\/39492\/revisions"}],"wp:attachment":[{"href":"https:\/\/dana.com.br\/canaldana\/wp-json\/wp\/v2\/media?parent=39492"}],"wp:term":[{"taxonomy":"category","embeddable":true,"href":"https:\/\/dana.com.br\/canaldana\/wp-json\/wp\/v2\/categories?post=39492"},{"taxonomy":"post_tag","embeddable":true,"href":"https:\/\/dana.com.br\/canaldana\/wp-json\/wp\/v2\/tags?post=39492"}],"curies":[{"name":"wp","href":"https:\/\/api.w.org\/{rel}","templated":true}]}}