{"id":39490,"date":"2019-12-18T07:57:07","date_gmt":"2019-12-18T10:57:07","guid":{"rendered":"https:\/\/dana.com.br\/canaldana\/?p=39490"},"modified":"2019-12-18T07:57:07","modified_gmt":"2019-12-18T10:57:07","slug":"mercedes-benz-e-bosch-criam-moderna-pista-de-testes","status":"publish","type":"post","link":"https:\/\/dana.com.br\/canaldana\/2019\/12\/18\/mercedes-benz-e-bosch-criam-moderna-pista-de-testes\/","title":{"rendered":"Mercedes-Benz e Bosch criam moderna pista de testes"},"content":{"rendered":"<p><em>Jornal de Piracicaba<\/em><\/p>\n<p>&nbsp;<\/p>\n<p>A Mercedes-Benz e a Bosch juntaram-se para a cria\u00e7\u00e3o de um moderno Centro de Testes Veiculares no Brasil, que permitir\u00e1 a realiza\u00e7\u00e3o de ensaios com autom\u00f3veis, comerciais leves, motos e m\u00e1quinas agr\u00edcolas. O empreendimento ser\u00e1 constru\u00eddo no Campo de Provas da Mercedes-Benz em Iracem\u00e1polis, o maior do Hemisf\u00e9rio Sul para ve\u00edculos comerciais, que alcan\u00e7ar\u00e1, assim, um importante marco de expans\u00e3o em sua trajet\u00f3ria de pouco mais de um ano de atividades.<\/p>\n<p>&nbsp;<\/p>\n<p>O in\u00edcio das obras do Centro de Testes est\u00e1 previsto para o primeiro semestre de 2020 e a inaugura\u00e7\u00e3o para 2021. Com pistas para avalia\u00e7\u00f5es de seguran\u00e7a veicular, efici\u00eancia energ\u00e9tica e novas tecnologias, esse Centro facilitar\u00e1 o desenvolvimento, por exemplo, de ve\u00edculos equipados com os modernos sistemas de assist\u00eancia ao condutor, que proporcionar\u00e3o uma mobilidade livre de estresse e acidentes.<\/p>\n<p>&nbsp;<\/p>\n<p>\u201cEsse empreendimento est\u00e1 diretamente alinhado ao nosso objetivo estrat\u00e9gico de \u201clocal for local\u201d, ou seja, ter centros de compet\u00eancia locais para atendimento das demandas de nossos clientes\u201d, afirma Besaliel Botelho, presidente da Robert Bosch Am\u00e9rica Latina.<\/p>\n<p>&nbsp;<\/p>\n<p>Desde 2016, a Bosch vem sentindo a necessidade de investir em uma \u00e1rea onde fosse poss\u00edvel testar e validar sistemas de efici\u00eancia energ\u00e9tica, assim como de seguran\u00e7a e de assist\u00eancia ao condutor que j\u00e1 est\u00e3o dispon\u00edveis no mercado nacional quanto aqueles que vir\u00e3o por conta do Rota 2030 ou que ser\u00e3o demandados pelas legisla\u00e7\u00f5es futuras. \u201cDepois de estudar diferentes possibilidades, encontramos na Mercedes-Benz a parceira ideal para esse projeto e juntos construiremos um Centro de Testes Veiculares que beneficiar\u00e1 toda a cadeia automotiva na Am\u00e9rica Latina.<\/p>\n<p>&nbsp;<\/p>\n<p>Em mais uma iniciativa pioneira da Mercedes-Benz e da Bosch no mercado brasileiro, a nova estrutura ser\u00e1 oferecida para utiliza\u00e7\u00e3o por outros fabricantes de ve\u00edculos, sistemistas, autope\u00e7as e demais empresas do setor automotivo. Neste contexto, ser\u00e3o disponibilizados boxes de oficina de prot\u00f3tipos e escrit\u00f3rios individuais, a fim de assegurar privacidade e confidencialidade para todos os usu\u00e1rios e projetos.<\/p>\n<p>&nbsp;<\/p>\n<p>\u201cCom essa parceria, nossas empresas se preparam cada vez mais para os ve\u00edculos do futuro, real\u00e7ando sua import\u00e2ncia como players globais em engenharia e desenvolvimento tecnol\u00f3gico\u201d, ressalta Philipp Schiemer, presidente da Mercedes-Benz do Brasil e CEO Am\u00e9rica Latina. \u201cInvestiremos, juntos, R$ 70 milh\u00f5es nesse Centro, reafirmando a confian\u00e7a de nossas companhias no Brasil e no potencial do mercado interno e das exporta\u00e7\u00f5es. Tamb\u00e9m afirmamos nossa cren\u00e7a no desenvolvimento e evolu\u00e7\u00e3o dos produtos nacionais, assim como em nossa engenharia e ind\u00fastria\u201d.<\/p>\n<p>&nbsp;<\/p>\n<p>Esse empreendimento vem ampliar a gama de testes veiculares no Brasil e acelerar o desenvolvimento de produtos e tecnologias por meio de uma estrutura similar \u00e0s existentes em pa\u00edses como Alemanha, EUA, China e Jap\u00e3o. Entre eles, destacam-se ensaios para desenvolvimento de sistemas de seguran\u00e7a veicular e controle de chassi, como Programa Eletr\u00f4nico de Estabilidade, Frenagem Autom\u00e1tica de Emerg\u00eancia, prote\u00e7\u00e3o de pedestres e ciclistas e Sistemas de Assist\u00eancia ao Condutor. (Jornal de Piracicaba)<\/p>\n","protected":false},"excerpt":{"rendered":"<p>Jornal de Piracicaba &nbsp; A Mercedes-Benz e a Bosch juntaram-se para a cria\u00e7\u00e3o de um moderno Centro de Testes Veiculares no Brasil, que permitir\u00e1 a realiza\u00e7\u00e3o de ensaios com autom\u00f3veis, comerciais leves, motos e m\u00e1quinas agr\u00edcolas. O empreendimento ser\u00e1 constru\u00eddo no Campo de Provas da Mercedes-Benz em Iracem\u00e1polis, o maior do Hemisf\u00e9rio Sul para ve\u00edculos\u2026 <a class=\"readmore\" href=\"https:\/\/dana.com.br\/canaldana\/2019\/12\/18\/mercedes-benz-e-bosch-criam-moderna-pista-de-testes\/\">Leia mais \u00bb<\/a><\/p>\n","protected":false},"author":3,"featured_media":0,"comment_status":"closed","ping_status":"closed","sticky":false,"template":"","format":"standard","meta":{"_acf_changed":false,"footnotes":""},"categories":[61],"tags":[],"class_list":["post-39490","post","type-post","status-publish","format-standard","hentry","category-destaques"],"acf":[],"yoast_head":"<!-- This site is optimized with the Yoast SEO plugin v27.3 - https:\/\/yoast.com\/product\/yoast-seo-wordpress\/ -->\n<title>Mercedes-Benz e Bosch criam moderna pista de testes - Canal Dana<\/title>\n<meta name=\"robots\" content=\"index, follow, max-snippet:-1, max-image-preview:large, max-video-preview:-1\" \/>\n<link rel=\"canonical\" href=\"https:\/\/dana.com.br\/canaldana\/2019\/12\/18\/mercedes-benz-e-bosch-criam-moderna-pista-de-testes\/\" \/>\n<meta property=\"og:locale\" content=\"pt_BR\" \/>\n<meta property=\"og:type\" content=\"article\" \/>\n<meta property=\"og:title\" content=\"Mercedes-Benz e Bosch criam moderna pista de testes - Canal Dana\" \/>\n<meta property=\"og:description\" content=\"Jornal de Piracicaba &nbsp; A Mercedes-Benz e a Bosch juntaram-se para a cria\u00e7\u00e3o de um moderno Centro de Testes Veiculares no Brasil, que permitir\u00e1 a realiza\u00e7\u00e3o de ensaios com autom\u00f3veis, comerciais leves, motos e m\u00e1quinas agr\u00edcolas. O empreendimento ser\u00e1 constru\u00eddo no Campo de Provas da Mercedes-Benz em Iracem\u00e1polis, o maior do Hemisf\u00e9rio Sul para ve\u00edculos\u2026 Leia mais \u00bb\" \/>\n<meta property=\"og:url\" content=\"https:\/\/dana.com.br\/canaldana\/2019\/12\/18\/mercedes-benz-e-bosch-criam-moderna-pista-de-testes\/\" \/>\n<meta property=\"og:site_name\" content=\"Canal Dana\" \/>\n<meta property=\"article:published_time\" content=\"2019-12-18T10:57:07+00:00\" \/>\n<meta name=\"author\" content=\"Canal Dana\" \/>\n<meta name=\"twitter:card\" content=\"summary_large_image\" \/>\n<meta name=\"twitter:label1\" content=\"Escrito por\" \/>\n\t<meta name=\"twitter:data1\" content=\"Canal Dana\" \/>\n\t<meta name=\"twitter:label2\" content=\"Est. tempo de leitura\" \/>\n\t<meta name=\"twitter:data2\" content=\"3 minutos\" \/>\n<script type=\"application\/ld+json\" class=\"yoast-schema-graph\">{\"@context\":\"https:\\\/\\\/schema.org\",\"@graph\":[{\"@type\":\"Article\",\"@id\":\"https:\\\/\\\/dana.com.br\\\/canaldana\\\/2019\\\/12\\\/18\\\/mercedes-benz-e-bosch-criam-moderna-pista-de-testes\\\/#article\",\"isPartOf\":{\"@id\":\"https:\\\/\\\/dana.com.br\\\/canaldana\\\/2019\\\/12\\\/18\\\/mercedes-benz-e-bosch-criam-moderna-pista-de-testes\\\/\"},\"author\":{\"name\":\"Canal Dana\",\"@id\":\"https:\\\/\\\/dana.com.br\\\/canaldana\\\/#\\\/schema\\\/person\\\/3c21f22f56fcf3bc46b94bc60ea4fef6\"},\"headline\":\"Mercedes-Benz e Bosch criam moderna pista de testes\",\"datePublished\":\"2019-12-18T10:57:07+00:00\",\"mainEntityOfPage\":{\"@id\":\"https:\\\/\\\/dana.com.br\\\/canaldana\\\/2019\\\/12\\\/18\\\/mercedes-benz-e-bosch-criam-moderna-pista-de-testes\\\/\"},\"wordCount\":539,\"articleSection\":[\"Destaques\"],\"inLanguage\":\"pt-BR\"},{\"@type\":\"WebPage\",\"@id\":\"https:\\\/\\\/dana.com.br\\\/canaldana\\\/2019\\\/12\\\/18\\\/mercedes-benz-e-bosch-criam-moderna-pista-de-testes\\\/\",\"url\":\"https:\\\/\\\/dana.com.br\\\/canaldana\\\/2019\\\/12\\\/18\\\/mercedes-benz-e-bosch-criam-moderna-pista-de-testes\\\/\",\"name\":\"Mercedes-Benz e Bosch criam moderna pista de testes - Canal Dana\",\"isPartOf\":{\"@id\":\"https:\\\/\\\/dana.com.br\\\/canaldana\\\/#website\"},\"datePublished\":\"2019-12-18T10:57:07+00:00\",\"author\":{\"@id\":\"https:\\\/\\\/dana.com.br\\\/canaldana\\\/#\\\/schema\\\/person\\\/3c21f22f56fcf3bc46b94bc60ea4fef6\"},\"breadcrumb\":{\"@id\":\"https:\\\/\\\/dana.com.br\\\/canaldana\\\/2019\\\/12\\\/18\\\/mercedes-benz-e-bosch-criam-moderna-pista-de-testes\\\/#breadcrumb\"},\"inLanguage\":\"pt-BR\",\"potentialAction\":[{\"@type\":\"ReadAction\",\"target\":[\"https:\\\/\\\/dana.com.br\\\/canaldana\\\/2019\\\/12\\\/18\\\/mercedes-benz-e-bosch-criam-moderna-pista-de-testes\\\/\"]}]},{\"@type\":\"BreadcrumbList\",\"@id\":\"https:\\\/\\\/dana.com.br\\\/canaldana\\\/2019\\\/12\\\/18\\\/mercedes-benz-e-bosch-criam-moderna-pista-de-testes\\\/#breadcrumb\",\"itemListElement\":[{\"@type\":\"ListItem\",\"position\":1,\"name\":\"Home\",\"item\":\"https:\\\/\\\/dana.com.br\\\/canaldana\\\/\"},{\"@type\":\"ListItem\",\"position\":2,\"name\":\"Destaques\",\"item\":\"https:\\\/\\\/dana.com.br\\\/canaldana\\\/destaques\\\/\"},{\"@type\":\"ListItem\",\"position\":3,\"name\":\"Mercedes-Benz e Bosch criam moderna pista de testes\"}]},{\"@type\":\"WebSite\",\"@id\":\"https:\\\/\\\/dana.com.br\\\/canaldana\\\/#website\",\"url\":\"https:\\\/\\\/dana.com.br\\\/canaldana\\\/\",\"name\":\"Canal Dana\",\"description\":\"Informativo com as principais not\u00edcias da ind\u00fastria automotiva\",\"potentialAction\":[{\"@type\":\"SearchAction\",\"target\":{\"@type\":\"EntryPoint\",\"urlTemplate\":\"https:\\\/\\\/dana.com.br\\\/canaldana\\\/?s={search_term_string}\"},\"query-input\":{\"@type\":\"PropertyValueSpecification\",\"valueRequired\":true,\"valueName\":\"search_term_string\"}}],\"inLanguage\":\"pt-BR\"},{\"@type\":\"Person\",\"@id\":\"https:\\\/\\\/dana.com.br\\\/canaldana\\\/#\\\/schema\\\/person\\\/3c21f22f56fcf3bc46b94bc60ea4fef6\",\"name\":\"Canal Dana\",\"image\":{\"@type\":\"ImageObject\",\"inLanguage\":\"pt-BR\",\"@id\":\"https:\\\/\\\/secure.gravatar.com\\\/avatar\\\/420aaf9278582877d9018637c6817617705899d2858d7572ef0fe59a6b6454b4?s=96&d=mm&r=g\",\"url\":\"https:\\\/\\\/secure.gravatar.com\\\/avatar\\\/420aaf9278582877d9018637c6817617705899d2858d7572ef0fe59a6b6454b4?s=96&d=mm&r=g\",\"contentUrl\":\"https:\\\/\\\/secure.gravatar.com\\\/avatar\\\/420aaf9278582877d9018637c6817617705899d2858d7572ef0fe59a6b6454b4?s=96&d=mm&r=g\",\"caption\":\"Canal Dana\"},\"url\":\"https:\\\/\\\/dana.com.br\\\/canaldana\\\/author\\\/cdeditor\\\/\"}]}<\/script>\n<!-- \/ Yoast SEO plugin. -->","yoast_head_json":{"title":"Mercedes-Benz e Bosch criam moderna pista de testes - Canal Dana","robots":{"index":"index","follow":"follow","max-snippet":"max-snippet:-1","max-image-preview":"max-image-preview:large","max-video-preview":"max-video-preview:-1"},"canonical":"https:\/\/dana.com.br\/canaldana\/2019\/12\/18\/mercedes-benz-e-bosch-criam-moderna-pista-de-testes\/","og_locale":"pt_BR","og_type":"article","og_title":"Mercedes-Benz e Bosch criam moderna pista de testes - Canal Dana","og_description":"Jornal de Piracicaba &nbsp; A Mercedes-Benz e a Bosch juntaram-se para a cria\u00e7\u00e3o de um moderno Centro de Testes Veiculares no Brasil, que permitir\u00e1 a realiza\u00e7\u00e3o de ensaios com autom\u00f3veis, comerciais leves, motos e m\u00e1quinas agr\u00edcolas. O empreendimento ser\u00e1 constru\u00eddo no Campo de Provas da Mercedes-Benz em Iracem\u00e1polis, o maior do Hemisf\u00e9rio Sul para ve\u00edculos\u2026 Leia mais \u00bb","og_url":"https:\/\/dana.com.br\/canaldana\/2019\/12\/18\/mercedes-benz-e-bosch-criam-moderna-pista-de-testes\/","og_site_name":"Canal Dana","article_published_time":"2019-12-18T10:57:07+00:00","author":"Canal Dana","twitter_card":"summary_large_image","twitter_misc":{"Escrito por":"Canal Dana","Est. tempo de leitura":"3 minutos"},"schema":{"@context":"https:\/\/schema.org","@graph":[{"@type":"Article","@id":"https:\/\/dana.com.br\/canaldana\/2019\/12\/18\/mercedes-benz-e-bosch-criam-moderna-pista-de-testes\/#article","isPartOf":{"@id":"https:\/\/dana.com.br\/canaldana\/2019\/12\/18\/mercedes-benz-e-bosch-criam-moderna-pista-de-testes\/"},"author":{"name":"Canal Dana","@id":"https:\/\/dana.com.br\/canaldana\/#\/schema\/person\/3c21f22f56fcf3bc46b94bc60ea4fef6"},"headline":"Mercedes-Benz e Bosch criam moderna pista de testes","datePublished":"2019-12-18T10:57:07+00:00","mainEntityOfPage":{"@id":"https:\/\/dana.com.br\/canaldana\/2019\/12\/18\/mercedes-benz-e-bosch-criam-moderna-pista-de-testes\/"},"wordCount":539,"articleSection":["Destaques"],"inLanguage":"pt-BR"},{"@type":"WebPage","@id":"https:\/\/dana.com.br\/canaldana\/2019\/12\/18\/mercedes-benz-e-bosch-criam-moderna-pista-de-testes\/","url":"https:\/\/dana.com.br\/canaldana\/2019\/12\/18\/mercedes-benz-e-bosch-criam-moderna-pista-de-testes\/","name":"Mercedes-Benz e Bosch criam moderna pista de testes - Canal Dana","isPartOf":{"@id":"https:\/\/dana.com.br\/canaldana\/#website"},"datePublished":"2019-12-18T10:57:07+00:00","author":{"@id":"https:\/\/dana.com.br\/canaldana\/#\/schema\/person\/3c21f22f56fcf3bc46b94bc60ea4fef6"},"breadcrumb":{"@id":"https:\/\/dana.com.br\/canaldana\/2019\/12\/18\/mercedes-benz-e-bosch-criam-moderna-pista-de-testes\/#breadcrumb"},"inLanguage":"pt-BR","potentialAction":[{"@type":"ReadAction","target":["https:\/\/dana.com.br\/canaldana\/2019\/12\/18\/mercedes-benz-e-bosch-criam-moderna-pista-de-testes\/"]}]},{"@type":"BreadcrumbList","@id":"https:\/\/dana.com.br\/canaldana\/2019\/12\/18\/mercedes-benz-e-bosch-criam-moderna-pista-de-testes\/#breadcrumb","itemListElement":[{"@type":"ListItem","position":1,"name":"Home","item":"https:\/\/dana.com.br\/canaldana\/"},{"@type":"ListItem","position":2,"name":"Destaques","item":"https:\/\/dana.com.br\/canaldana\/destaques\/"},{"@type":"ListItem","position":3,"name":"Mercedes-Benz e Bosch criam moderna pista de testes"}]},{"@type":"WebSite","@id":"https:\/\/dana.com.br\/canaldana\/#website","url":"https:\/\/dana.com.br\/canaldana\/","name":"Canal Dana","description":"Informativo com as principais not\u00edcias da ind\u00fastria automotiva","potentialAction":[{"@type":"SearchAction","target":{"@type":"EntryPoint","urlTemplate":"https:\/\/dana.com.br\/canaldana\/?s={search_term_string}"},"query-input":{"@type":"PropertyValueSpecification","valueRequired":true,"valueName":"search_term_string"}}],"inLanguage":"pt-BR"},{"@type":"Person","@id":"https:\/\/dana.com.br\/canaldana\/#\/schema\/person\/3c21f22f56fcf3bc46b94bc60ea4fef6","name":"Canal Dana","image":{"@type":"ImageObject","inLanguage":"pt-BR","@id":"https:\/\/secure.gravatar.com\/avatar\/420aaf9278582877d9018637c6817617705899d2858d7572ef0fe59a6b6454b4?s=96&d=mm&r=g","url":"https:\/\/secure.gravatar.com\/avatar\/420aaf9278582877d9018637c6817617705899d2858d7572ef0fe59a6b6454b4?s=96&d=mm&r=g","contentUrl":"https:\/\/secure.gravatar.com\/avatar\/420aaf9278582877d9018637c6817617705899d2858d7572ef0fe59a6b6454b4?s=96&d=mm&r=g","caption":"Canal Dana"},"url":"https:\/\/dana.com.br\/canaldana\/author\/cdeditor\/"}]}},"_links":{"self":[{"href":"https:\/\/dana.com.br\/canaldana\/wp-json\/wp\/v2\/posts\/39490","targetHints":{"allow":["GET"]}}],"collection":[{"href":"https:\/\/dana.com.br\/canaldana\/wp-json\/wp\/v2\/posts"}],"about":[{"href":"https:\/\/dana.com.br\/canaldana\/wp-json\/wp\/v2\/types\/post"}],"author":[{"embeddable":true,"href":"https:\/\/dana.com.br\/canaldana\/wp-json\/wp\/v2\/users\/3"}],"replies":[{"embeddable":true,"href":"https:\/\/dana.com.br\/canaldana\/wp-json\/wp\/v2\/comments?post=39490"}],"version-history":[{"count":0,"href":"https:\/\/dana.com.br\/canaldana\/wp-json\/wp\/v2\/posts\/39490\/revisions"}],"wp:attachment":[{"href":"https:\/\/dana.com.br\/canaldana\/wp-json\/wp\/v2\/media?parent=39490"}],"wp:term":[{"taxonomy":"category","embeddable":true,"href":"https:\/\/dana.com.br\/canaldana\/wp-json\/wp\/v2\/categories?post=39490"},{"taxonomy":"post_tag","embeddable":true,"href":"https:\/\/dana.com.br\/canaldana\/wp-json\/wp\/v2\/tags?post=39490"}],"curies":[{"name":"wp","href":"https:\/\/api.w.org\/{rel}","templated":true}]}}