{"id":39488,"date":"2019-12-18T07:56:38","date_gmt":"2019-12-18T10:56:38","guid":{"rendered":"https:\/\/dana.com.br\/canaldana\/?p=39488"},"modified":"2019-12-18T07:56:38","modified_gmt":"2019-12-18T10:56:38","slug":"byd-acumula-venda-de-1-035-onibus-eletricos-na-america-latino","status":"publish","type":"post","link":"https:\/\/dana.com.br\/canaldana\/2019\/12\/18\/byd-acumula-venda-de-1-035-onibus-eletricos-na-america-latino\/","title":{"rendered":"BYD acumula venda de 1.035 \u00f4nibus el\u00e9tricos na Am\u00e9rica Latino"},"content":{"rendered":"<p><em>AutoInd\u00fastria<\/em><\/p>\n<p>&nbsp;<\/p>\n<p>Com vendas acumuladas de 1.035 unidades desde que come\u00e7ou suas opera\u00e7\u00f5es na regi\u00e3o, a BYD \u00e9 l\u00edder nos neg\u00f3cios relativos a \u00f4nibus 100% el\u00e9tricos na Am\u00e9rica Latina, com participa\u00e7\u00e3o de 71% nesse mercado.<\/p>\n<p>&nbsp;<\/p>\n<p>Segundo comunicado divulgado ontem, ter\u00e7a-feira, 17, pela empresa, a frota da marca em circula\u00e7\u00e3o j\u00e1 evitou a emiss\u00e3o de 222 toneladas de CO2 na Am\u00e9rica Latina, o equivalente ao plantio de 18.520 \u00e1rvores. Com uma f\u00e1brica de chassis de \u00f4nibus el\u00e9tricos em Campinas, no interior paulista, a BYD j\u00e1 abasteceu oito cidades no Brasil, com destaque para S\u00e3o Paulo que no m\u00eas passado colocou 15 ve\u00edculos do g\u00eanero em opera\u00e7\u00e3o na cidade.<\/p>\n<p>&nbsp;<\/p>\n<p>O Chile, atualmente, \u00e9 seu principal mercado, com 285 \u00f4nibus el\u00e9tricos circulando pelo pa\u00eds, a maior frota do continente. A opera\u00e7\u00e3o dos primeiros 100 \u00f4nibus el\u00e9tricos da BYD come\u00e7ou em 15 de dezembro de 2018, pela Enel e pela Metbus. Em um ano, a frota percorreu 4,5 milh\u00f5es de quil\u00f4metros, atendendo a mais de 13 milh\u00f5es de usu\u00e1rios em 160 mil viagens, deixando de emitir 21 toneladas de CO2.<\/p>\n<p>&nbsp;<\/p>\n<p>\u201cEssa conquista representa nosso compromisso com um mundo mais limpo e sustent\u00e1vel, alinhado com o compromisso do Chile de que at\u00e9 2040 todo o transporte p\u00fablico seja el\u00e9trico. Acreditamos que nosso pa\u00eds tem todas as condi\u00e7\u00f5es para atingir este objetivo\u201d, disse Tamara Berrios, gerente nacional da BYD Chile.<\/p>\n<p>&nbsp;<\/p>\n<p>Dentre outros neg\u00f3cios na regi\u00e3o, a cidade de Guayaquil, no Equador, lan\u00e7ou sua primeira frota de 20 \u00f4nibus el\u00e9tricos BYD este ano, enquanto em Mendoza, na Argentina, s\u00e3o 16 \u00f4nibus da marca em circula\u00e7\u00e3o. Na Col\u00f4mbia, 64 \u00f4nibus el\u00e9tricos j\u00e1 entraram em opera\u00e7\u00e3o e a empresa foi a vencedora da licita\u00e7\u00e3o para outros 379 ve\u00edculos, que iniciar\u00e3o as opera\u00e7\u00f5es no sistema de transporte p\u00fablico de Bogot\u00e1 no pr\u00f3ximo ano.<\/p>\n<p>&nbsp;<\/p>\n<p>V\u00e1rios pa\u00edses da Am\u00e9rica Latina est\u00e3o estudando novas regulamenta\u00e7\u00f5es e modelos comerciais para facilitar a implanta\u00e7\u00e3o de formas de transporte mais limpas e sustent\u00e1veis. O Chile anunciou a eletrifica\u00e7\u00e3o total de suas frotas de transporte p\u00fablico at\u00e9 2040, enquanto a Col\u00f4mbia publicou sua Estrat\u00e9gia Nacional Eletro Mobilidade, que estabelece a marca de 600 mil ve\u00edculos el\u00e9tricos at\u00e9 2030. O Equador, por sua vez, anunciou que todos os novos ve\u00edculos incorporados \u00e0 frota de transporte p\u00fablico devam ser el\u00e9tricos a partir de 2025. (AutoInd\u00fastria)<\/p>\n","protected":false},"excerpt":{"rendered":"<p>AutoInd\u00fastria &nbsp; Com vendas acumuladas de 1.035 unidades desde que come\u00e7ou suas opera\u00e7\u00f5es na regi\u00e3o, a BYD \u00e9 l\u00edder nos neg\u00f3cios relativos a \u00f4nibus 100% el\u00e9tricos na Am\u00e9rica Latina, com participa\u00e7\u00e3o de 71% nesse mercado. &nbsp; Segundo comunicado divulgado ontem, ter\u00e7a-feira, 17, pela empresa, a frota da marca em circula\u00e7\u00e3o j\u00e1 evitou a emiss\u00e3o de\u2026 <a class=\"readmore\" href=\"https:\/\/dana.com.br\/canaldana\/2019\/12\/18\/byd-acumula-venda-de-1-035-onibus-eletricos-na-america-latino\/\">Leia mais \u00bb<\/a><\/p>\n","protected":false},"author":3,"featured_media":0,"comment_status":"closed","ping_status":"closed","sticky":false,"template":"","format":"standard","meta":{"_acf_changed":false,"footnotes":""},"categories":[61],"tags":[],"class_list":["post-39488","post","type-post","status-publish","format-standard","hentry","category-destaques"],"acf":[],"yoast_head":"<!-- This site is optimized with the Yoast SEO plugin v27.3 - https:\/\/yoast.com\/product\/yoast-seo-wordpress\/ -->\n<title>BYD acumula venda de 1.035 \u00f4nibus el\u00e9tricos na Am\u00e9rica Latino - Canal Dana<\/title>\n<meta name=\"robots\" content=\"index, follow, max-snippet:-1, max-image-preview:large, max-video-preview:-1\" \/>\n<link rel=\"canonical\" href=\"https:\/\/dana.com.br\/canaldana\/2019\/12\/18\/byd-acumula-venda-de-1-035-onibus-eletricos-na-america-latino\/\" \/>\n<meta property=\"og:locale\" content=\"pt_BR\" \/>\n<meta property=\"og:type\" content=\"article\" \/>\n<meta property=\"og:title\" content=\"BYD acumula venda de 1.035 \u00f4nibus el\u00e9tricos na Am\u00e9rica Latino - Canal Dana\" \/>\n<meta property=\"og:description\" content=\"AutoInd\u00fastria &nbsp; Com vendas acumuladas de 1.035 unidades desde que come\u00e7ou suas opera\u00e7\u00f5es na regi\u00e3o, a BYD \u00e9 l\u00edder nos neg\u00f3cios relativos a \u00f4nibus 100% el\u00e9tricos na Am\u00e9rica Latina, com participa\u00e7\u00e3o de 71% nesse mercado. &nbsp; Segundo comunicado divulgado ontem, ter\u00e7a-feira, 17, pela empresa, a frota da marca em circula\u00e7\u00e3o j\u00e1 evitou a emiss\u00e3o de\u2026 Leia mais \u00bb\" \/>\n<meta property=\"og:url\" content=\"https:\/\/dana.com.br\/canaldana\/2019\/12\/18\/byd-acumula-venda-de-1-035-onibus-eletricos-na-america-latino\/\" \/>\n<meta property=\"og:site_name\" content=\"Canal Dana\" \/>\n<meta property=\"article:published_time\" content=\"2019-12-18T10:56:38+00:00\" \/>\n<meta name=\"author\" content=\"Canal Dana\" \/>\n<meta name=\"twitter:card\" content=\"summary_large_image\" \/>\n<meta name=\"twitter:label1\" content=\"Escrito por\" \/>\n\t<meta name=\"twitter:data1\" content=\"Canal Dana\" \/>\n\t<meta name=\"twitter:label2\" content=\"Est. tempo de leitura\" \/>\n\t<meta name=\"twitter:data2\" content=\"2 minutos\" \/>\n<script type=\"application\/ld+json\" class=\"yoast-schema-graph\">{\"@context\":\"https:\\\/\\\/schema.org\",\"@graph\":[{\"@type\":\"Article\",\"@id\":\"https:\\\/\\\/dana.com.br\\\/canaldana\\\/2019\\\/12\\\/18\\\/byd-acumula-venda-de-1-035-onibus-eletricos-na-america-latino\\\/#article\",\"isPartOf\":{\"@id\":\"https:\\\/\\\/dana.com.br\\\/canaldana\\\/2019\\\/12\\\/18\\\/byd-acumula-venda-de-1-035-onibus-eletricos-na-america-latino\\\/\"},\"author\":{\"name\":\"Canal Dana\",\"@id\":\"https:\\\/\\\/dana.com.br\\\/canaldana\\\/#\\\/schema\\\/person\\\/3c21f22f56fcf3bc46b94bc60ea4fef6\"},\"headline\":\"BYD acumula venda de 1.035 \u00f4nibus el\u00e9tricos na Am\u00e9rica Latino\",\"datePublished\":\"2019-12-18T10:56:38+00:00\",\"mainEntityOfPage\":{\"@id\":\"https:\\\/\\\/dana.com.br\\\/canaldana\\\/2019\\\/12\\\/18\\\/byd-acumula-venda-de-1-035-onibus-eletricos-na-america-latino\\\/\"},\"wordCount\":431,\"articleSection\":[\"Destaques\"],\"inLanguage\":\"pt-BR\"},{\"@type\":\"WebPage\",\"@id\":\"https:\\\/\\\/dana.com.br\\\/canaldana\\\/2019\\\/12\\\/18\\\/byd-acumula-venda-de-1-035-onibus-eletricos-na-america-latino\\\/\",\"url\":\"https:\\\/\\\/dana.com.br\\\/canaldana\\\/2019\\\/12\\\/18\\\/byd-acumula-venda-de-1-035-onibus-eletricos-na-america-latino\\\/\",\"name\":\"BYD acumula venda de 1.035 \u00f4nibus el\u00e9tricos na Am\u00e9rica Latino - Canal Dana\",\"isPartOf\":{\"@id\":\"https:\\\/\\\/dana.com.br\\\/canaldana\\\/#website\"},\"datePublished\":\"2019-12-18T10:56:38+00:00\",\"author\":{\"@id\":\"https:\\\/\\\/dana.com.br\\\/canaldana\\\/#\\\/schema\\\/person\\\/3c21f22f56fcf3bc46b94bc60ea4fef6\"},\"breadcrumb\":{\"@id\":\"https:\\\/\\\/dana.com.br\\\/canaldana\\\/2019\\\/12\\\/18\\\/byd-acumula-venda-de-1-035-onibus-eletricos-na-america-latino\\\/#breadcrumb\"},\"inLanguage\":\"pt-BR\",\"potentialAction\":[{\"@type\":\"ReadAction\",\"target\":[\"https:\\\/\\\/dana.com.br\\\/canaldana\\\/2019\\\/12\\\/18\\\/byd-acumula-venda-de-1-035-onibus-eletricos-na-america-latino\\\/\"]}]},{\"@type\":\"BreadcrumbList\",\"@id\":\"https:\\\/\\\/dana.com.br\\\/canaldana\\\/2019\\\/12\\\/18\\\/byd-acumula-venda-de-1-035-onibus-eletricos-na-america-latino\\\/#breadcrumb\",\"itemListElement\":[{\"@type\":\"ListItem\",\"position\":1,\"name\":\"Home\",\"item\":\"https:\\\/\\\/dana.com.br\\\/canaldana\\\/\"},{\"@type\":\"ListItem\",\"position\":2,\"name\":\"Destaques\",\"item\":\"https:\\\/\\\/dana.com.br\\\/canaldana\\\/destaques\\\/\"},{\"@type\":\"ListItem\",\"position\":3,\"name\":\"BYD acumula venda de 1.035 \u00f4nibus el\u00e9tricos na Am\u00e9rica Latino\"}]},{\"@type\":\"WebSite\",\"@id\":\"https:\\\/\\\/dana.com.br\\\/canaldana\\\/#website\",\"url\":\"https:\\\/\\\/dana.com.br\\\/canaldana\\\/\",\"name\":\"Canal Dana\",\"description\":\"Informativo com as principais not\u00edcias da ind\u00fastria automotiva\",\"potentialAction\":[{\"@type\":\"SearchAction\",\"target\":{\"@type\":\"EntryPoint\",\"urlTemplate\":\"https:\\\/\\\/dana.com.br\\\/canaldana\\\/?s={search_term_string}\"},\"query-input\":{\"@type\":\"PropertyValueSpecification\",\"valueRequired\":true,\"valueName\":\"search_term_string\"}}],\"inLanguage\":\"pt-BR\"},{\"@type\":\"Person\",\"@id\":\"https:\\\/\\\/dana.com.br\\\/canaldana\\\/#\\\/schema\\\/person\\\/3c21f22f56fcf3bc46b94bc60ea4fef6\",\"name\":\"Canal Dana\",\"image\":{\"@type\":\"ImageObject\",\"inLanguage\":\"pt-BR\",\"@id\":\"https:\\\/\\\/secure.gravatar.com\\\/avatar\\\/420aaf9278582877d9018637c6817617705899d2858d7572ef0fe59a6b6454b4?s=96&d=mm&r=g\",\"url\":\"https:\\\/\\\/secure.gravatar.com\\\/avatar\\\/420aaf9278582877d9018637c6817617705899d2858d7572ef0fe59a6b6454b4?s=96&d=mm&r=g\",\"contentUrl\":\"https:\\\/\\\/secure.gravatar.com\\\/avatar\\\/420aaf9278582877d9018637c6817617705899d2858d7572ef0fe59a6b6454b4?s=96&d=mm&r=g\",\"caption\":\"Canal Dana\"},\"url\":\"https:\\\/\\\/dana.com.br\\\/canaldana\\\/author\\\/cdeditor\\\/\"}]}<\/script>\n<!-- \/ Yoast SEO plugin. -->","yoast_head_json":{"title":"BYD acumula venda de 1.035 \u00f4nibus el\u00e9tricos na Am\u00e9rica Latino - Canal Dana","robots":{"index":"index","follow":"follow","max-snippet":"max-snippet:-1","max-image-preview":"max-image-preview:large","max-video-preview":"max-video-preview:-1"},"canonical":"https:\/\/dana.com.br\/canaldana\/2019\/12\/18\/byd-acumula-venda-de-1-035-onibus-eletricos-na-america-latino\/","og_locale":"pt_BR","og_type":"article","og_title":"BYD acumula venda de 1.035 \u00f4nibus el\u00e9tricos na Am\u00e9rica Latino - Canal Dana","og_description":"AutoInd\u00fastria &nbsp; Com vendas acumuladas de 1.035 unidades desde que come\u00e7ou suas opera\u00e7\u00f5es na regi\u00e3o, a BYD \u00e9 l\u00edder nos neg\u00f3cios relativos a \u00f4nibus 100% el\u00e9tricos na Am\u00e9rica Latina, com participa\u00e7\u00e3o de 71% nesse mercado. &nbsp; Segundo comunicado divulgado ontem, ter\u00e7a-feira, 17, pela empresa, a frota da marca em circula\u00e7\u00e3o j\u00e1 evitou a emiss\u00e3o de\u2026 Leia mais \u00bb","og_url":"https:\/\/dana.com.br\/canaldana\/2019\/12\/18\/byd-acumula-venda-de-1-035-onibus-eletricos-na-america-latino\/","og_site_name":"Canal Dana","article_published_time":"2019-12-18T10:56:38+00:00","author":"Canal Dana","twitter_card":"summary_large_image","twitter_misc":{"Escrito por":"Canal Dana","Est. tempo de leitura":"2 minutos"},"schema":{"@context":"https:\/\/schema.org","@graph":[{"@type":"Article","@id":"https:\/\/dana.com.br\/canaldana\/2019\/12\/18\/byd-acumula-venda-de-1-035-onibus-eletricos-na-america-latino\/#article","isPartOf":{"@id":"https:\/\/dana.com.br\/canaldana\/2019\/12\/18\/byd-acumula-venda-de-1-035-onibus-eletricos-na-america-latino\/"},"author":{"name":"Canal Dana","@id":"https:\/\/dana.com.br\/canaldana\/#\/schema\/person\/3c21f22f56fcf3bc46b94bc60ea4fef6"},"headline":"BYD acumula venda de 1.035 \u00f4nibus el\u00e9tricos na Am\u00e9rica Latino","datePublished":"2019-12-18T10:56:38+00:00","mainEntityOfPage":{"@id":"https:\/\/dana.com.br\/canaldana\/2019\/12\/18\/byd-acumula-venda-de-1-035-onibus-eletricos-na-america-latino\/"},"wordCount":431,"articleSection":["Destaques"],"inLanguage":"pt-BR"},{"@type":"WebPage","@id":"https:\/\/dana.com.br\/canaldana\/2019\/12\/18\/byd-acumula-venda-de-1-035-onibus-eletricos-na-america-latino\/","url":"https:\/\/dana.com.br\/canaldana\/2019\/12\/18\/byd-acumula-venda-de-1-035-onibus-eletricos-na-america-latino\/","name":"BYD acumula venda de 1.035 \u00f4nibus el\u00e9tricos na Am\u00e9rica Latino - Canal Dana","isPartOf":{"@id":"https:\/\/dana.com.br\/canaldana\/#website"},"datePublished":"2019-12-18T10:56:38+00:00","author":{"@id":"https:\/\/dana.com.br\/canaldana\/#\/schema\/person\/3c21f22f56fcf3bc46b94bc60ea4fef6"},"breadcrumb":{"@id":"https:\/\/dana.com.br\/canaldana\/2019\/12\/18\/byd-acumula-venda-de-1-035-onibus-eletricos-na-america-latino\/#breadcrumb"},"inLanguage":"pt-BR","potentialAction":[{"@type":"ReadAction","target":["https:\/\/dana.com.br\/canaldana\/2019\/12\/18\/byd-acumula-venda-de-1-035-onibus-eletricos-na-america-latino\/"]}]},{"@type":"BreadcrumbList","@id":"https:\/\/dana.com.br\/canaldana\/2019\/12\/18\/byd-acumula-venda-de-1-035-onibus-eletricos-na-america-latino\/#breadcrumb","itemListElement":[{"@type":"ListItem","position":1,"name":"Home","item":"https:\/\/dana.com.br\/canaldana\/"},{"@type":"ListItem","position":2,"name":"Destaques","item":"https:\/\/dana.com.br\/canaldana\/destaques\/"},{"@type":"ListItem","position":3,"name":"BYD acumula venda de 1.035 \u00f4nibus el\u00e9tricos na Am\u00e9rica Latino"}]},{"@type":"WebSite","@id":"https:\/\/dana.com.br\/canaldana\/#website","url":"https:\/\/dana.com.br\/canaldana\/","name":"Canal Dana","description":"Informativo com as principais not\u00edcias da ind\u00fastria automotiva","potentialAction":[{"@type":"SearchAction","target":{"@type":"EntryPoint","urlTemplate":"https:\/\/dana.com.br\/canaldana\/?s={search_term_string}"},"query-input":{"@type":"PropertyValueSpecification","valueRequired":true,"valueName":"search_term_string"}}],"inLanguage":"pt-BR"},{"@type":"Person","@id":"https:\/\/dana.com.br\/canaldana\/#\/schema\/person\/3c21f22f56fcf3bc46b94bc60ea4fef6","name":"Canal Dana","image":{"@type":"ImageObject","inLanguage":"pt-BR","@id":"https:\/\/secure.gravatar.com\/avatar\/420aaf9278582877d9018637c6817617705899d2858d7572ef0fe59a6b6454b4?s=96&d=mm&r=g","url":"https:\/\/secure.gravatar.com\/avatar\/420aaf9278582877d9018637c6817617705899d2858d7572ef0fe59a6b6454b4?s=96&d=mm&r=g","contentUrl":"https:\/\/secure.gravatar.com\/avatar\/420aaf9278582877d9018637c6817617705899d2858d7572ef0fe59a6b6454b4?s=96&d=mm&r=g","caption":"Canal Dana"},"url":"https:\/\/dana.com.br\/canaldana\/author\/cdeditor\/"}]}},"_links":{"self":[{"href":"https:\/\/dana.com.br\/canaldana\/wp-json\/wp\/v2\/posts\/39488","targetHints":{"allow":["GET"]}}],"collection":[{"href":"https:\/\/dana.com.br\/canaldana\/wp-json\/wp\/v2\/posts"}],"about":[{"href":"https:\/\/dana.com.br\/canaldana\/wp-json\/wp\/v2\/types\/post"}],"author":[{"embeddable":true,"href":"https:\/\/dana.com.br\/canaldana\/wp-json\/wp\/v2\/users\/3"}],"replies":[{"embeddable":true,"href":"https:\/\/dana.com.br\/canaldana\/wp-json\/wp\/v2\/comments?post=39488"}],"version-history":[{"count":0,"href":"https:\/\/dana.com.br\/canaldana\/wp-json\/wp\/v2\/posts\/39488\/revisions"}],"wp:attachment":[{"href":"https:\/\/dana.com.br\/canaldana\/wp-json\/wp\/v2\/media?parent=39488"}],"wp:term":[{"taxonomy":"category","embeddable":true,"href":"https:\/\/dana.com.br\/canaldana\/wp-json\/wp\/v2\/categories?post=39488"},{"taxonomy":"post_tag","embeddable":true,"href":"https:\/\/dana.com.br\/canaldana\/wp-json\/wp\/v2\/tags?post=39488"}],"curies":[{"name":"wp","href":"https:\/\/api.w.org\/{rel}","templated":true}]}}