{"id":39393,"date":"2019-12-13T08:06:53","date_gmt":"2019-12-13T11:06:53","guid":{"rendered":"https:\/\/dana.com.br\/canaldana\/?p=39393"},"modified":"2019-12-13T08:06:53","modified_gmt":"2019-12-13T11:06:53","slug":"goiana-vai-produzir-primeiro-carro-conectado","status":"publish","type":"post","link":"https:\/\/dana.com.br\/canaldana\/2019\/12\/13\/goiana-vai-produzir-primeiro-carro-conectado\/","title":{"rendered":"Goiana vai produzir primeiro carro conectado"},"content":{"rendered":"<p><em>Di\u00e1rio de Pernambuco <\/em><\/p>\n<p>&nbsp;<\/p>\n<p>O primeiro ve\u00edculo conectado da Fiat Chrysler Autom\u00f3veis (FCA) para a Am\u00e9rica Latina vai sair da f\u00e1brica de Goiana, em Pernambuco, a mais moderna do grupo no mundo. E j\u00e1 em 2021, provavelmente no Compass. A ideia \u00e9 que o carro seja uma plataforma como um smartphone que, al\u00e9m de ser usado para o deslocamento, tamb\u00e9m sirva como um espa\u00e7o para trabalhar, se comunicar, acessar informa\u00e7\u00f5es e entretenimento e realizar pagamentos. Inclusive, a FCA anunciou ontem parceria com a Visa do Brasil. Em uma cocria\u00e7\u00e3o, as duas empresas v\u00e3o desenvolver uma solu\u00e7\u00e3o de pagamento.<\/p>\n<p>&nbsp;<\/p>\n<p>A expectativa \u00e9 que a inova\u00e7\u00e3o facilite toda a jornada do dia a dia dentro do ve\u00edculo, como o pagamento de estacionamento, abastecimento de combust\u00edvel, ped\u00e1gios e at\u00e9 mesmo lanches comprados em um drive thru, entre outros servi\u00e7os. Tudo sem o uso do cart\u00e3o f\u00edsico atrav\u00e9s do pr\u00f3prio carro. \u201cOutro ponto \u00e9 que o ve\u00edculo poder\u00e1 se conectar ao wifi e fazer as atualiza\u00e7\u00f5es necess\u00e1rias sem precisar ir em uma concession\u00e1ria. Ou seja, todo o sistema do ve\u00edculo ser\u00e1 constantemente atualizado, assim como j\u00e1 se faz com o celular\u201d, explica Thiago Oliveira, gestor de TI da planta de Goiana da FCA.<\/p>\n<p>&nbsp;<\/p>\n<p>Ainda como parte da busca por solu\u00e7\u00f5es inovadoras para o carro conectado, a FCA lan\u00e7ou um desafio com o Sebrae chamado de \u201cComo utilizar o carro como plataforma m\u00f3vel para criar solu\u00e7\u00f5es\u201d. A ideia \u00e9 buscar startups que apresentem inova\u00e7\u00f5es que possam ser empregadas no ve\u00edculo. A startup selecionada vai receber um aporte de R$ 100 mil a ser usado no projeto de pesquisa e desenvolvimento, al\u00e9m de receber mentorias especializadas.<\/p>\n<p>&nbsp;<\/p>\n<p>Todas as medidas fazem parte do processo de constante transforma\u00e7\u00e3o digital da FCA, que chega, inclusive, \u00e0 produ\u00e7\u00e3o da f\u00e1brica de Goiana. V\u00e1rios processos j\u00e1 est\u00e3o sendo transformados na planta com a inova\u00e7\u00e3o embarcada, resultado na redu\u00e7\u00e3o do tempo de produ\u00e7\u00e3o e nos custos. \u201cNa parte da manufatura, o comissionamento virtual identifica poss\u00edvel falhas antes da instala\u00e7\u00e3o da linha, apontando os gargalos e introduzindo as mudan\u00e7as mais rapidamente. Na parte da pintura, \u00e9 poss\u00edvel identificar problemas ainda na fase do projeto sem a necessidade de construir um prot\u00f3tipo. Na parte de qualidade, a medi\u00e7\u00e3o e regulagem das partes m\u00f3veis, que eram feitas manualmente, agora s\u00e3o digitais\u201d, explica o gestor.<\/p>\n<p>&nbsp;<\/p>\n<p>O processo de montagem tamb\u00e9m passou por uma otimiza\u00e7\u00e3o com a transforma\u00e7\u00e3o digital e ganhou em sustentabilidade. \u201cNo in\u00edcio, para fechar o controle de qualidade, precisava de 49 p\u00e1ginas. Hoje s\u00e3o s\u00f3 duas. Para uma delas j\u00e1 temos alternativa para eliminar, e o processo deve ser totalmente digital no primeiro semestre de 2020\u201d, detalha Maikol Moreira, analista de Manufatura.<\/p>\n<p>&nbsp;<\/p>\n<p>Todo o processo de transforma\u00e7\u00e3o digital abre espa\u00e7o e oportunidades para os pr\u00f3prios funcion\u00e1rios da planta da Jeep. \u201cPor trabalharem na f\u00e1brica mais moderna da FCA do mundo, eles est\u00e3o sempre cercados de muita tecnologia e come\u00e7am a pensar em como podem melhorar os processos e o trabalho deles mesmo. Facilita tamb\u00e9m a m\u00e9dia de idade de 29 anos, os mais jovens j\u00e1 nascem sabendo lidar com a tecnologia. E os funcion\u00e1rios s\u00e3o as pessoas que, durante a produ\u00e7\u00e3o, sentem as dores e eles mesmo d\u00e3o ideias de projetos para melhorias dos processos, n\u00e3o v\u00eam s\u00f3 dos niveis hier\u00e1rquicos mais altos. Assim, eles tamb\u00e9m ajudam a melhor e encurtar os processos e garantir mais qualidade para os clientes\u201d, conclui Thiego Oliveira. (Di\u00e1rio de Pernambuco\/Luciana Morosini)<\/p>\n","protected":false},"excerpt":{"rendered":"<p>Di\u00e1rio de Pernambuco &nbsp; O primeiro ve\u00edculo conectado da Fiat Chrysler Autom\u00f3veis (FCA) para a Am\u00e9rica Latina vai sair da f\u00e1brica de Goiana, em Pernambuco, a mais moderna do grupo no mundo. E j\u00e1 em 2021, provavelmente no Compass. A ideia \u00e9 que o carro seja uma plataforma como um smartphone que, al\u00e9m de ser\u2026 <a class=\"readmore\" href=\"https:\/\/dana.com.br\/canaldana\/2019\/12\/13\/goiana-vai-produzir-primeiro-carro-conectado\/\">Leia mais \u00bb<\/a><\/p>\n","protected":false},"author":3,"featured_media":0,"comment_status":"closed","ping_status":"closed","sticky":false,"template":"","format":"standard","meta":{"_acf_changed":false,"footnotes":""},"categories":[61],"tags":[],"class_list":["post-39393","post","type-post","status-publish","format-standard","hentry","category-destaques"],"acf":[],"yoast_head":"<!-- This site is optimized with the Yoast SEO plugin v27.5 - https:\/\/yoast.com\/product\/yoast-seo-wordpress\/ -->\n<title>Goiana vai produzir primeiro carro conectado - Canal Dana<\/title>\n<meta name=\"robots\" content=\"index, follow, max-snippet:-1, max-image-preview:large, max-video-preview:-1\" \/>\n<link rel=\"canonical\" href=\"https:\/\/dana.com.br\/canaldana\/2019\/12\/13\/goiana-vai-produzir-primeiro-carro-conectado\/\" \/>\n<meta property=\"og:locale\" content=\"pt_BR\" \/>\n<meta property=\"og:type\" content=\"article\" \/>\n<meta property=\"og:title\" content=\"Goiana vai produzir primeiro carro conectado - Canal Dana\" \/>\n<meta property=\"og:description\" content=\"Di\u00e1rio de Pernambuco &nbsp; O primeiro ve\u00edculo conectado da Fiat Chrysler Autom\u00f3veis (FCA) para a Am\u00e9rica Latina vai sair da f\u00e1brica de Goiana, em Pernambuco, a mais moderna do grupo no mundo. E j\u00e1 em 2021, provavelmente no Compass. A ideia \u00e9 que o carro seja uma plataforma como um smartphone que, al\u00e9m de ser\u2026 Leia mais \u00bb\" \/>\n<meta property=\"og:url\" content=\"https:\/\/dana.com.br\/canaldana\/2019\/12\/13\/goiana-vai-produzir-primeiro-carro-conectado\/\" \/>\n<meta property=\"og:site_name\" content=\"Canal Dana\" \/>\n<meta property=\"article:published_time\" content=\"2019-12-13T11:06:53+00:00\" \/>\n<meta name=\"author\" content=\"Canal Dana\" \/>\n<meta name=\"twitter:card\" content=\"summary_large_image\" \/>\n<meta name=\"twitter:label1\" content=\"Escrito por\" \/>\n\t<meta name=\"twitter:data1\" content=\"Canal Dana\" \/>\n\t<meta name=\"twitter:label2\" content=\"Est. tempo de leitura\" \/>\n\t<meta name=\"twitter:data2\" content=\"3 minutos\" \/>\n<script type=\"application\/ld+json\" class=\"yoast-schema-graph\">{\"@context\":\"https:\\\/\\\/schema.org\",\"@graph\":[{\"@type\":\"Article\",\"@id\":\"https:\\\/\\\/dana.com.br\\\/canaldana\\\/2019\\\/12\\\/13\\\/goiana-vai-produzir-primeiro-carro-conectado\\\/#article\",\"isPartOf\":{\"@id\":\"https:\\\/\\\/dana.com.br\\\/canaldana\\\/2019\\\/12\\\/13\\\/goiana-vai-produzir-primeiro-carro-conectado\\\/\"},\"author\":{\"name\":\"Canal Dana\",\"@id\":\"https:\\\/\\\/dana.com.br\\\/canaldana\\\/#\\\/schema\\\/person\\\/3c21f22f56fcf3bc46b94bc60ea4fef6\"},\"headline\":\"Goiana vai produzir primeiro carro conectado\",\"datePublished\":\"2019-12-13T11:06:53+00:00\",\"mainEntityOfPage\":{\"@id\":\"https:\\\/\\\/dana.com.br\\\/canaldana\\\/2019\\\/12\\\/13\\\/goiana-vai-produzir-primeiro-carro-conectado\\\/\"},\"wordCount\":637,\"articleSection\":[\"Destaques\"],\"inLanguage\":\"pt-BR\"},{\"@type\":\"WebPage\",\"@id\":\"https:\\\/\\\/dana.com.br\\\/canaldana\\\/2019\\\/12\\\/13\\\/goiana-vai-produzir-primeiro-carro-conectado\\\/\",\"url\":\"https:\\\/\\\/dana.com.br\\\/canaldana\\\/2019\\\/12\\\/13\\\/goiana-vai-produzir-primeiro-carro-conectado\\\/\",\"name\":\"Goiana vai produzir primeiro carro conectado - Canal Dana\",\"isPartOf\":{\"@id\":\"https:\\\/\\\/dana.com.br\\\/canaldana\\\/#website\"},\"datePublished\":\"2019-12-13T11:06:53+00:00\",\"author\":{\"@id\":\"https:\\\/\\\/dana.com.br\\\/canaldana\\\/#\\\/schema\\\/person\\\/3c21f22f56fcf3bc46b94bc60ea4fef6\"},\"breadcrumb\":{\"@id\":\"https:\\\/\\\/dana.com.br\\\/canaldana\\\/2019\\\/12\\\/13\\\/goiana-vai-produzir-primeiro-carro-conectado\\\/#breadcrumb\"},\"inLanguage\":\"pt-BR\",\"potentialAction\":[{\"@type\":\"ReadAction\",\"target\":[\"https:\\\/\\\/dana.com.br\\\/canaldana\\\/2019\\\/12\\\/13\\\/goiana-vai-produzir-primeiro-carro-conectado\\\/\"]}]},{\"@type\":\"BreadcrumbList\",\"@id\":\"https:\\\/\\\/dana.com.br\\\/canaldana\\\/2019\\\/12\\\/13\\\/goiana-vai-produzir-primeiro-carro-conectado\\\/#breadcrumb\",\"itemListElement\":[{\"@type\":\"ListItem\",\"position\":1,\"name\":\"Home\",\"item\":\"https:\\\/\\\/dana.com.br\\\/canaldana\\\/\"},{\"@type\":\"ListItem\",\"position\":2,\"name\":\"Destaques\",\"item\":\"https:\\\/\\\/dana.com.br\\\/canaldana\\\/destaques\\\/\"},{\"@type\":\"ListItem\",\"position\":3,\"name\":\"Goiana vai produzir primeiro carro conectado\"}]},{\"@type\":\"WebSite\",\"@id\":\"https:\\\/\\\/dana.com.br\\\/canaldana\\\/#website\",\"url\":\"https:\\\/\\\/dana.com.br\\\/canaldana\\\/\",\"name\":\"Canal Dana\",\"description\":\"Informativo com as principais not\u00edcias da ind\u00fastria automotiva\",\"potentialAction\":[{\"@type\":\"SearchAction\",\"target\":{\"@type\":\"EntryPoint\",\"urlTemplate\":\"https:\\\/\\\/dana.com.br\\\/canaldana\\\/?s={search_term_string}\"},\"query-input\":{\"@type\":\"PropertyValueSpecification\",\"valueRequired\":true,\"valueName\":\"search_term_string\"}}],\"inLanguage\":\"pt-BR\"},{\"@type\":\"Person\",\"@id\":\"https:\\\/\\\/dana.com.br\\\/canaldana\\\/#\\\/schema\\\/person\\\/3c21f22f56fcf3bc46b94bc60ea4fef6\",\"name\":\"Canal Dana\",\"image\":{\"@type\":\"ImageObject\",\"inLanguage\":\"pt-BR\",\"@id\":\"https:\\\/\\\/secure.gravatar.com\\\/avatar\\\/420aaf9278582877d9018637c6817617705899d2858d7572ef0fe59a6b6454b4?s=96&d=mm&r=g\",\"url\":\"https:\\\/\\\/secure.gravatar.com\\\/avatar\\\/420aaf9278582877d9018637c6817617705899d2858d7572ef0fe59a6b6454b4?s=96&d=mm&r=g\",\"contentUrl\":\"https:\\\/\\\/secure.gravatar.com\\\/avatar\\\/420aaf9278582877d9018637c6817617705899d2858d7572ef0fe59a6b6454b4?s=96&d=mm&r=g\",\"caption\":\"Canal Dana\"},\"url\":\"https:\\\/\\\/dana.com.br\\\/canaldana\\\/author\\\/cdeditor\\\/\"}]}<\/script>\n<!-- \/ Yoast SEO plugin. -->","yoast_head_json":{"title":"Goiana vai produzir primeiro carro conectado - Canal Dana","robots":{"index":"index","follow":"follow","max-snippet":"max-snippet:-1","max-image-preview":"max-image-preview:large","max-video-preview":"max-video-preview:-1"},"canonical":"https:\/\/dana.com.br\/canaldana\/2019\/12\/13\/goiana-vai-produzir-primeiro-carro-conectado\/","og_locale":"pt_BR","og_type":"article","og_title":"Goiana vai produzir primeiro carro conectado - Canal Dana","og_description":"Di\u00e1rio de Pernambuco &nbsp; O primeiro ve\u00edculo conectado da Fiat Chrysler Autom\u00f3veis (FCA) para a Am\u00e9rica Latina vai sair da f\u00e1brica de Goiana, em Pernambuco, a mais moderna do grupo no mundo. E j\u00e1 em 2021, provavelmente no Compass. A ideia \u00e9 que o carro seja uma plataforma como um smartphone que, al\u00e9m de ser\u2026 Leia mais \u00bb","og_url":"https:\/\/dana.com.br\/canaldana\/2019\/12\/13\/goiana-vai-produzir-primeiro-carro-conectado\/","og_site_name":"Canal Dana","article_published_time":"2019-12-13T11:06:53+00:00","author":"Canal Dana","twitter_card":"summary_large_image","twitter_misc":{"Escrito por":"Canal Dana","Est. tempo de leitura":"3 minutos"},"schema":{"@context":"https:\/\/schema.org","@graph":[{"@type":"Article","@id":"https:\/\/dana.com.br\/canaldana\/2019\/12\/13\/goiana-vai-produzir-primeiro-carro-conectado\/#article","isPartOf":{"@id":"https:\/\/dana.com.br\/canaldana\/2019\/12\/13\/goiana-vai-produzir-primeiro-carro-conectado\/"},"author":{"name":"Canal Dana","@id":"https:\/\/dana.com.br\/canaldana\/#\/schema\/person\/3c21f22f56fcf3bc46b94bc60ea4fef6"},"headline":"Goiana vai produzir primeiro carro conectado","datePublished":"2019-12-13T11:06:53+00:00","mainEntityOfPage":{"@id":"https:\/\/dana.com.br\/canaldana\/2019\/12\/13\/goiana-vai-produzir-primeiro-carro-conectado\/"},"wordCount":637,"articleSection":["Destaques"],"inLanguage":"pt-BR"},{"@type":"WebPage","@id":"https:\/\/dana.com.br\/canaldana\/2019\/12\/13\/goiana-vai-produzir-primeiro-carro-conectado\/","url":"https:\/\/dana.com.br\/canaldana\/2019\/12\/13\/goiana-vai-produzir-primeiro-carro-conectado\/","name":"Goiana vai produzir primeiro carro conectado - Canal Dana","isPartOf":{"@id":"https:\/\/dana.com.br\/canaldana\/#website"},"datePublished":"2019-12-13T11:06:53+00:00","author":{"@id":"https:\/\/dana.com.br\/canaldana\/#\/schema\/person\/3c21f22f56fcf3bc46b94bc60ea4fef6"},"breadcrumb":{"@id":"https:\/\/dana.com.br\/canaldana\/2019\/12\/13\/goiana-vai-produzir-primeiro-carro-conectado\/#breadcrumb"},"inLanguage":"pt-BR","potentialAction":[{"@type":"ReadAction","target":["https:\/\/dana.com.br\/canaldana\/2019\/12\/13\/goiana-vai-produzir-primeiro-carro-conectado\/"]}]},{"@type":"BreadcrumbList","@id":"https:\/\/dana.com.br\/canaldana\/2019\/12\/13\/goiana-vai-produzir-primeiro-carro-conectado\/#breadcrumb","itemListElement":[{"@type":"ListItem","position":1,"name":"Home","item":"https:\/\/dana.com.br\/canaldana\/"},{"@type":"ListItem","position":2,"name":"Destaques","item":"https:\/\/dana.com.br\/canaldana\/destaques\/"},{"@type":"ListItem","position":3,"name":"Goiana vai produzir primeiro carro conectado"}]},{"@type":"WebSite","@id":"https:\/\/dana.com.br\/canaldana\/#website","url":"https:\/\/dana.com.br\/canaldana\/","name":"Canal Dana","description":"Informativo com as principais not\u00edcias da ind\u00fastria automotiva","potentialAction":[{"@type":"SearchAction","target":{"@type":"EntryPoint","urlTemplate":"https:\/\/dana.com.br\/canaldana\/?s={search_term_string}"},"query-input":{"@type":"PropertyValueSpecification","valueRequired":true,"valueName":"search_term_string"}}],"inLanguage":"pt-BR"},{"@type":"Person","@id":"https:\/\/dana.com.br\/canaldana\/#\/schema\/person\/3c21f22f56fcf3bc46b94bc60ea4fef6","name":"Canal Dana","image":{"@type":"ImageObject","inLanguage":"pt-BR","@id":"https:\/\/secure.gravatar.com\/avatar\/420aaf9278582877d9018637c6817617705899d2858d7572ef0fe59a6b6454b4?s=96&d=mm&r=g","url":"https:\/\/secure.gravatar.com\/avatar\/420aaf9278582877d9018637c6817617705899d2858d7572ef0fe59a6b6454b4?s=96&d=mm&r=g","contentUrl":"https:\/\/secure.gravatar.com\/avatar\/420aaf9278582877d9018637c6817617705899d2858d7572ef0fe59a6b6454b4?s=96&d=mm&r=g","caption":"Canal Dana"},"url":"https:\/\/dana.com.br\/canaldana\/author\/cdeditor\/"}]}},"_links":{"self":[{"href":"https:\/\/dana.com.br\/canaldana\/wp-json\/wp\/v2\/posts\/39393","targetHints":{"allow":["GET"]}}],"collection":[{"href":"https:\/\/dana.com.br\/canaldana\/wp-json\/wp\/v2\/posts"}],"about":[{"href":"https:\/\/dana.com.br\/canaldana\/wp-json\/wp\/v2\/types\/post"}],"author":[{"embeddable":true,"href":"https:\/\/dana.com.br\/canaldana\/wp-json\/wp\/v2\/users\/3"}],"replies":[{"embeddable":true,"href":"https:\/\/dana.com.br\/canaldana\/wp-json\/wp\/v2\/comments?post=39393"}],"version-history":[{"count":0,"href":"https:\/\/dana.com.br\/canaldana\/wp-json\/wp\/v2\/posts\/39393\/revisions"}],"wp:attachment":[{"href":"https:\/\/dana.com.br\/canaldana\/wp-json\/wp\/v2\/media?parent=39393"}],"wp:term":[{"taxonomy":"category","embeddable":true,"href":"https:\/\/dana.com.br\/canaldana\/wp-json\/wp\/v2\/categories?post=39393"},{"taxonomy":"post_tag","embeddable":true,"href":"https:\/\/dana.com.br\/canaldana\/wp-json\/wp\/v2\/tags?post=39393"}],"curies":[{"name":"wp","href":"https:\/\/api.w.org\/{rel}","templated":true}]}}