{"id":39333,"date":"2019-12-12T08:23:51","date_gmt":"2019-12-12T11:23:51","guid":{"rendered":"https:\/\/dana.com.br\/canaldana\/?p=39333"},"modified":"2019-12-12T08:23:51","modified_gmt":"2019-12-12T11:23:51","slug":"fpt-industrial-anuncia-novo-distribuidor-no-mato-grosso","status":"publish","type":"post","link":"https:\/\/dana.com.br\/canaldana\/2019\/12\/12\/fpt-industrial-anuncia-novo-distribuidor-no-mato-grosso\/","title":{"rendered":"FPT Industrial anuncia novo distribuidor no Mato Grosso"},"content":{"rendered":"<p><em>Di\u00e1rio do Transporte<\/em><\/p>\n<p>&nbsp;<\/p>\n<p>A FPT Industrial informou nesta ter\u00e7a-feira, 10 de dezembro de 2019, que ampliou a rede de distribuidores na regi\u00e3o Centro-Oeste do Brasil com a nomea\u00e7\u00e3o da Agritex, presente em seis munic\u00edpios do Mato Grosso.<\/p>\n<p>&nbsp;<\/p>\n<p>\u201cReconhecida como Dealer Standars &amp; Certification pela Case IH, marca que tamb\u00e9m pertence \u00e0 CNH Industrial e representa desde 2004, a empresa passa a oferecer assist\u00eancia t\u00e9cnica, servi\u00e7os especializados e reposi\u00e7\u00e3o de pe\u00e7as genu\u00ednas para motores dos segmentos on-road, de transporte de cargas e passageiros, off-road, de m\u00e1quinas agr\u00edcolas e de constru\u00e7\u00e3o, mar\u00edtimo e de gera\u00e7\u00e3o de energia\u201d, informou a marca, em nota.<\/p>\n<p>&nbsp;<\/p>\n<p>Situada no Vale do Araguaia, regi\u00e3o mato-grossense com grande produtividade de gr\u00e3os, pecu\u00e1ria e agroneg\u00f3cio, a Agritex tem matriz em Quer\u00eancia e filiais em \u00c1gua Boa, Ga\u00facha do Norte, Confresa, S\u00e3o Felix do Araguaia e Canarana.<\/p>\n<p>&nbsp;<\/p>\n<p>\u201cA FPT Industrial \u00e9 uma marca em constante crescimento. \u00c9 fundamental estender a Rede de Distribuidores para atingir cada vez mais clientes. Temos uma grande oferta de produtos para diferentes aplica\u00e7\u00f5es de bens de capital\u201d, disse, em nota, o presidente da FPT Industrial para a Am\u00e9rica do Sul, Marco Rangel.<\/p>\n<p>&nbsp;<\/p>\n<p>\u201cCom a nomea\u00e7\u00e3o, a Agritex consolida o compromisso com o cliente ao oferecer maior proximidade de atendimento dos produtos FPT Industrial, sejam motores, geradores, transmiss\u00f5es e reposi\u00e7\u00e3o de pe\u00e7as genu\u00ednas\u201d, afirma o diretor Presidente da Agritex, Gerson Lu\u00eds Garbuio.<\/p>\n<p>&nbsp;<\/p>\n<p><strong>Rede de distribuidores <\/strong><\/p>\n<p>&nbsp;<\/p>\n<p>Cobrindo cerca de 85% do territ\u00f3rio nacional, a Rede FPT tamb\u00e9m \u00e9 composta pelos grupos Brasif, no Distrito Federal, Esp\u00edrito Santo, Goi\u00e1s, Minas Gerais, Rio de Janeiro, S\u00e3o Paulo e Tocantins; JMalucelli, no Paran\u00e1, Rio Grande do Sul e Santa Catarina; Servel, em Sergipe; e Tracan, em Minas Gerais e S\u00e3o Paulo.<\/p>\n<p><strong>\u00a0<\/strong><\/p>\n<p><strong>Servi\u00e7o<\/strong><\/p>\n<p><strong>\u00a0<\/strong><\/p>\n<p><strong>Agritex<\/strong><\/p>\n<p>&nbsp;<\/p>\n<p><strong>Matriz \u2013<\/strong> Av. Sul s\/n Esq Estrada Rua 09, Quer\u00eancia (MT)<\/p>\n<p><strong>Tel.:<\/strong> (66) 3529-2267<\/p>\n<p><strong>Site:<\/strong> <a href=\"http:\/\/www.agritex.com.br\/\" target=\"_blank\" rel=\"noopener noreferrer\">http:\/\/www.agritex.com.br\/<\/a><\/p>\n<p>(Di\u00e1rio do Transporte\/Jessica Marques)<\/p>\n","protected":false},"excerpt":{"rendered":"<p>Di\u00e1rio do Transporte &nbsp; A FPT Industrial informou nesta ter\u00e7a-feira, 10 de dezembro de 2019, que ampliou a rede de distribuidores na regi\u00e3o Centro-Oeste do Brasil com a nomea\u00e7\u00e3o da Agritex, presente em seis munic\u00edpios do Mato Grosso. &nbsp; \u201cReconhecida como Dealer Standars &amp; Certification pela Case IH, marca que tamb\u00e9m pertence \u00e0 CNH Industrial\u2026 <a class=\"readmore\" href=\"https:\/\/dana.com.br\/canaldana\/2019\/12\/12\/fpt-industrial-anuncia-novo-distribuidor-no-mato-grosso\/\">Leia mais \u00bb<\/a><\/p>\n","protected":false},"author":3,"featured_media":0,"comment_status":"closed","ping_status":"closed","sticky":false,"template":"","format":"standard","meta":{"_acf_changed":false,"footnotes":""},"categories":[79],"tags":[],"class_list":["post-39333","post","type-post","status-publish","format-standard","hentry","category-mercado"],"acf":[],"yoast_head":"<!-- This site is optimized with the Yoast SEO plugin v27.5 - https:\/\/yoast.com\/product\/yoast-seo-wordpress\/ -->\n<title>FPT Industrial anuncia novo distribuidor no Mato Grosso - Canal Dana<\/title>\n<meta name=\"robots\" content=\"index, follow, max-snippet:-1, max-image-preview:large, max-video-preview:-1\" \/>\n<link rel=\"canonical\" href=\"https:\/\/dana.com.br\/canaldana\/2019\/12\/12\/fpt-industrial-anuncia-novo-distribuidor-no-mato-grosso\/\" \/>\n<meta property=\"og:locale\" content=\"pt_BR\" \/>\n<meta property=\"og:type\" content=\"article\" \/>\n<meta property=\"og:title\" content=\"FPT Industrial anuncia novo distribuidor no Mato Grosso - Canal Dana\" \/>\n<meta property=\"og:description\" content=\"Di\u00e1rio do Transporte &nbsp; A FPT Industrial informou nesta ter\u00e7a-feira, 10 de dezembro de 2019, que ampliou a rede de distribuidores na regi\u00e3o Centro-Oeste do Brasil com a nomea\u00e7\u00e3o da Agritex, presente em seis munic\u00edpios do Mato Grosso. &nbsp; \u201cReconhecida como Dealer Standars &amp; Certification pela Case IH, marca que tamb\u00e9m pertence \u00e0 CNH Industrial\u2026 Leia mais \u00bb\" \/>\n<meta property=\"og:url\" content=\"https:\/\/dana.com.br\/canaldana\/2019\/12\/12\/fpt-industrial-anuncia-novo-distribuidor-no-mato-grosso\/\" \/>\n<meta property=\"og:site_name\" content=\"Canal Dana\" \/>\n<meta property=\"article:published_time\" content=\"2019-12-12T11:23:51+00:00\" \/>\n<meta name=\"author\" content=\"Canal Dana\" \/>\n<meta name=\"twitter:card\" content=\"summary_large_image\" \/>\n<meta name=\"twitter:label1\" content=\"Escrito por\" \/>\n\t<meta name=\"twitter:data1\" content=\"Canal Dana\" \/>\n\t<meta name=\"twitter:label2\" content=\"Est. tempo de leitura\" \/>\n\t<meta name=\"twitter:data2\" content=\"2 minutos\" \/>\n<script type=\"application\/ld+json\" class=\"yoast-schema-graph\">{\"@context\":\"https:\\\/\\\/schema.org\",\"@graph\":[{\"@type\":\"Article\",\"@id\":\"https:\\\/\\\/dana.com.br\\\/canaldana\\\/2019\\\/12\\\/12\\\/fpt-industrial-anuncia-novo-distribuidor-no-mato-grosso\\\/#article\",\"isPartOf\":{\"@id\":\"https:\\\/\\\/dana.com.br\\\/canaldana\\\/2019\\\/12\\\/12\\\/fpt-industrial-anuncia-novo-distribuidor-no-mato-grosso\\\/\"},\"author\":{\"name\":\"Canal Dana\",\"@id\":\"https:\\\/\\\/dana.com.br\\\/canaldana\\\/#\\\/schema\\\/person\\\/3c21f22f56fcf3bc46b94bc60ea4fef6\"},\"headline\":\"FPT Industrial anuncia novo distribuidor no Mato Grosso\",\"datePublished\":\"2019-12-12T11:23:51+00:00\",\"mainEntityOfPage\":{\"@id\":\"https:\\\/\\\/dana.com.br\\\/canaldana\\\/2019\\\/12\\\/12\\\/fpt-industrial-anuncia-novo-distribuidor-no-mato-grosso\\\/\"},\"wordCount\":354,\"articleSection\":[\"Mercado\"],\"inLanguage\":\"pt-BR\"},{\"@type\":\"WebPage\",\"@id\":\"https:\\\/\\\/dana.com.br\\\/canaldana\\\/2019\\\/12\\\/12\\\/fpt-industrial-anuncia-novo-distribuidor-no-mato-grosso\\\/\",\"url\":\"https:\\\/\\\/dana.com.br\\\/canaldana\\\/2019\\\/12\\\/12\\\/fpt-industrial-anuncia-novo-distribuidor-no-mato-grosso\\\/\",\"name\":\"FPT Industrial anuncia novo distribuidor no Mato Grosso - Canal Dana\",\"isPartOf\":{\"@id\":\"https:\\\/\\\/dana.com.br\\\/canaldana\\\/#website\"},\"datePublished\":\"2019-12-12T11:23:51+00:00\",\"author\":{\"@id\":\"https:\\\/\\\/dana.com.br\\\/canaldana\\\/#\\\/schema\\\/person\\\/3c21f22f56fcf3bc46b94bc60ea4fef6\"},\"breadcrumb\":{\"@id\":\"https:\\\/\\\/dana.com.br\\\/canaldana\\\/2019\\\/12\\\/12\\\/fpt-industrial-anuncia-novo-distribuidor-no-mato-grosso\\\/#breadcrumb\"},\"inLanguage\":\"pt-BR\",\"potentialAction\":[{\"@type\":\"ReadAction\",\"target\":[\"https:\\\/\\\/dana.com.br\\\/canaldana\\\/2019\\\/12\\\/12\\\/fpt-industrial-anuncia-novo-distribuidor-no-mato-grosso\\\/\"]}]},{\"@type\":\"BreadcrumbList\",\"@id\":\"https:\\\/\\\/dana.com.br\\\/canaldana\\\/2019\\\/12\\\/12\\\/fpt-industrial-anuncia-novo-distribuidor-no-mato-grosso\\\/#breadcrumb\",\"itemListElement\":[{\"@type\":\"ListItem\",\"position\":1,\"name\":\"Home\",\"item\":\"https:\\\/\\\/dana.com.br\\\/canaldana\\\/\"},{\"@type\":\"ListItem\",\"position\":2,\"name\":\"Mercado\",\"item\":\"https:\\\/\\\/dana.com.br\\\/canaldana\\\/mercado\\\/\"},{\"@type\":\"ListItem\",\"position\":3,\"name\":\"FPT Industrial anuncia novo distribuidor no Mato Grosso\"}]},{\"@type\":\"WebSite\",\"@id\":\"https:\\\/\\\/dana.com.br\\\/canaldana\\\/#website\",\"url\":\"https:\\\/\\\/dana.com.br\\\/canaldana\\\/\",\"name\":\"Canal Dana\",\"description\":\"Informativo com as principais not\u00edcias da ind\u00fastria automotiva\",\"potentialAction\":[{\"@type\":\"SearchAction\",\"target\":{\"@type\":\"EntryPoint\",\"urlTemplate\":\"https:\\\/\\\/dana.com.br\\\/canaldana\\\/?s={search_term_string}\"},\"query-input\":{\"@type\":\"PropertyValueSpecification\",\"valueRequired\":true,\"valueName\":\"search_term_string\"}}],\"inLanguage\":\"pt-BR\"},{\"@type\":\"Person\",\"@id\":\"https:\\\/\\\/dana.com.br\\\/canaldana\\\/#\\\/schema\\\/person\\\/3c21f22f56fcf3bc46b94bc60ea4fef6\",\"name\":\"Canal Dana\",\"image\":{\"@type\":\"ImageObject\",\"inLanguage\":\"pt-BR\",\"@id\":\"https:\\\/\\\/secure.gravatar.com\\\/avatar\\\/420aaf9278582877d9018637c6817617705899d2858d7572ef0fe59a6b6454b4?s=96&d=mm&r=g\",\"url\":\"https:\\\/\\\/secure.gravatar.com\\\/avatar\\\/420aaf9278582877d9018637c6817617705899d2858d7572ef0fe59a6b6454b4?s=96&d=mm&r=g\",\"contentUrl\":\"https:\\\/\\\/secure.gravatar.com\\\/avatar\\\/420aaf9278582877d9018637c6817617705899d2858d7572ef0fe59a6b6454b4?s=96&d=mm&r=g\",\"caption\":\"Canal Dana\"},\"url\":\"https:\\\/\\\/dana.com.br\\\/canaldana\\\/author\\\/cdeditor\\\/\"}]}<\/script>\n<!-- \/ Yoast SEO plugin. -->","yoast_head_json":{"title":"FPT Industrial anuncia novo distribuidor no Mato Grosso - Canal Dana","robots":{"index":"index","follow":"follow","max-snippet":"max-snippet:-1","max-image-preview":"max-image-preview:large","max-video-preview":"max-video-preview:-1"},"canonical":"https:\/\/dana.com.br\/canaldana\/2019\/12\/12\/fpt-industrial-anuncia-novo-distribuidor-no-mato-grosso\/","og_locale":"pt_BR","og_type":"article","og_title":"FPT Industrial anuncia novo distribuidor no Mato Grosso - Canal Dana","og_description":"Di\u00e1rio do Transporte &nbsp; A FPT Industrial informou nesta ter\u00e7a-feira, 10 de dezembro de 2019, que ampliou a rede de distribuidores na regi\u00e3o Centro-Oeste do Brasil com a nomea\u00e7\u00e3o da Agritex, presente em seis munic\u00edpios do Mato Grosso. &nbsp; \u201cReconhecida como Dealer Standars &amp; Certification pela Case IH, marca que tamb\u00e9m pertence \u00e0 CNH Industrial\u2026 Leia mais \u00bb","og_url":"https:\/\/dana.com.br\/canaldana\/2019\/12\/12\/fpt-industrial-anuncia-novo-distribuidor-no-mato-grosso\/","og_site_name":"Canal Dana","article_published_time":"2019-12-12T11:23:51+00:00","author":"Canal Dana","twitter_card":"summary_large_image","twitter_misc":{"Escrito por":"Canal Dana","Est. tempo de leitura":"2 minutos"},"schema":{"@context":"https:\/\/schema.org","@graph":[{"@type":"Article","@id":"https:\/\/dana.com.br\/canaldana\/2019\/12\/12\/fpt-industrial-anuncia-novo-distribuidor-no-mato-grosso\/#article","isPartOf":{"@id":"https:\/\/dana.com.br\/canaldana\/2019\/12\/12\/fpt-industrial-anuncia-novo-distribuidor-no-mato-grosso\/"},"author":{"name":"Canal Dana","@id":"https:\/\/dana.com.br\/canaldana\/#\/schema\/person\/3c21f22f56fcf3bc46b94bc60ea4fef6"},"headline":"FPT Industrial anuncia novo distribuidor no Mato Grosso","datePublished":"2019-12-12T11:23:51+00:00","mainEntityOfPage":{"@id":"https:\/\/dana.com.br\/canaldana\/2019\/12\/12\/fpt-industrial-anuncia-novo-distribuidor-no-mato-grosso\/"},"wordCount":354,"articleSection":["Mercado"],"inLanguage":"pt-BR"},{"@type":"WebPage","@id":"https:\/\/dana.com.br\/canaldana\/2019\/12\/12\/fpt-industrial-anuncia-novo-distribuidor-no-mato-grosso\/","url":"https:\/\/dana.com.br\/canaldana\/2019\/12\/12\/fpt-industrial-anuncia-novo-distribuidor-no-mato-grosso\/","name":"FPT Industrial anuncia novo distribuidor no Mato Grosso - Canal Dana","isPartOf":{"@id":"https:\/\/dana.com.br\/canaldana\/#website"},"datePublished":"2019-12-12T11:23:51+00:00","author":{"@id":"https:\/\/dana.com.br\/canaldana\/#\/schema\/person\/3c21f22f56fcf3bc46b94bc60ea4fef6"},"breadcrumb":{"@id":"https:\/\/dana.com.br\/canaldana\/2019\/12\/12\/fpt-industrial-anuncia-novo-distribuidor-no-mato-grosso\/#breadcrumb"},"inLanguage":"pt-BR","potentialAction":[{"@type":"ReadAction","target":["https:\/\/dana.com.br\/canaldana\/2019\/12\/12\/fpt-industrial-anuncia-novo-distribuidor-no-mato-grosso\/"]}]},{"@type":"BreadcrumbList","@id":"https:\/\/dana.com.br\/canaldana\/2019\/12\/12\/fpt-industrial-anuncia-novo-distribuidor-no-mato-grosso\/#breadcrumb","itemListElement":[{"@type":"ListItem","position":1,"name":"Home","item":"https:\/\/dana.com.br\/canaldana\/"},{"@type":"ListItem","position":2,"name":"Mercado","item":"https:\/\/dana.com.br\/canaldana\/mercado\/"},{"@type":"ListItem","position":3,"name":"FPT Industrial anuncia novo distribuidor no Mato Grosso"}]},{"@type":"WebSite","@id":"https:\/\/dana.com.br\/canaldana\/#website","url":"https:\/\/dana.com.br\/canaldana\/","name":"Canal Dana","description":"Informativo com as principais not\u00edcias da ind\u00fastria automotiva","potentialAction":[{"@type":"SearchAction","target":{"@type":"EntryPoint","urlTemplate":"https:\/\/dana.com.br\/canaldana\/?s={search_term_string}"},"query-input":{"@type":"PropertyValueSpecification","valueRequired":true,"valueName":"search_term_string"}}],"inLanguage":"pt-BR"},{"@type":"Person","@id":"https:\/\/dana.com.br\/canaldana\/#\/schema\/person\/3c21f22f56fcf3bc46b94bc60ea4fef6","name":"Canal Dana","image":{"@type":"ImageObject","inLanguage":"pt-BR","@id":"https:\/\/secure.gravatar.com\/avatar\/420aaf9278582877d9018637c6817617705899d2858d7572ef0fe59a6b6454b4?s=96&d=mm&r=g","url":"https:\/\/secure.gravatar.com\/avatar\/420aaf9278582877d9018637c6817617705899d2858d7572ef0fe59a6b6454b4?s=96&d=mm&r=g","contentUrl":"https:\/\/secure.gravatar.com\/avatar\/420aaf9278582877d9018637c6817617705899d2858d7572ef0fe59a6b6454b4?s=96&d=mm&r=g","caption":"Canal Dana"},"url":"https:\/\/dana.com.br\/canaldana\/author\/cdeditor\/"}]}},"_links":{"self":[{"href":"https:\/\/dana.com.br\/canaldana\/wp-json\/wp\/v2\/posts\/39333","targetHints":{"allow":["GET"]}}],"collection":[{"href":"https:\/\/dana.com.br\/canaldana\/wp-json\/wp\/v2\/posts"}],"about":[{"href":"https:\/\/dana.com.br\/canaldana\/wp-json\/wp\/v2\/types\/post"}],"author":[{"embeddable":true,"href":"https:\/\/dana.com.br\/canaldana\/wp-json\/wp\/v2\/users\/3"}],"replies":[{"embeddable":true,"href":"https:\/\/dana.com.br\/canaldana\/wp-json\/wp\/v2\/comments?post=39333"}],"version-history":[{"count":0,"href":"https:\/\/dana.com.br\/canaldana\/wp-json\/wp\/v2\/posts\/39333\/revisions"}],"wp:attachment":[{"href":"https:\/\/dana.com.br\/canaldana\/wp-json\/wp\/v2\/media?parent=39333"}],"wp:term":[{"taxonomy":"category","embeddable":true,"href":"https:\/\/dana.com.br\/canaldana\/wp-json\/wp\/v2\/categories?post=39333"},{"taxonomy":"post_tag","embeddable":true,"href":"https:\/\/dana.com.br\/canaldana\/wp-json\/wp\/v2\/tags?post=39333"}],"curies":[{"name":"wp","href":"https:\/\/api.w.org\/{rel}","templated":true}]}}