{"id":39303,"date":"2019-12-11T08:03:28","date_gmt":"2019-12-11T11:03:28","guid":{"rendered":"https:\/\/dana.com.br\/canaldana\/?p=39303"},"modified":"2019-12-11T08:03:28","modified_gmt":"2019-12-11T11:03:28","slug":"governo-de-sao-paulo-concretiza-programa-proferramentaria-e-impulsiona-a-economia-paulista","status":"publish","type":"post","link":"https:\/\/dana.com.br\/canaldana\/2019\/12\/11\/governo-de-sao-paulo-concretiza-programa-proferramentaria-e-impulsiona-a-economia-paulista\/","title":{"rendered":"Governo de S\u00e3o Paulo concretiza programa ProFerramentaria e impulsiona a economia paulista"},"content":{"rendered":"<p><em>ABC do ABC<\/em><\/p>\n<p>&nbsp;<\/p>\n<p>O Governo do Estado de S\u00e3o Paulo, por meio da Secretaria da Fazenda e Planejamento, criou o programa ProFerramentaria, novo instrumento para fomentar investimentos de fabricantes de ve\u00edculos e autope\u00e7as em ferramentaria. Essa \u00e9 uma importante medida para a retomada de competitividade do setor, que enfrenta forte concorr\u00eancia de produtos importados, especialmente da China e Coreia, e ser\u00e1 determinante para a manuten\u00e7\u00e3o e amplia\u00e7\u00e3o de empregos.<\/p>\n<p>&nbsp;<\/p>\n<p>O programa autoriza empresas paulistas do setor automotivo a utilizar cr\u00e9ditos acumulados de ICMS para pagar por ferramentais usados na sua produ\u00e7\u00e3o e produzidos por ferramentarias instaladas no Estado de S\u00e3o Paulo. Os cr\u00e9ditos ser\u00e3o liberados por projeto, que dever\u00e1 ser apresentado e analisado pela Secretaria da Fazenda e Planejamento, conformes disciplina a Resolu\u00e7\u00e3o SFP n\u00ba 104\/19, publicada na edi\u00e7\u00e3o desta ter\u00e7a-feira (10) do Di\u00e1rio Oficial do Estado.<\/p>\n<p>&nbsp;<\/p>\n<p>O ProFerramentaria beneficia dois setores ao mesmo tempo: o automotivo, que tradicionalmente acumula cr\u00e9ditos por conta de exporta\u00e7\u00f5es, e o setor de ferramentaria, que passa a ter um importante incentivo para que volte a produzir ferramentas para fabricar componentes automotivos &#8211; como os moldes utilizados na produ\u00e7\u00e3o de partes e pe\u00e7as.<\/p>\n<p>&nbsp;<\/p>\n<p>O Governo do Estado j\u00e1 havia lan\u00e7ado no in\u00edcio deste ano o IncentivAuto para estimular a produ\u00e7\u00e3o de ve\u00edculos no Estado, tendo como contrapartida novos investimentos com gera\u00e7\u00e3o de empregos diretos. Agora, com a possibilidade de \u201cmonetizar\u201d os cr\u00e9ditos de ICMS para investimentos em ferramentaria automotiva, deve haver n\u00e3o somente uma dinamiza\u00e7\u00e3o de projetos de ve\u00edculos como tamb\u00e9m uma maior competitividade para a ferramentaria paulista, j\u00e1 que o ProFerramentaria prev\u00ea que o setor automotivo dever\u00e1 adquirir de fornecedores de S\u00e3o Paulo 90% dos bens, mercadorias e m\u00e3o-de-obra a serem empregados nos projetos que dever\u00e1 apresentar. O programa ainda prev\u00ea a importa\u00e7\u00e3o e desembara\u00e7o de produtos a serem utilizados no referido projeto em porto paulista, mais um est\u00edmulo \u00e0 economia de S\u00e3o Paulo.<\/p>\n<p>&nbsp;<\/p>\n<p>O setor, por meio de suas entidades representativas &#8211; ABIMAQ (Associa\u00e7\u00e3o Brasileira da Ind\u00fastria de M\u00e1quinas e Equipamentos) e ABINFER (Associa\u00e7\u00e3o Brasileira da Ind\u00fastria de Ferramentais), tem a expectativa de que a iniciativa injete na economia, nos pr\u00f3ximos 8 anos, cerca de R$ 8 bilh\u00f5es, que dever\u00e3o ser usados exclusivamente dentro do Estado de S\u00e3o Paulo para a compra de ferramentais.<\/p>\n<p>&nbsp;<\/p>\n<p>Com a medida ganha o setor automotivo, ao se tornar mais competitivo e moderno, e o setor de ferramentaria, pelo aumento no n\u00famero de projetos. Ganha, ainda, a popula\u00e7\u00e3o pela gera\u00e7\u00e3o direta e indireta de postos de trabalho e o Governo, com o crescimento da economia e da arrecada\u00e7\u00e3o. (ABC do ABC)<\/p>\n","protected":false},"excerpt":{"rendered":"<p>ABC do ABC &nbsp; O Governo do Estado de S\u00e3o Paulo, por meio da Secretaria da Fazenda e Planejamento, criou o programa ProFerramentaria, novo instrumento para fomentar investimentos de fabricantes de ve\u00edculos e autope\u00e7as em ferramentaria. Essa \u00e9 uma importante medida para a retomada de competitividade do setor, que enfrenta forte concorr\u00eancia de produtos importados,\u2026 <a class=\"readmore\" href=\"https:\/\/dana.com.br\/canaldana\/2019\/12\/11\/governo-de-sao-paulo-concretiza-programa-proferramentaria-e-impulsiona-a-economia-paulista\/\">Leia mais \u00bb<\/a><\/p>\n","protected":false},"author":3,"featured_media":0,"comment_status":"closed","ping_status":"closed","sticky":false,"template":"","format":"standard","meta":{"_acf_changed":false,"footnotes":""},"categories":[61],"tags":[],"class_list":["post-39303","post","type-post","status-publish","format-standard","hentry","category-destaques"],"acf":[],"yoast_head":"<!-- This site is optimized with the Yoast SEO plugin v27.5 - https:\/\/yoast.com\/product\/yoast-seo-wordpress\/ -->\n<title>Governo de S\u00e3o Paulo concretiza programa ProFerramentaria e impulsiona a economia paulista - Canal Dana<\/title>\n<meta name=\"robots\" content=\"index, follow, max-snippet:-1, max-image-preview:large, max-video-preview:-1\" \/>\n<link rel=\"canonical\" href=\"https:\/\/dana.com.br\/canaldana\/2019\/12\/11\/governo-de-sao-paulo-concretiza-programa-proferramentaria-e-impulsiona-a-economia-paulista\/\" \/>\n<meta property=\"og:locale\" content=\"pt_BR\" \/>\n<meta property=\"og:type\" content=\"article\" \/>\n<meta property=\"og:title\" content=\"Governo de S\u00e3o Paulo concretiza programa ProFerramentaria e impulsiona a economia paulista - Canal Dana\" \/>\n<meta property=\"og:description\" content=\"ABC do ABC &nbsp; O Governo do Estado de S\u00e3o Paulo, por meio da Secretaria da Fazenda e Planejamento, criou o programa ProFerramentaria, novo instrumento para fomentar investimentos de fabricantes de ve\u00edculos e autope\u00e7as em ferramentaria. Essa \u00e9 uma importante medida para a retomada de competitividade do setor, que enfrenta forte concorr\u00eancia de produtos importados,\u2026 Leia mais \u00bb\" \/>\n<meta property=\"og:url\" content=\"https:\/\/dana.com.br\/canaldana\/2019\/12\/11\/governo-de-sao-paulo-concretiza-programa-proferramentaria-e-impulsiona-a-economia-paulista\/\" \/>\n<meta property=\"og:site_name\" content=\"Canal Dana\" \/>\n<meta property=\"article:published_time\" content=\"2019-12-11T11:03:28+00:00\" \/>\n<meta name=\"author\" content=\"Canal Dana\" \/>\n<meta name=\"twitter:card\" content=\"summary_large_image\" \/>\n<meta name=\"twitter:label1\" content=\"Escrito por\" \/>\n\t<meta name=\"twitter:data1\" content=\"Canal Dana\" \/>\n\t<meta name=\"twitter:label2\" content=\"Est. tempo de leitura\" \/>\n\t<meta name=\"twitter:data2\" content=\"2 minutos\" \/>\n<script type=\"application\/ld+json\" class=\"yoast-schema-graph\">{\"@context\":\"https:\\\/\\\/schema.org\",\"@graph\":[{\"@type\":\"Article\",\"@id\":\"https:\\\/\\\/dana.com.br\\\/canaldana\\\/2019\\\/12\\\/11\\\/governo-de-sao-paulo-concretiza-programa-proferramentaria-e-impulsiona-a-economia-paulista\\\/#article\",\"isPartOf\":{\"@id\":\"https:\\\/\\\/dana.com.br\\\/canaldana\\\/2019\\\/12\\\/11\\\/governo-de-sao-paulo-concretiza-programa-proferramentaria-e-impulsiona-a-economia-paulista\\\/\"},\"author\":{\"name\":\"Canal Dana\",\"@id\":\"https:\\\/\\\/dana.com.br\\\/canaldana\\\/#\\\/schema\\\/person\\\/3c21f22f56fcf3bc46b94bc60ea4fef6\"},\"headline\":\"Governo de S\u00e3o Paulo concretiza programa ProFerramentaria e impulsiona a economia paulista\",\"datePublished\":\"2019-12-11T11:03:28+00:00\",\"mainEntityOfPage\":{\"@id\":\"https:\\\/\\\/dana.com.br\\\/canaldana\\\/2019\\\/12\\\/11\\\/governo-de-sao-paulo-concretiza-programa-proferramentaria-e-impulsiona-a-economia-paulista\\\/\"},\"wordCount\":483,\"articleSection\":[\"Destaques\"],\"inLanguage\":\"pt-BR\"},{\"@type\":\"WebPage\",\"@id\":\"https:\\\/\\\/dana.com.br\\\/canaldana\\\/2019\\\/12\\\/11\\\/governo-de-sao-paulo-concretiza-programa-proferramentaria-e-impulsiona-a-economia-paulista\\\/\",\"url\":\"https:\\\/\\\/dana.com.br\\\/canaldana\\\/2019\\\/12\\\/11\\\/governo-de-sao-paulo-concretiza-programa-proferramentaria-e-impulsiona-a-economia-paulista\\\/\",\"name\":\"Governo de S\u00e3o Paulo concretiza programa ProFerramentaria e impulsiona a economia paulista - Canal Dana\",\"isPartOf\":{\"@id\":\"https:\\\/\\\/dana.com.br\\\/canaldana\\\/#website\"},\"datePublished\":\"2019-12-11T11:03:28+00:00\",\"author\":{\"@id\":\"https:\\\/\\\/dana.com.br\\\/canaldana\\\/#\\\/schema\\\/person\\\/3c21f22f56fcf3bc46b94bc60ea4fef6\"},\"breadcrumb\":{\"@id\":\"https:\\\/\\\/dana.com.br\\\/canaldana\\\/2019\\\/12\\\/11\\\/governo-de-sao-paulo-concretiza-programa-proferramentaria-e-impulsiona-a-economia-paulista\\\/#breadcrumb\"},\"inLanguage\":\"pt-BR\",\"potentialAction\":[{\"@type\":\"ReadAction\",\"target\":[\"https:\\\/\\\/dana.com.br\\\/canaldana\\\/2019\\\/12\\\/11\\\/governo-de-sao-paulo-concretiza-programa-proferramentaria-e-impulsiona-a-economia-paulista\\\/\"]}]},{\"@type\":\"BreadcrumbList\",\"@id\":\"https:\\\/\\\/dana.com.br\\\/canaldana\\\/2019\\\/12\\\/11\\\/governo-de-sao-paulo-concretiza-programa-proferramentaria-e-impulsiona-a-economia-paulista\\\/#breadcrumb\",\"itemListElement\":[{\"@type\":\"ListItem\",\"position\":1,\"name\":\"Home\",\"item\":\"https:\\\/\\\/dana.com.br\\\/canaldana\\\/\"},{\"@type\":\"ListItem\",\"position\":2,\"name\":\"Destaques\",\"item\":\"https:\\\/\\\/dana.com.br\\\/canaldana\\\/destaques\\\/\"},{\"@type\":\"ListItem\",\"position\":3,\"name\":\"Governo de S\u00e3o Paulo concretiza programa ProFerramentaria e impulsiona a economia paulista\"}]},{\"@type\":\"WebSite\",\"@id\":\"https:\\\/\\\/dana.com.br\\\/canaldana\\\/#website\",\"url\":\"https:\\\/\\\/dana.com.br\\\/canaldana\\\/\",\"name\":\"Canal Dana\",\"description\":\"Informativo com as principais not\u00edcias da ind\u00fastria automotiva\",\"potentialAction\":[{\"@type\":\"SearchAction\",\"target\":{\"@type\":\"EntryPoint\",\"urlTemplate\":\"https:\\\/\\\/dana.com.br\\\/canaldana\\\/?s={search_term_string}\"},\"query-input\":{\"@type\":\"PropertyValueSpecification\",\"valueRequired\":true,\"valueName\":\"search_term_string\"}}],\"inLanguage\":\"pt-BR\"},{\"@type\":\"Person\",\"@id\":\"https:\\\/\\\/dana.com.br\\\/canaldana\\\/#\\\/schema\\\/person\\\/3c21f22f56fcf3bc46b94bc60ea4fef6\",\"name\":\"Canal Dana\",\"image\":{\"@type\":\"ImageObject\",\"inLanguage\":\"pt-BR\",\"@id\":\"https:\\\/\\\/secure.gravatar.com\\\/avatar\\\/420aaf9278582877d9018637c6817617705899d2858d7572ef0fe59a6b6454b4?s=96&d=mm&r=g\",\"url\":\"https:\\\/\\\/secure.gravatar.com\\\/avatar\\\/420aaf9278582877d9018637c6817617705899d2858d7572ef0fe59a6b6454b4?s=96&d=mm&r=g\",\"contentUrl\":\"https:\\\/\\\/secure.gravatar.com\\\/avatar\\\/420aaf9278582877d9018637c6817617705899d2858d7572ef0fe59a6b6454b4?s=96&d=mm&r=g\",\"caption\":\"Canal Dana\"},\"url\":\"https:\\\/\\\/dana.com.br\\\/canaldana\\\/author\\\/cdeditor\\\/\"}]}<\/script>\n<!-- \/ Yoast SEO plugin. -->","yoast_head_json":{"title":"Governo de S\u00e3o Paulo concretiza programa ProFerramentaria e impulsiona a economia paulista - Canal Dana","robots":{"index":"index","follow":"follow","max-snippet":"max-snippet:-1","max-image-preview":"max-image-preview:large","max-video-preview":"max-video-preview:-1"},"canonical":"https:\/\/dana.com.br\/canaldana\/2019\/12\/11\/governo-de-sao-paulo-concretiza-programa-proferramentaria-e-impulsiona-a-economia-paulista\/","og_locale":"pt_BR","og_type":"article","og_title":"Governo de S\u00e3o Paulo concretiza programa ProFerramentaria e impulsiona a economia paulista - Canal Dana","og_description":"ABC do ABC &nbsp; O Governo do Estado de S\u00e3o Paulo, por meio da Secretaria da Fazenda e Planejamento, criou o programa ProFerramentaria, novo instrumento para fomentar investimentos de fabricantes de ve\u00edculos e autope\u00e7as em ferramentaria. Essa \u00e9 uma importante medida para a retomada de competitividade do setor, que enfrenta forte concorr\u00eancia de produtos importados,\u2026 Leia mais \u00bb","og_url":"https:\/\/dana.com.br\/canaldana\/2019\/12\/11\/governo-de-sao-paulo-concretiza-programa-proferramentaria-e-impulsiona-a-economia-paulista\/","og_site_name":"Canal Dana","article_published_time":"2019-12-11T11:03:28+00:00","author":"Canal Dana","twitter_card":"summary_large_image","twitter_misc":{"Escrito por":"Canal Dana","Est. tempo de leitura":"2 minutos"},"schema":{"@context":"https:\/\/schema.org","@graph":[{"@type":"Article","@id":"https:\/\/dana.com.br\/canaldana\/2019\/12\/11\/governo-de-sao-paulo-concretiza-programa-proferramentaria-e-impulsiona-a-economia-paulista\/#article","isPartOf":{"@id":"https:\/\/dana.com.br\/canaldana\/2019\/12\/11\/governo-de-sao-paulo-concretiza-programa-proferramentaria-e-impulsiona-a-economia-paulista\/"},"author":{"name":"Canal Dana","@id":"https:\/\/dana.com.br\/canaldana\/#\/schema\/person\/3c21f22f56fcf3bc46b94bc60ea4fef6"},"headline":"Governo de S\u00e3o Paulo concretiza programa ProFerramentaria e impulsiona a economia paulista","datePublished":"2019-12-11T11:03:28+00:00","mainEntityOfPage":{"@id":"https:\/\/dana.com.br\/canaldana\/2019\/12\/11\/governo-de-sao-paulo-concretiza-programa-proferramentaria-e-impulsiona-a-economia-paulista\/"},"wordCount":483,"articleSection":["Destaques"],"inLanguage":"pt-BR"},{"@type":"WebPage","@id":"https:\/\/dana.com.br\/canaldana\/2019\/12\/11\/governo-de-sao-paulo-concretiza-programa-proferramentaria-e-impulsiona-a-economia-paulista\/","url":"https:\/\/dana.com.br\/canaldana\/2019\/12\/11\/governo-de-sao-paulo-concretiza-programa-proferramentaria-e-impulsiona-a-economia-paulista\/","name":"Governo de S\u00e3o Paulo concretiza programa ProFerramentaria e impulsiona a economia paulista - Canal Dana","isPartOf":{"@id":"https:\/\/dana.com.br\/canaldana\/#website"},"datePublished":"2019-12-11T11:03:28+00:00","author":{"@id":"https:\/\/dana.com.br\/canaldana\/#\/schema\/person\/3c21f22f56fcf3bc46b94bc60ea4fef6"},"breadcrumb":{"@id":"https:\/\/dana.com.br\/canaldana\/2019\/12\/11\/governo-de-sao-paulo-concretiza-programa-proferramentaria-e-impulsiona-a-economia-paulista\/#breadcrumb"},"inLanguage":"pt-BR","potentialAction":[{"@type":"ReadAction","target":["https:\/\/dana.com.br\/canaldana\/2019\/12\/11\/governo-de-sao-paulo-concretiza-programa-proferramentaria-e-impulsiona-a-economia-paulista\/"]}]},{"@type":"BreadcrumbList","@id":"https:\/\/dana.com.br\/canaldana\/2019\/12\/11\/governo-de-sao-paulo-concretiza-programa-proferramentaria-e-impulsiona-a-economia-paulista\/#breadcrumb","itemListElement":[{"@type":"ListItem","position":1,"name":"Home","item":"https:\/\/dana.com.br\/canaldana\/"},{"@type":"ListItem","position":2,"name":"Destaques","item":"https:\/\/dana.com.br\/canaldana\/destaques\/"},{"@type":"ListItem","position":3,"name":"Governo de S\u00e3o Paulo concretiza programa ProFerramentaria e impulsiona a economia paulista"}]},{"@type":"WebSite","@id":"https:\/\/dana.com.br\/canaldana\/#website","url":"https:\/\/dana.com.br\/canaldana\/","name":"Canal Dana","description":"Informativo com as principais not\u00edcias da ind\u00fastria automotiva","potentialAction":[{"@type":"SearchAction","target":{"@type":"EntryPoint","urlTemplate":"https:\/\/dana.com.br\/canaldana\/?s={search_term_string}"},"query-input":{"@type":"PropertyValueSpecification","valueRequired":true,"valueName":"search_term_string"}}],"inLanguage":"pt-BR"},{"@type":"Person","@id":"https:\/\/dana.com.br\/canaldana\/#\/schema\/person\/3c21f22f56fcf3bc46b94bc60ea4fef6","name":"Canal Dana","image":{"@type":"ImageObject","inLanguage":"pt-BR","@id":"https:\/\/secure.gravatar.com\/avatar\/420aaf9278582877d9018637c6817617705899d2858d7572ef0fe59a6b6454b4?s=96&d=mm&r=g","url":"https:\/\/secure.gravatar.com\/avatar\/420aaf9278582877d9018637c6817617705899d2858d7572ef0fe59a6b6454b4?s=96&d=mm&r=g","contentUrl":"https:\/\/secure.gravatar.com\/avatar\/420aaf9278582877d9018637c6817617705899d2858d7572ef0fe59a6b6454b4?s=96&d=mm&r=g","caption":"Canal Dana"},"url":"https:\/\/dana.com.br\/canaldana\/author\/cdeditor\/"}]}},"_links":{"self":[{"href":"https:\/\/dana.com.br\/canaldana\/wp-json\/wp\/v2\/posts\/39303","targetHints":{"allow":["GET"]}}],"collection":[{"href":"https:\/\/dana.com.br\/canaldana\/wp-json\/wp\/v2\/posts"}],"about":[{"href":"https:\/\/dana.com.br\/canaldana\/wp-json\/wp\/v2\/types\/post"}],"author":[{"embeddable":true,"href":"https:\/\/dana.com.br\/canaldana\/wp-json\/wp\/v2\/users\/3"}],"replies":[{"embeddable":true,"href":"https:\/\/dana.com.br\/canaldana\/wp-json\/wp\/v2\/comments?post=39303"}],"version-history":[{"count":0,"href":"https:\/\/dana.com.br\/canaldana\/wp-json\/wp\/v2\/posts\/39303\/revisions"}],"wp:attachment":[{"href":"https:\/\/dana.com.br\/canaldana\/wp-json\/wp\/v2\/media?parent=39303"}],"wp:term":[{"taxonomy":"category","embeddable":true,"href":"https:\/\/dana.com.br\/canaldana\/wp-json\/wp\/v2\/categories?post=39303"},{"taxonomy":"post_tag","embeddable":true,"href":"https:\/\/dana.com.br\/canaldana\/wp-json\/wp\/v2\/tags?post=39303"}],"curies":[{"name":"wp","href":"https:\/\/api.w.org\/{rel}","templated":true}]}}