{"id":39301,"date":"2019-12-11T08:02:58","date_gmt":"2019-12-11T11:02:58","guid":{"rendered":"https:\/\/dana.com.br\/canaldana\/?p=39301"},"modified":"2019-12-11T08:02:58","modified_gmt":"2019-12-11T11:02:58","slug":"indice-abcr-tem-queda-de-06-em-novembro","status":"publish","type":"post","link":"https:\/\/dana.com.br\/canaldana\/2019\/12\/11\/indice-abcr-tem-queda-de-06-em-novembro\/","title":{"rendered":"\u00cdndice ABCR tem queda de 0,6% em novembro"},"content":{"rendered":"<p><em>Frota &amp; Cia <\/em><\/p>\n<p>&nbsp;<\/p>\n<p>No m\u00eas de novembro, o \u00edndice ABCR registrou queda de 0,6% no comparativo com outubro, considerando os dados dessazonalizados. O levantamento mede o fluxo pedagiado de ve\u00edculos nas estradas e \u00e9 constru\u00eddo pela Associa\u00e7\u00e3o Brasileira de Concession\u00e1rias de Rodovias \u2013 ABCR juntamente com a Tend\u00eancias Consultoria Integrada.<\/p>\n<p>&nbsp;<\/p>\n<p>Entre os ve\u00edculos leves, o \u00edndice de fluxo pedagiado apresentou queda de 0,1%. Por sua vez, o de pesados caiu 0,6%. \u201cO \u00edndice ABCR e suas aberturas por tipos de ve\u00edculos apresentaram leves perdas em novembro\u201d comenta Thiago Xavier, analista da Tend\u00eancias Consultoria. \u201cO resultado, contudo, deve ser observado com cautela, pois n\u00e3o representa uma piora do cen\u00e1rio de fluxo de ve\u00edculos, mas sugere certa acomoda\u00e7\u00e3o dos ganhos, ap\u00f3s uma sequ\u00eancia predominantemente positiva nos \u00faltimos seis meses, incluindo o significativo crescimento de outubro\u201d, explica ele.<\/p>\n<p>&nbsp;<\/p>\n<p>Al\u00e9m disso, o analista aponta para outro fator consider\u00e1vel para a queda. \u201cAdicionalmente, do ponto de vista dos custos, vale ressaltar o comportamento dos combust\u00edveis. Ap\u00f3s um per\u00edodo relativamente favor\u00e1vel, a Petrobr\u00e1s anunciou eleva\u00e7\u00e3o nos pre\u00e7os da gasolina e diesel. Os novos valores come\u00e7aram a valer a partir da metade de novembro e devem gerar efeitos tamb\u00e9m em dezembro\u201d, diz Xavier.<\/p>\n<p>&nbsp;<\/p>\n<p>Entretanto, na compara\u00e7\u00e3o com o ano de 2018 o \u00edndice total cresceu 3,2%. O fluxo pedagiado de ve\u00edculos leves registrou alta de 3,3%, enquanto o fluxo de pesados cresceu 2,6%. Dessa forma, no acumulado do ano, houve expans\u00e3o de 3,9% do \u00edndice total, din\u00e2mica que reflete o crescimento totalizado tanto por leves como pesados, os quais acumulam ganhos de 3,7% e 4,3%, respectivamente. \u201cVale notar que as m\u00e9tricas de compara\u00e7\u00e3o mais longas \u2013 compara\u00e7\u00e3o anual e no acumulado 12 meses -, o quadro \u00e9 de continuidade da trajet\u00f3ria de crescimento mais robusto do que o apresentado no in\u00edcio do ano, em linha com os sinais maior crescimento da economia\u201d, examina o analista. (Frota &amp; Cia\/Andr\u00e9 Garcia)<\/p>\n","protected":false},"excerpt":{"rendered":"<p>Frota &amp; Cia &nbsp; No m\u00eas de novembro, o \u00edndice ABCR registrou queda de 0,6% no comparativo com outubro, considerando os dados dessazonalizados. O levantamento mede o fluxo pedagiado de ve\u00edculos nas estradas e \u00e9 constru\u00eddo pela Associa\u00e7\u00e3o Brasileira de Concession\u00e1rias de Rodovias \u2013 ABCR juntamente com a Tend\u00eancias Consultoria Integrada. &nbsp; Entre os ve\u00edculos\u2026 <a class=\"readmore\" href=\"https:\/\/dana.com.br\/canaldana\/2019\/12\/11\/indice-abcr-tem-queda-de-06-em-novembro\/\">Leia mais \u00bb<\/a><\/p>\n","protected":false},"author":3,"featured_media":0,"comment_status":"closed","ping_status":"closed","sticky":false,"template":"","format":"standard","meta":{"_acf_changed":false,"footnotes":""},"categories":[79],"tags":[],"class_list":["post-39301","post","type-post","status-publish","format-standard","hentry","category-mercado"],"acf":[],"yoast_head":"<!-- This site is optimized with the Yoast SEO plugin v27.5 - https:\/\/yoast.com\/product\/yoast-seo-wordpress\/ -->\n<title>\u00cdndice ABCR tem queda de 0,6% em novembro - Canal Dana<\/title>\n<meta name=\"robots\" content=\"index, follow, max-snippet:-1, max-image-preview:large, max-video-preview:-1\" \/>\n<link rel=\"canonical\" href=\"https:\/\/dana.com.br\/canaldana\/2019\/12\/11\/indice-abcr-tem-queda-de-06-em-novembro\/\" \/>\n<meta property=\"og:locale\" content=\"pt_BR\" \/>\n<meta property=\"og:type\" content=\"article\" \/>\n<meta property=\"og:title\" content=\"\u00cdndice ABCR tem queda de 0,6% em novembro - Canal Dana\" \/>\n<meta property=\"og:description\" content=\"Frota &amp; Cia &nbsp; No m\u00eas de novembro, o \u00edndice ABCR registrou queda de 0,6% no comparativo com outubro, considerando os dados dessazonalizados. O levantamento mede o fluxo pedagiado de ve\u00edculos nas estradas e \u00e9 constru\u00eddo pela Associa\u00e7\u00e3o Brasileira de Concession\u00e1rias de Rodovias \u2013 ABCR juntamente com a Tend\u00eancias Consultoria Integrada. &nbsp; Entre os ve\u00edculos\u2026 Leia mais \u00bb\" \/>\n<meta property=\"og:url\" content=\"https:\/\/dana.com.br\/canaldana\/2019\/12\/11\/indice-abcr-tem-queda-de-06-em-novembro\/\" \/>\n<meta property=\"og:site_name\" content=\"Canal Dana\" \/>\n<meta property=\"article:published_time\" content=\"2019-12-11T11:02:58+00:00\" \/>\n<meta name=\"author\" content=\"Canal Dana\" \/>\n<meta name=\"twitter:card\" content=\"summary_large_image\" \/>\n<meta name=\"twitter:label1\" content=\"Escrito por\" \/>\n\t<meta name=\"twitter:data1\" content=\"Canal Dana\" \/>\n\t<meta name=\"twitter:label2\" content=\"Est. tempo de leitura\" \/>\n\t<meta name=\"twitter:data2\" content=\"2 minutos\" \/>\n<script type=\"application\/ld+json\" class=\"yoast-schema-graph\">{\"@context\":\"https:\\\/\\\/schema.org\",\"@graph\":[{\"@type\":\"Article\",\"@id\":\"https:\\\/\\\/dana.com.br\\\/canaldana\\\/2019\\\/12\\\/11\\\/indice-abcr-tem-queda-de-06-em-novembro\\\/#article\",\"isPartOf\":{\"@id\":\"https:\\\/\\\/dana.com.br\\\/canaldana\\\/2019\\\/12\\\/11\\\/indice-abcr-tem-queda-de-06-em-novembro\\\/\"},\"author\":{\"name\":\"Canal Dana\",\"@id\":\"https:\\\/\\\/dana.com.br\\\/canaldana\\\/#\\\/schema\\\/person\\\/3c21f22f56fcf3bc46b94bc60ea4fef6\"},\"headline\":\"\u00cdndice ABCR tem queda de 0,6% em novembro\",\"datePublished\":\"2019-12-11T11:02:58+00:00\",\"mainEntityOfPage\":{\"@id\":\"https:\\\/\\\/dana.com.br\\\/canaldana\\\/2019\\\/12\\\/11\\\/indice-abcr-tem-queda-de-06-em-novembro\\\/\"},\"wordCount\":344,\"articleSection\":[\"Mercado\"],\"inLanguage\":\"pt-BR\"},{\"@type\":\"WebPage\",\"@id\":\"https:\\\/\\\/dana.com.br\\\/canaldana\\\/2019\\\/12\\\/11\\\/indice-abcr-tem-queda-de-06-em-novembro\\\/\",\"url\":\"https:\\\/\\\/dana.com.br\\\/canaldana\\\/2019\\\/12\\\/11\\\/indice-abcr-tem-queda-de-06-em-novembro\\\/\",\"name\":\"\u00cdndice ABCR tem queda de 0,6% em novembro - Canal Dana\",\"isPartOf\":{\"@id\":\"https:\\\/\\\/dana.com.br\\\/canaldana\\\/#website\"},\"datePublished\":\"2019-12-11T11:02:58+00:00\",\"author\":{\"@id\":\"https:\\\/\\\/dana.com.br\\\/canaldana\\\/#\\\/schema\\\/person\\\/3c21f22f56fcf3bc46b94bc60ea4fef6\"},\"breadcrumb\":{\"@id\":\"https:\\\/\\\/dana.com.br\\\/canaldana\\\/2019\\\/12\\\/11\\\/indice-abcr-tem-queda-de-06-em-novembro\\\/#breadcrumb\"},\"inLanguage\":\"pt-BR\",\"potentialAction\":[{\"@type\":\"ReadAction\",\"target\":[\"https:\\\/\\\/dana.com.br\\\/canaldana\\\/2019\\\/12\\\/11\\\/indice-abcr-tem-queda-de-06-em-novembro\\\/\"]}]},{\"@type\":\"BreadcrumbList\",\"@id\":\"https:\\\/\\\/dana.com.br\\\/canaldana\\\/2019\\\/12\\\/11\\\/indice-abcr-tem-queda-de-06-em-novembro\\\/#breadcrumb\",\"itemListElement\":[{\"@type\":\"ListItem\",\"position\":1,\"name\":\"Home\",\"item\":\"https:\\\/\\\/dana.com.br\\\/canaldana\\\/\"},{\"@type\":\"ListItem\",\"position\":2,\"name\":\"Mercado\",\"item\":\"https:\\\/\\\/dana.com.br\\\/canaldana\\\/mercado\\\/\"},{\"@type\":\"ListItem\",\"position\":3,\"name\":\"\u00cdndice ABCR tem queda de 0,6% em novembro\"}]},{\"@type\":\"WebSite\",\"@id\":\"https:\\\/\\\/dana.com.br\\\/canaldana\\\/#website\",\"url\":\"https:\\\/\\\/dana.com.br\\\/canaldana\\\/\",\"name\":\"Canal Dana\",\"description\":\"Informativo com as principais not\u00edcias da ind\u00fastria automotiva\",\"potentialAction\":[{\"@type\":\"SearchAction\",\"target\":{\"@type\":\"EntryPoint\",\"urlTemplate\":\"https:\\\/\\\/dana.com.br\\\/canaldana\\\/?s={search_term_string}\"},\"query-input\":{\"@type\":\"PropertyValueSpecification\",\"valueRequired\":true,\"valueName\":\"search_term_string\"}}],\"inLanguage\":\"pt-BR\"},{\"@type\":\"Person\",\"@id\":\"https:\\\/\\\/dana.com.br\\\/canaldana\\\/#\\\/schema\\\/person\\\/3c21f22f56fcf3bc46b94bc60ea4fef6\",\"name\":\"Canal Dana\",\"image\":{\"@type\":\"ImageObject\",\"inLanguage\":\"pt-BR\",\"@id\":\"https:\\\/\\\/secure.gravatar.com\\\/avatar\\\/420aaf9278582877d9018637c6817617705899d2858d7572ef0fe59a6b6454b4?s=96&d=mm&r=g\",\"url\":\"https:\\\/\\\/secure.gravatar.com\\\/avatar\\\/420aaf9278582877d9018637c6817617705899d2858d7572ef0fe59a6b6454b4?s=96&d=mm&r=g\",\"contentUrl\":\"https:\\\/\\\/secure.gravatar.com\\\/avatar\\\/420aaf9278582877d9018637c6817617705899d2858d7572ef0fe59a6b6454b4?s=96&d=mm&r=g\",\"caption\":\"Canal Dana\"},\"url\":\"https:\\\/\\\/dana.com.br\\\/canaldana\\\/author\\\/cdeditor\\\/\"}]}<\/script>\n<!-- \/ Yoast SEO plugin. -->","yoast_head_json":{"title":"\u00cdndice ABCR tem queda de 0,6% em novembro - Canal Dana","robots":{"index":"index","follow":"follow","max-snippet":"max-snippet:-1","max-image-preview":"max-image-preview:large","max-video-preview":"max-video-preview:-1"},"canonical":"https:\/\/dana.com.br\/canaldana\/2019\/12\/11\/indice-abcr-tem-queda-de-06-em-novembro\/","og_locale":"pt_BR","og_type":"article","og_title":"\u00cdndice ABCR tem queda de 0,6% em novembro - Canal Dana","og_description":"Frota &amp; Cia &nbsp; No m\u00eas de novembro, o \u00edndice ABCR registrou queda de 0,6% no comparativo com outubro, considerando os dados dessazonalizados. O levantamento mede o fluxo pedagiado de ve\u00edculos nas estradas e \u00e9 constru\u00eddo pela Associa\u00e7\u00e3o Brasileira de Concession\u00e1rias de Rodovias \u2013 ABCR juntamente com a Tend\u00eancias Consultoria Integrada. &nbsp; Entre os ve\u00edculos\u2026 Leia mais \u00bb","og_url":"https:\/\/dana.com.br\/canaldana\/2019\/12\/11\/indice-abcr-tem-queda-de-06-em-novembro\/","og_site_name":"Canal Dana","article_published_time":"2019-12-11T11:02:58+00:00","author":"Canal Dana","twitter_card":"summary_large_image","twitter_misc":{"Escrito por":"Canal Dana","Est. tempo de leitura":"2 minutos"},"schema":{"@context":"https:\/\/schema.org","@graph":[{"@type":"Article","@id":"https:\/\/dana.com.br\/canaldana\/2019\/12\/11\/indice-abcr-tem-queda-de-06-em-novembro\/#article","isPartOf":{"@id":"https:\/\/dana.com.br\/canaldana\/2019\/12\/11\/indice-abcr-tem-queda-de-06-em-novembro\/"},"author":{"name":"Canal Dana","@id":"https:\/\/dana.com.br\/canaldana\/#\/schema\/person\/3c21f22f56fcf3bc46b94bc60ea4fef6"},"headline":"\u00cdndice ABCR tem queda de 0,6% em novembro","datePublished":"2019-12-11T11:02:58+00:00","mainEntityOfPage":{"@id":"https:\/\/dana.com.br\/canaldana\/2019\/12\/11\/indice-abcr-tem-queda-de-06-em-novembro\/"},"wordCount":344,"articleSection":["Mercado"],"inLanguage":"pt-BR"},{"@type":"WebPage","@id":"https:\/\/dana.com.br\/canaldana\/2019\/12\/11\/indice-abcr-tem-queda-de-06-em-novembro\/","url":"https:\/\/dana.com.br\/canaldana\/2019\/12\/11\/indice-abcr-tem-queda-de-06-em-novembro\/","name":"\u00cdndice ABCR tem queda de 0,6% em novembro - Canal Dana","isPartOf":{"@id":"https:\/\/dana.com.br\/canaldana\/#website"},"datePublished":"2019-12-11T11:02:58+00:00","author":{"@id":"https:\/\/dana.com.br\/canaldana\/#\/schema\/person\/3c21f22f56fcf3bc46b94bc60ea4fef6"},"breadcrumb":{"@id":"https:\/\/dana.com.br\/canaldana\/2019\/12\/11\/indice-abcr-tem-queda-de-06-em-novembro\/#breadcrumb"},"inLanguage":"pt-BR","potentialAction":[{"@type":"ReadAction","target":["https:\/\/dana.com.br\/canaldana\/2019\/12\/11\/indice-abcr-tem-queda-de-06-em-novembro\/"]}]},{"@type":"BreadcrumbList","@id":"https:\/\/dana.com.br\/canaldana\/2019\/12\/11\/indice-abcr-tem-queda-de-06-em-novembro\/#breadcrumb","itemListElement":[{"@type":"ListItem","position":1,"name":"Home","item":"https:\/\/dana.com.br\/canaldana\/"},{"@type":"ListItem","position":2,"name":"Mercado","item":"https:\/\/dana.com.br\/canaldana\/mercado\/"},{"@type":"ListItem","position":3,"name":"\u00cdndice ABCR tem queda de 0,6% em novembro"}]},{"@type":"WebSite","@id":"https:\/\/dana.com.br\/canaldana\/#website","url":"https:\/\/dana.com.br\/canaldana\/","name":"Canal Dana","description":"Informativo com as principais not\u00edcias da ind\u00fastria automotiva","potentialAction":[{"@type":"SearchAction","target":{"@type":"EntryPoint","urlTemplate":"https:\/\/dana.com.br\/canaldana\/?s={search_term_string}"},"query-input":{"@type":"PropertyValueSpecification","valueRequired":true,"valueName":"search_term_string"}}],"inLanguage":"pt-BR"},{"@type":"Person","@id":"https:\/\/dana.com.br\/canaldana\/#\/schema\/person\/3c21f22f56fcf3bc46b94bc60ea4fef6","name":"Canal Dana","image":{"@type":"ImageObject","inLanguage":"pt-BR","@id":"https:\/\/secure.gravatar.com\/avatar\/420aaf9278582877d9018637c6817617705899d2858d7572ef0fe59a6b6454b4?s=96&d=mm&r=g","url":"https:\/\/secure.gravatar.com\/avatar\/420aaf9278582877d9018637c6817617705899d2858d7572ef0fe59a6b6454b4?s=96&d=mm&r=g","contentUrl":"https:\/\/secure.gravatar.com\/avatar\/420aaf9278582877d9018637c6817617705899d2858d7572ef0fe59a6b6454b4?s=96&d=mm&r=g","caption":"Canal Dana"},"url":"https:\/\/dana.com.br\/canaldana\/author\/cdeditor\/"}]}},"_links":{"self":[{"href":"https:\/\/dana.com.br\/canaldana\/wp-json\/wp\/v2\/posts\/39301","targetHints":{"allow":["GET"]}}],"collection":[{"href":"https:\/\/dana.com.br\/canaldana\/wp-json\/wp\/v2\/posts"}],"about":[{"href":"https:\/\/dana.com.br\/canaldana\/wp-json\/wp\/v2\/types\/post"}],"author":[{"embeddable":true,"href":"https:\/\/dana.com.br\/canaldana\/wp-json\/wp\/v2\/users\/3"}],"replies":[{"embeddable":true,"href":"https:\/\/dana.com.br\/canaldana\/wp-json\/wp\/v2\/comments?post=39301"}],"version-history":[{"count":0,"href":"https:\/\/dana.com.br\/canaldana\/wp-json\/wp\/v2\/posts\/39301\/revisions"}],"wp:attachment":[{"href":"https:\/\/dana.com.br\/canaldana\/wp-json\/wp\/v2\/media?parent=39301"}],"wp:term":[{"taxonomy":"category","embeddable":true,"href":"https:\/\/dana.com.br\/canaldana\/wp-json\/wp\/v2\/categories?post=39301"},{"taxonomy":"post_tag","embeddable":true,"href":"https:\/\/dana.com.br\/canaldana\/wp-json\/wp\/v2\/tags?post=39301"}],"curies":[{"name":"wp","href":"https:\/\/api.w.org\/{rel}","templated":true}]}}