{"id":39277,"date":"2019-12-11T07:57:02","date_gmt":"2019-12-11T10:57:02","guid":{"rendered":"https:\/\/dana.com.br\/canaldana\/?p=39277"},"modified":"2019-12-11T07:57:02","modified_gmt":"2019-12-11T10:57:02","slug":"a-necessaria-distensao","status":"publish","type":"post","link":"https:\/\/dana.com.br\/canaldana\/2019\/12\/11\/a-necessaria-distensao\/","title":{"rendered":"A necess\u00e1ria distens\u00e3o"},"content":{"rendered":"<p><em>O Estado de S. Paulo\/Notas &amp; Informa\u00e7\u00f5es<\/em><\/p>\n<p>&nbsp;<\/p>\n<p>A decis\u00e3o do presidente Jair Bolsonaro de enviar o vice-presidente Hamilton Mour\u00e3o para representar o Brasil na posse do presidente da Argentina, Alberto Fern\u00e1ndez, realizada ontem, pode contribuir para distender a rela\u00e7\u00e3o entre os dois pa\u00edses, afetada por diverg\u00eancias ideol\u00f3gicas profundas entre os dois chefes de Estado.<\/p>\n<p>&nbsp;<\/p>\n<p>N\u00e3o se deve esperar, \u00e9 claro, que essas diverg\u00eancias sejam de todo superadas, pois derivam de vis\u00f5es de mundo completamente antag\u00f4nicas, mas h\u00e1 sinais de que, em nome de d\u00e9cadas de boa conviv\u00eancia e de uma s\u00f3lida rela\u00e7\u00e3o comercial, os governos da Argentina e do Brasil decidiram, afinal, optar pelo pragmatismo, e n\u00e3o pelo confronto.<\/p>\n<p>&nbsp;<\/p>\n<p>N\u00e3o parece ter sido uma decis\u00e3o f\u00e1cil para o presidente Bolsonaro, que at\u00e9 o \u00faltimo minuto parecia firme em sua disposi\u00e7\u00e3o de n\u00e3o enviar ningu\u00e9m do primeiro escal\u00e3o para a posse de Alberto Fern\u00e1ndez. Na v\u00e9spera, Bolsonaro informou que ainda estava analisando a \u201clista de convidados\u201d do novo presidente argentino para avaliar se mandaria algu\u00e9m.<\/p>\n<p>&nbsp;<\/p>\n<p>A preocupa\u00e7\u00e3o do presidente brasileiro era com a presen\u00e7a de l\u00edderes esquerdistas com os quais n\u00e3o queria nenhum tipo de contato, a come\u00e7ar pelo presidente de Cuba, Miguel D\u00edaz-Canel. A tal lista de convidados que Bolsonaro avaliou inclu\u00eda o ditador da Venezuela, Nicol\u00e1s Maduro, e os ex-presidentes Lula da Silva e Dilma Rousseff, al\u00e9m dos ex-presidentes Rafael Correa, do Equador; Jos\u00e9 Pepe Mujica, do Uruguai; Fernando Lugo, do Paraguai; e Evo Morales, da Bol\u00edvia. Lula, Dilma, Evo e Maduro n\u00e3o foram, mas era realmente dif\u00edcil imaginar o presidente Bolsonaro \u00e0 vontade mesmo entre os demais pr\u00f3ceres da esquerda latino-americana que prestigiaram a posse.<\/p>\n<p>&nbsp;<\/p>\n<p>Problema maior, contudo, era ter de cruzar olhares ou sair na foto com a vice-presidente eleita, Cristina Kirchner. Durante a campanha eleitoral argentina, Bolsonaro qualificou Fern\u00e1ndez e Cristina de \u201cbandidos de esquerda\u201d e disse que, se \u201ca esquerdalha\u201d vencesse, \u201co povo (argentino) saca, em massa, seu dinheiro dos bancos\u201d, entre outros efeitos catastr\u00f3ficos.<\/p>\n<p>&nbsp;<\/p>\n<p>Do lado argentino, o comportamento na campanha n\u00e3o foi muito melhor. O agora presidente Fern\u00e1ndez reagiu \u00e0s provoca\u00e7\u00f5es de Bolsonaro chamando o presidente brasileiro de \u201cracista, mis\u00f3gino e violento\u201d. Al\u00e9m disso, fez campanha pela liberta\u00e7\u00e3o de Lula da Silva, qualificando o petista como \u201cpreso pol\u00edtico\u201d \u2013 uma afronta \u00e0 Justi\u00e7a brasileira. N\u00e3o era um bom pren\u00fancio para as rela\u00e7\u00f5es entre os dois pa\u00edses.<\/p>\n<p>&nbsp;<\/p>\n<p>Contudo, os \u00e2nimos parecem ter arrefecido. H\u00e1 alguns dias, Fern\u00e1ndez aproveitou uma visita do presidente da C\u00e2mara, Rodrigo Maia, para enviar a Bolsonaro uma mensagem de \u201crespeito\u201d pelo Brasil. Do lado brasileiro, houve press\u00e3o, dentro do governo e tamb\u00e9m do Congresso, para que Bolsonaro recuasse de sua determina\u00e7\u00e3o de boicotar a posse. Funcionou. \u201cAchamos melhor, para n\u00e3o dar a entender que estamos fechando portas\u201d, explicou Bolsonaro sobre a decis\u00e3o de enviar o vice-presidente Mour\u00e3o. \u201cO que interessa para n\u00f3s interessa para eles\u201d, completou o presidente, referindo-se \u00e0 rela\u00e7\u00e3o entre os dois pa\u00edses.<\/p>\n<p>&nbsp;<\/p>\n<p>Houve al\u00edvio imediato entre os empres\u00e1rios brasileiros. Embora admita que \u201cn\u00e3o ficou uma mensagem positiva\u201d de todo o entrevero entre Bolsonaro e Fern\u00e1ndez, o vice-presidente da Fiesp, Jos\u00e9 Ricardo Roriz, disse que \u201cprevaleceu o bom senso\u201d, pois \u201ca Argentina \u00e9 o pa\u00eds que historicamente mais compra manufaturados do Brasil e \u00e9 importante manter uma boa rela\u00e7\u00e3o, independentemente da posi\u00e7\u00e3o ideol\u00f3gica do presidente\u201d.<\/p>\n<p>&nbsp;<\/p>\n<p>Do lado argentino, o novo presidente disse, em seu discurso de posse, que \u201ccom o Brasil, em particular, temos que construir uma agenda ambiciosa, inovadora e criativa, nas \u00e1reas tecnol\u00f3gica, produtiva e estrat\u00e9gica, apoiada pela irmandade hist\u00f3rica de nossos povos e que v\u00e1 al\u00e9m de qualquer diferen\u00e7a pessoal daqueles que governam\u201d.<\/p>\n<p>&nbsp;<\/p>\n<p>Se o Brasil n\u00e3o pode colocar em risco a rela\u00e7\u00e3o com um parceiro comercial t\u00e3o estrat\u00e9gico como a Argentina, os argentinos, por sua vez, n\u00e3o podem nem sequer cogitar de brigar com o Brasil no momento em que o novo governo assume j\u00e1 avisando que \u201ctem vontade de pagar (a d\u00edvida externa), mas n\u00e3o tem capacidade para faz\u00ea-lo\u201d. (O Estado de S. Paulo\/Notas &amp; Informa\u00e7\u00f5es)<\/p>\n","protected":false},"excerpt":{"rendered":"<p>O Estado de S. Paulo\/Notas &amp; Informa\u00e7\u00f5es &nbsp; A decis\u00e3o do presidente Jair Bolsonaro de enviar o vice-presidente Hamilton Mour\u00e3o para representar o Brasil na posse do presidente da Argentina, Alberto Fern\u00e1ndez, realizada ontem, pode contribuir para distender a rela\u00e7\u00e3o entre os dois pa\u00edses, afetada por diverg\u00eancias ideol\u00f3gicas profundas entre os dois chefes de Estado.\u2026 <a class=\"readmore\" href=\"https:\/\/dana.com.br\/canaldana\/2019\/12\/11\/a-necessaria-distensao\/\">Leia mais \u00bb<\/a><\/p>\n","protected":false},"author":3,"featured_media":0,"comment_status":"closed","ping_status":"closed","sticky":false,"template":"","format":"standard","meta":{"_acf_changed":false,"footnotes":""},"categories":[100],"tags":[],"class_list":["post-39277","post","type-post","status-publish","format-standard","hentry","category-artigo"],"acf":[],"yoast_head":"<!-- This site is optimized with the Yoast SEO plugin v27.5 - https:\/\/yoast.com\/product\/yoast-seo-wordpress\/ -->\n<title>A necess\u00e1ria distens\u00e3o - Canal Dana<\/title>\n<meta name=\"robots\" content=\"index, follow, max-snippet:-1, max-image-preview:large, max-video-preview:-1\" \/>\n<link rel=\"canonical\" href=\"https:\/\/dana.com.br\/canaldana\/2019\/12\/11\/a-necessaria-distensao\/\" \/>\n<meta property=\"og:locale\" content=\"pt_BR\" \/>\n<meta property=\"og:type\" content=\"article\" \/>\n<meta property=\"og:title\" content=\"A necess\u00e1ria distens\u00e3o - Canal Dana\" \/>\n<meta property=\"og:description\" content=\"O Estado de S. Paulo\/Notas &amp; Informa\u00e7\u00f5es &nbsp; A decis\u00e3o do presidente Jair Bolsonaro de enviar o vice-presidente Hamilton Mour\u00e3o para representar o Brasil na posse do presidente da Argentina, Alberto Fern\u00e1ndez, realizada ontem, pode contribuir para distender a rela\u00e7\u00e3o entre os dois pa\u00edses, afetada por diverg\u00eancias ideol\u00f3gicas profundas entre os dois chefes de Estado.\u2026 Leia mais \u00bb\" \/>\n<meta property=\"og:url\" content=\"https:\/\/dana.com.br\/canaldana\/2019\/12\/11\/a-necessaria-distensao\/\" \/>\n<meta property=\"og:site_name\" content=\"Canal Dana\" \/>\n<meta property=\"article:published_time\" content=\"2019-12-11T10:57:02+00:00\" \/>\n<meta name=\"author\" content=\"Canal Dana\" \/>\n<meta name=\"twitter:card\" content=\"summary_large_image\" \/>\n<meta name=\"twitter:label1\" content=\"Escrito por\" \/>\n\t<meta name=\"twitter:data1\" content=\"Canal Dana\" \/>\n\t<meta name=\"twitter:label2\" content=\"Est. tempo de leitura\" \/>\n\t<meta name=\"twitter:data2\" content=\"4 minutos\" \/>\n<script type=\"application\/ld+json\" class=\"yoast-schema-graph\">{\"@context\":\"https:\\\/\\\/schema.org\",\"@graph\":[{\"@type\":\"Article\",\"@id\":\"https:\\\/\\\/dana.com.br\\\/canaldana\\\/2019\\\/12\\\/11\\\/a-necessaria-distensao\\\/#article\",\"isPartOf\":{\"@id\":\"https:\\\/\\\/dana.com.br\\\/canaldana\\\/2019\\\/12\\\/11\\\/a-necessaria-distensao\\\/\"},\"author\":{\"name\":\"Canal Dana\",\"@id\":\"https:\\\/\\\/dana.com.br\\\/canaldana\\\/#\\\/schema\\\/person\\\/3c21f22f56fcf3bc46b94bc60ea4fef6\"},\"headline\":\"A necess\u00e1ria distens\u00e3o\",\"datePublished\":\"2019-12-11T10:57:02+00:00\",\"mainEntityOfPage\":{\"@id\":\"https:\\\/\\\/dana.com.br\\\/canaldana\\\/2019\\\/12\\\/11\\\/a-necessaria-distensao\\\/\"},\"wordCount\":750,\"articleSection\":[\"Artigo\"],\"inLanguage\":\"pt-BR\"},{\"@type\":\"WebPage\",\"@id\":\"https:\\\/\\\/dana.com.br\\\/canaldana\\\/2019\\\/12\\\/11\\\/a-necessaria-distensao\\\/\",\"url\":\"https:\\\/\\\/dana.com.br\\\/canaldana\\\/2019\\\/12\\\/11\\\/a-necessaria-distensao\\\/\",\"name\":\"A necess\u00e1ria distens\u00e3o - Canal Dana\",\"isPartOf\":{\"@id\":\"https:\\\/\\\/dana.com.br\\\/canaldana\\\/#website\"},\"datePublished\":\"2019-12-11T10:57:02+00:00\",\"author\":{\"@id\":\"https:\\\/\\\/dana.com.br\\\/canaldana\\\/#\\\/schema\\\/person\\\/3c21f22f56fcf3bc46b94bc60ea4fef6\"},\"breadcrumb\":{\"@id\":\"https:\\\/\\\/dana.com.br\\\/canaldana\\\/2019\\\/12\\\/11\\\/a-necessaria-distensao\\\/#breadcrumb\"},\"inLanguage\":\"pt-BR\",\"potentialAction\":[{\"@type\":\"ReadAction\",\"target\":[\"https:\\\/\\\/dana.com.br\\\/canaldana\\\/2019\\\/12\\\/11\\\/a-necessaria-distensao\\\/\"]}]},{\"@type\":\"BreadcrumbList\",\"@id\":\"https:\\\/\\\/dana.com.br\\\/canaldana\\\/2019\\\/12\\\/11\\\/a-necessaria-distensao\\\/#breadcrumb\",\"itemListElement\":[{\"@type\":\"ListItem\",\"position\":1,\"name\":\"Home\",\"item\":\"https:\\\/\\\/dana.com.br\\\/canaldana\\\/\"},{\"@type\":\"ListItem\",\"position\":2,\"name\":\"Artigo\",\"item\":\"https:\\\/\\\/dana.com.br\\\/canaldana\\\/artigo\\\/\"},{\"@type\":\"ListItem\",\"position\":3,\"name\":\"A necess\u00e1ria distens\u00e3o\"}]},{\"@type\":\"WebSite\",\"@id\":\"https:\\\/\\\/dana.com.br\\\/canaldana\\\/#website\",\"url\":\"https:\\\/\\\/dana.com.br\\\/canaldana\\\/\",\"name\":\"Canal Dana\",\"description\":\"Informativo com as principais not\u00edcias da ind\u00fastria automotiva\",\"potentialAction\":[{\"@type\":\"SearchAction\",\"target\":{\"@type\":\"EntryPoint\",\"urlTemplate\":\"https:\\\/\\\/dana.com.br\\\/canaldana\\\/?s={search_term_string}\"},\"query-input\":{\"@type\":\"PropertyValueSpecification\",\"valueRequired\":true,\"valueName\":\"search_term_string\"}}],\"inLanguage\":\"pt-BR\"},{\"@type\":\"Person\",\"@id\":\"https:\\\/\\\/dana.com.br\\\/canaldana\\\/#\\\/schema\\\/person\\\/3c21f22f56fcf3bc46b94bc60ea4fef6\",\"name\":\"Canal Dana\",\"image\":{\"@type\":\"ImageObject\",\"inLanguage\":\"pt-BR\",\"@id\":\"https:\\\/\\\/secure.gravatar.com\\\/avatar\\\/420aaf9278582877d9018637c6817617705899d2858d7572ef0fe59a6b6454b4?s=96&d=mm&r=g\",\"url\":\"https:\\\/\\\/secure.gravatar.com\\\/avatar\\\/420aaf9278582877d9018637c6817617705899d2858d7572ef0fe59a6b6454b4?s=96&d=mm&r=g\",\"contentUrl\":\"https:\\\/\\\/secure.gravatar.com\\\/avatar\\\/420aaf9278582877d9018637c6817617705899d2858d7572ef0fe59a6b6454b4?s=96&d=mm&r=g\",\"caption\":\"Canal Dana\"},\"url\":\"https:\\\/\\\/dana.com.br\\\/canaldana\\\/author\\\/cdeditor\\\/\"}]}<\/script>\n<!-- \/ Yoast SEO plugin. -->","yoast_head_json":{"title":"A necess\u00e1ria distens\u00e3o - Canal Dana","robots":{"index":"index","follow":"follow","max-snippet":"max-snippet:-1","max-image-preview":"max-image-preview:large","max-video-preview":"max-video-preview:-1"},"canonical":"https:\/\/dana.com.br\/canaldana\/2019\/12\/11\/a-necessaria-distensao\/","og_locale":"pt_BR","og_type":"article","og_title":"A necess\u00e1ria distens\u00e3o - Canal Dana","og_description":"O Estado de S. Paulo\/Notas &amp; Informa\u00e7\u00f5es &nbsp; A decis\u00e3o do presidente Jair Bolsonaro de enviar o vice-presidente Hamilton Mour\u00e3o para representar o Brasil na posse do presidente da Argentina, Alberto Fern\u00e1ndez, realizada ontem, pode contribuir para distender a rela\u00e7\u00e3o entre os dois pa\u00edses, afetada por diverg\u00eancias ideol\u00f3gicas profundas entre os dois chefes de Estado.\u2026 Leia mais \u00bb","og_url":"https:\/\/dana.com.br\/canaldana\/2019\/12\/11\/a-necessaria-distensao\/","og_site_name":"Canal Dana","article_published_time":"2019-12-11T10:57:02+00:00","author":"Canal Dana","twitter_card":"summary_large_image","twitter_misc":{"Escrito por":"Canal Dana","Est. tempo de leitura":"4 minutos"},"schema":{"@context":"https:\/\/schema.org","@graph":[{"@type":"Article","@id":"https:\/\/dana.com.br\/canaldana\/2019\/12\/11\/a-necessaria-distensao\/#article","isPartOf":{"@id":"https:\/\/dana.com.br\/canaldana\/2019\/12\/11\/a-necessaria-distensao\/"},"author":{"name":"Canal Dana","@id":"https:\/\/dana.com.br\/canaldana\/#\/schema\/person\/3c21f22f56fcf3bc46b94bc60ea4fef6"},"headline":"A necess\u00e1ria distens\u00e3o","datePublished":"2019-12-11T10:57:02+00:00","mainEntityOfPage":{"@id":"https:\/\/dana.com.br\/canaldana\/2019\/12\/11\/a-necessaria-distensao\/"},"wordCount":750,"articleSection":["Artigo"],"inLanguage":"pt-BR"},{"@type":"WebPage","@id":"https:\/\/dana.com.br\/canaldana\/2019\/12\/11\/a-necessaria-distensao\/","url":"https:\/\/dana.com.br\/canaldana\/2019\/12\/11\/a-necessaria-distensao\/","name":"A necess\u00e1ria distens\u00e3o - Canal Dana","isPartOf":{"@id":"https:\/\/dana.com.br\/canaldana\/#website"},"datePublished":"2019-12-11T10:57:02+00:00","author":{"@id":"https:\/\/dana.com.br\/canaldana\/#\/schema\/person\/3c21f22f56fcf3bc46b94bc60ea4fef6"},"breadcrumb":{"@id":"https:\/\/dana.com.br\/canaldana\/2019\/12\/11\/a-necessaria-distensao\/#breadcrumb"},"inLanguage":"pt-BR","potentialAction":[{"@type":"ReadAction","target":["https:\/\/dana.com.br\/canaldana\/2019\/12\/11\/a-necessaria-distensao\/"]}]},{"@type":"BreadcrumbList","@id":"https:\/\/dana.com.br\/canaldana\/2019\/12\/11\/a-necessaria-distensao\/#breadcrumb","itemListElement":[{"@type":"ListItem","position":1,"name":"Home","item":"https:\/\/dana.com.br\/canaldana\/"},{"@type":"ListItem","position":2,"name":"Artigo","item":"https:\/\/dana.com.br\/canaldana\/artigo\/"},{"@type":"ListItem","position":3,"name":"A necess\u00e1ria distens\u00e3o"}]},{"@type":"WebSite","@id":"https:\/\/dana.com.br\/canaldana\/#website","url":"https:\/\/dana.com.br\/canaldana\/","name":"Canal Dana","description":"Informativo com as principais not\u00edcias da ind\u00fastria automotiva","potentialAction":[{"@type":"SearchAction","target":{"@type":"EntryPoint","urlTemplate":"https:\/\/dana.com.br\/canaldana\/?s={search_term_string}"},"query-input":{"@type":"PropertyValueSpecification","valueRequired":true,"valueName":"search_term_string"}}],"inLanguage":"pt-BR"},{"@type":"Person","@id":"https:\/\/dana.com.br\/canaldana\/#\/schema\/person\/3c21f22f56fcf3bc46b94bc60ea4fef6","name":"Canal Dana","image":{"@type":"ImageObject","inLanguage":"pt-BR","@id":"https:\/\/secure.gravatar.com\/avatar\/420aaf9278582877d9018637c6817617705899d2858d7572ef0fe59a6b6454b4?s=96&d=mm&r=g","url":"https:\/\/secure.gravatar.com\/avatar\/420aaf9278582877d9018637c6817617705899d2858d7572ef0fe59a6b6454b4?s=96&d=mm&r=g","contentUrl":"https:\/\/secure.gravatar.com\/avatar\/420aaf9278582877d9018637c6817617705899d2858d7572ef0fe59a6b6454b4?s=96&d=mm&r=g","caption":"Canal Dana"},"url":"https:\/\/dana.com.br\/canaldana\/author\/cdeditor\/"}]}},"_links":{"self":[{"href":"https:\/\/dana.com.br\/canaldana\/wp-json\/wp\/v2\/posts\/39277","targetHints":{"allow":["GET"]}}],"collection":[{"href":"https:\/\/dana.com.br\/canaldana\/wp-json\/wp\/v2\/posts"}],"about":[{"href":"https:\/\/dana.com.br\/canaldana\/wp-json\/wp\/v2\/types\/post"}],"author":[{"embeddable":true,"href":"https:\/\/dana.com.br\/canaldana\/wp-json\/wp\/v2\/users\/3"}],"replies":[{"embeddable":true,"href":"https:\/\/dana.com.br\/canaldana\/wp-json\/wp\/v2\/comments?post=39277"}],"version-history":[{"count":0,"href":"https:\/\/dana.com.br\/canaldana\/wp-json\/wp\/v2\/posts\/39277\/revisions"}],"wp:attachment":[{"href":"https:\/\/dana.com.br\/canaldana\/wp-json\/wp\/v2\/media?parent=39277"}],"wp:term":[{"taxonomy":"category","embeddable":true,"href":"https:\/\/dana.com.br\/canaldana\/wp-json\/wp\/v2\/categories?post=39277"},{"taxonomy":"post_tag","embeddable":true,"href":"https:\/\/dana.com.br\/canaldana\/wp-json\/wp\/v2\/tags?post=39277"}],"curies":[{"name":"wp","href":"https:\/\/api.w.org\/{rel}","templated":true}]}}