{"id":39275,"date":"2019-12-11T07:56:34","date_gmt":"2019-12-11T10:56:34","guid":{"rendered":"https:\/\/dana.com.br\/canaldana\/?p=39275"},"modified":"2019-12-11T07:56:34","modified_gmt":"2019-12-11T10:56:34","slug":"volkswagen-anuncia-recall-do-tiguan-e-cc","status":"publish","type":"post","link":"https:\/\/dana.com.br\/canaldana\/2019\/12\/11\/volkswagen-anuncia-recall-do-tiguan-e-cc\/","title":{"rendered":"Volkswagen anuncia recall do Tiguan e CC"},"content":{"rendered":"<p><em>AutoInd\u00fastria<\/em><\/p>\n<p>&nbsp;<\/p>\n<p>O Procon anunciou nesta ter\u00e7a-feira, 10, dois recalls no setor automotivo. Um \u00e9 da Volkswagen, envolvendo 323 unidades dos modelos Tiguan (ano\/modelo 2015 e 2016) e CC (ano\/modelo 2016) e outro \u00e9 da Porsche, relativo ao Panamera (ano\/modelo 2017 a 2020) e Cayenne (ano\/modelo 2018 a 2020).<\/p>\n<p>&nbsp;<\/p>\n<p>No caso da Volkswagen, a empresa informa ter verificado falha em um capacitor da unidade de comando do sistema de airbag que pode causar sua desativa\u00e7\u00e3o e, em casos raros, a sua deflagra\u00e7\u00e3o espont\u00e2nea ou dos pr\u00e9-tensionadores do cinto de seguran\u00e7a.<\/p>\n<p>&nbsp;<\/p>\n<p>\u201cA desativa\u00e7\u00e3o do sistema de airbag aumenta o risco de ferimentos em casos de acidentes no qual a deflagra\u00e7\u00e3o seja necess\u00e1ria. E a deflagra\u00e7\u00e3o espont\u00e2nea dos airbags ou dos pr\u00e9-tensionadores do cinto de seguran\u00e7a pode aumentar o risco de ferimentos ou causar acidentes com danos f\u00edsicos graves e materiais aos ocupantes do ve\u00edculo e terceiros\u201d, informa a montadora.<\/p>\n<p>&nbsp;<\/p>\n<p>A empresa alerta que, caso a luz de advert\u00eancia do sistema de airbag permane\u00e7a acesa no painel de instrumentos, o propriet\u00e1rio deve procurar uma concession\u00e1ria de imediato. O recall envolve chassis n\u00e3o sequenciais FW102783 at\u00e9 FW615309 do Tiguan e do GE503533 at\u00e9 GE508230 do CC. A data de in\u00edcio de atendimento nas concession\u00e1rias da<\/p>\n<p>&nbsp;<\/p>\n<p><strong>Porsche<\/strong><\/p>\n<p>&nbsp;<\/p>\n<p>O recall do Panamera abrange os chassis WPOAA29, WPOAB29, WPOAE29, WPOAF29, WPOAH29, WPOBE29, WPOCA29, WPOCE29, WPOCF29, WPOCH29 e WPOZZZ9, enquanto no caso do Cayenne s\u00e3o os chassis WP1AA29, WP1AB29 e WP1AF29<\/p>\n<p>&nbsp;<\/p>\n<p>A Porsche informa ter verificado a possibilidade de o consumidor desligar o indicador de desgaste das pastilhas de freio que aparece no painel da tela do menu dos subn\u00edveis do painel de instrumentos quando estiverem ativos os modos \u201cMapa\u201d e \u201cVis\u00e3o Noturna\u201d.<\/p>\n<p>&nbsp;<\/p>\n<p>Nessas configura\u00e7\u00f5es, n\u00e3o \u00e9 ativado nenhum aviso adicional de forma constante no painel de instrumentos. Se isso ocorrer, o consumidor pode prorrogar a troca das pastilhas de freio do ve\u00edculo e utilizar o ve\u00edculo com as pastilhas de freio gastas, o que, em certas condi\u00e7\u00f5es, pode aumentar os riscos de acidentes e acarretar colis\u00f5es com risco de les\u00e3o ou morte.<\/p>\n<p>&nbsp;<\/p>\n<p>A empresa informa que entrar\u00e1 em contato com os propriet\u00e1rios dos ve\u00edculos envolvidos para agendar o reparo: reprograma\u00e7\u00e3o do painel de instrumentos com software atualizado, para assegurar que a luz de aviso necess\u00e1ria seja ativada constantemente quando o limite de desgaste das pastilhas dos freios for atingido. Os propriet\u00e1rios tamb\u00e9m poder\u00e3o agendar o reparo junto a uma concession\u00e1ria da marca. A empresa disponibiliza o email <a href=\"mailto:infobrasil@porsche.com.br\">infobrasil@porsche.com.br<\/a>. (AutoInd\u00fastria)<\/p>\n","protected":false},"excerpt":{"rendered":"<p>AutoInd\u00fastria &nbsp; O Procon anunciou nesta ter\u00e7a-feira, 10, dois recalls no setor automotivo. Um \u00e9 da Volkswagen, envolvendo 323 unidades dos modelos Tiguan (ano\/modelo 2015 e 2016) e CC (ano\/modelo 2016) e outro \u00e9 da Porsche, relativo ao Panamera (ano\/modelo 2017 a 2020) e Cayenne (ano\/modelo 2018 a 2020). &nbsp; No caso da Volkswagen, a\u2026 <a class=\"readmore\" href=\"https:\/\/dana.com.br\/canaldana\/2019\/12\/11\/volkswagen-anuncia-recall-do-tiguan-e-cc\/\">Leia mais \u00bb<\/a><\/p>\n","protected":false},"author":3,"featured_media":0,"comment_status":"closed","ping_status":"closed","sticky":false,"template":"","format":"standard","meta":{"_acf_changed":false,"footnotes":""},"categories":[81],"tags":[],"class_list":["post-39275","post","type-post","status-publish","format-standard","hentry","category-recall"],"acf":[],"yoast_head":"<!-- This site is optimized with the Yoast SEO plugin v27.5 - https:\/\/yoast.com\/product\/yoast-seo-wordpress\/ -->\n<title>Volkswagen anuncia recall do Tiguan e CC - Canal Dana<\/title>\n<meta name=\"robots\" content=\"index, follow, max-snippet:-1, max-image-preview:large, max-video-preview:-1\" \/>\n<link rel=\"canonical\" href=\"https:\/\/dana.com.br\/canaldana\/2019\/12\/11\/volkswagen-anuncia-recall-do-tiguan-e-cc\/\" \/>\n<meta property=\"og:locale\" content=\"pt_BR\" \/>\n<meta property=\"og:type\" content=\"article\" \/>\n<meta property=\"og:title\" content=\"Volkswagen anuncia recall do Tiguan e CC - Canal Dana\" \/>\n<meta property=\"og:description\" content=\"AutoInd\u00fastria &nbsp; O Procon anunciou nesta ter\u00e7a-feira, 10, dois recalls no setor automotivo. Um \u00e9 da Volkswagen, envolvendo 323 unidades dos modelos Tiguan (ano\/modelo 2015 e 2016) e CC (ano\/modelo 2016) e outro \u00e9 da Porsche, relativo ao Panamera (ano\/modelo 2017 a 2020) e Cayenne (ano\/modelo 2018 a 2020). &nbsp; No caso da Volkswagen, a\u2026 Leia mais \u00bb\" \/>\n<meta property=\"og:url\" content=\"https:\/\/dana.com.br\/canaldana\/2019\/12\/11\/volkswagen-anuncia-recall-do-tiguan-e-cc\/\" \/>\n<meta property=\"og:site_name\" content=\"Canal Dana\" \/>\n<meta property=\"article:published_time\" content=\"2019-12-11T10:56:34+00:00\" \/>\n<meta name=\"author\" content=\"Canal Dana\" \/>\n<meta name=\"twitter:card\" content=\"summary_large_image\" \/>\n<meta name=\"twitter:label1\" content=\"Escrito por\" \/>\n\t<meta name=\"twitter:data1\" content=\"Canal Dana\" \/>\n\t<meta name=\"twitter:label2\" content=\"Est. tempo de leitura\" \/>\n\t<meta name=\"twitter:data2\" content=\"2 minutos\" \/>\n<script type=\"application\/ld+json\" class=\"yoast-schema-graph\">{\"@context\":\"https:\\\/\\\/schema.org\",\"@graph\":[{\"@type\":\"Article\",\"@id\":\"https:\\\/\\\/dana.com.br\\\/canaldana\\\/2019\\\/12\\\/11\\\/volkswagen-anuncia-recall-do-tiguan-e-cc\\\/#article\",\"isPartOf\":{\"@id\":\"https:\\\/\\\/dana.com.br\\\/canaldana\\\/2019\\\/12\\\/11\\\/volkswagen-anuncia-recall-do-tiguan-e-cc\\\/\"},\"author\":{\"name\":\"Canal Dana\",\"@id\":\"https:\\\/\\\/dana.com.br\\\/canaldana\\\/#\\\/schema\\\/person\\\/3c21f22f56fcf3bc46b94bc60ea4fef6\"},\"headline\":\"Volkswagen anuncia recall do Tiguan e CC\",\"datePublished\":\"2019-12-11T10:56:34+00:00\",\"mainEntityOfPage\":{\"@id\":\"https:\\\/\\\/dana.com.br\\\/canaldana\\\/2019\\\/12\\\/11\\\/volkswagen-anuncia-recall-do-tiguan-e-cc\\\/\"},\"wordCount\":458,\"articleSection\":[\"Recall\"],\"inLanguage\":\"pt-BR\"},{\"@type\":\"WebPage\",\"@id\":\"https:\\\/\\\/dana.com.br\\\/canaldana\\\/2019\\\/12\\\/11\\\/volkswagen-anuncia-recall-do-tiguan-e-cc\\\/\",\"url\":\"https:\\\/\\\/dana.com.br\\\/canaldana\\\/2019\\\/12\\\/11\\\/volkswagen-anuncia-recall-do-tiguan-e-cc\\\/\",\"name\":\"Volkswagen anuncia recall do Tiguan e CC - Canal Dana\",\"isPartOf\":{\"@id\":\"https:\\\/\\\/dana.com.br\\\/canaldana\\\/#website\"},\"datePublished\":\"2019-12-11T10:56:34+00:00\",\"author\":{\"@id\":\"https:\\\/\\\/dana.com.br\\\/canaldana\\\/#\\\/schema\\\/person\\\/3c21f22f56fcf3bc46b94bc60ea4fef6\"},\"breadcrumb\":{\"@id\":\"https:\\\/\\\/dana.com.br\\\/canaldana\\\/2019\\\/12\\\/11\\\/volkswagen-anuncia-recall-do-tiguan-e-cc\\\/#breadcrumb\"},\"inLanguage\":\"pt-BR\",\"potentialAction\":[{\"@type\":\"ReadAction\",\"target\":[\"https:\\\/\\\/dana.com.br\\\/canaldana\\\/2019\\\/12\\\/11\\\/volkswagen-anuncia-recall-do-tiguan-e-cc\\\/\"]}]},{\"@type\":\"BreadcrumbList\",\"@id\":\"https:\\\/\\\/dana.com.br\\\/canaldana\\\/2019\\\/12\\\/11\\\/volkswagen-anuncia-recall-do-tiguan-e-cc\\\/#breadcrumb\",\"itemListElement\":[{\"@type\":\"ListItem\",\"position\":1,\"name\":\"Home\",\"item\":\"https:\\\/\\\/dana.com.br\\\/canaldana\\\/\"},{\"@type\":\"ListItem\",\"position\":2,\"name\":\"Recall\",\"item\":\"https:\\\/\\\/dana.com.br\\\/canaldana\\\/recall\\\/\"},{\"@type\":\"ListItem\",\"position\":3,\"name\":\"Volkswagen anuncia recall do Tiguan e CC\"}]},{\"@type\":\"WebSite\",\"@id\":\"https:\\\/\\\/dana.com.br\\\/canaldana\\\/#website\",\"url\":\"https:\\\/\\\/dana.com.br\\\/canaldana\\\/\",\"name\":\"Canal Dana\",\"description\":\"Informativo com as principais not\u00edcias da ind\u00fastria automotiva\",\"potentialAction\":[{\"@type\":\"SearchAction\",\"target\":{\"@type\":\"EntryPoint\",\"urlTemplate\":\"https:\\\/\\\/dana.com.br\\\/canaldana\\\/?s={search_term_string}\"},\"query-input\":{\"@type\":\"PropertyValueSpecification\",\"valueRequired\":true,\"valueName\":\"search_term_string\"}}],\"inLanguage\":\"pt-BR\"},{\"@type\":\"Person\",\"@id\":\"https:\\\/\\\/dana.com.br\\\/canaldana\\\/#\\\/schema\\\/person\\\/3c21f22f56fcf3bc46b94bc60ea4fef6\",\"name\":\"Canal Dana\",\"image\":{\"@type\":\"ImageObject\",\"inLanguage\":\"pt-BR\",\"@id\":\"https:\\\/\\\/secure.gravatar.com\\\/avatar\\\/420aaf9278582877d9018637c6817617705899d2858d7572ef0fe59a6b6454b4?s=96&d=mm&r=g\",\"url\":\"https:\\\/\\\/secure.gravatar.com\\\/avatar\\\/420aaf9278582877d9018637c6817617705899d2858d7572ef0fe59a6b6454b4?s=96&d=mm&r=g\",\"contentUrl\":\"https:\\\/\\\/secure.gravatar.com\\\/avatar\\\/420aaf9278582877d9018637c6817617705899d2858d7572ef0fe59a6b6454b4?s=96&d=mm&r=g\",\"caption\":\"Canal Dana\"},\"url\":\"https:\\\/\\\/dana.com.br\\\/canaldana\\\/author\\\/cdeditor\\\/\"}]}<\/script>\n<!-- \/ Yoast SEO plugin. -->","yoast_head_json":{"title":"Volkswagen anuncia recall do Tiguan e CC - Canal Dana","robots":{"index":"index","follow":"follow","max-snippet":"max-snippet:-1","max-image-preview":"max-image-preview:large","max-video-preview":"max-video-preview:-1"},"canonical":"https:\/\/dana.com.br\/canaldana\/2019\/12\/11\/volkswagen-anuncia-recall-do-tiguan-e-cc\/","og_locale":"pt_BR","og_type":"article","og_title":"Volkswagen anuncia recall do Tiguan e CC - Canal Dana","og_description":"AutoInd\u00fastria &nbsp; O Procon anunciou nesta ter\u00e7a-feira, 10, dois recalls no setor automotivo. Um \u00e9 da Volkswagen, envolvendo 323 unidades dos modelos Tiguan (ano\/modelo 2015 e 2016) e CC (ano\/modelo 2016) e outro \u00e9 da Porsche, relativo ao Panamera (ano\/modelo 2017 a 2020) e Cayenne (ano\/modelo 2018 a 2020). &nbsp; No caso da Volkswagen, a\u2026 Leia mais \u00bb","og_url":"https:\/\/dana.com.br\/canaldana\/2019\/12\/11\/volkswagen-anuncia-recall-do-tiguan-e-cc\/","og_site_name":"Canal Dana","article_published_time":"2019-12-11T10:56:34+00:00","author":"Canal Dana","twitter_card":"summary_large_image","twitter_misc":{"Escrito por":"Canal Dana","Est. tempo de leitura":"2 minutos"},"schema":{"@context":"https:\/\/schema.org","@graph":[{"@type":"Article","@id":"https:\/\/dana.com.br\/canaldana\/2019\/12\/11\/volkswagen-anuncia-recall-do-tiguan-e-cc\/#article","isPartOf":{"@id":"https:\/\/dana.com.br\/canaldana\/2019\/12\/11\/volkswagen-anuncia-recall-do-tiguan-e-cc\/"},"author":{"name":"Canal Dana","@id":"https:\/\/dana.com.br\/canaldana\/#\/schema\/person\/3c21f22f56fcf3bc46b94bc60ea4fef6"},"headline":"Volkswagen anuncia recall do Tiguan e CC","datePublished":"2019-12-11T10:56:34+00:00","mainEntityOfPage":{"@id":"https:\/\/dana.com.br\/canaldana\/2019\/12\/11\/volkswagen-anuncia-recall-do-tiguan-e-cc\/"},"wordCount":458,"articleSection":["Recall"],"inLanguage":"pt-BR"},{"@type":"WebPage","@id":"https:\/\/dana.com.br\/canaldana\/2019\/12\/11\/volkswagen-anuncia-recall-do-tiguan-e-cc\/","url":"https:\/\/dana.com.br\/canaldana\/2019\/12\/11\/volkswagen-anuncia-recall-do-tiguan-e-cc\/","name":"Volkswagen anuncia recall do Tiguan e CC - Canal Dana","isPartOf":{"@id":"https:\/\/dana.com.br\/canaldana\/#website"},"datePublished":"2019-12-11T10:56:34+00:00","author":{"@id":"https:\/\/dana.com.br\/canaldana\/#\/schema\/person\/3c21f22f56fcf3bc46b94bc60ea4fef6"},"breadcrumb":{"@id":"https:\/\/dana.com.br\/canaldana\/2019\/12\/11\/volkswagen-anuncia-recall-do-tiguan-e-cc\/#breadcrumb"},"inLanguage":"pt-BR","potentialAction":[{"@type":"ReadAction","target":["https:\/\/dana.com.br\/canaldana\/2019\/12\/11\/volkswagen-anuncia-recall-do-tiguan-e-cc\/"]}]},{"@type":"BreadcrumbList","@id":"https:\/\/dana.com.br\/canaldana\/2019\/12\/11\/volkswagen-anuncia-recall-do-tiguan-e-cc\/#breadcrumb","itemListElement":[{"@type":"ListItem","position":1,"name":"Home","item":"https:\/\/dana.com.br\/canaldana\/"},{"@type":"ListItem","position":2,"name":"Recall","item":"https:\/\/dana.com.br\/canaldana\/recall\/"},{"@type":"ListItem","position":3,"name":"Volkswagen anuncia recall do Tiguan e CC"}]},{"@type":"WebSite","@id":"https:\/\/dana.com.br\/canaldana\/#website","url":"https:\/\/dana.com.br\/canaldana\/","name":"Canal Dana","description":"Informativo com as principais not\u00edcias da ind\u00fastria automotiva","potentialAction":[{"@type":"SearchAction","target":{"@type":"EntryPoint","urlTemplate":"https:\/\/dana.com.br\/canaldana\/?s={search_term_string}"},"query-input":{"@type":"PropertyValueSpecification","valueRequired":true,"valueName":"search_term_string"}}],"inLanguage":"pt-BR"},{"@type":"Person","@id":"https:\/\/dana.com.br\/canaldana\/#\/schema\/person\/3c21f22f56fcf3bc46b94bc60ea4fef6","name":"Canal Dana","image":{"@type":"ImageObject","inLanguage":"pt-BR","@id":"https:\/\/secure.gravatar.com\/avatar\/420aaf9278582877d9018637c6817617705899d2858d7572ef0fe59a6b6454b4?s=96&d=mm&r=g","url":"https:\/\/secure.gravatar.com\/avatar\/420aaf9278582877d9018637c6817617705899d2858d7572ef0fe59a6b6454b4?s=96&d=mm&r=g","contentUrl":"https:\/\/secure.gravatar.com\/avatar\/420aaf9278582877d9018637c6817617705899d2858d7572ef0fe59a6b6454b4?s=96&d=mm&r=g","caption":"Canal Dana"},"url":"https:\/\/dana.com.br\/canaldana\/author\/cdeditor\/"}]}},"_links":{"self":[{"href":"https:\/\/dana.com.br\/canaldana\/wp-json\/wp\/v2\/posts\/39275","targetHints":{"allow":["GET"]}}],"collection":[{"href":"https:\/\/dana.com.br\/canaldana\/wp-json\/wp\/v2\/posts"}],"about":[{"href":"https:\/\/dana.com.br\/canaldana\/wp-json\/wp\/v2\/types\/post"}],"author":[{"embeddable":true,"href":"https:\/\/dana.com.br\/canaldana\/wp-json\/wp\/v2\/users\/3"}],"replies":[{"embeddable":true,"href":"https:\/\/dana.com.br\/canaldana\/wp-json\/wp\/v2\/comments?post=39275"}],"version-history":[{"count":0,"href":"https:\/\/dana.com.br\/canaldana\/wp-json\/wp\/v2\/posts\/39275\/revisions"}],"wp:attachment":[{"href":"https:\/\/dana.com.br\/canaldana\/wp-json\/wp\/v2\/media?parent=39275"}],"wp:term":[{"taxonomy":"category","embeddable":true,"href":"https:\/\/dana.com.br\/canaldana\/wp-json\/wp\/v2\/categories?post=39275"},{"taxonomy":"post_tag","embeddable":true,"href":"https:\/\/dana.com.br\/canaldana\/wp-json\/wp\/v2\/tags?post=39275"}],"curies":[{"name":"wp","href":"https:\/\/api.w.org\/{rel}","templated":true}]}}