{"id":39210,"date":"2019-12-09T08:32:17","date_gmt":"2019-12-09T11:32:17","guid":{"rendered":"https:\/\/dana.com.br\/canaldana\/?p=39210"},"modified":"2019-12-09T08:32:17","modified_gmt":"2019-12-09T11:32:17","slug":"bolsonaro-descobre-o-mercosul","status":"publish","type":"post","link":"https:\/\/dana.com.br\/canaldana\/2019\/12\/09\/bolsonaro-descobre-o-mercosul\/","title":{"rendered":"Bolsonaro descobre o Mercosul"},"content":{"rendered":"<p><em>O Estado de S. Paulo <\/em><\/p>\n<p>&nbsp;<\/p>\n<p>Reuni\u00e3o foi importante pela reafirma\u00e7\u00e3o da recupera\u00e7\u00e3o do bloco. Integrar o novo governo argentino nesse projeto pode ser complicado, mas n\u00e3o h\u00e1 alternativa.<\/p>\n<p>&nbsp;<\/p>\n<p>O presidente Jair Bolsonaro passou a valorizar o Mercosul, falou em convidar a Bol\u00edvia para entrar no clube e at\u00e9 mencionou, brincando, a ideia de continuar na presid\u00eancia do bloco por meio de um golpe. A brincadeira ocorreu em conversa com o presidente paraguaio, Mario Abdo Ben\u00edtez, seu sucessor no comando rotativo da entidade. Os dois se encontraram na reuni\u00e3o de c\u00fapula realizada na cidade ga\u00facha de Bento Gon\u00e7alves. Em discurso, Bolsonaro apontou a converg\u00eancia entre a \u201crenova\u00e7\u00e3o\u201d do Mercosul e a agenda brasileira de abertura comercial. Algo mudou no Pal\u00e1cio do Planalto, desde o in\u00edcio do governo, e nesse caso a mudan\u00e7a parece ter sido para melhor. Um ano antes, depois do segundo turno da elei\u00e7\u00e3o presidencial, o futuro ministro da Economia, Paulo Guedes, minimizou a import\u00e2ncia do Mercosul e da Argentina para a nova administra\u00e7\u00e3o brasileira. Nenhum dos dois, disse Guedes, era considerado priorit\u00e1rio.<\/p>\n<p>&nbsp;<\/p>\n<p>Em menos de um ano o presidente Jair Bolsonaro p\u00f4de anunciar, em conjunto com os colegas do Mercosul, dois marcos na evolu\u00e7\u00e3o do bloco. O primeiro foi a assinatura, depois de mais de 20 anos de negocia\u00e7\u00e3o, de um acordo comercial com a Uni\u00e3o Europeia. Falta a ratifica\u00e7\u00e3o de cada pa\u00eds, mas as longas negocia\u00e7\u00f5es acabaram. O segundo marco foi o acerto com a Associa\u00e7\u00e3o Europeia de Livre Com\u00e9rcio (EFTA), formada por Isl\u00e2ndia, Liechtenstein, Noruega e Su\u00ed\u00e7a.<\/p>\n<p>&nbsp;<\/p>\n<p>Os dois eventos contribu\u00edram, sem d\u00favida, para elevar o Mercosul na pauta de prioridades do presidente Bolsonaro. Foram avan\u00e7os coincidentes com sua bandeira de mais abertura e integra\u00e7\u00e3o. O governo poderia cont\u00e1-los como pontos a seu favor, embora fosse recomend\u00e1vel, por justi\u00e7a, reconhecer alguns fatos quase sempre esquecidos em 2019.<\/p>\n<p>&nbsp;<\/p>\n<p>O primeiro foi o esfor\u00e7o dos presidentes Mauricio Macri, da Argentina, e Michel Temer, do Brasil, para concluir o acerto com a Uni\u00e3o Europeia. O avan\u00e7o final decorreu principalmente desse empenho. O segundo fato foi o in\u00edcio da negocia\u00e7\u00e3o com a EFTA em janeiro de 2017. Um terceiro, de certo modo o mais importante, foi a decis\u00e3o de Temer e Macri de repor o Mercosul no trilho original, abandonado na fase do petismo-kirchnerismo.<\/p>\n<p>&nbsp;<\/p>\n<p>A agenda combinada entre os dois presidentes incluiu a aproxima\u00e7\u00e3o com a Alian\u00e7a do Pac\u00edfico, bloco mais aberto que o Mercosul e integrado inicialmente por Chile, Peru, Col\u00f4mbia e M\u00e9xico. Em julho de 2018 representantes do Mercosul estiveram no M\u00e9xico durante reuni\u00e3o de c\u00fapula da Alian\u00e7a. O interesse nessa aproxima\u00e7\u00e3o foi reafirmado em mar\u00e7o deste ano, em visita do presidente Bolsonaro ao Chile.<\/p>\n<p>&nbsp;<\/p>\n<p>O esfor\u00e7o de \u201crenova\u00e7\u00e3o\u201d do Mercosul, citado em Bento Gon\u00e7alves pelo presidente brasileiro, foi iniciado, portanto, h\u00e1 quase tr\u00eas anos, pelos presidentes Temer e Macri.<\/p>\n<p>&nbsp;<\/p>\n<p>De nenhum modo isso reduz a relev\u00e2ncia de qualquer esfor\u00e7o do atual governo brasileiro para dinamizar o Mercosul, demolir barreiras internas, aumentar a integra\u00e7\u00e3o dos s\u00f3cios, torn\u00e1-los mais competitivos e converter o bloco numa plataforma de atua\u00e7\u00e3o global.<\/p>\n<p>&nbsp;<\/p>\n<p>O presidente Bolsonaro mencionou, em Bento Gon\u00e7alves, a proposta de seu governo de redu\u00e7\u00e3o da tarifa externa comum. O tema, por enquanto, est\u00e1 apenas inscrito na agenda. O Mercosul converteu-se, como observou h\u00e1 alguns anos o diplomata Jos\u00e9 Botafogo Gon\u00e7alves, num clube protecionista. \u00c9 preciso continuar trabalhando para resgatar o projeto inicial. As planejadas conversa\u00e7\u00f5es com mais parceiros, como Canad\u00e1 e Coreia do Sul, poder\u00e3o contribuir para isso. Falta ver a disposi\u00e7\u00e3o do pr\u00f3ximo presidente argentino, Alberto Fern\u00e1ndez. Ele prefere, j\u00e1 se sabe, uma lenta redu\u00e7\u00e3o da tarifa externa comum.<\/p>\n<p>&nbsp;<\/p>\n<p>Sem acordos ambiciosos, a reuni\u00e3o de Bento Gon\u00e7alves foi sobretudo importante pela reafirma\u00e7\u00e3o da agenda de recupera\u00e7\u00e3o do bloco. Integrar o novo governo argentino nesse projeto poder\u00e1 ser complicado. N\u00e3o haver\u00e1, no entanto, alternativa ao entendimento com o presidente Fern\u00e1ndez, e o governo brasileiro precisar\u00e1 aceitar esse dado. Aceitar\u00e1 mais facilmente se o presidente Bolsonaro entender o Mercosul como um bloco de Estados. Governos s\u00e3o outra coisa. (O Estado de S. Paulo)<\/p>\n","protected":false},"excerpt":{"rendered":"<p>O Estado de S. Paulo &nbsp; Reuni\u00e3o foi importante pela reafirma\u00e7\u00e3o da recupera\u00e7\u00e3o do bloco. Integrar o novo governo argentino nesse projeto pode ser complicado, mas n\u00e3o h\u00e1 alternativa. &nbsp; O presidente Jair Bolsonaro passou a valorizar o Mercosul, falou em convidar a Bol\u00edvia para entrar no clube e at\u00e9 mencionou, brincando, a ideia de\u2026 <a class=\"readmore\" href=\"https:\/\/dana.com.br\/canaldana\/2019\/12\/09\/bolsonaro-descobre-o-mercosul\/\">Leia mais \u00bb<\/a><\/p>\n","protected":false},"author":3,"featured_media":0,"comment_status":"closed","ping_status":"closed","sticky":false,"template":"","format":"standard","meta":{"_acf_changed":false,"footnotes":""},"categories":[100],"tags":[],"class_list":["post-39210","post","type-post","status-publish","format-standard","hentry","category-artigo"],"acf":[],"yoast_head":"<!-- This site is optimized with the Yoast SEO plugin v27.5 - https:\/\/yoast.com\/product\/yoast-seo-wordpress\/ -->\n<title>Bolsonaro descobre o Mercosul - Canal Dana<\/title>\n<meta name=\"robots\" content=\"index, follow, max-snippet:-1, max-image-preview:large, max-video-preview:-1\" \/>\n<link rel=\"canonical\" href=\"https:\/\/dana.com.br\/canaldana\/2019\/12\/09\/bolsonaro-descobre-o-mercosul\/\" \/>\n<meta property=\"og:locale\" content=\"pt_BR\" \/>\n<meta property=\"og:type\" content=\"article\" \/>\n<meta property=\"og:title\" content=\"Bolsonaro descobre o Mercosul - Canal Dana\" \/>\n<meta property=\"og:description\" content=\"O Estado de S. Paulo &nbsp; Reuni\u00e3o foi importante pela reafirma\u00e7\u00e3o da recupera\u00e7\u00e3o do bloco. Integrar o novo governo argentino nesse projeto pode ser complicado, mas n\u00e3o h\u00e1 alternativa. &nbsp; O presidente Jair Bolsonaro passou a valorizar o Mercosul, falou em convidar a Bol\u00edvia para entrar no clube e at\u00e9 mencionou, brincando, a ideia de\u2026 Leia mais \u00bb\" \/>\n<meta property=\"og:url\" content=\"https:\/\/dana.com.br\/canaldana\/2019\/12\/09\/bolsonaro-descobre-o-mercosul\/\" \/>\n<meta property=\"og:site_name\" content=\"Canal Dana\" \/>\n<meta property=\"article:published_time\" content=\"2019-12-09T11:32:17+00:00\" \/>\n<meta name=\"author\" content=\"Canal Dana\" \/>\n<meta name=\"twitter:card\" content=\"summary_large_image\" \/>\n<meta name=\"twitter:label1\" content=\"Escrito por\" \/>\n\t<meta name=\"twitter:data1\" content=\"Canal Dana\" \/>\n\t<meta name=\"twitter:label2\" content=\"Est. tempo de leitura\" \/>\n\t<meta name=\"twitter:data2\" content=\"4 minutos\" \/>\n<script type=\"application\/ld+json\" class=\"yoast-schema-graph\">{\"@context\":\"https:\\\/\\\/schema.org\",\"@graph\":[{\"@type\":\"Article\",\"@id\":\"https:\\\/\\\/dana.com.br\\\/canaldana\\\/2019\\\/12\\\/09\\\/bolsonaro-descobre-o-mercosul\\\/#article\",\"isPartOf\":{\"@id\":\"https:\\\/\\\/dana.com.br\\\/canaldana\\\/2019\\\/12\\\/09\\\/bolsonaro-descobre-o-mercosul\\\/\"},\"author\":{\"name\":\"Canal Dana\",\"@id\":\"https:\\\/\\\/dana.com.br\\\/canaldana\\\/#\\\/schema\\\/person\\\/3c21f22f56fcf3bc46b94bc60ea4fef6\"},\"headline\":\"Bolsonaro descobre o Mercosul\",\"datePublished\":\"2019-12-09T11:32:17+00:00\",\"mainEntityOfPage\":{\"@id\":\"https:\\\/\\\/dana.com.br\\\/canaldana\\\/2019\\\/12\\\/09\\\/bolsonaro-descobre-o-mercosul\\\/\"},\"wordCount\":752,\"articleSection\":[\"Artigo\"],\"inLanguage\":\"pt-BR\"},{\"@type\":\"WebPage\",\"@id\":\"https:\\\/\\\/dana.com.br\\\/canaldana\\\/2019\\\/12\\\/09\\\/bolsonaro-descobre-o-mercosul\\\/\",\"url\":\"https:\\\/\\\/dana.com.br\\\/canaldana\\\/2019\\\/12\\\/09\\\/bolsonaro-descobre-o-mercosul\\\/\",\"name\":\"Bolsonaro descobre o Mercosul - Canal Dana\",\"isPartOf\":{\"@id\":\"https:\\\/\\\/dana.com.br\\\/canaldana\\\/#website\"},\"datePublished\":\"2019-12-09T11:32:17+00:00\",\"author\":{\"@id\":\"https:\\\/\\\/dana.com.br\\\/canaldana\\\/#\\\/schema\\\/person\\\/3c21f22f56fcf3bc46b94bc60ea4fef6\"},\"breadcrumb\":{\"@id\":\"https:\\\/\\\/dana.com.br\\\/canaldana\\\/2019\\\/12\\\/09\\\/bolsonaro-descobre-o-mercosul\\\/#breadcrumb\"},\"inLanguage\":\"pt-BR\",\"potentialAction\":[{\"@type\":\"ReadAction\",\"target\":[\"https:\\\/\\\/dana.com.br\\\/canaldana\\\/2019\\\/12\\\/09\\\/bolsonaro-descobre-o-mercosul\\\/\"]}]},{\"@type\":\"BreadcrumbList\",\"@id\":\"https:\\\/\\\/dana.com.br\\\/canaldana\\\/2019\\\/12\\\/09\\\/bolsonaro-descobre-o-mercosul\\\/#breadcrumb\",\"itemListElement\":[{\"@type\":\"ListItem\",\"position\":1,\"name\":\"Home\",\"item\":\"https:\\\/\\\/dana.com.br\\\/canaldana\\\/\"},{\"@type\":\"ListItem\",\"position\":2,\"name\":\"Artigo\",\"item\":\"https:\\\/\\\/dana.com.br\\\/canaldana\\\/artigo\\\/\"},{\"@type\":\"ListItem\",\"position\":3,\"name\":\"Bolsonaro descobre o Mercosul\"}]},{\"@type\":\"WebSite\",\"@id\":\"https:\\\/\\\/dana.com.br\\\/canaldana\\\/#website\",\"url\":\"https:\\\/\\\/dana.com.br\\\/canaldana\\\/\",\"name\":\"Canal Dana\",\"description\":\"Informativo com as principais not\u00edcias da ind\u00fastria automotiva\",\"potentialAction\":[{\"@type\":\"SearchAction\",\"target\":{\"@type\":\"EntryPoint\",\"urlTemplate\":\"https:\\\/\\\/dana.com.br\\\/canaldana\\\/?s={search_term_string}\"},\"query-input\":{\"@type\":\"PropertyValueSpecification\",\"valueRequired\":true,\"valueName\":\"search_term_string\"}}],\"inLanguage\":\"pt-BR\"},{\"@type\":\"Person\",\"@id\":\"https:\\\/\\\/dana.com.br\\\/canaldana\\\/#\\\/schema\\\/person\\\/3c21f22f56fcf3bc46b94bc60ea4fef6\",\"name\":\"Canal Dana\",\"image\":{\"@type\":\"ImageObject\",\"inLanguage\":\"pt-BR\",\"@id\":\"https:\\\/\\\/secure.gravatar.com\\\/avatar\\\/420aaf9278582877d9018637c6817617705899d2858d7572ef0fe59a6b6454b4?s=96&d=mm&r=g\",\"url\":\"https:\\\/\\\/secure.gravatar.com\\\/avatar\\\/420aaf9278582877d9018637c6817617705899d2858d7572ef0fe59a6b6454b4?s=96&d=mm&r=g\",\"contentUrl\":\"https:\\\/\\\/secure.gravatar.com\\\/avatar\\\/420aaf9278582877d9018637c6817617705899d2858d7572ef0fe59a6b6454b4?s=96&d=mm&r=g\",\"caption\":\"Canal Dana\"},\"url\":\"https:\\\/\\\/dana.com.br\\\/canaldana\\\/author\\\/cdeditor\\\/\"}]}<\/script>\n<!-- \/ Yoast SEO plugin. -->","yoast_head_json":{"title":"Bolsonaro descobre o Mercosul - Canal Dana","robots":{"index":"index","follow":"follow","max-snippet":"max-snippet:-1","max-image-preview":"max-image-preview:large","max-video-preview":"max-video-preview:-1"},"canonical":"https:\/\/dana.com.br\/canaldana\/2019\/12\/09\/bolsonaro-descobre-o-mercosul\/","og_locale":"pt_BR","og_type":"article","og_title":"Bolsonaro descobre o Mercosul - Canal Dana","og_description":"O Estado de S. Paulo &nbsp; Reuni\u00e3o foi importante pela reafirma\u00e7\u00e3o da recupera\u00e7\u00e3o do bloco. Integrar o novo governo argentino nesse projeto pode ser complicado, mas n\u00e3o h\u00e1 alternativa. &nbsp; O presidente Jair Bolsonaro passou a valorizar o Mercosul, falou em convidar a Bol\u00edvia para entrar no clube e at\u00e9 mencionou, brincando, a ideia de\u2026 Leia mais \u00bb","og_url":"https:\/\/dana.com.br\/canaldana\/2019\/12\/09\/bolsonaro-descobre-o-mercosul\/","og_site_name":"Canal Dana","article_published_time":"2019-12-09T11:32:17+00:00","author":"Canal Dana","twitter_card":"summary_large_image","twitter_misc":{"Escrito por":"Canal Dana","Est. tempo de leitura":"4 minutos"},"schema":{"@context":"https:\/\/schema.org","@graph":[{"@type":"Article","@id":"https:\/\/dana.com.br\/canaldana\/2019\/12\/09\/bolsonaro-descobre-o-mercosul\/#article","isPartOf":{"@id":"https:\/\/dana.com.br\/canaldana\/2019\/12\/09\/bolsonaro-descobre-o-mercosul\/"},"author":{"name":"Canal Dana","@id":"https:\/\/dana.com.br\/canaldana\/#\/schema\/person\/3c21f22f56fcf3bc46b94bc60ea4fef6"},"headline":"Bolsonaro descobre o Mercosul","datePublished":"2019-12-09T11:32:17+00:00","mainEntityOfPage":{"@id":"https:\/\/dana.com.br\/canaldana\/2019\/12\/09\/bolsonaro-descobre-o-mercosul\/"},"wordCount":752,"articleSection":["Artigo"],"inLanguage":"pt-BR"},{"@type":"WebPage","@id":"https:\/\/dana.com.br\/canaldana\/2019\/12\/09\/bolsonaro-descobre-o-mercosul\/","url":"https:\/\/dana.com.br\/canaldana\/2019\/12\/09\/bolsonaro-descobre-o-mercosul\/","name":"Bolsonaro descobre o Mercosul - Canal Dana","isPartOf":{"@id":"https:\/\/dana.com.br\/canaldana\/#website"},"datePublished":"2019-12-09T11:32:17+00:00","author":{"@id":"https:\/\/dana.com.br\/canaldana\/#\/schema\/person\/3c21f22f56fcf3bc46b94bc60ea4fef6"},"breadcrumb":{"@id":"https:\/\/dana.com.br\/canaldana\/2019\/12\/09\/bolsonaro-descobre-o-mercosul\/#breadcrumb"},"inLanguage":"pt-BR","potentialAction":[{"@type":"ReadAction","target":["https:\/\/dana.com.br\/canaldana\/2019\/12\/09\/bolsonaro-descobre-o-mercosul\/"]}]},{"@type":"BreadcrumbList","@id":"https:\/\/dana.com.br\/canaldana\/2019\/12\/09\/bolsonaro-descobre-o-mercosul\/#breadcrumb","itemListElement":[{"@type":"ListItem","position":1,"name":"Home","item":"https:\/\/dana.com.br\/canaldana\/"},{"@type":"ListItem","position":2,"name":"Artigo","item":"https:\/\/dana.com.br\/canaldana\/artigo\/"},{"@type":"ListItem","position":3,"name":"Bolsonaro descobre o Mercosul"}]},{"@type":"WebSite","@id":"https:\/\/dana.com.br\/canaldana\/#website","url":"https:\/\/dana.com.br\/canaldana\/","name":"Canal Dana","description":"Informativo com as principais not\u00edcias da ind\u00fastria automotiva","potentialAction":[{"@type":"SearchAction","target":{"@type":"EntryPoint","urlTemplate":"https:\/\/dana.com.br\/canaldana\/?s={search_term_string}"},"query-input":{"@type":"PropertyValueSpecification","valueRequired":true,"valueName":"search_term_string"}}],"inLanguage":"pt-BR"},{"@type":"Person","@id":"https:\/\/dana.com.br\/canaldana\/#\/schema\/person\/3c21f22f56fcf3bc46b94bc60ea4fef6","name":"Canal Dana","image":{"@type":"ImageObject","inLanguage":"pt-BR","@id":"https:\/\/secure.gravatar.com\/avatar\/420aaf9278582877d9018637c6817617705899d2858d7572ef0fe59a6b6454b4?s=96&d=mm&r=g","url":"https:\/\/secure.gravatar.com\/avatar\/420aaf9278582877d9018637c6817617705899d2858d7572ef0fe59a6b6454b4?s=96&d=mm&r=g","contentUrl":"https:\/\/secure.gravatar.com\/avatar\/420aaf9278582877d9018637c6817617705899d2858d7572ef0fe59a6b6454b4?s=96&d=mm&r=g","caption":"Canal Dana"},"url":"https:\/\/dana.com.br\/canaldana\/author\/cdeditor\/"}]}},"_links":{"self":[{"href":"https:\/\/dana.com.br\/canaldana\/wp-json\/wp\/v2\/posts\/39210","targetHints":{"allow":["GET"]}}],"collection":[{"href":"https:\/\/dana.com.br\/canaldana\/wp-json\/wp\/v2\/posts"}],"about":[{"href":"https:\/\/dana.com.br\/canaldana\/wp-json\/wp\/v2\/types\/post"}],"author":[{"embeddable":true,"href":"https:\/\/dana.com.br\/canaldana\/wp-json\/wp\/v2\/users\/3"}],"replies":[{"embeddable":true,"href":"https:\/\/dana.com.br\/canaldana\/wp-json\/wp\/v2\/comments?post=39210"}],"version-history":[{"count":0,"href":"https:\/\/dana.com.br\/canaldana\/wp-json\/wp\/v2\/posts\/39210\/revisions"}],"wp:attachment":[{"href":"https:\/\/dana.com.br\/canaldana\/wp-json\/wp\/v2\/media?parent=39210"}],"wp:term":[{"taxonomy":"category","embeddable":true,"href":"https:\/\/dana.com.br\/canaldana\/wp-json\/wp\/v2\/categories?post=39210"},{"taxonomy":"post_tag","embeddable":true,"href":"https:\/\/dana.com.br\/canaldana\/wp-json\/wp\/v2\/tags?post=39210"}],"curies":[{"name":"wp","href":"https:\/\/api.w.org\/{rel}","templated":true}]}}