{"id":39194,"date":"2019-12-06T09:40:26","date_gmt":"2019-12-06T12:40:26","guid":{"rendered":"https:\/\/dana.com.br\/canaldana\/?p=39194"},"modified":"2019-12-06T09:40:26","modified_gmt":"2019-12-06T12:40:26","slug":"mercosul-fecha-sete-acordos-em-dois-dias-de-cupula-no-rs","status":"publish","type":"post","link":"https:\/\/dana.com.br\/canaldana\/2019\/12\/06\/mercosul-fecha-sete-acordos-em-dois-dias-de-cupula-no-rs\/","title":{"rendered":"Mercosul fecha sete acordos em dois dias de c\u00fapula no RS"},"content":{"rendered":"<p><em>O Estado de S. Paulo <\/em><\/p>\n<p>&nbsp;<\/p>\n<p>Os pa\u00edses do Mercosul (Brasil, Argentina, Uruguai e Paraguai) assinaram uma s\u00e9rie de acordos nos dois dias da c\u00fapula de chefes de Estado encerrada ontem em Bento Gon\u00e7alves, no Rio Grande do Sul.<\/p>\n<p>&nbsp;<\/p>\n<p>Entre os acordos, est\u00e3o o de livre-com\u00e9rcio no setor automotivo com o Paraguai e duas a\u00e7\u00f5es para facilitar a vida de quem vive na fronteira. A primeira prev\u00ea coopera\u00e7\u00e3o policial nessas \u00e1reas. A segunda cria facilidades para moradores de cidades g\u00eameas em fronteiras para acesso a servi\u00e7os p\u00fablicos, transporte de mercadorias de subsist\u00eancia e circula\u00e7\u00e3o de pessoas e ve\u00edculos.<\/p>\n<p>&nbsp;<\/p>\n<p>O bloco tamb\u00e9m anunciou acordo sobre Reconhecimento Rec\u00edproco de Assinaturas Digitais. Assim, a assinatura digital de uma pessoa ser\u00e1 reconhecida automaticamente em todos os pa\u00edses do bloco para conferir validade jur\u00eddica em contratos, transa\u00e7\u00f5es financeiras e notas fiscais eletr\u00f4nicas.<\/p>\n<p>&nbsp;<\/p>\n<p>O Mercosul assinou ainda um acordo de Facilita\u00e7\u00e3o de Com\u00e9rcio, para simplificar, harmonizar e automatizar procedimentos de com\u00e9rcio internacional. \u201cPotencializar\u00e1 os benef\u00edcios da aus\u00eancia de barreiras tarif\u00e1rias no com\u00e9rcio intrazona. Eliminar\u00e1 taxas praticadas pelos s\u00f3cios do Mercosul que s\u00e3o percebidas pelo setor privado brasileiro como importantes obst\u00e1culos ao com\u00e9rcio no bloco\u201d, apontou documento divulgado pelo bloco. Tamb\u00e9m foi acordada uma atualiza\u00e7\u00e3o das regras para facilita\u00e7\u00e3o do Transporte de Produtos Perigosos (t\u00f3xicos ou inflam\u00e1veis).<\/p>\n<p>&nbsp;<\/p>\n<p><strong>Identidade nacional<\/strong><\/p>\n<p>&nbsp;<\/p>\n<p>Os pa\u00edses-membros ainda chegaram a entendimento para Prote\u00e7\u00e3o M\u00fatua de Indica\u00e7\u00f5es Geogr\u00e1ficas (IG), para que elas sejam mais rapidamente reconhecidas pelos demais Estados membros.<\/p>\n<p>&nbsp;<\/p>\n<p>Ficou decidido na c\u00fapula que \u201cnomes importantes para a economia, a hist\u00f3ria e as tradi\u00e7\u00f5es do Brasil, como o queijo Canastra, o caf\u00e9 da regi\u00e3o do Cerrado Mineiro, o vinho do Vale dos Vinhedos e o cacau de Linhares, Esp\u00edrito Santo, e do sul da Bahia ser\u00e3o protegidos contra fraudes e uso indevido em todos os pa\u00edses do bloco, al\u00e9m de ganhar diferencial de competitividade com os consumidores\u201d.<\/p>\n<p>&nbsp;<\/p>\n<p>O documento tamb\u00e9m aponta que o Mercosul quer um di\u00e1logo com a \u00cdndia para ampliar acordo de prefer\u00eancias tarif\u00e1rias e, ainda, aprofundar o acordo de livre-com\u00e9rcio com Israel. Segundo o texto, o bloco j\u00e1 fixa \u201cconversas explorat\u00f3rias\u201d com Vietn\u00e3 e Indon\u00e9sia para eventual acordo de com\u00e9rcio. Al\u00e9m disso, tenta iniciar di\u00e1logo com o Jap\u00e3o para o mesmo fim. (O Estado de S. Paulo\/Bento Gon\u00e7alves, Barbara Nascimento e Matheus Lara)<\/p>\n","protected":false},"excerpt":{"rendered":"<p>O Estado de S. Paulo &nbsp; Os pa\u00edses do Mercosul (Brasil, Argentina, Uruguai e Paraguai) assinaram uma s\u00e9rie de acordos nos dois dias da c\u00fapula de chefes de Estado encerrada ontem em Bento Gon\u00e7alves, no Rio Grande do Sul. &nbsp; Entre os acordos, est\u00e3o o de livre-com\u00e9rcio no setor automotivo com o Paraguai e duas\u2026 <a class=\"readmore\" href=\"https:\/\/dana.com.br\/canaldana\/2019\/12\/06\/mercosul-fecha-sete-acordos-em-dois-dias-de-cupula-no-rs\/\">Leia mais \u00bb<\/a><\/p>\n","protected":false},"author":3,"featured_media":0,"comment_status":"closed","ping_status":"closed","sticky":false,"template":"","format":"standard","meta":{"_acf_changed":false,"footnotes":""},"categories":[79],"tags":[],"class_list":["post-39194","post","type-post","status-publish","format-standard","hentry","category-mercado"],"acf":[],"yoast_head":"<!-- This site is optimized with the Yoast SEO plugin v27.3 - https:\/\/yoast.com\/product\/yoast-seo-wordpress\/ -->\n<title>Mercosul fecha sete acordos em dois dias de c\u00fapula no RS - Canal Dana<\/title>\n<meta name=\"robots\" content=\"index, follow, max-snippet:-1, max-image-preview:large, max-video-preview:-1\" \/>\n<link rel=\"canonical\" href=\"https:\/\/dana.com.br\/canaldana\/2019\/12\/06\/mercosul-fecha-sete-acordos-em-dois-dias-de-cupula-no-rs\/\" \/>\n<meta property=\"og:locale\" content=\"pt_BR\" \/>\n<meta property=\"og:type\" content=\"article\" \/>\n<meta property=\"og:title\" content=\"Mercosul fecha sete acordos em dois dias de c\u00fapula no RS - Canal Dana\" \/>\n<meta property=\"og:description\" content=\"O Estado de S. Paulo &nbsp; Os pa\u00edses do Mercosul (Brasil, Argentina, Uruguai e Paraguai) assinaram uma s\u00e9rie de acordos nos dois dias da c\u00fapula de chefes de Estado encerrada ontem em Bento Gon\u00e7alves, no Rio Grande do Sul. &nbsp; Entre os acordos, est\u00e3o o de livre-com\u00e9rcio no setor automotivo com o Paraguai e duas\u2026 Leia mais \u00bb\" \/>\n<meta property=\"og:url\" content=\"https:\/\/dana.com.br\/canaldana\/2019\/12\/06\/mercosul-fecha-sete-acordos-em-dois-dias-de-cupula-no-rs\/\" \/>\n<meta property=\"og:site_name\" content=\"Canal Dana\" \/>\n<meta property=\"article:published_time\" content=\"2019-12-06T12:40:26+00:00\" \/>\n<meta name=\"author\" content=\"Canal Dana\" \/>\n<meta name=\"twitter:card\" content=\"summary_large_image\" \/>\n<meta name=\"twitter:label1\" content=\"Escrito por\" \/>\n\t<meta name=\"twitter:data1\" content=\"Canal Dana\" \/>\n\t<meta name=\"twitter:label2\" content=\"Est. tempo de leitura\" \/>\n\t<meta name=\"twitter:data2\" content=\"2 minutos\" \/>\n<script type=\"application\/ld+json\" class=\"yoast-schema-graph\">{\"@context\":\"https:\\\/\\\/schema.org\",\"@graph\":[{\"@type\":\"Article\",\"@id\":\"https:\\\/\\\/dana.com.br\\\/canaldana\\\/2019\\\/12\\\/06\\\/mercosul-fecha-sete-acordos-em-dois-dias-de-cupula-no-rs\\\/#article\",\"isPartOf\":{\"@id\":\"https:\\\/\\\/dana.com.br\\\/canaldana\\\/2019\\\/12\\\/06\\\/mercosul-fecha-sete-acordos-em-dois-dias-de-cupula-no-rs\\\/\"},\"author\":{\"name\":\"Canal Dana\",\"@id\":\"https:\\\/\\\/dana.com.br\\\/canaldana\\\/#\\\/schema\\\/person\\\/3c21f22f56fcf3bc46b94bc60ea4fef6\"},\"headline\":\"Mercosul fecha sete acordos em dois dias de c\u00fapula no RS\",\"datePublished\":\"2019-12-06T12:40:26+00:00\",\"mainEntityOfPage\":{\"@id\":\"https:\\\/\\\/dana.com.br\\\/canaldana\\\/2019\\\/12\\\/06\\\/mercosul-fecha-sete-acordos-em-dois-dias-de-cupula-no-rs\\\/\"},\"wordCount\":454,\"articleSection\":[\"Mercado\"],\"inLanguage\":\"pt-BR\"},{\"@type\":\"WebPage\",\"@id\":\"https:\\\/\\\/dana.com.br\\\/canaldana\\\/2019\\\/12\\\/06\\\/mercosul-fecha-sete-acordos-em-dois-dias-de-cupula-no-rs\\\/\",\"url\":\"https:\\\/\\\/dana.com.br\\\/canaldana\\\/2019\\\/12\\\/06\\\/mercosul-fecha-sete-acordos-em-dois-dias-de-cupula-no-rs\\\/\",\"name\":\"Mercosul fecha sete acordos em dois dias de c\u00fapula no RS - Canal Dana\",\"isPartOf\":{\"@id\":\"https:\\\/\\\/dana.com.br\\\/canaldana\\\/#website\"},\"datePublished\":\"2019-12-06T12:40:26+00:00\",\"author\":{\"@id\":\"https:\\\/\\\/dana.com.br\\\/canaldana\\\/#\\\/schema\\\/person\\\/3c21f22f56fcf3bc46b94bc60ea4fef6\"},\"breadcrumb\":{\"@id\":\"https:\\\/\\\/dana.com.br\\\/canaldana\\\/2019\\\/12\\\/06\\\/mercosul-fecha-sete-acordos-em-dois-dias-de-cupula-no-rs\\\/#breadcrumb\"},\"inLanguage\":\"pt-BR\",\"potentialAction\":[{\"@type\":\"ReadAction\",\"target\":[\"https:\\\/\\\/dana.com.br\\\/canaldana\\\/2019\\\/12\\\/06\\\/mercosul-fecha-sete-acordos-em-dois-dias-de-cupula-no-rs\\\/\"]}]},{\"@type\":\"BreadcrumbList\",\"@id\":\"https:\\\/\\\/dana.com.br\\\/canaldana\\\/2019\\\/12\\\/06\\\/mercosul-fecha-sete-acordos-em-dois-dias-de-cupula-no-rs\\\/#breadcrumb\",\"itemListElement\":[{\"@type\":\"ListItem\",\"position\":1,\"name\":\"Home\",\"item\":\"https:\\\/\\\/dana.com.br\\\/canaldana\\\/\"},{\"@type\":\"ListItem\",\"position\":2,\"name\":\"Mercado\",\"item\":\"https:\\\/\\\/dana.com.br\\\/canaldana\\\/mercado\\\/\"},{\"@type\":\"ListItem\",\"position\":3,\"name\":\"Mercosul fecha sete acordos em dois dias de c\u00fapula no RS\"}]},{\"@type\":\"WebSite\",\"@id\":\"https:\\\/\\\/dana.com.br\\\/canaldana\\\/#website\",\"url\":\"https:\\\/\\\/dana.com.br\\\/canaldana\\\/\",\"name\":\"Canal Dana\",\"description\":\"Informativo com as principais not\u00edcias da ind\u00fastria automotiva\",\"potentialAction\":[{\"@type\":\"SearchAction\",\"target\":{\"@type\":\"EntryPoint\",\"urlTemplate\":\"https:\\\/\\\/dana.com.br\\\/canaldana\\\/?s={search_term_string}\"},\"query-input\":{\"@type\":\"PropertyValueSpecification\",\"valueRequired\":true,\"valueName\":\"search_term_string\"}}],\"inLanguage\":\"pt-BR\"},{\"@type\":\"Person\",\"@id\":\"https:\\\/\\\/dana.com.br\\\/canaldana\\\/#\\\/schema\\\/person\\\/3c21f22f56fcf3bc46b94bc60ea4fef6\",\"name\":\"Canal Dana\",\"image\":{\"@type\":\"ImageObject\",\"inLanguage\":\"pt-BR\",\"@id\":\"https:\\\/\\\/secure.gravatar.com\\\/avatar\\\/420aaf9278582877d9018637c6817617705899d2858d7572ef0fe59a6b6454b4?s=96&d=mm&r=g\",\"url\":\"https:\\\/\\\/secure.gravatar.com\\\/avatar\\\/420aaf9278582877d9018637c6817617705899d2858d7572ef0fe59a6b6454b4?s=96&d=mm&r=g\",\"contentUrl\":\"https:\\\/\\\/secure.gravatar.com\\\/avatar\\\/420aaf9278582877d9018637c6817617705899d2858d7572ef0fe59a6b6454b4?s=96&d=mm&r=g\",\"caption\":\"Canal Dana\"},\"url\":\"https:\\\/\\\/dana.com.br\\\/canaldana\\\/author\\\/cdeditor\\\/\"}]}<\/script>\n<!-- \/ Yoast SEO plugin. -->","yoast_head_json":{"title":"Mercosul fecha sete acordos em dois dias de c\u00fapula no RS - Canal Dana","robots":{"index":"index","follow":"follow","max-snippet":"max-snippet:-1","max-image-preview":"max-image-preview:large","max-video-preview":"max-video-preview:-1"},"canonical":"https:\/\/dana.com.br\/canaldana\/2019\/12\/06\/mercosul-fecha-sete-acordos-em-dois-dias-de-cupula-no-rs\/","og_locale":"pt_BR","og_type":"article","og_title":"Mercosul fecha sete acordos em dois dias de c\u00fapula no RS - Canal Dana","og_description":"O Estado de S. Paulo &nbsp; Os pa\u00edses do Mercosul (Brasil, Argentina, Uruguai e Paraguai) assinaram uma s\u00e9rie de acordos nos dois dias da c\u00fapula de chefes de Estado encerrada ontem em Bento Gon\u00e7alves, no Rio Grande do Sul. &nbsp; Entre os acordos, est\u00e3o o de livre-com\u00e9rcio no setor automotivo com o Paraguai e duas\u2026 Leia mais \u00bb","og_url":"https:\/\/dana.com.br\/canaldana\/2019\/12\/06\/mercosul-fecha-sete-acordos-em-dois-dias-de-cupula-no-rs\/","og_site_name":"Canal Dana","article_published_time":"2019-12-06T12:40:26+00:00","author":"Canal Dana","twitter_card":"summary_large_image","twitter_misc":{"Escrito por":"Canal Dana","Est. tempo de leitura":"2 minutos"},"schema":{"@context":"https:\/\/schema.org","@graph":[{"@type":"Article","@id":"https:\/\/dana.com.br\/canaldana\/2019\/12\/06\/mercosul-fecha-sete-acordos-em-dois-dias-de-cupula-no-rs\/#article","isPartOf":{"@id":"https:\/\/dana.com.br\/canaldana\/2019\/12\/06\/mercosul-fecha-sete-acordos-em-dois-dias-de-cupula-no-rs\/"},"author":{"name":"Canal Dana","@id":"https:\/\/dana.com.br\/canaldana\/#\/schema\/person\/3c21f22f56fcf3bc46b94bc60ea4fef6"},"headline":"Mercosul fecha sete acordos em dois dias de c\u00fapula no RS","datePublished":"2019-12-06T12:40:26+00:00","mainEntityOfPage":{"@id":"https:\/\/dana.com.br\/canaldana\/2019\/12\/06\/mercosul-fecha-sete-acordos-em-dois-dias-de-cupula-no-rs\/"},"wordCount":454,"articleSection":["Mercado"],"inLanguage":"pt-BR"},{"@type":"WebPage","@id":"https:\/\/dana.com.br\/canaldana\/2019\/12\/06\/mercosul-fecha-sete-acordos-em-dois-dias-de-cupula-no-rs\/","url":"https:\/\/dana.com.br\/canaldana\/2019\/12\/06\/mercosul-fecha-sete-acordos-em-dois-dias-de-cupula-no-rs\/","name":"Mercosul fecha sete acordos em dois dias de c\u00fapula no RS - Canal Dana","isPartOf":{"@id":"https:\/\/dana.com.br\/canaldana\/#website"},"datePublished":"2019-12-06T12:40:26+00:00","author":{"@id":"https:\/\/dana.com.br\/canaldana\/#\/schema\/person\/3c21f22f56fcf3bc46b94bc60ea4fef6"},"breadcrumb":{"@id":"https:\/\/dana.com.br\/canaldana\/2019\/12\/06\/mercosul-fecha-sete-acordos-em-dois-dias-de-cupula-no-rs\/#breadcrumb"},"inLanguage":"pt-BR","potentialAction":[{"@type":"ReadAction","target":["https:\/\/dana.com.br\/canaldana\/2019\/12\/06\/mercosul-fecha-sete-acordos-em-dois-dias-de-cupula-no-rs\/"]}]},{"@type":"BreadcrumbList","@id":"https:\/\/dana.com.br\/canaldana\/2019\/12\/06\/mercosul-fecha-sete-acordos-em-dois-dias-de-cupula-no-rs\/#breadcrumb","itemListElement":[{"@type":"ListItem","position":1,"name":"Home","item":"https:\/\/dana.com.br\/canaldana\/"},{"@type":"ListItem","position":2,"name":"Mercado","item":"https:\/\/dana.com.br\/canaldana\/mercado\/"},{"@type":"ListItem","position":3,"name":"Mercosul fecha sete acordos em dois dias de c\u00fapula no RS"}]},{"@type":"WebSite","@id":"https:\/\/dana.com.br\/canaldana\/#website","url":"https:\/\/dana.com.br\/canaldana\/","name":"Canal Dana","description":"Informativo com as principais not\u00edcias da ind\u00fastria automotiva","potentialAction":[{"@type":"SearchAction","target":{"@type":"EntryPoint","urlTemplate":"https:\/\/dana.com.br\/canaldana\/?s={search_term_string}"},"query-input":{"@type":"PropertyValueSpecification","valueRequired":true,"valueName":"search_term_string"}}],"inLanguage":"pt-BR"},{"@type":"Person","@id":"https:\/\/dana.com.br\/canaldana\/#\/schema\/person\/3c21f22f56fcf3bc46b94bc60ea4fef6","name":"Canal Dana","image":{"@type":"ImageObject","inLanguage":"pt-BR","@id":"https:\/\/secure.gravatar.com\/avatar\/420aaf9278582877d9018637c6817617705899d2858d7572ef0fe59a6b6454b4?s=96&d=mm&r=g","url":"https:\/\/secure.gravatar.com\/avatar\/420aaf9278582877d9018637c6817617705899d2858d7572ef0fe59a6b6454b4?s=96&d=mm&r=g","contentUrl":"https:\/\/secure.gravatar.com\/avatar\/420aaf9278582877d9018637c6817617705899d2858d7572ef0fe59a6b6454b4?s=96&d=mm&r=g","caption":"Canal Dana"},"url":"https:\/\/dana.com.br\/canaldana\/author\/cdeditor\/"}]}},"_links":{"self":[{"href":"https:\/\/dana.com.br\/canaldana\/wp-json\/wp\/v2\/posts\/39194","targetHints":{"allow":["GET"]}}],"collection":[{"href":"https:\/\/dana.com.br\/canaldana\/wp-json\/wp\/v2\/posts"}],"about":[{"href":"https:\/\/dana.com.br\/canaldana\/wp-json\/wp\/v2\/types\/post"}],"author":[{"embeddable":true,"href":"https:\/\/dana.com.br\/canaldana\/wp-json\/wp\/v2\/users\/3"}],"replies":[{"embeddable":true,"href":"https:\/\/dana.com.br\/canaldana\/wp-json\/wp\/v2\/comments?post=39194"}],"version-history":[{"count":0,"href":"https:\/\/dana.com.br\/canaldana\/wp-json\/wp\/v2\/posts\/39194\/revisions"}],"wp:attachment":[{"href":"https:\/\/dana.com.br\/canaldana\/wp-json\/wp\/v2\/media?parent=39194"}],"wp:term":[{"taxonomy":"category","embeddable":true,"href":"https:\/\/dana.com.br\/canaldana\/wp-json\/wp\/v2\/categories?post=39194"},{"taxonomy":"post_tag","embeddable":true,"href":"https:\/\/dana.com.br\/canaldana\/wp-json\/wp\/v2\/tags?post=39194"}],"curies":[{"name":"wp","href":"https:\/\/api.w.org\/{rel}","templated":true}]}}