{"id":39165,"date":"2019-12-05T08:33:29","date_gmt":"2019-12-05T11:33:29","guid":{"rendered":"https:\/\/dana.com.br\/canaldana\/?p=39165"},"modified":"2019-12-05T08:33:29","modified_gmt":"2019-12-05T11:33:29","slug":"ernesto-araujo-diz-que-brasil-conseguiu-desinstrumentalizar-o-mercosul","status":"publish","type":"post","link":"https:\/\/dana.com.br\/canaldana\/2019\/12\/05\/ernesto-araujo-diz-que-brasil-conseguiu-desinstrumentalizar-o-mercosul\/","title":{"rendered":"Ernesto Ara\u00fajo diz que Brasil conseguiu &#8220;desinstrumentalizar o Mercosul&#8221;"},"content":{"rendered":"<p><em>O Estado de S. Paulo <\/em><\/p>\n<p>&nbsp;<\/p>\n<p>O ministro da Rela\u00e7\u00f5es Exteriores, Ernesto Ara\u00fajo, atacou o socialismo e afirmou que o Mercosul est\u00e1 &#8220;desinstrumentalizado&#8221; ao abrir nesta quarta-feira, 4, o encontro entre chanceleres da 55\u00aa C\u00fapula do Mercosul, em Bento Gon\u00e7alves, no Rio Grande do Sul.<\/p>\n<p>&nbsp;<\/p>\n<p>A declara\u00e7\u00e3o acontece em meio a uma tens\u00e3o no bloco econ\u00f4mico em fun\u00e7\u00e3o da mudan\u00e7a de governo na Argentina, que elegeu para presidente Alberto Fern\u00e1ndez ao lado de Cristina Kirchner como vice. Ele assume o posto de Maur\u00edcio Macri na pr\u00f3xima semana.<\/p>\n<p>&nbsp;<\/p>\n<p>Ara\u00fajo n\u00e3o citou a Argentina. Lamentou a situa\u00e7\u00e3o da Venezuela e criticou o socialismo. &#8220;No Brasil, conseguimos parar esse trem. Conseguimos parar esse projeto que havia instrumentalizado o Mercosul. Conseguimos desinstrumentalizar o Mercosul. Queremos ajudar a parar esse trem em toda a regi\u00e3o. Os que querem recolocar o trem na marcha insana e destrutiva devemos chamar de ideol\u00f3gicos.&#8221; O Brasil est\u00e1 desde julho na presid\u00eancia rotativa do bloco, que passar\u00e1 para o Paraguai nesta quinta, 5.<\/p>\n<p>&nbsp;<\/p>\n<p>&#8220;Ideologia \u00e9 um sistema que se imp\u00f5e e nega a realidade para exercer o poder&#8221;, disse o chanceler brasileiro &#8220;Assim era em nossa regi\u00e3o. Tentamos crescer com protecionismo, alguns insistem nesse caminho. Isso \u00e9 ideologia. Na Venezuela, vemos isso infelizmente de maneira clara. O socialismo \u00e9 feito para n\u00e3o funcionar porque garante o poder aos que o exercem e n\u00e3o pensa no bem-estar das pessoas.&#8221;<\/p>\n<p>&nbsp;<\/p>\n<p>Ara\u00fajo diz querer ver o Mercosul &#8220;\u00e0 luz do sol&#8221;, e n\u00e3o &#8220;na caverna&#8221;. &#8220;O Mercosul fechado e mal posicionado nos valores e com a bandeira de isolamento n\u00e3o \u00e9 o Mercosul que queremos. Estamos prontos para trabalhar por um Mercosul \u00e0 luz do sol. N\u00e3o queremos pontes para um passado recente e desastroso. Queremos uma marcha por um futuro melhor.&#8221;<\/p>\n<p>&nbsp;<\/p>\n<p><strong>Mercosul <\/strong><\/p>\n<p>&nbsp;<\/p>\n<p>O presidente Jair Bolsonaro estar\u00e1 na quinta em Bento Gon\u00e7alves para participar da C\u00fapula. Al\u00e9m de Ara\u00fajo, tamb\u00e9m participam do evento os ministros Paulo Guedes (Economia), Tereza Cristina (Agricultura), Luiz Fernando Mandetta (Sa\u00fade), Osmar Terra (Cidadania) e o presidente do Banco Central, Roberto Campos Neto.<\/p>\n<p>&nbsp;<\/p>\n<p>Bolsonaro chega na manh\u00e3 de quinta em Porto Alegre e viaja de helic\u00f3ptero at\u00e9 o Hotel e Spa do Vinho, onde os l\u00edderes se encontram em Bento Gon\u00e7alves. Seu primeiro compromisso ser\u00e1 uma reuni\u00e3o com o presidente paraguaio Mario Abdo Ben\u00edtez.<\/p>\n<p>&nbsp;<\/p>\n<p>Al\u00e9m de Ben\u00edtez, confirmaram presen\u00e7a na C\u00fapula o argentino Macri e a vice-presidente do Uruguai Lucia Topolansky. O Estad\u00e3o mostrou que a c\u00fapula deve ter dificuldades para encaminhar assuntos importantes como a discuss\u00e3o sobre redu\u00e7\u00e3o da tarifa externa comum (TEC), atualmente em 35%. O motivo s\u00e3o as mudan\u00e7as de governo na Argentina e tamb\u00e9m no Uruguai, onde Tabar\u00e9 Vasqu\u00e9z deixar\u00e1 o posto para Luiz Lacalle Pou assumir.<\/p>\n<p>&nbsp;<\/p>\n<p><strong>Argentina e Uruguai defendem papel do Mercosul<\/strong><\/p>\n<p>&nbsp;<\/p>\n<p>Em sua \u00faltima reuni\u00e3o do Mercosul antes de ser substitu\u00eddo pelo representante do rec\u00e9m-eleito Alberto Fern\u00e1ndez, o chanceler argentino Jorge Faurie afirmou que uma eventual n\u00e3o exist\u00eancia ou sa\u00edda do bloco seria \u201cmuito negativa para a Argentina\u201d.<\/p>\n<p>&nbsp;<\/p>\n<p>\u201cAo longo desses anos todos temos seguido no Mercosul porque os custos de parar seriam muito superiores. O ano de 2019 nos mostrou que muito se pode fazer para avan\u00e7ar para que Mercosul seja ferramenta plena\u201d, disse, completando: \u201cAcredito que Mercosul deve ser motor de mudan\u00e7a e transforma\u00e7\u00e3o dos nossos pa\u00edses\u201d, afirmou.<\/p>\n<p>&nbsp;<\/p>\n<p>Ele destacou o avan\u00e7o em uma pol\u00edtica automotiva \u00fanica no bloco \u2013 o que contou com resist\u00eancia argentina durante os \u00faltimos anos \u2013 e afirmou esperar que a Argentina continue a \u201cse apresentar forma aberta, est\u00e1vel e competitiva frente ao mundo\u201d. Tamb\u00e9m de sa\u00edda do bloco, ap\u00f3s a elei\u00e7\u00e3o de Luis Lacalle Pou, o chanceler uruguaio Rodolfo Nin Novoa exaltou as conquistas do bloco nos \u00faltimos anos. \u201cOs governos passam e as na\u00e7\u00f5es permanecem\u201d, disse, num discurso emocionado. (O Estado de S. Paulo\/Matheus Lara e B\u00e1rbara Nascimento)<\/p>\n","protected":false},"excerpt":{"rendered":"<p>O Estado de S. Paulo &nbsp; O ministro da Rela\u00e7\u00f5es Exteriores, Ernesto Ara\u00fajo, atacou o socialismo e afirmou que o Mercosul est\u00e1 &#8220;desinstrumentalizado&#8221; ao abrir nesta quarta-feira, 4, o encontro entre chanceleres da 55\u00aa C\u00fapula do Mercosul, em Bento Gon\u00e7alves, no Rio Grande do Sul. &nbsp; A declara\u00e7\u00e3o acontece em meio a uma tens\u00e3o no\u2026 <a class=\"readmore\" href=\"https:\/\/dana.com.br\/canaldana\/2019\/12\/05\/ernesto-araujo-diz-que-brasil-conseguiu-desinstrumentalizar-o-mercosul\/\">Leia mais \u00bb<\/a><\/p>\n","protected":false},"author":3,"featured_media":0,"comment_status":"closed","ping_status":"closed","sticky":false,"template":"","format":"standard","meta":{"_acf_changed":false,"footnotes":""},"categories":[79],"tags":[],"class_list":["post-39165","post","type-post","status-publish","format-standard","hentry","category-mercado"],"acf":[],"yoast_head":"<!-- This site is optimized with the Yoast SEO plugin v27.5 - https:\/\/yoast.com\/product\/yoast-seo-wordpress\/ -->\n<title>Ernesto Ara\u00fajo diz que Brasil conseguiu &quot;desinstrumentalizar o Mercosul&quot; - Canal Dana<\/title>\n<meta name=\"robots\" content=\"index, follow, max-snippet:-1, max-image-preview:large, max-video-preview:-1\" \/>\n<link rel=\"canonical\" href=\"https:\/\/dana.com.br\/canaldana\/2019\/12\/05\/ernesto-araujo-diz-que-brasil-conseguiu-desinstrumentalizar-o-mercosul\/\" \/>\n<meta property=\"og:locale\" content=\"pt_BR\" \/>\n<meta property=\"og:type\" content=\"article\" \/>\n<meta property=\"og:title\" content=\"Ernesto Ara\u00fajo diz que Brasil conseguiu &quot;desinstrumentalizar o Mercosul&quot; - Canal Dana\" \/>\n<meta property=\"og:description\" content=\"O Estado de S. Paulo &nbsp; O ministro da Rela\u00e7\u00f5es Exteriores, Ernesto Ara\u00fajo, atacou o socialismo e afirmou que o Mercosul est\u00e1 &#8220;desinstrumentalizado&#8221; ao abrir nesta quarta-feira, 4, o encontro entre chanceleres da 55\u00aa C\u00fapula do Mercosul, em Bento Gon\u00e7alves, no Rio Grande do Sul. &nbsp; A declara\u00e7\u00e3o acontece em meio a uma tens\u00e3o no\u2026 Leia mais \u00bb\" \/>\n<meta property=\"og:url\" content=\"https:\/\/dana.com.br\/canaldana\/2019\/12\/05\/ernesto-araujo-diz-que-brasil-conseguiu-desinstrumentalizar-o-mercosul\/\" \/>\n<meta property=\"og:site_name\" content=\"Canal Dana\" \/>\n<meta property=\"article:published_time\" content=\"2019-12-05T11:33:29+00:00\" \/>\n<meta name=\"author\" content=\"Canal Dana\" \/>\n<meta name=\"twitter:card\" content=\"summary_large_image\" \/>\n<meta name=\"twitter:label1\" content=\"Escrito por\" \/>\n\t<meta name=\"twitter:data1\" content=\"Canal Dana\" \/>\n\t<meta name=\"twitter:label2\" content=\"Est. tempo de leitura\" \/>\n\t<meta name=\"twitter:data2\" content=\"3 minutos\" \/>\n<script type=\"application\/ld+json\" class=\"yoast-schema-graph\">{\"@context\":\"https:\\\/\\\/schema.org\",\"@graph\":[{\"@type\":\"Article\",\"@id\":\"https:\\\/\\\/dana.com.br\\\/canaldana\\\/2019\\\/12\\\/05\\\/ernesto-araujo-diz-que-brasil-conseguiu-desinstrumentalizar-o-mercosul\\\/#article\",\"isPartOf\":{\"@id\":\"https:\\\/\\\/dana.com.br\\\/canaldana\\\/2019\\\/12\\\/05\\\/ernesto-araujo-diz-que-brasil-conseguiu-desinstrumentalizar-o-mercosul\\\/\"},\"author\":{\"name\":\"Canal Dana\",\"@id\":\"https:\\\/\\\/dana.com.br\\\/canaldana\\\/#\\\/schema\\\/person\\\/3c21f22f56fcf3bc46b94bc60ea4fef6\"},\"headline\":\"Ernesto Ara\u00fajo diz que Brasil conseguiu &#8220;desinstrumentalizar o Mercosul&#8221;\",\"datePublished\":\"2019-12-05T11:33:29+00:00\",\"mainEntityOfPage\":{\"@id\":\"https:\\\/\\\/dana.com.br\\\/canaldana\\\/2019\\\/12\\\/05\\\/ernesto-araujo-diz-que-brasil-conseguiu-desinstrumentalizar-o-mercosul\\\/\"},\"wordCount\":706,\"articleSection\":[\"Mercado\"],\"inLanguage\":\"pt-BR\"},{\"@type\":\"WebPage\",\"@id\":\"https:\\\/\\\/dana.com.br\\\/canaldana\\\/2019\\\/12\\\/05\\\/ernesto-araujo-diz-que-brasil-conseguiu-desinstrumentalizar-o-mercosul\\\/\",\"url\":\"https:\\\/\\\/dana.com.br\\\/canaldana\\\/2019\\\/12\\\/05\\\/ernesto-araujo-diz-que-brasil-conseguiu-desinstrumentalizar-o-mercosul\\\/\",\"name\":\"Ernesto Ara\u00fajo diz que Brasil conseguiu \\\"desinstrumentalizar o Mercosul\\\" - Canal Dana\",\"isPartOf\":{\"@id\":\"https:\\\/\\\/dana.com.br\\\/canaldana\\\/#website\"},\"datePublished\":\"2019-12-05T11:33:29+00:00\",\"author\":{\"@id\":\"https:\\\/\\\/dana.com.br\\\/canaldana\\\/#\\\/schema\\\/person\\\/3c21f22f56fcf3bc46b94bc60ea4fef6\"},\"breadcrumb\":{\"@id\":\"https:\\\/\\\/dana.com.br\\\/canaldana\\\/2019\\\/12\\\/05\\\/ernesto-araujo-diz-que-brasil-conseguiu-desinstrumentalizar-o-mercosul\\\/#breadcrumb\"},\"inLanguage\":\"pt-BR\",\"potentialAction\":[{\"@type\":\"ReadAction\",\"target\":[\"https:\\\/\\\/dana.com.br\\\/canaldana\\\/2019\\\/12\\\/05\\\/ernesto-araujo-diz-que-brasil-conseguiu-desinstrumentalizar-o-mercosul\\\/\"]}]},{\"@type\":\"BreadcrumbList\",\"@id\":\"https:\\\/\\\/dana.com.br\\\/canaldana\\\/2019\\\/12\\\/05\\\/ernesto-araujo-diz-que-brasil-conseguiu-desinstrumentalizar-o-mercosul\\\/#breadcrumb\",\"itemListElement\":[{\"@type\":\"ListItem\",\"position\":1,\"name\":\"Home\",\"item\":\"https:\\\/\\\/dana.com.br\\\/canaldana\\\/\"},{\"@type\":\"ListItem\",\"position\":2,\"name\":\"Mercado\",\"item\":\"https:\\\/\\\/dana.com.br\\\/canaldana\\\/mercado\\\/\"},{\"@type\":\"ListItem\",\"position\":3,\"name\":\"Ernesto Ara\u00fajo diz que Brasil conseguiu &#8220;desinstrumentalizar o Mercosul&#8221;\"}]},{\"@type\":\"WebSite\",\"@id\":\"https:\\\/\\\/dana.com.br\\\/canaldana\\\/#website\",\"url\":\"https:\\\/\\\/dana.com.br\\\/canaldana\\\/\",\"name\":\"Canal Dana\",\"description\":\"Informativo com as principais not\u00edcias da ind\u00fastria automotiva\",\"potentialAction\":[{\"@type\":\"SearchAction\",\"target\":{\"@type\":\"EntryPoint\",\"urlTemplate\":\"https:\\\/\\\/dana.com.br\\\/canaldana\\\/?s={search_term_string}\"},\"query-input\":{\"@type\":\"PropertyValueSpecification\",\"valueRequired\":true,\"valueName\":\"search_term_string\"}}],\"inLanguage\":\"pt-BR\"},{\"@type\":\"Person\",\"@id\":\"https:\\\/\\\/dana.com.br\\\/canaldana\\\/#\\\/schema\\\/person\\\/3c21f22f56fcf3bc46b94bc60ea4fef6\",\"name\":\"Canal Dana\",\"image\":{\"@type\":\"ImageObject\",\"inLanguage\":\"pt-BR\",\"@id\":\"https:\\\/\\\/secure.gravatar.com\\\/avatar\\\/420aaf9278582877d9018637c6817617705899d2858d7572ef0fe59a6b6454b4?s=96&d=mm&r=g\",\"url\":\"https:\\\/\\\/secure.gravatar.com\\\/avatar\\\/420aaf9278582877d9018637c6817617705899d2858d7572ef0fe59a6b6454b4?s=96&d=mm&r=g\",\"contentUrl\":\"https:\\\/\\\/secure.gravatar.com\\\/avatar\\\/420aaf9278582877d9018637c6817617705899d2858d7572ef0fe59a6b6454b4?s=96&d=mm&r=g\",\"caption\":\"Canal Dana\"},\"url\":\"https:\\\/\\\/dana.com.br\\\/canaldana\\\/author\\\/cdeditor\\\/\"}]}<\/script>\n<!-- \/ Yoast SEO plugin. -->","yoast_head_json":{"title":"Ernesto Ara\u00fajo diz que Brasil conseguiu \"desinstrumentalizar o Mercosul\" - Canal Dana","robots":{"index":"index","follow":"follow","max-snippet":"max-snippet:-1","max-image-preview":"max-image-preview:large","max-video-preview":"max-video-preview:-1"},"canonical":"https:\/\/dana.com.br\/canaldana\/2019\/12\/05\/ernesto-araujo-diz-que-brasil-conseguiu-desinstrumentalizar-o-mercosul\/","og_locale":"pt_BR","og_type":"article","og_title":"Ernesto Ara\u00fajo diz que Brasil conseguiu \"desinstrumentalizar o Mercosul\" - Canal Dana","og_description":"O Estado de S. Paulo &nbsp; O ministro da Rela\u00e7\u00f5es Exteriores, Ernesto Ara\u00fajo, atacou o socialismo e afirmou que o Mercosul est\u00e1 &#8220;desinstrumentalizado&#8221; ao abrir nesta quarta-feira, 4, o encontro entre chanceleres da 55\u00aa C\u00fapula do Mercosul, em Bento Gon\u00e7alves, no Rio Grande do Sul. &nbsp; A declara\u00e7\u00e3o acontece em meio a uma tens\u00e3o no\u2026 Leia mais \u00bb","og_url":"https:\/\/dana.com.br\/canaldana\/2019\/12\/05\/ernesto-araujo-diz-que-brasil-conseguiu-desinstrumentalizar-o-mercosul\/","og_site_name":"Canal Dana","article_published_time":"2019-12-05T11:33:29+00:00","author":"Canal Dana","twitter_card":"summary_large_image","twitter_misc":{"Escrito por":"Canal Dana","Est. tempo de leitura":"3 minutos"},"schema":{"@context":"https:\/\/schema.org","@graph":[{"@type":"Article","@id":"https:\/\/dana.com.br\/canaldana\/2019\/12\/05\/ernesto-araujo-diz-que-brasil-conseguiu-desinstrumentalizar-o-mercosul\/#article","isPartOf":{"@id":"https:\/\/dana.com.br\/canaldana\/2019\/12\/05\/ernesto-araujo-diz-que-brasil-conseguiu-desinstrumentalizar-o-mercosul\/"},"author":{"name":"Canal Dana","@id":"https:\/\/dana.com.br\/canaldana\/#\/schema\/person\/3c21f22f56fcf3bc46b94bc60ea4fef6"},"headline":"Ernesto Ara\u00fajo diz que Brasil conseguiu &#8220;desinstrumentalizar o Mercosul&#8221;","datePublished":"2019-12-05T11:33:29+00:00","mainEntityOfPage":{"@id":"https:\/\/dana.com.br\/canaldana\/2019\/12\/05\/ernesto-araujo-diz-que-brasil-conseguiu-desinstrumentalizar-o-mercosul\/"},"wordCount":706,"articleSection":["Mercado"],"inLanguage":"pt-BR"},{"@type":"WebPage","@id":"https:\/\/dana.com.br\/canaldana\/2019\/12\/05\/ernesto-araujo-diz-que-brasil-conseguiu-desinstrumentalizar-o-mercosul\/","url":"https:\/\/dana.com.br\/canaldana\/2019\/12\/05\/ernesto-araujo-diz-que-brasil-conseguiu-desinstrumentalizar-o-mercosul\/","name":"Ernesto Ara\u00fajo diz que Brasil conseguiu \"desinstrumentalizar o Mercosul\" - Canal Dana","isPartOf":{"@id":"https:\/\/dana.com.br\/canaldana\/#website"},"datePublished":"2019-12-05T11:33:29+00:00","author":{"@id":"https:\/\/dana.com.br\/canaldana\/#\/schema\/person\/3c21f22f56fcf3bc46b94bc60ea4fef6"},"breadcrumb":{"@id":"https:\/\/dana.com.br\/canaldana\/2019\/12\/05\/ernesto-araujo-diz-que-brasil-conseguiu-desinstrumentalizar-o-mercosul\/#breadcrumb"},"inLanguage":"pt-BR","potentialAction":[{"@type":"ReadAction","target":["https:\/\/dana.com.br\/canaldana\/2019\/12\/05\/ernesto-araujo-diz-que-brasil-conseguiu-desinstrumentalizar-o-mercosul\/"]}]},{"@type":"BreadcrumbList","@id":"https:\/\/dana.com.br\/canaldana\/2019\/12\/05\/ernesto-araujo-diz-que-brasil-conseguiu-desinstrumentalizar-o-mercosul\/#breadcrumb","itemListElement":[{"@type":"ListItem","position":1,"name":"Home","item":"https:\/\/dana.com.br\/canaldana\/"},{"@type":"ListItem","position":2,"name":"Mercado","item":"https:\/\/dana.com.br\/canaldana\/mercado\/"},{"@type":"ListItem","position":3,"name":"Ernesto Ara\u00fajo diz que Brasil conseguiu &#8220;desinstrumentalizar o Mercosul&#8221;"}]},{"@type":"WebSite","@id":"https:\/\/dana.com.br\/canaldana\/#website","url":"https:\/\/dana.com.br\/canaldana\/","name":"Canal Dana","description":"Informativo com as principais not\u00edcias da ind\u00fastria automotiva","potentialAction":[{"@type":"SearchAction","target":{"@type":"EntryPoint","urlTemplate":"https:\/\/dana.com.br\/canaldana\/?s={search_term_string}"},"query-input":{"@type":"PropertyValueSpecification","valueRequired":true,"valueName":"search_term_string"}}],"inLanguage":"pt-BR"},{"@type":"Person","@id":"https:\/\/dana.com.br\/canaldana\/#\/schema\/person\/3c21f22f56fcf3bc46b94bc60ea4fef6","name":"Canal Dana","image":{"@type":"ImageObject","inLanguage":"pt-BR","@id":"https:\/\/secure.gravatar.com\/avatar\/420aaf9278582877d9018637c6817617705899d2858d7572ef0fe59a6b6454b4?s=96&d=mm&r=g","url":"https:\/\/secure.gravatar.com\/avatar\/420aaf9278582877d9018637c6817617705899d2858d7572ef0fe59a6b6454b4?s=96&d=mm&r=g","contentUrl":"https:\/\/secure.gravatar.com\/avatar\/420aaf9278582877d9018637c6817617705899d2858d7572ef0fe59a6b6454b4?s=96&d=mm&r=g","caption":"Canal Dana"},"url":"https:\/\/dana.com.br\/canaldana\/author\/cdeditor\/"}]}},"_links":{"self":[{"href":"https:\/\/dana.com.br\/canaldana\/wp-json\/wp\/v2\/posts\/39165","targetHints":{"allow":["GET"]}}],"collection":[{"href":"https:\/\/dana.com.br\/canaldana\/wp-json\/wp\/v2\/posts"}],"about":[{"href":"https:\/\/dana.com.br\/canaldana\/wp-json\/wp\/v2\/types\/post"}],"author":[{"embeddable":true,"href":"https:\/\/dana.com.br\/canaldana\/wp-json\/wp\/v2\/users\/3"}],"replies":[{"embeddable":true,"href":"https:\/\/dana.com.br\/canaldana\/wp-json\/wp\/v2\/comments?post=39165"}],"version-history":[{"count":0,"href":"https:\/\/dana.com.br\/canaldana\/wp-json\/wp\/v2\/posts\/39165\/revisions"}],"wp:attachment":[{"href":"https:\/\/dana.com.br\/canaldana\/wp-json\/wp\/v2\/media?parent=39165"}],"wp:term":[{"taxonomy":"category","embeddable":true,"href":"https:\/\/dana.com.br\/canaldana\/wp-json\/wp\/v2\/categories?post=39165"},{"taxonomy":"post_tag","embeddable":true,"href":"https:\/\/dana.com.br\/canaldana\/wp-json\/wp\/v2\/tags?post=39165"}],"curies":[{"name":"wp","href":"https:\/\/api.w.org\/{rel}","templated":true}]}}