{"id":39122,"date":"2019-12-04T08:27:40","date_gmt":"2019-12-04T11:27:40","guid":{"rendered":"https:\/\/dana.com.br\/canaldana\/?p=39122"},"modified":"2019-12-04T08:27:40","modified_gmt":"2019-12-04T11:27:40","slug":"viacao-princesa-doeste-de-campinas-compra-quatro-novos-micro-onibus","status":"publish","type":"post","link":"https:\/\/dana.com.br\/canaldana\/2019\/12\/04\/viacao-princesa-doeste-de-campinas-compra-quatro-novos-micro-onibus\/","title":{"rendered":"Via\u00e7\u00e3o Princesa d\u2019Oeste, de Campinas, compra quatro novos micro-\u00f4nibus"},"content":{"rendered":"<p><em>Di\u00e1rio do Transporte<\/em><\/p>\n<p>&nbsp;<\/p>\n<p>A Via\u00e7\u00e3o Princesa d\u2019Oeste, de Campinas, no interior de S\u00e3o Paulo, comprou quatro novos micro-\u00f4nibus Volare do modelo Attack 8 Escolar. Os ve\u00edculos foram incorporados \u00e0 frota da operadora, que no final do ano passado havia comprado 12 micro-\u00f4nibus Fly 9, da mesma marca.<\/p>\n<p>&nbsp;<\/p>\n<p>O modelo adquirido na concession\u00e1ria Attiva, conta com poltronas escolares na configura\u00e7\u00e3o 3\u00d72, assoalho em acabamento que imita madeira, janelas com vidro superior m\u00f3vel, dois renovadores de ar no teto, itiner\u00e1rio eletr\u00f4nico e porta- pacotes, segundo a fabricante.<\/p>\n<p>&nbsp;<\/p>\n<p>\u201cOs ve\u00edculos foram desenvolvidos com configura\u00e7\u00e3o interna para transportar 44 estudantes com total conforto, seguran\u00e7a e agilidade. Equipado com motor Cummins ISF 3.8 Euro 5, com 152 cv de pot\u00eancia, o Volare Attack 8 apresenta menor consumo de combust\u00edvel, garantindo economia e rentabilidade\u201d, informou a Volare, em nota. (Di\u00e1rio do Transporte\/Jessica Marques)<\/p>\n","protected":false},"excerpt":{"rendered":"<p>Di\u00e1rio do Transporte &nbsp; A Via\u00e7\u00e3o Princesa d\u2019Oeste, de Campinas, no interior de S\u00e3o Paulo, comprou quatro novos micro-\u00f4nibus Volare do modelo Attack 8 Escolar. Os ve\u00edculos foram incorporados \u00e0 frota da operadora, que no final do ano passado havia comprado 12 micro-\u00f4nibus Fly 9, da mesma marca. &nbsp; O modelo adquirido na concession\u00e1ria Attiva,\u2026 <a class=\"readmore\" href=\"https:\/\/dana.com.br\/canaldana\/2019\/12\/04\/viacao-princesa-doeste-de-campinas-compra-quatro-novos-micro-onibus\/\">Leia mais \u00bb<\/a><\/p>\n","protected":false},"author":3,"featured_media":0,"comment_status":"closed","ping_status":"closed","sticky":false,"template":"","format":"standard","meta":{"_acf_changed":false,"footnotes":""},"categories":[79],"tags":[],"class_list":["post-39122","post","type-post","status-publish","format-standard","hentry","category-mercado"],"acf":[],"yoast_head":"<!-- This site is optimized with the Yoast SEO plugin v27.5 - https:\/\/yoast.com\/product\/yoast-seo-wordpress\/ -->\n<title>Via\u00e7\u00e3o Princesa d\u2019Oeste, de Campinas, compra quatro novos micro-\u00f4nibus - Canal Dana<\/title>\n<meta name=\"robots\" content=\"index, follow, max-snippet:-1, max-image-preview:large, max-video-preview:-1\" \/>\n<link rel=\"canonical\" href=\"https:\/\/dana.com.br\/canaldana\/2019\/12\/04\/viacao-princesa-doeste-de-campinas-compra-quatro-novos-micro-onibus\/\" \/>\n<meta property=\"og:locale\" content=\"pt_BR\" \/>\n<meta property=\"og:type\" content=\"article\" \/>\n<meta property=\"og:title\" content=\"Via\u00e7\u00e3o Princesa d\u2019Oeste, de Campinas, compra quatro novos micro-\u00f4nibus - Canal Dana\" \/>\n<meta property=\"og:description\" content=\"Di\u00e1rio do Transporte &nbsp; A Via\u00e7\u00e3o Princesa d\u2019Oeste, de Campinas, no interior de S\u00e3o Paulo, comprou quatro novos micro-\u00f4nibus Volare do modelo Attack 8 Escolar. Os ve\u00edculos foram incorporados \u00e0 frota da operadora, que no final do ano passado havia comprado 12 micro-\u00f4nibus Fly 9, da mesma marca. &nbsp; O modelo adquirido na concession\u00e1ria Attiva,\u2026 Leia mais \u00bb\" \/>\n<meta property=\"og:url\" content=\"https:\/\/dana.com.br\/canaldana\/2019\/12\/04\/viacao-princesa-doeste-de-campinas-compra-quatro-novos-micro-onibus\/\" \/>\n<meta property=\"og:site_name\" content=\"Canal Dana\" \/>\n<meta property=\"article:published_time\" content=\"2019-12-04T11:27:40+00:00\" \/>\n<meta name=\"author\" content=\"Canal Dana\" \/>\n<meta name=\"twitter:card\" content=\"summary_large_image\" \/>\n<meta name=\"twitter:label1\" content=\"Escrito por\" \/>\n\t<meta name=\"twitter:data1\" content=\"Canal Dana\" \/>\n\t<meta name=\"twitter:label2\" content=\"Est. tempo de leitura\" \/>\n\t<meta name=\"twitter:data2\" content=\"1 minuto\" \/>\n<script type=\"application\/ld+json\" class=\"yoast-schema-graph\">{\"@context\":\"https:\\\/\\\/schema.org\",\"@graph\":[{\"@type\":\"Article\",\"@id\":\"https:\\\/\\\/dana.com.br\\\/canaldana\\\/2019\\\/12\\\/04\\\/viacao-princesa-doeste-de-campinas-compra-quatro-novos-micro-onibus\\\/#article\",\"isPartOf\":{\"@id\":\"https:\\\/\\\/dana.com.br\\\/canaldana\\\/2019\\\/12\\\/04\\\/viacao-princesa-doeste-de-campinas-compra-quatro-novos-micro-onibus\\\/\"},\"author\":{\"name\":\"Canal Dana\",\"@id\":\"https:\\\/\\\/dana.com.br\\\/canaldana\\\/#\\\/schema\\\/person\\\/3c21f22f56fcf3bc46b94bc60ea4fef6\"},\"headline\":\"Via\u00e7\u00e3o Princesa d\u2019Oeste, de Campinas, compra quatro novos micro-\u00f4nibus\",\"datePublished\":\"2019-12-04T11:27:40+00:00\",\"mainEntityOfPage\":{\"@id\":\"https:\\\/\\\/dana.com.br\\\/canaldana\\\/2019\\\/12\\\/04\\\/viacao-princesa-doeste-de-campinas-compra-quatro-novos-micro-onibus\\\/\"},\"wordCount\":161,\"articleSection\":[\"Mercado\"],\"inLanguage\":\"pt-BR\"},{\"@type\":\"WebPage\",\"@id\":\"https:\\\/\\\/dana.com.br\\\/canaldana\\\/2019\\\/12\\\/04\\\/viacao-princesa-doeste-de-campinas-compra-quatro-novos-micro-onibus\\\/\",\"url\":\"https:\\\/\\\/dana.com.br\\\/canaldana\\\/2019\\\/12\\\/04\\\/viacao-princesa-doeste-de-campinas-compra-quatro-novos-micro-onibus\\\/\",\"name\":\"Via\u00e7\u00e3o Princesa d\u2019Oeste, de Campinas, compra quatro novos micro-\u00f4nibus - Canal Dana\",\"isPartOf\":{\"@id\":\"https:\\\/\\\/dana.com.br\\\/canaldana\\\/#website\"},\"datePublished\":\"2019-12-04T11:27:40+00:00\",\"author\":{\"@id\":\"https:\\\/\\\/dana.com.br\\\/canaldana\\\/#\\\/schema\\\/person\\\/3c21f22f56fcf3bc46b94bc60ea4fef6\"},\"breadcrumb\":{\"@id\":\"https:\\\/\\\/dana.com.br\\\/canaldana\\\/2019\\\/12\\\/04\\\/viacao-princesa-doeste-de-campinas-compra-quatro-novos-micro-onibus\\\/#breadcrumb\"},\"inLanguage\":\"pt-BR\",\"potentialAction\":[{\"@type\":\"ReadAction\",\"target\":[\"https:\\\/\\\/dana.com.br\\\/canaldana\\\/2019\\\/12\\\/04\\\/viacao-princesa-doeste-de-campinas-compra-quatro-novos-micro-onibus\\\/\"]}]},{\"@type\":\"BreadcrumbList\",\"@id\":\"https:\\\/\\\/dana.com.br\\\/canaldana\\\/2019\\\/12\\\/04\\\/viacao-princesa-doeste-de-campinas-compra-quatro-novos-micro-onibus\\\/#breadcrumb\",\"itemListElement\":[{\"@type\":\"ListItem\",\"position\":1,\"name\":\"Home\",\"item\":\"https:\\\/\\\/dana.com.br\\\/canaldana\\\/\"},{\"@type\":\"ListItem\",\"position\":2,\"name\":\"Mercado\",\"item\":\"https:\\\/\\\/dana.com.br\\\/canaldana\\\/mercado\\\/\"},{\"@type\":\"ListItem\",\"position\":3,\"name\":\"Via\u00e7\u00e3o Princesa d\u2019Oeste, de Campinas, compra quatro novos micro-\u00f4nibus\"}]},{\"@type\":\"WebSite\",\"@id\":\"https:\\\/\\\/dana.com.br\\\/canaldana\\\/#website\",\"url\":\"https:\\\/\\\/dana.com.br\\\/canaldana\\\/\",\"name\":\"Canal Dana\",\"description\":\"Informativo com as principais not\u00edcias da ind\u00fastria automotiva\",\"potentialAction\":[{\"@type\":\"SearchAction\",\"target\":{\"@type\":\"EntryPoint\",\"urlTemplate\":\"https:\\\/\\\/dana.com.br\\\/canaldana\\\/?s={search_term_string}\"},\"query-input\":{\"@type\":\"PropertyValueSpecification\",\"valueRequired\":true,\"valueName\":\"search_term_string\"}}],\"inLanguage\":\"pt-BR\"},{\"@type\":\"Person\",\"@id\":\"https:\\\/\\\/dana.com.br\\\/canaldana\\\/#\\\/schema\\\/person\\\/3c21f22f56fcf3bc46b94bc60ea4fef6\",\"name\":\"Canal Dana\",\"image\":{\"@type\":\"ImageObject\",\"inLanguage\":\"pt-BR\",\"@id\":\"https:\\\/\\\/secure.gravatar.com\\\/avatar\\\/420aaf9278582877d9018637c6817617705899d2858d7572ef0fe59a6b6454b4?s=96&d=mm&r=g\",\"url\":\"https:\\\/\\\/secure.gravatar.com\\\/avatar\\\/420aaf9278582877d9018637c6817617705899d2858d7572ef0fe59a6b6454b4?s=96&d=mm&r=g\",\"contentUrl\":\"https:\\\/\\\/secure.gravatar.com\\\/avatar\\\/420aaf9278582877d9018637c6817617705899d2858d7572ef0fe59a6b6454b4?s=96&d=mm&r=g\",\"caption\":\"Canal Dana\"},\"url\":\"https:\\\/\\\/dana.com.br\\\/canaldana\\\/author\\\/cdeditor\\\/\"}]}<\/script>\n<!-- \/ Yoast SEO plugin. -->","yoast_head_json":{"title":"Via\u00e7\u00e3o Princesa d\u2019Oeste, de Campinas, compra quatro novos micro-\u00f4nibus - Canal Dana","robots":{"index":"index","follow":"follow","max-snippet":"max-snippet:-1","max-image-preview":"max-image-preview:large","max-video-preview":"max-video-preview:-1"},"canonical":"https:\/\/dana.com.br\/canaldana\/2019\/12\/04\/viacao-princesa-doeste-de-campinas-compra-quatro-novos-micro-onibus\/","og_locale":"pt_BR","og_type":"article","og_title":"Via\u00e7\u00e3o Princesa d\u2019Oeste, de Campinas, compra quatro novos micro-\u00f4nibus - Canal Dana","og_description":"Di\u00e1rio do Transporte &nbsp; A Via\u00e7\u00e3o Princesa d\u2019Oeste, de Campinas, no interior de S\u00e3o Paulo, comprou quatro novos micro-\u00f4nibus Volare do modelo Attack 8 Escolar. Os ve\u00edculos foram incorporados \u00e0 frota da operadora, que no final do ano passado havia comprado 12 micro-\u00f4nibus Fly 9, da mesma marca. &nbsp; O modelo adquirido na concession\u00e1ria Attiva,\u2026 Leia mais \u00bb","og_url":"https:\/\/dana.com.br\/canaldana\/2019\/12\/04\/viacao-princesa-doeste-de-campinas-compra-quatro-novos-micro-onibus\/","og_site_name":"Canal Dana","article_published_time":"2019-12-04T11:27:40+00:00","author":"Canal Dana","twitter_card":"summary_large_image","twitter_misc":{"Escrito por":"Canal Dana","Est. tempo de leitura":"1 minuto"},"schema":{"@context":"https:\/\/schema.org","@graph":[{"@type":"Article","@id":"https:\/\/dana.com.br\/canaldana\/2019\/12\/04\/viacao-princesa-doeste-de-campinas-compra-quatro-novos-micro-onibus\/#article","isPartOf":{"@id":"https:\/\/dana.com.br\/canaldana\/2019\/12\/04\/viacao-princesa-doeste-de-campinas-compra-quatro-novos-micro-onibus\/"},"author":{"name":"Canal Dana","@id":"https:\/\/dana.com.br\/canaldana\/#\/schema\/person\/3c21f22f56fcf3bc46b94bc60ea4fef6"},"headline":"Via\u00e7\u00e3o Princesa d\u2019Oeste, de Campinas, compra quatro novos micro-\u00f4nibus","datePublished":"2019-12-04T11:27:40+00:00","mainEntityOfPage":{"@id":"https:\/\/dana.com.br\/canaldana\/2019\/12\/04\/viacao-princesa-doeste-de-campinas-compra-quatro-novos-micro-onibus\/"},"wordCount":161,"articleSection":["Mercado"],"inLanguage":"pt-BR"},{"@type":"WebPage","@id":"https:\/\/dana.com.br\/canaldana\/2019\/12\/04\/viacao-princesa-doeste-de-campinas-compra-quatro-novos-micro-onibus\/","url":"https:\/\/dana.com.br\/canaldana\/2019\/12\/04\/viacao-princesa-doeste-de-campinas-compra-quatro-novos-micro-onibus\/","name":"Via\u00e7\u00e3o Princesa d\u2019Oeste, de Campinas, compra quatro novos micro-\u00f4nibus - Canal Dana","isPartOf":{"@id":"https:\/\/dana.com.br\/canaldana\/#website"},"datePublished":"2019-12-04T11:27:40+00:00","author":{"@id":"https:\/\/dana.com.br\/canaldana\/#\/schema\/person\/3c21f22f56fcf3bc46b94bc60ea4fef6"},"breadcrumb":{"@id":"https:\/\/dana.com.br\/canaldana\/2019\/12\/04\/viacao-princesa-doeste-de-campinas-compra-quatro-novos-micro-onibus\/#breadcrumb"},"inLanguage":"pt-BR","potentialAction":[{"@type":"ReadAction","target":["https:\/\/dana.com.br\/canaldana\/2019\/12\/04\/viacao-princesa-doeste-de-campinas-compra-quatro-novos-micro-onibus\/"]}]},{"@type":"BreadcrumbList","@id":"https:\/\/dana.com.br\/canaldana\/2019\/12\/04\/viacao-princesa-doeste-de-campinas-compra-quatro-novos-micro-onibus\/#breadcrumb","itemListElement":[{"@type":"ListItem","position":1,"name":"Home","item":"https:\/\/dana.com.br\/canaldana\/"},{"@type":"ListItem","position":2,"name":"Mercado","item":"https:\/\/dana.com.br\/canaldana\/mercado\/"},{"@type":"ListItem","position":3,"name":"Via\u00e7\u00e3o Princesa d\u2019Oeste, de Campinas, compra quatro novos micro-\u00f4nibus"}]},{"@type":"WebSite","@id":"https:\/\/dana.com.br\/canaldana\/#website","url":"https:\/\/dana.com.br\/canaldana\/","name":"Canal Dana","description":"Informativo com as principais not\u00edcias da ind\u00fastria automotiva","potentialAction":[{"@type":"SearchAction","target":{"@type":"EntryPoint","urlTemplate":"https:\/\/dana.com.br\/canaldana\/?s={search_term_string}"},"query-input":{"@type":"PropertyValueSpecification","valueRequired":true,"valueName":"search_term_string"}}],"inLanguage":"pt-BR"},{"@type":"Person","@id":"https:\/\/dana.com.br\/canaldana\/#\/schema\/person\/3c21f22f56fcf3bc46b94bc60ea4fef6","name":"Canal Dana","image":{"@type":"ImageObject","inLanguage":"pt-BR","@id":"https:\/\/secure.gravatar.com\/avatar\/420aaf9278582877d9018637c6817617705899d2858d7572ef0fe59a6b6454b4?s=96&d=mm&r=g","url":"https:\/\/secure.gravatar.com\/avatar\/420aaf9278582877d9018637c6817617705899d2858d7572ef0fe59a6b6454b4?s=96&d=mm&r=g","contentUrl":"https:\/\/secure.gravatar.com\/avatar\/420aaf9278582877d9018637c6817617705899d2858d7572ef0fe59a6b6454b4?s=96&d=mm&r=g","caption":"Canal Dana"},"url":"https:\/\/dana.com.br\/canaldana\/author\/cdeditor\/"}]}},"_links":{"self":[{"href":"https:\/\/dana.com.br\/canaldana\/wp-json\/wp\/v2\/posts\/39122","targetHints":{"allow":["GET"]}}],"collection":[{"href":"https:\/\/dana.com.br\/canaldana\/wp-json\/wp\/v2\/posts"}],"about":[{"href":"https:\/\/dana.com.br\/canaldana\/wp-json\/wp\/v2\/types\/post"}],"author":[{"embeddable":true,"href":"https:\/\/dana.com.br\/canaldana\/wp-json\/wp\/v2\/users\/3"}],"replies":[{"embeddable":true,"href":"https:\/\/dana.com.br\/canaldana\/wp-json\/wp\/v2\/comments?post=39122"}],"version-history":[{"count":0,"href":"https:\/\/dana.com.br\/canaldana\/wp-json\/wp\/v2\/posts\/39122\/revisions"}],"wp:attachment":[{"href":"https:\/\/dana.com.br\/canaldana\/wp-json\/wp\/v2\/media?parent=39122"}],"wp:term":[{"taxonomy":"category","embeddable":true,"href":"https:\/\/dana.com.br\/canaldana\/wp-json\/wp\/v2\/categories?post=39122"},{"taxonomy":"post_tag","embeddable":true,"href":"https:\/\/dana.com.br\/canaldana\/wp-json\/wp\/v2\/tags?post=39122"}],"curies":[{"name":"wp","href":"https:\/\/api.w.org\/{rel}","templated":true}]}}