{"id":39120,"date":"2019-12-04T08:27:12","date_gmt":"2019-12-04T11:27:12","guid":{"rendered":"https:\/\/dana.com.br\/canaldana\/?p=39120"},"modified":"2019-12-04T08:27:12","modified_gmt":"2019-12-04T11:27:12","slug":"carro-na-enchente-como-agir-em-dias-de-chuva","status":"publish","type":"post","link":"https:\/\/dana.com.br\/canaldana\/2019\/12\/04\/carro-na-enchente-como-agir-em-dias-de-chuva\/","title":{"rendered":"Carro na enchente: como agir em dias de chuva"},"content":{"rendered":"<p><em>Blog do Ricardo Ribas<\/em><\/p>\n<p>&nbsp;<\/p>\n<p>Entre dezembro e mar\u00e7o, as chuvas na regi\u00e3o Sudeste do Brasil s\u00e3o mais intensas, e a popula\u00e7\u00e3o, principalmente dos grandes centros urbanos, teme com alagamentos nas vias. Alguns comportamentos b\u00e1sicos ajudam a evitar situa\u00e7\u00f5es de perigo nesse momento, como explica o CESVI Brasil (Centro de Experimenta\u00e7\u00e3o e Seguran\u00e7a Vi\u00e1ria).<\/p>\n<p>&nbsp;<\/p>\n<p>Para Emerson Feliciano, gerente s\u00eanior de pesquisa e desenvolvimento do CESVI Brasil, o condutor que atravessa uma via quando o n\u00edvel da \u00e1gua exp\u00f5e o ve\u00edculo a pane mec\u00e2nica e el\u00e9trica, sem contar que coloca em risco sua seguran\u00e7a. \u201cA \u00e1gua pode chegar ao motor e causar o cal\u00e7o hidr\u00e1ulico e contaminar o \u00f3leo lubrificante. O sistema de transmiss\u00e3o tamb\u00e9m pode ser afetado, principalmente os modelos autom\u00e1ticos\u201d.<\/p>\n<p>&nbsp;<\/p>\n<p>Na parte el\u00e9trica, outras pe\u00e7as e conjuntos podem ser afetados, como a caixa de fus\u00edveis, m\u00f3dulos, reles, conectores, far\u00f3is e lanternas. At\u00e9 estofamentos podem ser prejudicados.<\/p>\n<p>&nbsp;<\/p>\n<p>\u201cN\u00e3o \u00e9 aconselh\u00e1vel enfrentar uma \u00e1rea alagada, se o condutor precisar atravessar, \u00e9 imprescind\u00edvel que fique com a primeira marcha engatada o tempo todo ou acelere pouco em modelos autom\u00e1ticos, para evitar a entrada de \u00e1gua no interior do motor durante o trajeto\u201d, afirma.<\/p>\n<p>&nbsp;<\/p>\n<p>Vale lembrar que n\u00e3o \u00e9 recomendado tentar passar por trechos em que o alagamento ultrapasse a altura da metade das rodas do carro, como \u00e9 informado no manual do propriet\u00e1rio de diversos ve\u00edculos.<\/p>\n<p>&nbsp;<\/p>\n<p><strong>Como evitar preju\u00edzos nos carros em caso chuvas fortes<\/strong><\/p>\n<p>&nbsp;<\/p>\n<p>&#8211; Como manuten\u00e7\u00e3o preventiva relacionada ao per\u00edodo de chuvas, verifique o estado atual de itens como pneus e palhetas do para-brisa.<\/p>\n<p>&#8211; Confira todas as luzes de ilumina\u00e7\u00e3o do ve\u00edculo, como setas, far\u00f3is e luzes de freio.<\/p>\n<p>&#8211; Mantenha a velocidade baixa em primeira marcha, j\u00e1 que essa a\u00e7\u00e3o diminui a varia\u00e7\u00e3o do n\u00edvel de \u00e1gua. Para quem tem carros autom\u00e1ticos, a dica \u00e9 deixar o c\u00e2mbio na posi\u00e7\u00e3o 1 ou L, caso n\u00e3o haja op\u00e7\u00f5es de trocas manuais, pois assim a central vai manter a marcha constante.<\/p>\n<p>&#8211; Se o carro morrer em enchentes, n\u00e3o d\u00ea a partida novamente. Essa a\u00e7\u00e3o for\u00e7a o motor e pode piorar ainda mais a parte el\u00e9trica. Al\u00e9m disso, pode causar o cal\u00e7o hidr\u00e1ulico, que nada mais \u00e9 do que um dano pela entrada de \u00e1gua no cilindro do motor.<\/p>\n<p>&#8211; Evite seguir o caminho de \u00f4nibus e caminh\u00f5es. A travessia de ve\u00edculos pesados pode abaixar a \u00e1gua por um momento, mas as ondas provocadas por eles podem encobrir carros menores e aumenta a probabilidade de acidente.<\/p>\n<p>&nbsp;<\/p>\n<p><strong>O que checar no p\u00f3s-enchente<\/strong><\/p>\n<p>&nbsp;<\/p>\n<p>&#8211; Nos itens mec\u00e2nicos, \u00e9 necess\u00e1rio observar primeiro o \u00f3leo do motor, j\u00e1 que ele \u00e9 um dos indicadores da presen\u00e7a de \u00e1gua no motor.<\/p>\n<p>&#8211; Verifique se a \u00e1gua atingiu as \u00e1reas de admiss\u00e3o de ar, como o filtro, dutos e coletor de admiss\u00e3o.<\/p>\n<p>&#8211; \u00c9 importante identificar se o ve\u00edculo teve algum dano em bielas e nos pist\u00f5es no caso da admiss\u00e3o de \u00e1gua no interior do motor durante o funcionamento ou ap\u00f3s uma partida.<\/p>\n<p>&#8211; Na caixa de transmiss\u00e3o, veja se n\u00e3o houve a contamina\u00e7\u00e3o do \u00f3leo. O alerta \u00e9 ainda mais importante no caso de ve\u00edculos com transmiss\u00e3o autom\u00e1tica.<\/p>\n<p>&#8211; Depois de passar por um trecho alagado, v\u00e1 direto para sua oficina de confian\u00e7a e fa\u00e7a um check-up geral da parte mec\u00e2nica, el\u00e9trica, sistema de ventila\u00e7\u00e3o e at\u00e9 do estofamento que est\u00e1 sujeito \u00e0 contamina\u00e7\u00e3o por fungos e bact\u00e9rias em travessias de alagamentos. (Blog do Ricardo Ribas)<\/p>\n","protected":false},"excerpt":{"rendered":"<p>Blog do Ricardo Ribas &nbsp; Entre dezembro e mar\u00e7o, as chuvas na regi\u00e3o Sudeste do Brasil s\u00e3o mais intensas, e a popula\u00e7\u00e3o, principalmente dos grandes centros urbanos, teme com alagamentos nas vias. Alguns comportamentos b\u00e1sicos ajudam a evitar situa\u00e7\u00f5es de perigo nesse momento, como explica o CESVI Brasil (Centro de Experimenta\u00e7\u00e3o e Seguran\u00e7a Vi\u00e1ria). &nbsp;\u2026 <a class=\"readmore\" href=\"https:\/\/dana.com.br\/canaldana\/2019\/12\/04\/carro-na-enchente-como-agir-em-dias-de-chuva\/\">Leia mais \u00bb<\/a><\/p>\n","protected":false},"author":3,"featured_media":0,"comment_status":"closed","ping_status":"closed","sticky":false,"template":"","format":"standard","meta":{"_acf_changed":false,"footnotes":""},"categories":[79],"tags":[],"class_list":["post-39120","post","type-post","status-publish","format-standard","hentry","category-mercado"],"acf":[],"yoast_head":"<!-- This site is optimized with the Yoast SEO plugin v27.5 - https:\/\/yoast.com\/product\/yoast-seo-wordpress\/ -->\n<title>Carro na enchente: como agir em dias de chuva - Canal Dana<\/title>\n<meta name=\"robots\" content=\"index, follow, max-snippet:-1, max-image-preview:large, max-video-preview:-1\" \/>\n<link rel=\"canonical\" href=\"https:\/\/dana.com.br\/canaldana\/2019\/12\/04\/carro-na-enchente-como-agir-em-dias-de-chuva\/\" \/>\n<meta property=\"og:locale\" content=\"pt_BR\" \/>\n<meta property=\"og:type\" content=\"article\" \/>\n<meta property=\"og:title\" content=\"Carro na enchente: como agir em dias de chuva - Canal Dana\" \/>\n<meta property=\"og:description\" content=\"Blog do Ricardo Ribas &nbsp; Entre dezembro e mar\u00e7o, as chuvas na regi\u00e3o Sudeste do Brasil s\u00e3o mais intensas, e a popula\u00e7\u00e3o, principalmente dos grandes centros urbanos, teme com alagamentos nas vias. Alguns comportamentos b\u00e1sicos ajudam a evitar situa\u00e7\u00f5es de perigo nesse momento, como explica o CESVI Brasil (Centro de Experimenta\u00e7\u00e3o e Seguran\u00e7a Vi\u00e1ria). &nbsp;\u2026 Leia mais \u00bb\" \/>\n<meta property=\"og:url\" content=\"https:\/\/dana.com.br\/canaldana\/2019\/12\/04\/carro-na-enchente-como-agir-em-dias-de-chuva\/\" \/>\n<meta property=\"og:site_name\" content=\"Canal Dana\" \/>\n<meta property=\"article:published_time\" content=\"2019-12-04T11:27:12+00:00\" \/>\n<meta name=\"author\" content=\"Canal Dana\" \/>\n<meta name=\"twitter:card\" content=\"summary_large_image\" \/>\n<meta name=\"twitter:label1\" content=\"Escrito por\" \/>\n\t<meta name=\"twitter:data1\" content=\"Canal Dana\" \/>\n\t<meta name=\"twitter:label2\" content=\"Est. tempo de leitura\" \/>\n\t<meta name=\"twitter:data2\" content=\"3 minutos\" \/>\n<script type=\"application\/ld+json\" class=\"yoast-schema-graph\">{\"@context\":\"https:\\\/\\\/schema.org\",\"@graph\":[{\"@type\":\"Article\",\"@id\":\"https:\\\/\\\/dana.com.br\\\/canaldana\\\/2019\\\/12\\\/04\\\/carro-na-enchente-como-agir-em-dias-de-chuva\\\/#article\",\"isPartOf\":{\"@id\":\"https:\\\/\\\/dana.com.br\\\/canaldana\\\/2019\\\/12\\\/04\\\/carro-na-enchente-como-agir-em-dias-de-chuva\\\/\"},\"author\":{\"name\":\"Canal Dana\",\"@id\":\"https:\\\/\\\/dana.com.br\\\/canaldana\\\/#\\\/schema\\\/person\\\/3c21f22f56fcf3bc46b94bc60ea4fef6\"},\"headline\":\"Carro na enchente: como agir em dias de chuva\",\"datePublished\":\"2019-12-04T11:27:12+00:00\",\"mainEntityOfPage\":{\"@id\":\"https:\\\/\\\/dana.com.br\\\/canaldana\\\/2019\\\/12\\\/04\\\/carro-na-enchente-como-agir-em-dias-de-chuva\\\/\"},\"wordCount\":646,\"articleSection\":[\"Mercado\"],\"inLanguage\":\"pt-BR\"},{\"@type\":\"WebPage\",\"@id\":\"https:\\\/\\\/dana.com.br\\\/canaldana\\\/2019\\\/12\\\/04\\\/carro-na-enchente-como-agir-em-dias-de-chuva\\\/\",\"url\":\"https:\\\/\\\/dana.com.br\\\/canaldana\\\/2019\\\/12\\\/04\\\/carro-na-enchente-como-agir-em-dias-de-chuva\\\/\",\"name\":\"Carro na enchente: como agir em dias de chuva - Canal Dana\",\"isPartOf\":{\"@id\":\"https:\\\/\\\/dana.com.br\\\/canaldana\\\/#website\"},\"datePublished\":\"2019-12-04T11:27:12+00:00\",\"author\":{\"@id\":\"https:\\\/\\\/dana.com.br\\\/canaldana\\\/#\\\/schema\\\/person\\\/3c21f22f56fcf3bc46b94bc60ea4fef6\"},\"breadcrumb\":{\"@id\":\"https:\\\/\\\/dana.com.br\\\/canaldana\\\/2019\\\/12\\\/04\\\/carro-na-enchente-como-agir-em-dias-de-chuva\\\/#breadcrumb\"},\"inLanguage\":\"pt-BR\",\"potentialAction\":[{\"@type\":\"ReadAction\",\"target\":[\"https:\\\/\\\/dana.com.br\\\/canaldana\\\/2019\\\/12\\\/04\\\/carro-na-enchente-como-agir-em-dias-de-chuva\\\/\"]}]},{\"@type\":\"BreadcrumbList\",\"@id\":\"https:\\\/\\\/dana.com.br\\\/canaldana\\\/2019\\\/12\\\/04\\\/carro-na-enchente-como-agir-em-dias-de-chuva\\\/#breadcrumb\",\"itemListElement\":[{\"@type\":\"ListItem\",\"position\":1,\"name\":\"Home\",\"item\":\"https:\\\/\\\/dana.com.br\\\/canaldana\\\/\"},{\"@type\":\"ListItem\",\"position\":2,\"name\":\"Mercado\",\"item\":\"https:\\\/\\\/dana.com.br\\\/canaldana\\\/mercado\\\/\"},{\"@type\":\"ListItem\",\"position\":3,\"name\":\"Carro na enchente: como agir em dias de chuva\"}]},{\"@type\":\"WebSite\",\"@id\":\"https:\\\/\\\/dana.com.br\\\/canaldana\\\/#website\",\"url\":\"https:\\\/\\\/dana.com.br\\\/canaldana\\\/\",\"name\":\"Canal Dana\",\"description\":\"Informativo com as principais not\u00edcias da ind\u00fastria automotiva\",\"potentialAction\":[{\"@type\":\"SearchAction\",\"target\":{\"@type\":\"EntryPoint\",\"urlTemplate\":\"https:\\\/\\\/dana.com.br\\\/canaldana\\\/?s={search_term_string}\"},\"query-input\":{\"@type\":\"PropertyValueSpecification\",\"valueRequired\":true,\"valueName\":\"search_term_string\"}}],\"inLanguage\":\"pt-BR\"},{\"@type\":\"Person\",\"@id\":\"https:\\\/\\\/dana.com.br\\\/canaldana\\\/#\\\/schema\\\/person\\\/3c21f22f56fcf3bc46b94bc60ea4fef6\",\"name\":\"Canal Dana\",\"image\":{\"@type\":\"ImageObject\",\"inLanguage\":\"pt-BR\",\"@id\":\"https:\\\/\\\/secure.gravatar.com\\\/avatar\\\/420aaf9278582877d9018637c6817617705899d2858d7572ef0fe59a6b6454b4?s=96&d=mm&r=g\",\"url\":\"https:\\\/\\\/secure.gravatar.com\\\/avatar\\\/420aaf9278582877d9018637c6817617705899d2858d7572ef0fe59a6b6454b4?s=96&d=mm&r=g\",\"contentUrl\":\"https:\\\/\\\/secure.gravatar.com\\\/avatar\\\/420aaf9278582877d9018637c6817617705899d2858d7572ef0fe59a6b6454b4?s=96&d=mm&r=g\",\"caption\":\"Canal Dana\"},\"url\":\"https:\\\/\\\/dana.com.br\\\/canaldana\\\/author\\\/cdeditor\\\/\"}]}<\/script>\n<!-- \/ Yoast SEO plugin. -->","yoast_head_json":{"title":"Carro na enchente: como agir em dias de chuva - Canal Dana","robots":{"index":"index","follow":"follow","max-snippet":"max-snippet:-1","max-image-preview":"max-image-preview:large","max-video-preview":"max-video-preview:-1"},"canonical":"https:\/\/dana.com.br\/canaldana\/2019\/12\/04\/carro-na-enchente-como-agir-em-dias-de-chuva\/","og_locale":"pt_BR","og_type":"article","og_title":"Carro na enchente: como agir em dias de chuva - Canal Dana","og_description":"Blog do Ricardo Ribas &nbsp; Entre dezembro e mar\u00e7o, as chuvas na regi\u00e3o Sudeste do Brasil s\u00e3o mais intensas, e a popula\u00e7\u00e3o, principalmente dos grandes centros urbanos, teme com alagamentos nas vias. Alguns comportamentos b\u00e1sicos ajudam a evitar situa\u00e7\u00f5es de perigo nesse momento, como explica o CESVI Brasil (Centro de Experimenta\u00e7\u00e3o e Seguran\u00e7a Vi\u00e1ria). &nbsp;\u2026 Leia mais \u00bb","og_url":"https:\/\/dana.com.br\/canaldana\/2019\/12\/04\/carro-na-enchente-como-agir-em-dias-de-chuva\/","og_site_name":"Canal Dana","article_published_time":"2019-12-04T11:27:12+00:00","author":"Canal Dana","twitter_card":"summary_large_image","twitter_misc":{"Escrito por":"Canal Dana","Est. tempo de leitura":"3 minutos"},"schema":{"@context":"https:\/\/schema.org","@graph":[{"@type":"Article","@id":"https:\/\/dana.com.br\/canaldana\/2019\/12\/04\/carro-na-enchente-como-agir-em-dias-de-chuva\/#article","isPartOf":{"@id":"https:\/\/dana.com.br\/canaldana\/2019\/12\/04\/carro-na-enchente-como-agir-em-dias-de-chuva\/"},"author":{"name":"Canal Dana","@id":"https:\/\/dana.com.br\/canaldana\/#\/schema\/person\/3c21f22f56fcf3bc46b94bc60ea4fef6"},"headline":"Carro na enchente: como agir em dias de chuva","datePublished":"2019-12-04T11:27:12+00:00","mainEntityOfPage":{"@id":"https:\/\/dana.com.br\/canaldana\/2019\/12\/04\/carro-na-enchente-como-agir-em-dias-de-chuva\/"},"wordCount":646,"articleSection":["Mercado"],"inLanguage":"pt-BR"},{"@type":"WebPage","@id":"https:\/\/dana.com.br\/canaldana\/2019\/12\/04\/carro-na-enchente-como-agir-em-dias-de-chuva\/","url":"https:\/\/dana.com.br\/canaldana\/2019\/12\/04\/carro-na-enchente-como-agir-em-dias-de-chuva\/","name":"Carro na enchente: como agir em dias de chuva - Canal Dana","isPartOf":{"@id":"https:\/\/dana.com.br\/canaldana\/#website"},"datePublished":"2019-12-04T11:27:12+00:00","author":{"@id":"https:\/\/dana.com.br\/canaldana\/#\/schema\/person\/3c21f22f56fcf3bc46b94bc60ea4fef6"},"breadcrumb":{"@id":"https:\/\/dana.com.br\/canaldana\/2019\/12\/04\/carro-na-enchente-como-agir-em-dias-de-chuva\/#breadcrumb"},"inLanguage":"pt-BR","potentialAction":[{"@type":"ReadAction","target":["https:\/\/dana.com.br\/canaldana\/2019\/12\/04\/carro-na-enchente-como-agir-em-dias-de-chuva\/"]}]},{"@type":"BreadcrumbList","@id":"https:\/\/dana.com.br\/canaldana\/2019\/12\/04\/carro-na-enchente-como-agir-em-dias-de-chuva\/#breadcrumb","itemListElement":[{"@type":"ListItem","position":1,"name":"Home","item":"https:\/\/dana.com.br\/canaldana\/"},{"@type":"ListItem","position":2,"name":"Mercado","item":"https:\/\/dana.com.br\/canaldana\/mercado\/"},{"@type":"ListItem","position":3,"name":"Carro na enchente: como agir em dias de chuva"}]},{"@type":"WebSite","@id":"https:\/\/dana.com.br\/canaldana\/#website","url":"https:\/\/dana.com.br\/canaldana\/","name":"Canal Dana","description":"Informativo com as principais not\u00edcias da ind\u00fastria automotiva","potentialAction":[{"@type":"SearchAction","target":{"@type":"EntryPoint","urlTemplate":"https:\/\/dana.com.br\/canaldana\/?s={search_term_string}"},"query-input":{"@type":"PropertyValueSpecification","valueRequired":true,"valueName":"search_term_string"}}],"inLanguage":"pt-BR"},{"@type":"Person","@id":"https:\/\/dana.com.br\/canaldana\/#\/schema\/person\/3c21f22f56fcf3bc46b94bc60ea4fef6","name":"Canal Dana","image":{"@type":"ImageObject","inLanguage":"pt-BR","@id":"https:\/\/secure.gravatar.com\/avatar\/420aaf9278582877d9018637c6817617705899d2858d7572ef0fe59a6b6454b4?s=96&d=mm&r=g","url":"https:\/\/secure.gravatar.com\/avatar\/420aaf9278582877d9018637c6817617705899d2858d7572ef0fe59a6b6454b4?s=96&d=mm&r=g","contentUrl":"https:\/\/secure.gravatar.com\/avatar\/420aaf9278582877d9018637c6817617705899d2858d7572ef0fe59a6b6454b4?s=96&d=mm&r=g","caption":"Canal Dana"},"url":"https:\/\/dana.com.br\/canaldana\/author\/cdeditor\/"}]}},"_links":{"self":[{"href":"https:\/\/dana.com.br\/canaldana\/wp-json\/wp\/v2\/posts\/39120","targetHints":{"allow":["GET"]}}],"collection":[{"href":"https:\/\/dana.com.br\/canaldana\/wp-json\/wp\/v2\/posts"}],"about":[{"href":"https:\/\/dana.com.br\/canaldana\/wp-json\/wp\/v2\/types\/post"}],"author":[{"embeddable":true,"href":"https:\/\/dana.com.br\/canaldana\/wp-json\/wp\/v2\/users\/3"}],"replies":[{"embeddable":true,"href":"https:\/\/dana.com.br\/canaldana\/wp-json\/wp\/v2\/comments?post=39120"}],"version-history":[{"count":0,"href":"https:\/\/dana.com.br\/canaldana\/wp-json\/wp\/v2\/posts\/39120\/revisions"}],"wp:attachment":[{"href":"https:\/\/dana.com.br\/canaldana\/wp-json\/wp\/v2\/media?parent=39120"}],"wp:term":[{"taxonomy":"category","embeddable":true,"href":"https:\/\/dana.com.br\/canaldana\/wp-json\/wp\/v2\/categories?post=39120"},{"taxonomy":"post_tag","embeddable":true,"href":"https:\/\/dana.com.br\/canaldana\/wp-json\/wp\/v2\/tags?post=39120"}],"curies":[{"name":"wp","href":"https:\/\/api.w.org\/{rel}","templated":true}]}}