{"id":3909,"date":"2015-11-05T08:16:23","date_gmt":"2015-11-05T10:16:23","guid":{"rendered":"http:\/\/dana.com.br\/canaldana\/?p=3909"},"modified":"2015-11-05T08:16:23","modified_gmt":"2015-11-05T10:16:23","slug":"derpr-aprova-lei-que-autoriza-circulacao-de-bitrens-em-rodovias-estaduais","status":"publish","type":"post","link":"https:\/\/dana.com.br\/canaldana\/2015\/11\/05\/derpr-aprova-lei-que-autoriza-circulacao-de-bitrens-em-rodovias-estaduais\/","title":{"rendered":"DER\/PR aprova lei que autoriza circula\u00e7\u00e3o de &#8220;bitrens&#8221; em rodovias estaduais"},"content":{"rendered":"<p><em>Portal Fetranspar<\/em><\/p>\n<p>&nbsp;<\/p>\n<p>Um estudo iniciado em Cascavel, pelo Sintropar (Sindicato das Empresas de Transporte e Log\u00edstica do Oeste do Paran\u00e1), com apoio da Fetranspar e dos demais sindicatos das empresas de transporte de cargas do Estado, apontou a necessidade da regulamenta\u00e7\u00e3o do chamado \u201c9 eixos\u201d. &#8220;O setor se reuniu para reivindicar essa portaria, que \u00e9 mais uma conquista do TRC do Paran\u00e1 e que ir\u00e1 beneficiar o transportador&#8221;, diz o presidente da Fetranspar, S\u00e9rgio Malucelli.<\/p>\n<p>&nbsp;<\/p>\n<p>A regulamenta\u00e7\u00e3o da Lei Estadual n\u00b0 18.442\/2015, que autoriza, mediante certifica\u00e7\u00e3o especial, a circula\u00e7\u00e3o de ve\u00edculos de carga conhecidos como \u201cbitrens\u201d pelas estradas estaduais paranaenses que fazem parte do Anel de Integra\u00e7\u00e3o, se deu pela Portaria n\u00ba 329\/2015, do DER\/PR, publicada em Di\u00e1rio Oficial na \u00faltima ter\u00e7a-feira, 27.<\/p>\n<p>&nbsp;<\/p>\n<p>A medida \u00e9 v\u00e1lida somente para ve\u00edculos que apresentem a Autoriza\u00e7\u00e3o Especial de Tr\u00e2nsito (AET), fornecida pelo DER\/PR. Essa autoriza\u00e7\u00e3o ser\u00e1 concedida para ve\u00edculos que procederam as altera\u00e7\u00f5es necess\u00e1rias at\u00e9 o dia 31 de dezembro de 2011. Com a libera\u00e7\u00e3o, ficam autorizados a circular pelas rodovias paranaenses ve\u00edculos com peso bruto superior a 57 toneladas e m\u00e1ximo de 74 toneladas, e comprimento de 19,80 metros.<\/p>\n<p>&nbsp;<\/p>\n<p>Entre as rodovias liberadas est\u00e3o a BR 277, com trechos entre Paranagu\u00e1, S\u00e3o Lu\u00eds do Purun\u00e3, Guarapuava, Cascavel e Foz do Igua\u00e7u; a BR-376, com trechos entre S\u00e3o Lu\u00eds do Purun\u00e3, Apucarana, Paranava\u00ed e Jandaia do Sul; as BRs 369, 153 e 158 e as PRs 323, 445, 444, 317 e 151. A fiscaliza\u00e7\u00e3o do cumprimento das normas regulamentadas ficar\u00e1 a cargo das Pol\u00edcias Rodovi\u00e1rias Estadual e Federal.<\/p>\n<p>&nbsp;<\/p>\n<p>A Lei Estadual n\u00b0 18.442\/2015 foi sancionada em 13 de janeiro de 2015, mas somente agora foi regulamentada atrav\u00e9s da Portaria do DER\/PR n\u00b0 329\/2015. (Portal Fetranspar)<\/p>\n","protected":false},"excerpt":{"rendered":"<p>Portal Fetranspar &nbsp; Um estudo iniciado em Cascavel, pelo Sintropar (Sindicato das Empresas de Transporte e Log\u00edstica do Oeste do Paran\u00e1), com apoio da Fetranspar e dos demais sindicatos das empresas de transporte de cargas do Estado, apontou a necessidade da regulamenta\u00e7\u00e3o do chamado \u201c9 eixos\u201d. &#8220;O setor se reuniu para reivindicar essa portaria, que\u2026 <a class=\"readmore\" href=\"https:\/\/dana.com.br\/canaldana\/2015\/11\/05\/derpr-aprova-lei-que-autoriza-circulacao-de-bitrens-em-rodovias-estaduais\/\">Leia mais \u00bb<\/a><\/p>\n","protected":false},"author":3,"featured_media":0,"comment_status":"closed","ping_status":"closed","sticky":false,"template":"","format":"standard","meta":{"_acf_changed":false,"footnotes":""},"categories":[79],"tags":[],"class_list":["post-3909","post","type-post","status-publish","format-standard","hentry","category-mercado"],"acf":[],"yoast_head":"<!-- This site is optimized with the Yoast SEO plugin v27.5 - https:\/\/yoast.com\/product\/yoast-seo-wordpress\/ -->\n<title>DER\/PR aprova lei que autoriza circula\u00e7\u00e3o de &quot;bitrens&quot; em rodovias estaduais - Canal Dana<\/title>\n<meta name=\"robots\" content=\"index, follow, max-snippet:-1, max-image-preview:large, max-video-preview:-1\" \/>\n<link rel=\"canonical\" href=\"https:\/\/dana.com.br\/canaldana\/2015\/11\/05\/derpr-aprova-lei-que-autoriza-circulacao-de-bitrens-em-rodovias-estaduais\/\" \/>\n<meta property=\"og:locale\" content=\"pt_BR\" \/>\n<meta property=\"og:type\" content=\"article\" \/>\n<meta property=\"og:title\" content=\"DER\/PR aprova lei que autoriza circula\u00e7\u00e3o de &quot;bitrens&quot; em rodovias estaduais - Canal Dana\" \/>\n<meta property=\"og:description\" content=\"Portal Fetranspar &nbsp; Um estudo iniciado em Cascavel, pelo Sintropar (Sindicato das Empresas de Transporte e Log\u00edstica do Oeste do Paran\u00e1), com apoio da Fetranspar e dos demais sindicatos das empresas de transporte de cargas do Estado, apontou a necessidade da regulamenta\u00e7\u00e3o do chamado \u201c9 eixos\u201d. &#8220;O setor se reuniu para reivindicar essa portaria, que\u2026 Leia mais \u00bb\" \/>\n<meta property=\"og:url\" content=\"https:\/\/dana.com.br\/canaldana\/2015\/11\/05\/derpr-aprova-lei-que-autoriza-circulacao-de-bitrens-em-rodovias-estaduais\/\" \/>\n<meta property=\"og:site_name\" content=\"Canal Dana\" \/>\n<meta property=\"article:published_time\" content=\"2015-11-05T10:16:23+00:00\" \/>\n<meta name=\"author\" content=\"Canal Dana\" \/>\n<meta name=\"twitter:card\" content=\"summary_large_image\" \/>\n<meta name=\"twitter:label1\" content=\"Escrito por\" \/>\n\t<meta name=\"twitter:data1\" content=\"Canal Dana\" \/>\n\t<meta name=\"twitter:label2\" content=\"Est. tempo de leitura\" \/>\n\t<meta name=\"twitter:data2\" content=\"1 minuto\" \/>\n<script type=\"application\/ld+json\" class=\"yoast-schema-graph\">{\"@context\":\"https:\\\/\\\/schema.org\",\"@graph\":[{\"@type\":\"Article\",\"@id\":\"https:\\\/\\\/dana.com.br\\\/canaldana\\\/2015\\\/11\\\/05\\\/derpr-aprova-lei-que-autoriza-circulacao-de-bitrens-em-rodovias-estaduais\\\/#article\",\"isPartOf\":{\"@id\":\"https:\\\/\\\/dana.com.br\\\/canaldana\\\/2015\\\/11\\\/05\\\/derpr-aprova-lei-que-autoriza-circulacao-de-bitrens-em-rodovias-estaduais\\\/\"},\"author\":{\"name\":\"Canal Dana\",\"@id\":\"https:\\\/\\\/dana.com.br\\\/canaldana\\\/#\\\/schema\\\/person\\\/3c21f22f56fcf3bc46b94bc60ea4fef6\"},\"headline\":\"DER\\\/PR aprova lei que autoriza circula\u00e7\u00e3o de &#8220;bitrens&#8221; em rodovias estaduais\",\"datePublished\":\"2015-11-05T10:16:23+00:00\",\"mainEntityOfPage\":{\"@id\":\"https:\\\/\\\/dana.com.br\\\/canaldana\\\/2015\\\/11\\\/05\\\/derpr-aprova-lei-que-autoriza-circulacao-de-bitrens-em-rodovias-estaduais\\\/\"},\"wordCount\":311,\"articleSection\":[\"Mercado\"],\"inLanguage\":\"pt-BR\"},{\"@type\":\"WebPage\",\"@id\":\"https:\\\/\\\/dana.com.br\\\/canaldana\\\/2015\\\/11\\\/05\\\/derpr-aprova-lei-que-autoriza-circulacao-de-bitrens-em-rodovias-estaduais\\\/\",\"url\":\"https:\\\/\\\/dana.com.br\\\/canaldana\\\/2015\\\/11\\\/05\\\/derpr-aprova-lei-que-autoriza-circulacao-de-bitrens-em-rodovias-estaduais\\\/\",\"name\":\"DER\\\/PR aprova lei que autoriza circula\u00e7\u00e3o de \\\"bitrens\\\" em rodovias estaduais - Canal Dana\",\"isPartOf\":{\"@id\":\"https:\\\/\\\/dana.com.br\\\/canaldana\\\/#website\"},\"datePublished\":\"2015-11-05T10:16:23+00:00\",\"author\":{\"@id\":\"https:\\\/\\\/dana.com.br\\\/canaldana\\\/#\\\/schema\\\/person\\\/3c21f22f56fcf3bc46b94bc60ea4fef6\"},\"breadcrumb\":{\"@id\":\"https:\\\/\\\/dana.com.br\\\/canaldana\\\/2015\\\/11\\\/05\\\/derpr-aprova-lei-que-autoriza-circulacao-de-bitrens-em-rodovias-estaduais\\\/#breadcrumb\"},\"inLanguage\":\"pt-BR\",\"potentialAction\":[{\"@type\":\"ReadAction\",\"target\":[\"https:\\\/\\\/dana.com.br\\\/canaldana\\\/2015\\\/11\\\/05\\\/derpr-aprova-lei-que-autoriza-circulacao-de-bitrens-em-rodovias-estaduais\\\/\"]}]},{\"@type\":\"BreadcrumbList\",\"@id\":\"https:\\\/\\\/dana.com.br\\\/canaldana\\\/2015\\\/11\\\/05\\\/derpr-aprova-lei-que-autoriza-circulacao-de-bitrens-em-rodovias-estaduais\\\/#breadcrumb\",\"itemListElement\":[{\"@type\":\"ListItem\",\"position\":1,\"name\":\"Home\",\"item\":\"https:\\\/\\\/dana.com.br\\\/canaldana\\\/\"},{\"@type\":\"ListItem\",\"position\":2,\"name\":\"Mercado\",\"item\":\"https:\\\/\\\/dana.com.br\\\/canaldana\\\/mercado\\\/\"},{\"@type\":\"ListItem\",\"position\":3,\"name\":\"DER\\\/PR aprova lei que autoriza circula\u00e7\u00e3o de &#8220;bitrens&#8221; em rodovias estaduais\"}]},{\"@type\":\"WebSite\",\"@id\":\"https:\\\/\\\/dana.com.br\\\/canaldana\\\/#website\",\"url\":\"https:\\\/\\\/dana.com.br\\\/canaldana\\\/\",\"name\":\"Canal Dana\",\"description\":\"Informativo com as principais not\u00edcias da ind\u00fastria automotiva\",\"potentialAction\":[{\"@type\":\"SearchAction\",\"target\":{\"@type\":\"EntryPoint\",\"urlTemplate\":\"https:\\\/\\\/dana.com.br\\\/canaldana\\\/?s={search_term_string}\"},\"query-input\":{\"@type\":\"PropertyValueSpecification\",\"valueRequired\":true,\"valueName\":\"search_term_string\"}}],\"inLanguage\":\"pt-BR\"},{\"@type\":\"Person\",\"@id\":\"https:\\\/\\\/dana.com.br\\\/canaldana\\\/#\\\/schema\\\/person\\\/3c21f22f56fcf3bc46b94bc60ea4fef6\",\"name\":\"Canal Dana\",\"image\":{\"@type\":\"ImageObject\",\"inLanguage\":\"pt-BR\",\"@id\":\"https:\\\/\\\/secure.gravatar.com\\\/avatar\\\/420aaf9278582877d9018637c6817617705899d2858d7572ef0fe59a6b6454b4?s=96&d=mm&r=g\",\"url\":\"https:\\\/\\\/secure.gravatar.com\\\/avatar\\\/420aaf9278582877d9018637c6817617705899d2858d7572ef0fe59a6b6454b4?s=96&d=mm&r=g\",\"contentUrl\":\"https:\\\/\\\/secure.gravatar.com\\\/avatar\\\/420aaf9278582877d9018637c6817617705899d2858d7572ef0fe59a6b6454b4?s=96&d=mm&r=g\",\"caption\":\"Canal Dana\"},\"url\":\"https:\\\/\\\/dana.com.br\\\/canaldana\\\/author\\\/cdeditor\\\/\"}]}<\/script>\n<!-- \/ Yoast SEO plugin. -->","yoast_head_json":{"title":"DER\/PR aprova lei que autoriza circula\u00e7\u00e3o de \"bitrens\" em rodovias estaduais - Canal Dana","robots":{"index":"index","follow":"follow","max-snippet":"max-snippet:-1","max-image-preview":"max-image-preview:large","max-video-preview":"max-video-preview:-1"},"canonical":"https:\/\/dana.com.br\/canaldana\/2015\/11\/05\/derpr-aprova-lei-que-autoriza-circulacao-de-bitrens-em-rodovias-estaduais\/","og_locale":"pt_BR","og_type":"article","og_title":"DER\/PR aprova lei que autoriza circula\u00e7\u00e3o de \"bitrens\" em rodovias estaduais - Canal Dana","og_description":"Portal Fetranspar &nbsp; Um estudo iniciado em Cascavel, pelo Sintropar (Sindicato das Empresas de Transporte e Log\u00edstica do Oeste do Paran\u00e1), com apoio da Fetranspar e dos demais sindicatos das empresas de transporte de cargas do Estado, apontou a necessidade da regulamenta\u00e7\u00e3o do chamado \u201c9 eixos\u201d. &#8220;O setor se reuniu para reivindicar essa portaria, que\u2026 Leia mais \u00bb","og_url":"https:\/\/dana.com.br\/canaldana\/2015\/11\/05\/derpr-aprova-lei-que-autoriza-circulacao-de-bitrens-em-rodovias-estaduais\/","og_site_name":"Canal Dana","article_published_time":"2015-11-05T10:16:23+00:00","author":"Canal Dana","twitter_card":"summary_large_image","twitter_misc":{"Escrito por":"Canal Dana","Est. tempo de leitura":"1 minuto"},"schema":{"@context":"https:\/\/schema.org","@graph":[{"@type":"Article","@id":"https:\/\/dana.com.br\/canaldana\/2015\/11\/05\/derpr-aprova-lei-que-autoriza-circulacao-de-bitrens-em-rodovias-estaduais\/#article","isPartOf":{"@id":"https:\/\/dana.com.br\/canaldana\/2015\/11\/05\/derpr-aprova-lei-que-autoriza-circulacao-de-bitrens-em-rodovias-estaduais\/"},"author":{"name":"Canal Dana","@id":"https:\/\/dana.com.br\/canaldana\/#\/schema\/person\/3c21f22f56fcf3bc46b94bc60ea4fef6"},"headline":"DER\/PR aprova lei que autoriza circula\u00e7\u00e3o de &#8220;bitrens&#8221; em rodovias estaduais","datePublished":"2015-11-05T10:16:23+00:00","mainEntityOfPage":{"@id":"https:\/\/dana.com.br\/canaldana\/2015\/11\/05\/derpr-aprova-lei-que-autoriza-circulacao-de-bitrens-em-rodovias-estaduais\/"},"wordCount":311,"articleSection":["Mercado"],"inLanguage":"pt-BR"},{"@type":"WebPage","@id":"https:\/\/dana.com.br\/canaldana\/2015\/11\/05\/derpr-aprova-lei-que-autoriza-circulacao-de-bitrens-em-rodovias-estaduais\/","url":"https:\/\/dana.com.br\/canaldana\/2015\/11\/05\/derpr-aprova-lei-que-autoriza-circulacao-de-bitrens-em-rodovias-estaduais\/","name":"DER\/PR aprova lei que autoriza circula\u00e7\u00e3o de \"bitrens\" em rodovias estaduais - Canal Dana","isPartOf":{"@id":"https:\/\/dana.com.br\/canaldana\/#website"},"datePublished":"2015-11-05T10:16:23+00:00","author":{"@id":"https:\/\/dana.com.br\/canaldana\/#\/schema\/person\/3c21f22f56fcf3bc46b94bc60ea4fef6"},"breadcrumb":{"@id":"https:\/\/dana.com.br\/canaldana\/2015\/11\/05\/derpr-aprova-lei-que-autoriza-circulacao-de-bitrens-em-rodovias-estaduais\/#breadcrumb"},"inLanguage":"pt-BR","potentialAction":[{"@type":"ReadAction","target":["https:\/\/dana.com.br\/canaldana\/2015\/11\/05\/derpr-aprova-lei-que-autoriza-circulacao-de-bitrens-em-rodovias-estaduais\/"]}]},{"@type":"BreadcrumbList","@id":"https:\/\/dana.com.br\/canaldana\/2015\/11\/05\/derpr-aprova-lei-que-autoriza-circulacao-de-bitrens-em-rodovias-estaduais\/#breadcrumb","itemListElement":[{"@type":"ListItem","position":1,"name":"Home","item":"https:\/\/dana.com.br\/canaldana\/"},{"@type":"ListItem","position":2,"name":"Mercado","item":"https:\/\/dana.com.br\/canaldana\/mercado\/"},{"@type":"ListItem","position":3,"name":"DER\/PR aprova lei que autoriza circula\u00e7\u00e3o de &#8220;bitrens&#8221; em rodovias estaduais"}]},{"@type":"WebSite","@id":"https:\/\/dana.com.br\/canaldana\/#website","url":"https:\/\/dana.com.br\/canaldana\/","name":"Canal Dana","description":"Informativo com as principais not\u00edcias da ind\u00fastria automotiva","potentialAction":[{"@type":"SearchAction","target":{"@type":"EntryPoint","urlTemplate":"https:\/\/dana.com.br\/canaldana\/?s={search_term_string}"},"query-input":{"@type":"PropertyValueSpecification","valueRequired":true,"valueName":"search_term_string"}}],"inLanguage":"pt-BR"},{"@type":"Person","@id":"https:\/\/dana.com.br\/canaldana\/#\/schema\/person\/3c21f22f56fcf3bc46b94bc60ea4fef6","name":"Canal Dana","image":{"@type":"ImageObject","inLanguage":"pt-BR","@id":"https:\/\/secure.gravatar.com\/avatar\/420aaf9278582877d9018637c6817617705899d2858d7572ef0fe59a6b6454b4?s=96&d=mm&r=g","url":"https:\/\/secure.gravatar.com\/avatar\/420aaf9278582877d9018637c6817617705899d2858d7572ef0fe59a6b6454b4?s=96&d=mm&r=g","contentUrl":"https:\/\/secure.gravatar.com\/avatar\/420aaf9278582877d9018637c6817617705899d2858d7572ef0fe59a6b6454b4?s=96&d=mm&r=g","caption":"Canal Dana"},"url":"https:\/\/dana.com.br\/canaldana\/author\/cdeditor\/"}]}},"_links":{"self":[{"href":"https:\/\/dana.com.br\/canaldana\/wp-json\/wp\/v2\/posts\/3909","targetHints":{"allow":["GET"]}}],"collection":[{"href":"https:\/\/dana.com.br\/canaldana\/wp-json\/wp\/v2\/posts"}],"about":[{"href":"https:\/\/dana.com.br\/canaldana\/wp-json\/wp\/v2\/types\/post"}],"author":[{"embeddable":true,"href":"https:\/\/dana.com.br\/canaldana\/wp-json\/wp\/v2\/users\/3"}],"replies":[{"embeddable":true,"href":"https:\/\/dana.com.br\/canaldana\/wp-json\/wp\/v2\/comments?post=3909"}],"version-history":[{"count":0,"href":"https:\/\/dana.com.br\/canaldana\/wp-json\/wp\/v2\/posts\/3909\/revisions"}],"wp:attachment":[{"href":"https:\/\/dana.com.br\/canaldana\/wp-json\/wp\/v2\/media?parent=3909"}],"wp:term":[{"taxonomy":"category","embeddable":true,"href":"https:\/\/dana.com.br\/canaldana\/wp-json\/wp\/v2\/categories?post=3909"},{"taxonomy":"post_tag","embeddable":true,"href":"https:\/\/dana.com.br\/canaldana\/wp-json\/wp\/v2\/tags?post=3909"}],"curies":[{"name":"wp","href":"https:\/\/api.w.org\/{rel}","templated":true}]}}