{"id":39030,"date":"2019-12-02T08:12:17","date_gmt":"2019-12-02T11:12:17","guid":{"rendered":"https:\/\/dana.com.br\/canaldana\/?p=39030"},"modified":"2019-12-02T08:12:17","modified_gmt":"2019-12-02T11:12:17","slug":"estrelas-do-ano-sbctrans-destaca-melhores-funcionarios-de-2019","status":"publish","type":"post","link":"https:\/\/dana.com.br\/canaldana\/2019\/12\/02\/estrelas-do-ano-sbctrans-destaca-melhores-funcionarios-de-2019\/","title":{"rendered":"Estrelas do ano SBCTrans destaca melhores funcion\u00e1rios de 2019"},"content":{"rendered":"<p><em>ABC do ABC<\/em><\/p>\n<p>&nbsp;<\/p>\n<p>No \u00faltimo dia 27 de novembro, a SBCTrans promoveu o evento \u201cEstrelas do Ano 2019\u201d para destacar e premiar os melhores funcion\u00e1rios do ano. A a\u00e7\u00e3o tem como objetivo incentivar o envolvimento e engajamento dos colaboradores para a cont\u00ednua eleva\u00e7\u00e3o dos padr\u00f5es de qualidade e efici\u00eancia.<\/p>\n<p>&nbsp;<\/p>\n<p>Na edi\u00e7\u00e3o deste ano, 112 colaboradores foram selecionados pelo excelente desempenho mediante os crit\u00e9rios de avalia\u00e7\u00e3o da empresa e concorreram ao pr\u00eamio de Melhor Funcion\u00e1rio. \u201cIsso demonstra o crescente envolvimento de cada um dos nossos funcion\u00e1rios para fazer da SBCTrans a melhor operadora de transporte coletivo urbano do Estado de S\u00e3o Paulo e do Brasil\u201d, destaca Milena Braga Romano, diretora executiva da SBCTrans.<\/p>\n<p>&nbsp;<\/p>\n<p>Vinte e quatro funcion\u00e1rios foram eleitos como Estrelas do Ano em suas \u00e1reas de atua\u00e7\u00e3o (Infraestrutura; Administrativa; Manuten\u00e7\u00e3o, e Opera\u00e7\u00e3o), como Estrelas em Atendimento, em Esp\u00edrito de servir, Alto desempenho, Trabalho em equipe, Lideran\u00e7a, Mais elogiada, com mais passageiros (elogios dos clientes), Mais Participativa e Engajada, Atitude, Boa a\u00e7\u00e3o, e Estrela em Melhor condu\u00e7\u00e3o. O grande vencedor e eleito o \u201cEstrela do Ano 2019\u201d da SBCTrans em 2019 foi motorista Fernando Silva Santana.<\/p>\n<p>&nbsp;<\/p>\n<p>Fernando Santana est\u00e1 na SBCTrans h\u00e1 20 anos e fez carreira na empresa. Ele come\u00e7ou como cobrador e foi aproveitando as oportunidades de crescimento de carreira. Fez curso para motorista e passou a conduzir, inicialmente, micro-\u00f4nibus. Com o tempo e novos cursos de forma\u00e7\u00e3o e treinamento, passou a dirigir ve\u00edculos maiores e se destacou pela condu\u00e7\u00e3o segura, gentil e defensiva.<\/p>\n<p>&nbsp;<\/p>\n<p>Para Milena Braga Romano, a premia\u00e7\u00e3o Estrelas do Ano SBCTrans colabora para o crescimento e aperfei\u00e7oamento cont\u00ednuo dos funcion\u00e1rios e para o esp\u00edrito de cidadania. \u201cReconhecido, valorizado e satisfeito, o profissional est\u00e1 sempre motivado para ser ainda melhor no exerc\u00edcio de suas fun\u00e7\u00f5es, o que traz benef\u00edcios diretos para o nosso cliente\u201d, destaca.<\/p>\n<p>&nbsp;<\/p>\n<p>Pela elei\u00e7\u00e3o de \u201cEstrela do Ano 2019\u201d, Fernando ganhou uma viagem para um destino no Brasil, com acompanhante e R$ 5 mil. Em cada uma das \u00e1reas, os profissionais eleitos \u201cEstrelas do Ano\u201d tamb\u00e9m ganharam vales-viagem e pr\u00eamio em dinheiro.<\/p>\n<p>&nbsp;<\/p>\n<p><strong>Sobre a SBCTrans<\/strong><\/p>\n<p>&nbsp;<\/p>\n<p>A SBCTrans, fundada em 1998 na cidade de S\u00e3o Bernardo do Campo, possui frota com mais de 400 ve\u00edculos, que proporcionam conforto e seguran\u00e7a aos clientes. Considerada a melhor empresa de transporte p\u00fablico do Estado de S\u00e3o Paulo, tem como miss\u00e3o oferecer proximidade, facilidade e qualidade aos clientes. (ABC do ABC)<\/p>\n","protected":false},"excerpt":{"rendered":"<p>ABC do ABC &nbsp; No \u00faltimo dia 27 de novembro, a SBCTrans promoveu o evento \u201cEstrelas do Ano 2019\u201d para destacar e premiar os melhores funcion\u00e1rios do ano. A a\u00e7\u00e3o tem como objetivo incentivar o envolvimento e engajamento dos colaboradores para a cont\u00ednua eleva\u00e7\u00e3o dos padr\u00f5es de qualidade e efici\u00eancia. &nbsp; Na edi\u00e7\u00e3o deste ano,\u2026 <a class=\"readmore\" href=\"https:\/\/dana.com.br\/canaldana\/2019\/12\/02\/estrelas-do-ano-sbctrans-destaca-melhores-funcionarios-de-2019\/\">Leia mais \u00bb<\/a><\/p>\n","protected":false},"author":3,"featured_media":0,"comment_status":"closed","ping_status":"closed","sticky":false,"template":"","format":"standard","meta":{"_acf_changed":false,"footnotes":""},"categories":[74],"tags":[],"class_list":["post-39030","post","type-post","status-publish","format-standard","hentry","category-premios"],"acf":[],"yoast_head":"<!-- This site is optimized with the Yoast SEO plugin v27.5 - https:\/\/yoast.com\/product\/yoast-seo-wordpress\/ -->\n<title>Estrelas do ano SBCTrans destaca melhores funcion\u00e1rios de 2019 - Canal Dana<\/title>\n<meta name=\"robots\" content=\"index, follow, max-snippet:-1, max-image-preview:large, max-video-preview:-1\" \/>\n<link rel=\"canonical\" href=\"https:\/\/dana.com.br\/canaldana\/2019\/12\/02\/estrelas-do-ano-sbctrans-destaca-melhores-funcionarios-de-2019\/\" \/>\n<meta property=\"og:locale\" content=\"pt_BR\" \/>\n<meta property=\"og:type\" content=\"article\" \/>\n<meta property=\"og:title\" content=\"Estrelas do ano SBCTrans destaca melhores funcion\u00e1rios de 2019 - Canal Dana\" \/>\n<meta property=\"og:description\" content=\"ABC do ABC &nbsp; No \u00faltimo dia 27 de novembro, a SBCTrans promoveu o evento \u201cEstrelas do Ano 2019\u201d para destacar e premiar os melhores funcion\u00e1rios do ano. A a\u00e7\u00e3o tem como objetivo incentivar o envolvimento e engajamento dos colaboradores para a cont\u00ednua eleva\u00e7\u00e3o dos padr\u00f5es de qualidade e efici\u00eancia. &nbsp; Na edi\u00e7\u00e3o deste ano,\u2026 Leia mais \u00bb\" \/>\n<meta property=\"og:url\" content=\"https:\/\/dana.com.br\/canaldana\/2019\/12\/02\/estrelas-do-ano-sbctrans-destaca-melhores-funcionarios-de-2019\/\" \/>\n<meta property=\"og:site_name\" content=\"Canal Dana\" \/>\n<meta property=\"article:published_time\" content=\"2019-12-02T11:12:17+00:00\" \/>\n<meta name=\"author\" content=\"Canal Dana\" \/>\n<meta name=\"twitter:card\" content=\"summary_large_image\" \/>\n<meta name=\"twitter:label1\" content=\"Escrito por\" \/>\n\t<meta name=\"twitter:data1\" content=\"Canal Dana\" \/>\n\t<meta name=\"twitter:label2\" content=\"Est. tempo de leitura\" \/>\n\t<meta name=\"twitter:data2\" content=\"2 minutos\" \/>\n<script type=\"application\/ld+json\" class=\"yoast-schema-graph\">{\"@context\":\"https:\\\/\\\/schema.org\",\"@graph\":[{\"@type\":\"Article\",\"@id\":\"https:\\\/\\\/dana.com.br\\\/canaldana\\\/2019\\\/12\\\/02\\\/estrelas-do-ano-sbctrans-destaca-melhores-funcionarios-de-2019\\\/#article\",\"isPartOf\":{\"@id\":\"https:\\\/\\\/dana.com.br\\\/canaldana\\\/2019\\\/12\\\/02\\\/estrelas-do-ano-sbctrans-destaca-melhores-funcionarios-de-2019\\\/\"},\"author\":{\"name\":\"Canal Dana\",\"@id\":\"https:\\\/\\\/dana.com.br\\\/canaldana\\\/#\\\/schema\\\/person\\\/3c21f22f56fcf3bc46b94bc60ea4fef6\"},\"headline\":\"Estrelas do ano SBCTrans destaca melhores funcion\u00e1rios de 2019\",\"datePublished\":\"2019-12-02T11:12:17+00:00\",\"mainEntityOfPage\":{\"@id\":\"https:\\\/\\\/dana.com.br\\\/canaldana\\\/2019\\\/12\\\/02\\\/estrelas-do-ano-sbctrans-destaca-melhores-funcionarios-de-2019\\\/\"},\"wordCount\":442,\"articleSection\":[\"Pr\u00eamios\"],\"inLanguage\":\"pt-BR\"},{\"@type\":\"WebPage\",\"@id\":\"https:\\\/\\\/dana.com.br\\\/canaldana\\\/2019\\\/12\\\/02\\\/estrelas-do-ano-sbctrans-destaca-melhores-funcionarios-de-2019\\\/\",\"url\":\"https:\\\/\\\/dana.com.br\\\/canaldana\\\/2019\\\/12\\\/02\\\/estrelas-do-ano-sbctrans-destaca-melhores-funcionarios-de-2019\\\/\",\"name\":\"Estrelas do ano SBCTrans destaca melhores funcion\u00e1rios de 2019 - Canal Dana\",\"isPartOf\":{\"@id\":\"https:\\\/\\\/dana.com.br\\\/canaldana\\\/#website\"},\"datePublished\":\"2019-12-02T11:12:17+00:00\",\"author\":{\"@id\":\"https:\\\/\\\/dana.com.br\\\/canaldana\\\/#\\\/schema\\\/person\\\/3c21f22f56fcf3bc46b94bc60ea4fef6\"},\"breadcrumb\":{\"@id\":\"https:\\\/\\\/dana.com.br\\\/canaldana\\\/2019\\\/12\\\/02\\\/estrelas-do-ano-sbctrans-destaca-melhores-funcionarios-de-2019\\\/#breadcrumb\"},\"inLanguage\":\"pt-BR\",\"potentialAction\":[{\"@type\":\"ReadAction\",\"target\":[\"https:\\\/\\\/dana.com.br\\\/canaldana\\\/2019\\\/12\\\/02\\\/estrelas-do-ano-sbctrans-destaca-melhores-funcionarios-de-2019\\\/\"]}]},{\"@type\":\"BreadcrumbList\",\"@id\":\"https:\\\/\\\/dana.com.br\\\/canaldana\\\/2019\\\/12\\\/02\\\/estrelas-do-ano-sbctrans-destaca-melhores-funcionarios-de-2019\\\/#breadcrumb\",\"itemListElement\":[{\"@type\":\"ListItem\",\"position\":1,\"name\":\"Home\",\"item\":\"https:\\\/\\\/dana.com.br\\\/canaldana\\\/\"},{\"@type\":\"ListItem\",\"position\":2,\"name\":\"Pr\u00eamios\",\"item\":\"https:\\\/\\\/dana.com.br\\\/canaldana\\\/premios\\\/\"},{\"@type\":\"ListItem\",\"position\":3,\"name\":\"Estrelas do ano SBCTrans destaca melhores funcion\u00e1rios de 2019\"}]},{\"@type\":\"WebSite\",\"@id\":\"https:\\\/\\\/dana.com.br\\\/canaldana\\\/#website\",\"url\":\"https:\\\/\\\/dana.com.br\\\/canaldana\\\/\",\"name\":\"Canal Dana\",\"description\":\"Informativo com as principais not\u00edcias da ind\u00fastria automotiva\",\"potentialAction\":[{\"@type\":\"SearchAction\",\"target\":{\"@type\":\"EntryPoint\",\"urlTemplate\":\"https:\\\/\\\/dana.com.br\\\/canaldana\\\/?s={search_term_string}\"},\"query-input\":{\"@type\":\"PropertyValueSpecification\",\"valueRequired\":true,\"valueName\":\"search_term_string\"}}],\"inLanguage\":\"pt-BR\"},{\"@type\":\"Person\",\"@id\":\"https:\\\/\\\/dana.com.br\\\/canaldana\\\/#\\\/schema\\\/person\\\/3c21f22f56fcf3bc46b94bc60ea4fef6\",\"name\":\"Canal Dana\",\"image\":{\"@type\":\"ImageObject\",\"inLanguage\":\"pt-BR\",\"@id\":\"https:\\\/\\\/secure.gravatar.com\\\/avatar\\\/420aaf9278582877d9018637c6817617705899d2858d7572ef0fe59a6b6454b4?s=96&d=mm&r=g\",\"url\":\"https:\\\/\\\/secure.gravatar.com\\\/avatar\\\/420aaf9278582877d9018637c6817617705899d2858d7572ef0fe59a6b6454b4?s=96&d=mm&r=g\",\"contentUrl\":\"https:\\\/\\\/secure.gravatar.com\\\/avatar\\\/420aaf9278582877d9018637c6817617705899d2858d7572ef0fe59a6b6454b4?s=96&d=mm&r=g\",\"caption\":\"Canal Dana\"},\"url\":\"https:\\\/\\\/dana.com.br\\\/canaldana\\\/author\\\/cdeditor\\\/\"}]}<\/script>\n<!-- \/ Yoast SEO plugin. -->","yoast_head_json":{"title":"Estrelas do ano SBCTrans destaca melhores funcion\u00e1rios de 2019 - Canal Dana","robots":{"index":"index","follow":"follow","max-snippet":"max-snippet:-1","max-image-preview":"max-image-preview:large","max-video-preview":"max-video-preview:-1"},"canonical":"https:\/\/dana.com.br\/canaldana\/2019\/12\/02\/estrelas-do-ano-sbctrans-destaca-melhores-funcionarios-de-2019\/","og_locale":"pt_BR","og_type":"article","og_title":"Estrelas do ano SBCTrans destaca melhores funcion\u00e1rios de 2019 - Canal Dana","og_description":"ABC do ABC &nbsp; No \u00faltimo dia 27 de novembro, a SBCTrans promoveu o evento \u201cEstrelas do Ano 2019\u201d para destacar e premiar os melhores funcion\u00e1rios do ano. A a\u00e7\u00e3o tem como objetivo incentivar o envolvimento e engajamento dos colaboradores para a cont\u00ednua eleva\u00e7\u00e3o dos padr\u00f5es de qualidade e efici\u00eancia. &nbsp; Na edi\u00e7\u00e3o deste ano,\u2026 Leia mais \u00bb","og_url":"https:\/\/dana.com.br\/canaldana\/2019\/12\/02\/estrelas-do-ano-sbctrans-destaca-melhores-funcionarios-de-2019\/","og_site_name":"Canal Dana","article_published_time":"2019-12-02T11:12:17+00:00","author":"Canal Dana","twitter_card":"summary_large_image","twitter_misc":{"Escrito por":"Canal Dana","Est. tempo de leitura":"2 minutos"},"schema":{"@context":"https:\/\/schema.org","@graph":[{"@type":"Article","@id":"https:\/\/dana.com.br\/canaldana\/2019\/12\/02\/estrelas-do-ano-sbctrans-destaca-melhores-funcionarios-de-2019\/#article","isPartOf":{"@id":"https:\/\/dana.com.br\/canaldana\/2019\/12\/02\/estrelas-do-ano-sbctrans-destaca-melhores-funcionarios-de-2019\/"},"author":{"name":"Canal Dana","@id":"https:\/\/dana.com.br\/canaldana\/#\/schema\/person\/3c21f22f56fcf3bc46b94bc60ea4fef6"},"headline":"Estrelas do ano SBCTrans destaca melhores funcion\u00e1rios de 2019","datePublished":"2019-12-02T11:12:17+00:00","mainEntityOfPage":{"@id":"https:\/\/dana.com.br\/canaldana\/2019\/12\/02\/estrelas-do-ano-sbctrans-destaca-melhores-funcionarios-de-2019\/"},"wordCount":442,"articleSection":["Pr\u00eamios"],"inLanguage":"pt-BR"},{"@type":"WebPage","@id":"https:\/\/dana.com.br\/canaldana\/2019\/12\/02\/estrelas-do-ano-sbctrans-destaca-melhores-funcionarios-de-2019\/","url":"https:\/\/dana.com.br\/canaldana\/2019\/12\/02\/estrelas-do-ano-sbctrans-destaca-melhores-funcionarios-de-2019\/","name":"Estrelas do ano SBCTrans destaca melhores funcion\u00e1rios de 2019 - Canal Dana","isPartOf":{"@id":"https:\/\/dana.com.br\/canaldana\/#website"},"datePublished":"2019-12-02T11:12:17+00:00","author":{"@id":"https:\/\/dana.com.br\/canaldana\/#\/schema\/person\/3c21f22f56fcf3bc46b94bc60ea4fef6"},"breadcrumb":{"@id":"https:\/\/dana.com.br\/canaldana\/2019\/12\/02\/estrelas-do-ano-sbctrans-destaca-melhores-funcionarios-de-2019\/#breadcrumb"},"inLanguage":"pt-BR","potentialAction":[{"@type":"ReadAction","target":["https:\/\/dana.com.br\/canaldana\/2019\/12\/02\/estrelas-do-ano-sbctrans-destaca-melhores-funcionarios-de-2019\/"]}]},{"@type":"BreadcrumbList","@id":"https:\/\/dana.com.br\/canaldana\/2019\/12\/02\/estrelas-do-ano-sbctrans-destaca-melhores-funcionarios-de-2019\/#breadcrumb","itemListElement":[{"@type":"ListItem","position":1,"name":"Home","item":"https:\/\/dana.com.br\/canaldana\/"},{"@type":"ListItem","position":2,"name":"Pr\u00eamios","item":"https:\/\/dana.com.br\/canaldana\/premios\/"},{"@type":"ListItem","position":3,"name":"Estrelas do ano SBCTrans destaca melhores funcion\u00e1rios de 2019"}]},{"@type":"WebSite","@id":"https:\/\/dana.com.br\/canaldana\/#website","url":"https:\/\/dana.com.br\/canaldana\/","name":"Canal Dana","description":"Informativo com as principais not\u00edcias da ind\u00fastria automotiva","potentialAction":[{"@type":"SearchAction","target":{"@type":"EntryPoint","urlTemplate":"https:\/\/dana.com.br\/canaldana\/?s={search_term_string}"},"query-input":{"@type":"PropertyValueSpecification","valueRequired":true,"valueName":"search_term_string"}}],"inLanguage":"pt-BR"},{"@type":"Person","@id":"https:\/\/dana.com.br\/canaldana\/#\/schema\/person\/3c21f22f56fcf3bc46b94bc60ea4fef6","name":"Canal Dana","image":{"@type":"ImageObject","inLanguage":"pt-BR","@id":"https:\/\/secure.gravatar.com\/avatar\/420aaf9278582877d9018637c6817617705899d2858d7572ef0fe59a6b6454b4?s=96&d=mm&r=g","url":"https:\/\/secure.gravatar.com\/avatar\/420aaf9278582877d9018637c6817617705899d2858d7572ef0fe59a6b6454b4?s=96&d=mm&r=g","contentUrl":"https:\/\/secure.gravatar.com\/avatar\/420aaf9278582877d9018637c6817617705899d2858d7572ef0fe59a6b6454b4?s=96&d=mm&r=g","caption":"Canal Dana"},"url":"https:\/\/dana.com.br\/canaldana\/author\/cdeditor\/"}]}},"_links":{"self":[{"href":"https:\/\/dana.com.br\/canaldana\/wp-json\/wp\/v2\/posts\/39030","targetHints":{"allow":["GET"]}}],"collection":[{"href":"https:\/\/dana.com.br\/canaldana\/wp-json\/wp\/v2\/posts"}],"about":[{"href":"https:\/\/dana.com.br\/canaldana\/wp-json\/wp\/v2\/types\/post"}],"author":[{"embeddable":true,"href":"https:\/\/dana.com.br\/canaldana\/wp-json\/wp\/v2\/users\/3"}],"replies":[{"embeddable":true,"href":"https:\/\/dana.com.br\/canaldana\/wp-json\/wp\/v2\/comments?post=39030"}],"version-history":[{"count":0,"href":"https:\/\/dana.com.br\/canaldana\/wp-json\/wp\/v2\/posts\/39030\/revisions"}],"wp:attachment":[{"href":"https:\/\/dana.com.br\/canaldana\/wp-json\/wp\/v2\/media?parent=39030"}],"wp:term":[{"taxonomy":"category","embeddable":true,"href":"https:\/\/dana.com.br\/canaldana\/wp-json\/wp\/v2\/categories?post=39030"},{"taxonomy":"post_tag","embeddable":true,"href":"https:\/\/dana.com.br\/canaldana\/wp-json\/wp\/v2\/tags?post=39030"}],"curies":[{"name":"wp","href":"https:\/\/api.w.org\/{rel}","templated":true}]}}