{"id":38986,"date":"2019-11-28T07:54:30","date_gmt":"2019-11-28T10:54:30","guid":{"rendered":"https:\/\/dana.com.br\/canaldana\/?p=38986"},"modified":"2019-11-28T07:54:30","modified_gmt":"2019-11-28T10:54:30","slug":"nissan-e-usp-vao-desenvolver-celula-de-hidrogenio-a-etanol","status":"publish","type":"post","link":"https:\/\/dana.com.br\/canaldana\/2019\/11\/28\/nissan-e-usp-vao-desenvolver-celula-de-hidrogenio-a-etanol\/","title":{"rendered":"Nissan e USP v\u00e3o desenvolver c\u00e9lula de hidrog\u00eanio a etanol"},"content":{"rendered":"<p><em>Jornal do Carro<\/em><\/p>\n<p>&nbsp;<\/p>\n<p>A Nissan e o Instituto de Pesquisas Energ\u00e9ticas e Nucleares (Ipen), ligado \u00e0 USP, assinaram um conv\u00eanio. Ele \u00e9 relativo a segunda fase do projeto do uso do etanol em autom\u00f3veis movidos \u00e0 c\u00e9lula de combust\u00edvel. In\u00e9dito no mundo, o sistema permitir\u00e1 que o pr\u00f3prio combust\u00edvel da cana gere a energia para a c\u00e9lula. Isso evita a necessidade de carregar na tomada, tornando mais vi\u00e1vel a chegada de carros el\u00e9tricos do Pa\u00eds.<\/p>\n<p>&nbsp;<\/p>\n<p>Os estudos come\u00e7aram em 2016 pela Nissan do Brasil e a matriz e j\u00e1 foram realizados testes com um prot\u00f3tipo. Os testes comprovaram a viabilidade do uso do bioetanol (etanol de segunda gera\u00e7\u00e3o). \u201cAgora o objetivo \u00e9 trabalhar na redu\u00e7\u00e3o do tamanho dos equipamentos, no aumento do desempenho e na redu\u00e7\u00e3o de custos para que a tecnologia seja disseminada\u201d, explicou Wilson Cravo, diretor do Ipen.<\/p>\n<p>&nbsp;<\/p>\n<p>Al\u00e9m de ser uma tecnologia com praticamente zero emiss\u00e3o de poluentes pelos ve\u00edculos, ela \u00e9 mais f\u00e1cil de ser adotada. Isso porque o Pa\u00eds j\u00e1 disp\u00f5e de ampla rede de postos de combust\u00edveis. Por outro lado, o sistema de carregadores de baterias ainda n\u00e3o est\u00e1 dispon\u00edvel em larga escala.<\/p>\n<p>&nbsp;<\/p>\n<p>Segundo Marco Silva, presidente da Nissan do Brasil, o Ipen foi escolhido pela matriz do grupo para tocar essa nova fase do projeto por j\u00e1 trabalhar, h\u00e1 cerca de 15 anos, com estudos visando o uso do etanol em c\u00e9lulas de combust\u00edvel. \u201c\u00c9 um projeto de grande interesse do Pa\u00eds por se encaixar na nossa matriz energ\u00e9tica\u201d, afirma. \u201cAl\u00e9m disso, o conhecimento das institui\u00e7\u00f5es brasileiras, como o Ipen, vai contribuir para uma iniciativa global da marca, que pode beneficiar n\u00e3o s\u00f3 o Brasil, mas todo o mundo.\u201d<\/p>\n<p>&nbsp;<\/p>\n<p>Essa tecnologia foi um dos temas abordados no m\u00eas passado durante o Sal\u00e3o do Autom\u00f3vel de T\u00f3quio, no Jap\u00e3o, onde as empresas tradicionalmente apresentam as tecnologias futuros para o setor automobil\u00edstico. O evento de hoje ocorreu no campus do Ipen, na Cidade Universit\u00e1ria.<\/p>\n<p>&nbsp;<\/p>\n<p><strong>Investimento no etanol<\/strong><\/p>\n<p>&nbsp;<\/p>\n<p>Os dois parceiros v\u00e3o investir inicialmente R$ 300 mil, mas, por ser um conv\u00eanio de 60 meses, em princ\u00edpio, novos aportes dever\u00e3o ser aplicados na medida do necess\u00e1rio.<\/p>\n<p>&nbsp;<\/p>\n<p>Segundo a Nissan, o projeto envolve o desenvolvimento de uma C\u00e9lula de Combust\u00edvel de \u00d3xido S\u00f3lido (chamada de SOFC). Ela funciona por meio da energia el\u00e9trica gerada a partir da utiliza\u00e7\u00e3o do bioetanol. Pelos testes feitos at\u00e9 agora com o prot\u00f3tipo, o uso desse sistema combinado com a alta efici\u00eancia dos motores el\u00e9tricos e o sistema de bateria garantem ao ve\u00edculo autonomia superior a 600 km com 30 litros de etanol.<\/p>\n<p>&nbsp;<\/p>\n<p>\u201cA colabora\u00e7\u00e3o do Ipen ser\u00e1 no desenvolvimento da c\u00e9lula de combust\u00edvel a etanol de menor porte (do que o usado nos testes), mais eficiente e mais barato\u201d, afirmou Fabio Coral Fonseca, pesquisador do instituto e respons\u00e1vel pelo projeto. \u201cA vantagem \u00e9 transformar diretamente em eletricidade a energia de um combust\u00edvel renov\u00e1vel e estrat\u00e9gico para o Pa\u00eds para viabilizar o carro el\u00e9trico\u201d. (Jornal do Carro)<\/p>\n","protected":false},"excerpt":{"rendered":"<p>Jornal do Carro &nbsp; A Nissan e o Instituto de Pesquisas Energ\u00e9ticas e Nucleares (Ipen), ligado \u00e0 USP, assinaram um conv\u00eanio. Ele \u00e9 relativo a segunda fase do projeto do uso do etanol em autom\u00f3veis movidos \u00e0 c\u00e9lula de combust\u00edvel. In\u00e9dito no mundo, o sistema permitir\u00e1 que o pr\u00f3prio combust\u00edvel da cana gere a energia\u2026 <a class=\"readmore\" href=\"https:\/\/dana.com.br\/canaldana\/2019\/11\/28\/nissan-e-usp-vao-desenvolver-celula-de-hidrogenio-a-etanol\/\">Leia mais \u00bb<\/a><\/p>\n","protected":false},"author":3,"featured_media":0,"comment_status":"closed","ping_status":"closed","sticky":false,"template":"","format":"standard","meta":{"_acf_changed":false,"footnotes":""},"categories":[61],"tags":[],"class_list":["post-38986","post","type-post","status-publish","format-standard","hentry","category-destaques"],"acf":[],"yoast_head":"<!-- This site is optimized with the Yoast SEO plugin v27.3 - https:\/\/yoast.com\/product\/yoast-seo-wordpress\/ -->\n<title>Nissan e USP v\u00e3o desenvolver c\u00e9lula de hidrog\u00eanio a etanol - Canal Dana<\/title>\n<meta name=\"robots\" content=\"index, follow, max-snippet:-1, max-image-preview:large, max-video-preview:-1\" \/>\n<link rel=\"canonical\" href=\"https:\/\/dana.com.br\/canaldana\/2019\/11\/28\/nissan-e-usp-vao-desenvolver-celula-de-hidrogenio-a-etanol\/\" \/>\n<meta property=\"og:locale\" content=\"pt_BR\" \/>\n<meta property=\"og:type\" content=\"article\" \/>\n<meta property=\"og:title\" content=\"Nissan e USP v\u00e3o desenvolver c\u00e9lula de hidrog\u00eanio a etanol - Canal Dana\" \/>\n<meta property=\"og:description\" content=\"Jornal do Carro &nbsp; A Nissan e o Instituto de Pesquisas Energ\u00e9ticas e Nucleares (Ipen), ligado \u00e0 USP, assinaram um conv\u00eanio. Ele \u00e9 relativo a segunda fase do projeto do uso do etanol em autom\u00f3veis movidos \u00e0 c\u00e9lula de combust\u00edvel. In\u00e9dito no mundo, o sistema permitir\u00e1 que o pr\u00f3prio combust\u00edvel da cana gere a energia\u2026 Leia mais \u00bb\" \/>\n<meta property=\"og:url\" content=\"https:\/\/dana.com.br\/canaldana\/2019\/11\/28\/nissan-e-usp-vao-desenvolver-celula-de-hidrogenio-a-etanol\/\" \/>\n<meta property=\"og:site_name\" content=\"Canal Dana\" \/>\n<meta property=\"article:published_time\" content=\"2019-11-28T10:54:30+00:00\" \/>\n<meta name=\"author\" content=\"Canal Dana\" \/>\n<meta name=\"twitter:card\" content=\"summary_large_image\" \/>\n<meta name=\"twitter:label1\" content=\"Escrito por\" \/>\n\t<meta name=\"twitter:data1\" content=\"Canal Dana\" \/>\n\t<meta name=\"twitter:label2\" content=\"Est. tempo de leitura\" \/>\n\t<meta name=\"twitter:data2\" content=\"3 minutos\" \/>\n<script type=\"application\/ld+json\" class=\"yoast-schema-graph\">{\"@context\":\"https:\\\/\\\/schema.org\",\"@graph\":[{\"@type\":\"Article\",\"@id\":\"https:\\\/\\\/dana.com.br\\\/canaldana\\\/2019\\\/11\\\/28\\\/nissan-e-usp-vao-desenvolver-celula-de-hidrogenio-a-etanol\\\/#article\",\"isPartOf\":{\"@id\":\"https:\\\/\\\/dana.com.br\\\/canaldana\\\/2019\\\/11\\\/28\\\/nissan-e-usp-vao-desenvolver-celula-de-hidrogenio-a-etanol\\\/\"},\"author\":{\"name\":\"Canal Dana\",\"@id\":\"https:\\\/\\\/dana.com.br\\\/canaldana\\\/#\\\/schema\\\/person\\\/3c21f22f56fcf3bc46b94bc60ea4fef6\"},\"headline\":\"Nissan e USP v\u00e3o desenvolver c\u00e9lula de hidrog\u00eanio a etanol\",\"datePublished\":\"2019-11-28T10:54:30+00:00\",\"mainEntityOfPage\":{\"@id\":\"https:\\\/\\\/dana.com.br\\\/canaldana\\\/2019\\\/11\\\/28\\\/nissan-e-usp-vao-desenvolver-celula-de-hidrogenio-a-etanol\\\/\"},\"wordCount\":557,\"articleSection\":[\"Destaques\"],\"inLanguage\":\"pt-BR\"},{\"@type\":\"WebPage\",\"@id\":\"https:\\\/\\\/dana.com.br\\\/canaldana\\\/2019\\\/11\\\/28\\\/nissan-e-usp-vao-desenvolver-celula-de-hidrogenio-a-etanol\\\/\",\"url\":\"https:\\\/\\\/dana.com.br\\\/canaldana\\\/2019\\\/11\\\/28\\\/nissan-e-usp-vao-desenvolver-celula-de-hidrogenio-a-etanol\\\/\",\"name\":\"Nissan e USP v\u00e3o desenvolver c\u00e9lula de hidrog\u00eanio a etanol - Canal Dana\",\"isPartOf\":{\"@id\":\"https:\\\/\\\/dana.com.br\\\/canaldana\\\/#website\"},\"datePublished\":\"2019-11-28T10:54:30+00:00\",\"author\":{\"@id\":\"https:\\\/\\\/dana.com.br\\\/canaldana\\\/#\\\/schema\\\/person\\\/3c21f22f56fcf3bc46b94bc60ea4fef6\"},\"breadcrumb\":{\"@id\":\"https:\\\/\\\/dana.com.br\\\/canaldana\\\/2019\\\/11\\\/28\\\/nissan-e-usp-vao-desenvolver-celula-de-hidrogenio-a-etanol\\\/#breadcrumb\"},\"inLanguage\":\"pt-BR\",\"potentialAction\":[{\"@type\":\"ReadAction\",\"target\":[\"https:\\\/\\\/dana.com.br\\\/canaldana\\\/2019\\\/11\\\/28\\\/nissan-e-usp-vao-desenvolver-celula-de-hidrogenio-a-etanol\\\/\"]}]},{\"@type\":\"BreadcrumbList\",\"@id\":\"https:\\\/\\\/dana.com.br\\\/canaldana\\\/2019\\\/11\\\/28\\\/nissan-e-usp-vao-desenvolver-celula-de-hidrogenio-a-etanol\\\/#breadcrumb\",\"itemListElement\":[{\"@type\":\"ListItem\",\"position\":1,\"name\":\"Home\",\"item\":\"https:\\\/\\\/dana.com.br\\\/canaldana\\\/\"},{\"@type\":\"ListItem\",\"position\":2,\"name\":\"Destaques\",\"item\":\"https:\\\/\\\/dana.com.br\\\/canaldana\\\/destaques\\\/\"},{\"@type\":\"ListItem\",\"position\":3,\"name\":\"Nissan e USP v\u00e3o desenvolver c\u00e9lula de hidrog\u00eanio a etanol\"}]},{\"@type\":\"WebSite\",\"@id\":\"https:\\\/\\\/dana.com.br\\\/canaldana\\\/#website\",\"url\":\"https:\\\/\\\/dana.com.br\\\/canaldana\\\/\",\"name\":\"Canal Dana\",\"description\":\"Informativo com as principais not\u00edcias da ind\u00fastria automotiva\",\"potentialAction\":[{\"@type\":\"SearchAction\",\"target\":{\"@type\":\"EntryPoint\",\"urlTemplate\":\"https:\\\/\\\/dana.com.br\\\/canaldana\\\/?s={search_term_string}\"},\"query-input\":{\"@type\":\"PropertyValueSpecification\",\"valueRequired\":true,\"valueName\":\"search_term_string\"}}],\"inLanguage\":\"pt-BR\"},{\"@type\":\"Person\",\"@id\":\"https:\\\/\\\/dana.com.br\\\/canaldana\\\/#\\\/schema\\\/person\\\/3c21f22f56fcf3bc46b94bc60ea4fef6\",\"name\":\"Canal Dana\",\"image\":{\"@type\":\"ImageObject\",\"inLanguage\":\"pt-BR\",\"@id\":\"https:\\\/\\\/secure.gravatar.com\\\/avatar\\\/420aaf9278582877d9018637c6817617705899d2858d7572ef0fe59a6b6454b4?s=96&d=mm&r=g\",\"url\":\"https:\\\/\\\/secure.gravatar.com\\\/avatar\\\/420aaf9278582877d9018637c6817617705899d2858d7572ef0fe59a6b6454b4?s=96&d=mm&r=g\",\"contentUrl\":\"https:\\\/\\\/secure.gravatar.com\\\/avatar\\\/420aaf9278582877d9018637c6817617705899d2858d7572ef0fe59a6b6454b4?s=96&d=mm&r=g\",\"caption\":\"Canal Dana\"},\"url\":\"https:\\\/\\\/dana.com.br\\\/canaldana\\\/author\\\/cdeditor\\\/\"}]}<\/script>\n<!-- \/ Yoast SEO plugin. -->","yoast_head_json":{"title":"Nissan e USP v\u00e3o desenvolver c\u00e9lula de hidrog\u00eanio a etanol - Canal Dana","robots":{"index":"index","follow":"follow","max-snippet":"max-snippet:-1","max-image-preview":"max-image-preview:large","max-video-preview":"max-video-preview:-1"},"canonical":"https:\/\/dana.com.br\/canaldana\/2019\/11\/28\/nissan-e-usp-vao-desenvolver-celula-de-hidrogenio-a-etanol\/","og_locale":"pt_BR","og_type":"article","og_title":"Nissan e USP v\u00e3o desenvolver c\u00e9lula de hidrog\u00eanio a etanol - Canal Dana","og_description":"Jornal do Carro &nbsp; A Nissan e o Instituto de Pesquisas Energ\u00e9ticas e Nucleares (Ipen), ligado \u00e0 USP, assinaram um conv\u00eanio. Ele \u00e9 relativo a segunda fase do projeto do uso do etanol em autom\u00f3veis movidos \u00e0 c\u00e9lula de combust\u00edvel. In\u00e9dito no mundo, o sistema permitir\u00e1 que o pr\u00f3prio combust\u00edvel da cana gere a energia\u2026 Leia mais \u00bb","og_url":"https:\/\/dana.com.br\/canaldana\/2019\/11\/28\/nissan-e-usp-vao-desenvolver-celula-de-hidrogenio-a-etanol\/","og_site_name":"Canal Dana","article_published_time":"2019-11-28T10:54:30+00:00","author":"Canal Dana","twitter_card":"summary_large_image","twitter_misc":{"Escrito por":"Canal Dana","Est. tempo de leitura":"3 minutos"},"schema":{"@context":"https:\/\/schema.org","@graph":[{"@type":"Article","@id":"https:\/\/dana.com.br\/canaldana\/2019\/11\/28\/nissan-e-usp-vao-desenvolver-celula-de-hidrogenio-a-etanol\/#article","isPartOf":{"@id":"https:\/\/dana.com.br\/canaldana\/2019\/11\/28\/nissan-e-usp-vao-desenvolver-celula-de-hidrogenio-a-etanol\/"},"author":{"name":"Canal Dana","@id":"https:\/\/dana.com.br\/canaldana\/#\/schema\/person\/3c21f22f56fcf3bc46b94bc60ea4fef6"},"headline":"Nissan e USP v\u00e3o desenvolver c\u00e9lula de hidrog\u00eanio a etanol","datePublished":"2019-11-28T10:54:30+00:00","mainEntityOfPage":{"@id":"https:\/\/dana.com.br\/canaldana\/2019\/11\/28\/nissan-e-usp-vao-desenvolver-celula-de-hidrogenio-a-etanol\/"},"wordCount":557,"articleSection":["Destaques"],"inLanguage":"pt-BR"},{"@type":"WebPage","@id":"https:\/\/dana.com.br\/canaldana\/2019\/11\/28\/nissan-e-usp-vao-desenvolver-celula-de-hidrogenio-a-etanol\/","url":"https:\/\/dana.com.br\/canaldana\/2019\/11\/28\/nissan-e-usp-vao-desenvolver-celula-de-hidrogenio-a-etanol\/","name":"Nissan e USP v\u00e3o desenvolver c\u00e9lula de hidrog\u00eanio a etanol - Canal Dana","isPartOf":{"@id":"https:\/\/dana.com.br\/canaldana\/#website"},"datePublished":"2019-11-28T10:54:30+00:00","author":{"@id":"https:\/\/dana.com.br\/canaldana\/#\/schema\/person\/3c21f22f56fcf3bc46b94bc60ea4fef6"},"breadcrumb":{"@id":"https:\/\/dana.com.br\/canaldana\/2019\/11\/28\/nissan-e-usp-vao-desenvolver-celula-de-hidrogenio-a-etanol\/#breadcrumb"},"inLanguage":"pt-BR","potentialAction":[{"@type":"ReadAction","target":["https:\/\/dana.com.br\/canaldana\/2019\/11\/28\/nissan-e-usp-vao-desenvolver-celula-de-hidrogenio-a-etanol\/"]}]},{"@type":"BreadcrumbList","@id":"https:\/\/dana.com.br\/canaldana\/2019\/11\/28\/nissan-e-usp-vao-desenvolver-celula-de-hidrogenio-a-etanol\/#breadcrumb","itemListElement":[{"@type":"ListItem","position":1,"name":"Home","item":"https:\/\/dana.com.br\/canaldana\/"},{"@type":"ListItem","position":2,"name":"Destaques","item":"https:\/\/dana.com.br\/canaldana\/destaques\/"},{"@type":"ListItem","position":3,"name":"Nissan e USP v\u00e3o desenvolver c\u00e9lula de hidrog\u00eanio a etanol"}]},{"@type":"WebSite","@id":"https:\/\/dana.com.br\/canaldana\/#website","url":"https:\/\/dana.com.br\/canaldana\/","name":"Canal Dana","description":"Informativo com as principais not\u00edcias da ind\u00fastria automotiva","potentialAction":[{"@type":"SearchAction","target":{"@type":"EntryPoint","urlTemplate":"https:\/\/dana.com.br\/canaldana\/?s={search_term_string}"},"query-input":{"@type":"PropertyValueSpecification","valueRequired":true,"valueName":"search_term_string"}}],"inLanguage":"pt-BR"},{"@type":"Person","@id":"https:\/\/dana.com.br\/canaldana\/#\/schema\/person\/3c21f22f56fcf3bc46b94bc60ea4fef6","name":"Canal Dana","image":{"@type":"ImageObject","inLanguage":"pt-BR","@id":"https:\/\/secure.gravatar.com\/avatar\/420aaf9278582877d9018637c6817617705899d2858d7572ef0fe59a6b6454b4?s=96&d=mm&r=g","url":"https:\/\/secure.gravatar.com\/avatar\/420aaf9278582877d9018637c6817617705899d2858d7572ef0fe59a6b6454b4?s=96&d=mm&r=g","contentUrl":"https:\/\/secure.gravatar.com\/avatar\/420aaf9278582877d9018637c6817617705899d2858d7572ef0fe59a6b6454b4?s=96&d=mm&r=g","caption":"Canal Dana"},"url":"https:\/\/dana.com.br\/canaldana\/author\/cdeditor\/"}]}},"_links":{"self":[{"href":"https:\/\/dana.com.br\/canaldana\/wp-json\/wp\/v2\/posts\/38986","targetHints":{"allow":["GET"]}}],"collection":[{"href":"https:\/\/dana.com.br\/canaldana\/wp-json\/wp\/v2\/posts"}],"about":[{"href":"https:\/\/dana.com.br\/canaldana\/wp-json\/wp\/v2\/types\/post"}],"author":[{"embeddable":true,"href":"https:\/\/dana.com.br\/canaldana\/wp-json\/wp\/v2\/users\/3"}],"replies":[{"embeddable":true,"href":"https:\/\/dana.com.br\/canaldana\/wp-json\/wp\/v2\/comments?post=38986"}],"version-history":[{"count":0,"href":"https:\/\/dana.com.br\/canaldana\/wp-json\/wp\/v2\/posts\/38986\/revisions"}],"wp:attachment":[{"href":"https:\/\/dana.com.br\/canaldana\/wp-json\/wp\/v2\/media?parent=38986"}],"wp:term":[{"taxonomy":"category","embeddable":true,"href":"https:\/\/dana.com.br\/canaldana\/wp-json\/wp\/v2\/categories?post=38986"},{"taxonomy":"post_tag","embeddable":true,"href":"https:\/\/dana.com.br\/canaldana\/wp-json\/wp\/v2\/tags?post=38986"}],"curies":[{"name":"wp","href":"https:\/\/api.w.org\/{rel}","templated":true}]}}