{"id":38958,"date":"2019-11-28T07:47:38","date_gmt":"2019-11-28T10:47:38","guid":{"rendered":"https:\/\/dana.com.br\/canaldana\/?p=38958"},"modified":"2019-11-28T07:47:38","modified_gmt":"2019-11-28T10:47:38","slug":"exposicao-na-casa-fiat-celebra-120-anos-da-montadora-e-homenageia-imigrantes-italianos","status":"publish","type":"post","link":"https:\/\/dana.com.br\/canaldana\/2019\/11\/28\/exposicao-na-casa-fiat-celebra-120-anos-da-montadora-e-homenageia-imigrantes-italianos\/","title":{"rendered":"Exposi\u00e7\u00e3o na Casa Fiat celebra 120 anos da montadora e homenageia imigrantes italianos"},"content":{"rendered":"<p><em>Revista Encontro <\/em><\/p>\n<p>&nbsp;<\/p>\n<p>Belo Horizonte vai completar 122 anos de hist\u00f3ria em dezembro. O antigo Curral Del Rey, nos idos de 1897, come\u00e7ou a ser transformado em um imenso canteiro de obras. Afinal, a Comiss\u00e3o Construtora da Nova Capital, capitaneada pelo engenheiro Aar\u00e3o Reis, j\u00e1 tinha detalhado os planos para o territ\u00f3rio. Desta forma, o lugar passou a ser visto como uma bela oportunidade de trabalho. Foi a\u00ed que a ent\u00e3o futura metr\u00f3pole come\u00e7ou a atrair tamb\u00e9m italianos que buscavam trabalhar nessas terras e, claro, constituir suas fam\u00edlias.<\/p>\n<p>&nbsp;<\/p>\n<p>Um pouco dessa hist\u00f3ria \u00e9 contada na nova exposi\u00e7\u00e3o da Casa Fiat de Cultura, integrante do Circuito Liberdade. A mostra &#8220;Percorsi Italiani: 120 anos de hist\u00f3ria na Casa Fiat de Cultura&#8221;, re\u00fane objetos, v\u00eddeos e fotos que revelam como se deram os fluxos migrat\u00f3rios da comunidade italiana na Am\u00e9rica do Sul, desde 1899, ano em que a montadora Fiat foi criada. &#8220;Era inconceb\u00edvel celebrarmos os 120 anos de hist\u00f3ria da Fiat sem uma exposi\u00e7\u00e3o. E n\u00e3o quer\u00edamos que fosse uma mostra comercial. Quer\u00edamos algo a mais&#8221;, diz Fern\u00e3o Silveira, presidente da Casa Fiat de Cultura.<\/p>\n<p>&nbsp;<\/p>\n<p>Mais de 100 imagens e fotografias hist\u00f3ricas foram garimpadas no Museu da Imigra\u00e7\u00e3o, em S\u00e3o Paulo, Museu Hist\u00f3rico Ab\u00edlio Barreto, em BH, no Centro Storico Fiat e da FCA Group Argentina. Quem se encarregou da empreitada foi Cinthia Reis, curadora da exposi\u00e7\u00e3o. &#8220;Tivemos que selecionar 100 imagens do total de mil&#8221;, diz Cinthia, que revela ainda o maior desafio que foi buscar e atestar a veracidade das informa\u00e7\u00f5es referentes aos imigrantes.<\/p>\n<p>&nbsp;<\/p>\n<p>O acervo da exposi\u00e7\u00e3o revela detalhes curiosos como a bola de 1921, usada pelo clube de futebol Palestra It\u00e1lia, nome antigo do Cruzeiro Esporte Clube, que foi rebatizado assim por causa da II Guerra Mundial (1939 \u2013 1945). Na ocasi\u00e3o, o Brasil havia declarado guerra contra o chamado Eixo, formado por It\u00e1lia, Jap\u00e3o e Alemanha. Para os amantes da cultura automobil\u00edstica, a mostra oferece um exemplar do Fiat 147, lan\u00e7ado em 1979. O modelo foi o primeiro carro a \u00e1lcool produzido em s\u00e9rie no mundo. O possante foi fabricado em Betim, na regi\u00e3o metropolitana de BH.<\/p>\n<p>&nbsp;<\/p>\n<p>A influ\u00eancia italiana n\u00e3o para por a\u00ed. Um dos bairros mais tradicionais da cidade, a Savassi, recebeu esse nome devido a uma padaria que existiu at\u00e9 os anos de 1970 no cruzamento das avenidas Get\u00falio Vargas e Crist\u00f3v\u00e3o Colombo. Raffaello Berti, arquiteto italiano, assina mais de 500 projetos em BH, entre eles, o pr\u00e9dio do Minas T\u00eanis I, na rua da Bahia, e da PBH, na avenida Afonso Pena.<\/p>\n<p>&nbsp;<\/p>\n<p><strong>Novidades em 2020<\/strong><\/p>\n<p>&nbsp;<\/p>\n<p>A Casa Fiat de Cultura est\u00e1 programando uma exposi\u00e7\u00e3o de peso para o primeiro semestre do ano que vem. A informa\u00e7\u00e3o foi dada pelo presidente do centro cultural durante o lan\u00e7amento da mostra. &#8220;Vamos trazer uma exposi\u00e7\u00e3o in\u00e9dita no Brasil. Al\u00e9m disso, vamos mudar a nossa identidade visual&#8221;, diz Fern\u00e3o Silveira, que n\u00e3o deu mais informa\u00e7\u00f5es sobre a futura exposi\u00e7\u00e3o. De acordo com ele, que assumiu a coordena\u00e7\u00e3o da Casa em fevereiro deste ano, o perfil do espa\u00e7o continuar\u00e1 sendo de exposi\u00e7\u00f5es &#8220;autorais&#8221;, sem esquecer dos grandes artistas italianos. Uma pista do que vir\u00e1 por a\u00ed.<\/p>\n<p>&nbsp;<\/p>\n<p><strong>Exposi\u00e7\u00e3o Percorsi Italiani: 120 anos de hist\u00f3ria na Casa Fiat de Cultura<\/strong><\/p>\n<p><strong>Onde:<\/strong> Casa Fiat<\/p>\n<p><strong>Endere\u00e7o:<\/strong> Pra\u00e7a da Liberdade s\/n\u00ba, Lourdes, Belo Horizonte<\/p>\n<p><strong>Data:<\/strong> at\u00e9 mar\u00e7o de 2020<\/p>\n<p><strong>Hor\u00e1rio:<\/strong> ter\u00e7a a sexta das 10h \u00e0s 21h; s\u00e1bados e domingos das 10h \u00e0s 18h<\/p>\n<p>Entrada gratuita<\/p>\n<p><strong>Informa\u00e7\u00f5es:<\/strong> (31) 3289-8900<\/p>\n<p>(Revista Encontro\/Rafael Campos)<\/p>\n","protected":false},"excerpt":{"rendered":"<p>Revista Encontro &nbsp; Belo Horizonte vai completar 122 anos de hist\u00f3ria em dezembro. O antigo Curral Del Rey, nos idos de 1897, come\u00e7ou a ser transformado em um imenso canteiro de obras. Afinal, a Comiss\u00e3o Construtora da Nova Capital, capitaneada pelo engenheiro Aar\u00e3o Reis, j\u00e1 tinha detalhado os planos para o territ\u00f3rio. Desta forma, o\u2026 <a class=\"readmore\" href=\"https:\/\/dana.com.br\/canaldana\/2019\/11\/28\/exposicao-na-casa-fiat-celebra-120-anos-da-montadora-e-homenageia-imigrantes-italianos\/\">Leia mais \u00bb<\/a><\/p>\n","protected":false},"author":3,"featured_media":0,"comment_status":"closed","ping_status":"closed","sticky":false,"template":"","format":"standard","meta":{"_acf_changed":false,"footnotes":""},"categories":[82],"tags":[],"class_list":["post-38958","post","type-post","status-publish","format-standard","hentry","category-eventos"],"acf":[],"yoast_head":"<!-- This site is optimized with the Yoast SEO plugin v27.3 - https:\/\/yoast.com\/product\/yoast-seo-wordpress\/ -->\n<title>Exposi\u00e7\u00e3o na Casa Fiat celebra 120 anos da montadora e homenageia imigrantes italianos - Canal Dana<\/title>\n<meta name=\"robots\" content=\"index, follow, max-snippet:-1, max-image-preview:large, max-video-preview:-1\" \/>\n<link rel=\"canonical\" href=\"https:\/\/dana.com.br\/canaldana\/2019\/11\/28\/exposicao-na-casa-fiat-celebra-120-anos-da-montadora-e-homenageia-imigrantes-italianos\/\" \/>\n<meta property=\"og:locale\" content=\"pt_BR\" \/>\n<meta property=\"og:type\" content=\"article\" \/>\n<meta property=\"og:title\" content=\"Exposi\u00e7\u00e3o na Casa Fiat celebra 120 anos da montadora e homenageia imigrantes italianos - Canal Dana\" \/>\n<meta property=\"og:description\" content=\"Revista Encontro &nbsp; Belo Horizonte vai completar 122 anos de hist\u00f3ria em dezembro. O antigo Curral Del Rey, nos idos de 1897, come\u00e7ou a ser transformado em um imenso canteiro de obras. Afinal, a Comiss\u00e3o Construtora da Nova Capital, capitaneada pelo engenheiro Aar\u00e3o Reis, j\u00e1 tinha detalhado os planos para o territ\u00f3rio. Desta forma, o\u2026 Leia mais \u00bb\" \/>\n<meta property=\"og:url\" content=\"https:\/\/dana.com.br\/canaldana\/2019\/11\/28\/exposicao-na-casa-fiat-celebra-120-anos-da-montadora-e-homenageia-imigrantes-italianos\/\" \/>\n<meta property=\"og:site_name\" content=\"Canal Dana\" \/>\n<meta property=\"article:published_time\" content=\"2019-11-28T10:47:38+00:00\" \/>\n<meta name=\"author\" content=\"Canal Dana\" \/>\n<meta name=\"twitter:card\" content=\"summary_large_image\" \/>\n<meta name=\"twitter:label1\" content=\"Escrito por\" \/>\n\t<meta name=\"twitter:data1\" content=\"Canal Dana\" \/>\n\t<meta name=\"twitter:label2\" content=\"Est. tempo de leitura\" \/>\n\t<meta name=\"twitter:data2\" content=\"3 minutos\" \/>\n<script type=\"application\/ld+json\" class=\"yoast-schema-graph\">{\"@context\":\"https:\\\/\\\/schema.org\",\"@graph\":[{\"@type\":\"Article\",\"@id\":\"https:\\\/\\\/dana.com.br\\\/canaldana\\\/2019\\\/11\\\/28\\\/exposicao-na-casa-fiat-celebra-120-anos-da-montadora-e-homenageia-imigrantes-italianos\\\/#article\",\"isPartOf\":{\"@id\":\"https:\\\/\\\/dana.com.br\\\/canaldana\\\/2019\\\/11\\\/28\\\/exposicao-na-casa-fiat-celebra-120-anos-da-montadora-e-homenageia-imigrantes-italianos\\\/\"},\"author\":{\"name\":\"Canal Dana\",\"@id\":\"https:\\\/\\\/dana.com.br\\\/canaldana\\\/#\\\/schema\\\/person\\\/3c21f22f56fcf3bc46b94bc60ea4fef6\"},\"headline\":\"Exposi\u00e7\u00e3o na Casa Fiat celebra 120 anos da montadora e homenageia imigrantes italianos\",\"datePublished\":\"2019-11-28T10:47:38+00:00\",\"mainEntityOfPage\":{\"@id\":\"https:\\\/\\\/dana.com.br\\\/canaldana\\\/2019\\\/11\\\/28\\\/exposicao-na-casa-fiat-celebra-120-anos-da-montadora-e-homenageia-imigrantes-italianos\\\/\"},\"wordCount\":640,\"articleSection\":[\"Eventos\"],\"inLanguage\":\"pt-BR\"},{\"@type\":\"WebPage\",\"@id\":\"https:\\\/\\\/dana.com.br\\\/canaldana\\\/2019\\\/11\\\/28\\\/exposicao-na-casa-fiat-celebra-120-anos-da-montadora-e-homenageia-imigrantes-italianos\\\/\",\"url\":\"https:\\\/\\\/dana.com.br\\\/canaldana\\\/2019\\\/11\\\/28\\\/exposicao-na-casa-fiat-celebra-120-anos-da-montadora-e-homenageia-imigrantes-italianos\\\/\",\"name\":\"Exposi\u00e7\u00e3o na Casa Fiat celebra 120 anos da montadora e homenageia imigrantes italianos - Canal Dana\",\"isPartOf\":{\"@id\":\"https:\\\/\\\/dana.com.br\\\/canaldana\\\/#website\"},\"datePublished\":\"2019-11-28T10:47:38+00:00\",\"author\":{\"@id\":\"https:\\\/\\\/dana.com.br\\\/canaldana\\\/#\\\/schema\\\/person\\\/3c21f22f56fcf3bc46b94bc60ea4fef6\"},\"breadcrumb\":{\"@id\":\"https:\\\/\\\/dana.com.br\\\/canaldana\\\/2019\\\/11\\\/28\\\/exposicao-na-casa-fiat-celebra-120-anos-da-montadora-e-homenageia-imigrantes-italianos\\\/#breadcrumb\"},\"inLanguage\":\"pt-BR\",\"potentialAction\":[{\"@type\":\"ReadAction\",\"target\":[\"https:\\\/\\\/dana.com.br\\\/canaldana\\\/2019\\\/11\\\/28\\\/exposicao-na-casa-fiat-celebra-120-anos-da-montadora-e-homenageia-imigrantes-italianos\\\/\"]}]},{\"@type\":\"BreadcrumbList\",\"@id\":\"https:\\\/\\\/dana.com.br\\\/canaldana\\\/2019\\\/11\\\/28\\\/exposicao-na-casa-fiat-celebra-120-anos-da-montadora-e-homenageia-imigrantes-italianos\\\/#breadcrumb\",\"itemListElement\":[{\"@type\":\"ListItem\",\"position\":1,\"name\":\"Home\",\"item\":\"https:\\\/\\\/dana.com.br\\\/canaldana\\\/\"},{\"@type\":\"ListItem\",\"position\":2,\"name\":\"Eventos\",\"item\":\"https:\\\/\\\/dana.com.br\\\/canaldana\\\/eventos\\\/\"},{\"@type\":\"ListItem\",\"position\":3,\"name\":\"Exposi\u00e7\u00e3o na Casa Fiat celebra 120 anos da montadora e homenageia imigrantes italianos\"}]},{\"@type\":\"WebSite\",\"@id\":\"https:\\\/\\\/dana.com.br\\\/canaldana\\\/#website\",\"url\":\"https:\\\/\\\/dana.com.br\\\/canaldana\\\/\",\"name\":\"Canal Dana\",\"description\":\"Informativo com as principais not\u00edcias da ind\u00fastria automotiva\",\"potentialAction\":[{\"@type\":\"SearchAction\",\"target\":{\"@type\":\"EntryPoint\",\"urlTemplate\":\"https:\\\/\\\/dana.com.br\\\/canaldana\\\/?s={search_term_string}\"},\"query-input\":{\"@type\":\"PropertyValueSpecification\",\"valueRequired\":true,\"valueName\":\"search_term_string\"}}],\"inLanguage\":\"pt-BR\"},{\"@type\":\"Person\",\"@id\":\"https:\\\/\\\/dana.com.br\\\/canaldana\\\/#\\\/schema\\\/person\\\/3c21f22f56fcf3bc46b94bc60ea4fef6\",\"name\":\"Canal Dana\",\"image\":{\"@type\":\"ImageObject\",\"inLanguage\":\"pt-BR\",\"@id\":\"https:\\\/\\\/secure.gravatar.com\\\/avatar\\\/420aaf9278582877d9018637c6817617705899d2858d7572ef0fe59a6b6454b4?s=96&d=mm&r=g\",\"url\":\"https:\\\/\\\/secure.gravatar.com\\\/avatar\\\/420aaf9278582877d9018637c6817617705899d2858d7572ef0fe59a6b6454b4?s=96&d=mm&r=g\",\"contentUrl\":\"https:\\\/\\\/secure.gravatar.com\\\/avatar\\\/420aaf9278582877d9018637c6817617705899d2858d7572ef0fe59a6b6454b4?s=96&d=mm&r=g\",\"caption\":\"Canal Dana\"},\"url\":\"https:\\\/\\\/dana.com.br\\\/canaldana\\\/author\\\/cdeditor\\\/\"}]}<\/script>\n<!-- \/ Yoast SEO plugin. -->","yoast_head_json":{"title":"Exposi\u00e7\u00e3o na Casa Fiat celebra 120 anos da montadora e homenageia imigrantes italianos - Canal Dana","robots":{"index":"index","follow":"follow","max-snippet":"max-snippet:-1","max-image-preview":"max-image-preview:large","max-video-preview":"max-video-preview:-1"},"canonical":"https:\/\/dana.com.br\/canaldana\/2019\/11\/28\/exposicao-na-casa-fiat-celebra-120-anos-da-montadora-e-homenageia-imigrantes-italianos\/","og_locale":"pt_BR","og_type":"article","og_title":"Exposi\u00e7\u00e3o na Casa Fiat celebra 120 anos da montadora e homenageia imigrantes italianos - Canal Dana","og_description":"Revista Encontro &nbsp; Belo Horizonte vai completar 122 anos de hist\u00f3ria em dezembro. O antigo Curral Del Rey, nos idos de 1897, come\u00e7ou a ser transformado em um imenso canteiro de obras. Afinal, a Comiss\u00e3o Construtora da Nova Capital, capitaneada pelo engenheiro Aar\u00e3o Reis, j\u00e1 tinha detalhado os planos para o territ\u00f3rio. Desta forma, o\u2026 Leia mais \u00bb","og_url":"https:\/\/dana.com.br\/canaldana\/2019\/11\/28\/exposicao-na-casa-fiat-celebra-120-anos-da-montadora-e-homenageia-imigrantes-italianos\/","og_site_name":"Canal Dana","article_published_time":"2019-11-28T10:47:38+00:00","author":"Canal Dana","twitter_card":"summary_large_image","twitter_misc":{"Escrito por":"Canal Dana","Est. tempo de leitura":"3 minutos"},"schema":{"@context":"https:\/\/schema.org","@graph":[{"@type":"Article","@id":"https:\/\/dana.com.br\/canaldana\/2019\/11\/28\/exposicao-na-casa-fiat-celebra-120-anos-da-montadora-e-homenageia-imigrantes-italianos\/#article","isPartOf":{"@id":"https:\/\/dana.com.br\/canaldana\/2019\/11\/28\/exposicao-na-casa-fiat-celebra-120-anos-da-montadora-e-homenageia-imigrantes-italianos\/"},"author":{"name":"Canal Dana","@id":"https:\/\/dana.com.br\/canaldana\/#\/schema\/person\/3c21f22f56fcf3bc46b94bc60ea4fef6"},"headline":"Exposi\u00e7\u00e3o na Casa Fiat celebra 120 anos da montadora e homenageia imigrantes italianos","datePublished":"2019-11-28T10:47:38+00:00","mainEntityOfPage":{"@id":"https:\/\/dana.com.br\/canaldana\/2019\/11\/28\/exposicao-na-casa-fiat-celebra-120-anos-da-montadora-e-homenageia-imigrantes-italianos\/"},"wordCount":640,"articleSection":["Eventos"],"inLanguage":"pt-BR"},{"@type":"WebPage","@id":"https:\/\/dana.com.br\/canaldana\/2019\/11\/28\/exposicao-na-casa-fiat-celebra-120-anos-da-montadora-e-homenageia-imigrantes-italianos\/","url":"https:\/\/dana.com.br\/canaldana\/2019\/11\/28\/exposicao-na-casa-fiat-celebra-120-anos-da-montadora-e-homenageia-imigrantes-italianos\/","name":"Exposi\u00e7\u00e3o na Casa Fiat celebra 120 anos da montadora e homenageia imigrantes italianos - Canal Dana","isPartOf":{"@id":"https:\/\/dana.com.br\/canaldana\/#website"},"datePublished":"2019-11-28T10:47:38+00:00","author":{"@id":"https:\/\/dana.com.br\/canaldana\/#\/schema\/person\/3c21f22f56fcf3bc46b94bc60ea4fef6"},"breadcrumb":{"@id":"https:\/\/dana.com.br\/canaldana\/2019\/11\/28\/exposicao-na-casa-fiat-celebra-120-anos-da-montadora-e-homenageia-imigrantes-italianos\/#breadcrumb"},"inLanguage":"pt-BR","potentialAction":[{"@type":"ReadAction","target":["https:\/\/dana.com.br\/canaldana\/2019\/11\/28\/exposicao-na-casa-fiat-celebra-120-anos-da-montadora-e-homenageia-imigrantes-italianos\/"]}]},{"@type":"BreadcrumbList","@id":"https:\/\/dana.com.br\/canaldana\/2019\/11\/28\/exposicao-na-casa-fiat-celebra-120-anos-da-montadora-e-homenageia-imigrantes-italianos\/#breadcrumb","itemListElement":[{"@type":"ListItem","position":1,"name":"Home","item":"https:\/\/dana.com.br\/canaldana\/"},{"@type":"ListItem","position":2,"name":"Eventos","item":"https:\/\/dana.com.br\/canaldana\/eventos\/"},{"@type":"ListItem","position":3,"name":"Exposi\u00e7\u00e3o na Casa Fiat celebra 120 anos da montadora e homenageia imigrantes italianos"}]},{"@type":"WebSite","@id":"https:\/\/dana.com.br\/canaldana\/#website","url":"https:\/\/dana.com.br\/canaldana\/","name":"Canal Dana","description":"Informativo com as principais not\u00edcias da ind\u00fastria automotiva","potentialAction":[{"@type":"SearchAction","target":{"@type":"EntryPoint","urlTemplate":"https:\/\/dana.com.br\/canaldana\/?s={search_term_string}"},"query-input":{"@type":"PropertyValueSpecification","valueRequired":true,"valueName":"search_term_string"}}],"inLanguage":"pt-BR"},{"@type":"Person","@id":"https:\/\/dana.com.br\/canaldana\/#\/schema\/person\/3c21f22f56fcf3bc46b94bc60ea4fef6","name":"Canal Dana","image":{"@type":"ImageObject","inLanguage":"pt-BR","@id":"https:\/\/secure.gravatar.com\/avatar\/420aaf9278582877d9018637c6817617705899d2858d7572ef0fe59a6b6454b4?s=96&d=mm&r=g","url":"https:\/\/secure.gravatar.com\/avatar\/420aaf9278582877d9018637c6817617705899d2858d7572ef0fe59a6b6454b4?s=96&d=mm&r=g","contentUrl":"https:\/\/secure.gravatar.com\/avatar\/420aaf9278582877d9018637c6817617705899d2858d7572ef0fe59a6b6454b4?s=96&d=mm&r=g","caption":"Canal Dana"},"url":"https:\/\/dana.com.br\/canaldana\/author\/cdeditor\/"}]}},"_links":{"self":[{"href":"https:\/\/dana.com.br\/canaldana\/wp-json\/wp\/v2\/posts\/38958","targetHints":{"allow":["GET"]}}],"collection":[{"href":"https:\/\/dana.com.br\/canaldana\/wp-json\/wp\/v2\/posts"}],"about":[{"href":"https:\/\/dana.com.br\/canaldana\/wp-json\/wp\/v2\/types\/post"}],"author":[{"embeddable":true,"href":"https:\/\/dana.com.br\/canaldana\/wp-json\/wp\/v2\/users\/3"}],"replies":[{"embeddable":true,"href":"https:\/\/dana.com.br\/canaldana\/wp-json\/wp\/v2\/comments?post=38958"}],"version-history":[{"count":0,"href":"https:\/\/dana.com.br\/canaldana\/wp-json\/wp\/v2\/posts\/38958\/revisions"}],"wp:attachment":[{"href":"https:\/\/dana.com.br\/canaldana\/wp-json\/wp\/v2\/media?parent=38958"}],"wp:term":[{"taxonomy":"category","embeddable":true,"href":"https:\/\/dana.com.br\/canaldana\/wp-json\/wp\/v2\/categories?post=38958"},{"taxonomy":"post_tag","embeddable":true,"href":"https:\/\/dana.com.br\/canaldana\/wp-json\/wp\/v2\/tags?post=38958"}],"curies":[{"name":"wp","href":"https:\/\/api.w.org\/{rel}","templated":true}]}}