{"id":38956,"date":"2019-11-28T07:47:05","date_gmt":"2019-11-28T10:47:05","guid":{"rendered":"https:\/\/dana.com.br\/canaldana\/?p=38956"},"modified":"2019-11-28T07:47:05","modified_gmt":"2019-11-28T10:47:05","slug":"decadas-de-sustentabilidade-do-etanol","status":"publish","type":"post","link":"https:\/\/dana.com.br\/canaldana\/2019\/11\/28\/decadas-de-sustentabilidade-do-etanol\/","title":{"rendered":"D\u00e9cadas de sustentabilidade do etanol"},"content":{"rendered":"<p><em>Di\u00e1rio do Com\u00e9rcio-MG\u00a0 <\/em><\/p>\n<p>&nbsp;<\/p>\n<p>Apesar das recentes pol\u00eamicas sobre a Amaz\u00f4nia e algumas posi\u00e7\u00f5es de nosso governo quanto a temas ambientais, o Brasil ter\u00e1 muito o que mostrar na Confer\u00eancia das Partes da Conven\u00e7\u00e3o do Clima das Na\u00e7\u00f5es Unidas (COP 25), de 2 a 13 de dezembro, em Madri. Coincidentemente, os biocombust\u00edveis, protagonistas de algumas de nossas principais conquistas na luta contra o aquecimento da Terra, s\u00e3o objeto de duas comemora\u00e7\u00f5es importantes: a cria\u00e7\u00e3o do Programa Nacional do \u00c1lcool (Pro\u00e1lcool), em 14 de novembro de 1975, h\u00e1 44 anos; e o 40\u00ba anivers\u00e1rio (19 de setembro) da assinatura do protocolo que viabilizou a produ\u00e7\u00e3o dos carros movidos a etanol, firmado entre a Associa\u00e7\u00e3o Nacional dos Fabricantes de Ve\u00edculos Automotores (Anfavea) e o Minist\u00e9rio da Ind\u00fastria e Com\u00e9rcio.<\/p>\n<p>&nbsp;<\/p>\n<p>O Pro\u00e1lcool, criado para que nosso pa\u00eds fizesse frente \u00e0 crise internacional do petr\u00f3leo nos anos de 1970, tornou-se um dos principais respons\u00e1veis por nossa capacidade de atender aos Objetivos do Desenvolvimento Sustent\u00e1vel na \u00e1rea ambiental. O esfor\u00e7o conjunto do setor sucroalcooleiro, organismos governamentais, institui\u00e7\u00f5es de pesquisa e ind\u00fastria automotiva permitiu que o Brasil produzisse em escala um combust\u00edvel mais limpo e renov\u00e1vel, aliado \u00e0 tecnologia dos carros flex, apresentando uma solu\u00e7\u00e3o concreta no combate \u00e0s mudan\u00e7as clim\u00e1ticas.<\/p>\n<p>&nbsp;<\/p>\n<p>Nesse sentido, \u00e9 gratificante lembrar o esfor\u00e7o que fizemos, envolvendo muitas pessoas com vis\u00e3o de futuro, para viabilizar uma tecnologia revolucion\u00e1ria nos setores industrial e energ\u00e9tico: nos anos de 1970, quando presidi a Sociedade dos T\u00e9cnicos A\u00e7ucareiros e Alcooleiros do Brasil (Stab), formamos uma comiss\u00e3o, junto com outros dirigentes setoriais, para visitar centros de pesquisa empenhados no desenvolvimento do carro a \u00e1lcool. N\u00e3o havia no Pa\u00eds capacita\u00e7\u00e3o para a produ\u00e7\u00e3o de motores, fabricados no exterior, sendo apenas montados aqui. Por isso, foi necess\u00e1rio gerar know-how pr\u00f3prio.<\/p>\n<p>&nbsp;<\/p>\n<p>Estavam engajados nesse processo, o Departamento de Ci\u00eancia e Tecnologia Aeroespacial (DCTA), em S\u00e3o Jos\u00e9 dos Campos, j\u00e1 avan\u00e7ad\u00edssimo \u00e0 \u00e9poca, e a Escola da USP, campus de S\u00e3o Carlos, onde eu havia me formado. Nas f\u00e1bricas da Volkswagen, GM e Willys-Ford, um contingente de engenheiros, com equipamentos de \u00faltima gera\u00e7\u00e3o, estava igualmente mobilizado.<\/p>\n<p>Nasciam, assim, os ve\u00edculos a \u00e1lcool brasileiros. A criatividade nacional tamb\u00e9m era demonstrada nas adapta\u00e7\u00f5es feitas pelos mec\u00e2nicos, nas ret\u00edficas. Os caminh\u00f5es das usinas do Nordeste e S\u00e3o Paulo tinham os motores convertidos. Ali\u00e1s, essa capacidade de nossa gente de encontrar solu\u00e7\u00f5es j\u00e1 havia sido demonstrada na Segunda Guerra, quando faltou combust\u00edvel. Lembro que meu pai tinha um carro a gasog\u00eanio, mas que subia a Serra do Mar utilizando \u00e1lcool. O Pro\u00e1lcool foi um decisivo passo para o desenvolvimento da engenharia de motores no Brasil.<\/p>\n<p>&nbsp;<\/p>\n<p>\u00c9 gra\u00e7as a todo esse esfor\u00e7o que, na COP 25, poderemos demonstrar o quanto estamos avan\u00e7ados em algumas metas para 2030 do Acordo de Paris: do aumento previsto de 18% da participa\u00e7\u00e3o de biocombust\u00edveis (Renovabio), realizamos 17,4% e j\u00e1 superamos em 0,3 ponto percentual o compromisso de 45% dos renov\u00e1veis na matriz energ\u00e9tica nacional, que se tornou a mais limpa e diversificada do mundo.<\/p>\n<p>&nbsp;<\/p>\n<p>Estudos do Brasil e do Exterior n\u00e3o deixam d\u00favidas de que o etanol reduz a emiss\u00e3o de di\u00f3xido de carbono em rela\u00e7\u00e3o \u00e0 gasolina. Quando produzido a partir da cana-de-a\u00e7\u00facar, como no Pa\u00eds, o resultado \u00e9 ainda maior, pois os canaviais sequestram carbono na atmosfera em volume mais elevado do que o emitido na queima do combust\u00edvel. A utiliza\u00e7\u00e3o do \u00e1lcool nos ve\u00edculos apresenta outra vantagem a ser lembrada: sua adi\u00e7\u00e3o \u00e0 gasolina, considerando sua capacidade de aumentar a octanagem, permitiu extinguir, nos anos 90, o poluente chumbo tetraetila como aditivo do combust\u00edvel brasileiro.<\/p>\n<p>&nbsp;<\/p>\n<p>Ao lembrarmos toda essa trajet\u00f3ria, devemos comemorar o fato de o Brasil ter quebrado o recorde de produ\u00e7\u00e3o, consumo e venda de etanol na safra 2018\/2019. Tal resultado mostra que nossa matriz energ\u00e9tica pode ser cada vez mais limpa e renov\u00e1vel, alimentada por um combust\u00edvel sustent\u00e1vel e cuja produ\u00e7\u00e3o gera emprego, renda e investimentos, contribuindo, ainda, para que o Brasil cumpra seus compromissos com o Planeta. (Di\u00e1rio do Com\u00e9rcio-MG\/Jo\u00e3o Guilherme Sabino Ometto, engenheiro, vice-presidente do Conselho de Administra\u00e7\u00e3o da Usina S\u00e3o Martinho e membro da Academia Nacional de Agricultura-ANA)<\/p>\n","protected":false},"excerpt":{"rendered":"<p>Di\u00e1rio do Com\u00e9rcio-MG\u00a0 &nbsp; Apesar das recentes pol\u00eamicas sobre a Amaz\u00f4nia e algumas posi\u00e7\u00f5es de nosso governo quanto a temas ambientais, o Brasil ter\u00e1 muito o que mostrar na Confer\u00eancia das Partes da Conven\u00e7\u00e3o do Clima das Na\u00e7\u00f5es Unidas (COP 25), de 2 a 13 de dezembro, em Madri. Coincidentemente, os biocombust\u00edveis, protagonistas de algumas\u2026 <a class=\"readmore\" href=\"https:\/\/dana.com.br\/canaldana\/2019\/11\/28\/decadas-de-sustentabilidade-do-etanol\/\">Leia mais \u00bb<\/a><\/p>\n","protected":false},"author":3,"featured_media":0,"comment_status":"closed","ping_status":"closed","sticky":false,"template":"","format":"standard","meta":{"_acf_changed":false,"footnotes":""},"categories":[100],"tags":[],"class_list":["post-38956","post","type-post","status-publish","format-standard","hentry","category-artigo"],"acf":[],"yoast_head":"<!-- This site is optimized with the Yoast SEO plugin v27.3 - https:\/\/yoast.com\/product\/yoast-seo-wordpress\/ -->\n<title>D\u00e9cadas de sustentabilidade do etanol - Canal Dana<\/title>\n<meta name=\"robots\" content=\"index, follow, max-snippet:-1, max-image-preview:large, max-video-preview:-1\" \/>\n<link rel=\"canonical\" href=\"https:\/\/dana.com.br\/canaldana\/2019\/11\/28\/decadas-de-sustentabilidade-do-etanol\/\" \/>\n<meta property=\"og:locale\" content=\"pt_BR\" \/>\n<meta property=\"og:type\" content=\"article\" \/>\n<meta property=\"og:title\" content=\"D\u00e9cadas de sustentabilidade do etanol - Canal Dana\" \/>\n<meta property=\"og:description\" content=\"Di\u00e1rio do Com\u00e9rcio-MG\u00a0 &nbsp; Apesar das recentes pol\u00eamicas sobre a Amaz\u00f4nia e algumas posi\u00e7\u00f5es de nosso governo quanto a temas ambientais, o Brasil ter\u00e1 muito o que mostrar na Confer\u00eancia das Partes da Conven\u00e7\u00e3o do Clima das Na\u00e7\u00f5es Unidas (COP 25), de 2 a 13 de dezembro, em Madri. Coincidentemente, os biocombust\u00edveis, protagonistas de algumas\u2026 Leia mais \u00bb\" \/>\n<meta property=\"og:url\" content=\"https:\/\/dana.com.br\/canaldana\/2019\/11\/28\/decadas-de-sustentabilidade-do-etanol\/\" \/>\n<meta property=\"og:site_name\" content=\"Canal Dana\" \/>\n<meta property=\"article:published_time\" content=\"2019-11-28T10:47:05+00:00\" \/>\n<meta name=\"author\" content=\"Canal Dana\" \/>\n<meta name=\"twitter:card\" content=\"summary_large_image\" \/>\n<meta name=\"twitter:label1\" content=\"Escrito por\" \/>\n\t<meta name=\"twitter:data1\" content=\"Canal Dana\" \/>\n\t<meta name=\"twitter:label2\" content=\"Est. tempo de leitura\" \/>\n\t<meta name=\"twitter:data2\" content=\"4 minutos\" \/>\n<script type=\"application\/ld+json\" class=\"yoast-schema-graph\">{\"@context\":\"https:\\\/\\\/schema.org\",\"@graph\":[{\"@type\":\"Article\",\"@id\":\"https:\\\/\\\/dana.com.br\\\/canaldana\\\/2019\\\/11\\\/28\\\/decadas-de-sustentabilidade-do-etanol\\\/#article\",\"isPartOf\":{\"@id\":\"https:\\\/\\\/dana.com.br\\\/canaldana\\\/2019\\\/11\\\/28\\\/decadas-de-sustentabilidade-do-etanol\\\/\"},\"author\":{\"name\":\"Canal Dana\",\"@id\":\"https:\\\/\\\/dana.com.br\\\/canaldana\\\/#\\\/schema\\\/person\\\/3c21f22f56fcf3bc46b94bc60ea4fef6\"},\"headline\":\"D\u00e9cadas de sustentabilidade do etanol\",\"datePublished\":\"2019-11-28T10:47:05+00:00\",\"mainEntityOfPage\":{\"@id\":\"https:\\\/\\\/dana.com.br\\\/canaldana\\\/2019\\\/11\\\/28\\\/decadas-de-sustentabilidade-do-etanol\\\/\"},\"wordCount\":760,\"articleSection\":[\"Artigo\"],\"inLanguage\":\"pt-BR\"},{\"@type\":\"WebPage\",\"@id\":\"https:\\\/\\\/dana.com.br\\\/canaldana\\\/2019\\\/11\\\/28\\\/decadas-de-sustentabilidade-do-etanol\\\/\",\"url\":\"https:\\\/\\\/dana.com.br\\\/canaldana\\\/2019\\\/11\\\/28\\\/decadas-de-sustentabilidade-do-etanol\\\/\",\"name\":\"D\u00e9cadas de sustentabilidade do etanol - Canal Dana\",\"isPartOf\":{\"@id\":\"https:\\\/\\\/dana.com.br\\\/canaldana\\\/#website\"},\"datePublished\":\"2019-11-28T10:47:05+00:00\",\"author\":{\"@id\":\"https:\\\/\\\/dana.com.br\\\/canaldana\\\/#\\\/schema\\\/person\\\/3c21f22f56fcf3bc46b94bc60ea4fef6\"},\"breadcrumb\":{\"@id\":\"https:\\\/\\\/dana.com.br\\\/canaldana\\\/2019\\\/11\\\/28\\\/decadas-de-sustentabilidade-do-etanol\\\/#breadcrumb\"},\"inLanguage\":\"pt-BR\",\"potentialAction\":[{\"@type\":\"ReadAction\",\"target\":[\"https:\\\/\\\/dana.com.br\\\/canaldana\\\/2019\\\/11\\\/28\\\/decadas-de-sustentabilidade-do-etanol\\\/\"]}]},{\"@type\":\"BreadcrumbList\",\"@id\":\"https:\\\/\\\/dana.com.br\\\/canaldana\\\/2019\\\/11\\\/28\\\/decadas-de-sustentabilidade-do-etanol\\\/#breadcrumb\",\"itemListElement\":[{\"@type\":\"ListItem\",\"position\":1,\"name\":\"Home\",\"item\":\"https:\\\/\\\/dana.com.br\\\/canaldana\\\/\"},{\"@type\":\"ListItem\",\"position\":2,\"name\":\"Artigo\",\"item\":\"https:\\\/\\\/dana.com.br\\\/canaldana\\\/artigo\\\/\"},{\"@type\":\"ListItem\",\"position\":3,\"name\":\"D\u00e9cadas de sustentabilidade do etanol\"}]},{\"@type\":\"WebSite\",\"@id\":\"https:\\\/\\\/dana.com.br\\\/canaldana\\\/#website\",\"url\":\"https:\\\/\\\/dana.com.br\\\/canaldana\\\/\",\"name\":\"Canal Dana\",\"description\":\"Informativo com as principais not\u00edcias da ind\u00fastria automotiva\",\"potentialAction\":[{\"@type\":\"SearchAction\",\"target\":{\"@type\":\"EntryPoint\",\"urlTemplate\":\"https:\\\/\\\/dana.com.br\\\/canaldana\\\/?s={search_term_string}\"},\"query-input\":{\"@type\":\"PropertyValueSpecification\",\"valueRequired\":true,\"valueName\":\"search_term_string\"}}],\"inLanguage\":\"pt-BR\"},{\"@type\":\"Person\",\"@id\":\"https:\\\/\\\/dana.com.br\\\/canaldana\\\/#\\\/schema\\\/person\\\/3c21f22f56fcf3bc46b94bc60ea4fef6\",\"name\":\"Canal Dana\",\"image\":{\"@type\":\"ImageObject\",\"inLanguage\":\"pt-BR\",\"@id\":\"https:\\\/\\\/secure.gravatar.com\\\/avatar\\\/420aaf9278582877d9018637c6817617705899d2858d7572ef0fe59a6b6454b4?s=96&d=mm&r=g\",\"url\":\"https:\\\/\\\/secure.gravatar.com\\\/avatar\\\/420aaf9278582877d9018637c6817617705899d2858d7572ef0fe59a6b6454b4?s=96&d=mm&r=g\",\"contentUrl\":\"https:\\\/\\\/secure.gravatar.com\\\/avatar\\\/420aaf9278582877d9018637c6817617705899d2858d7572ef0fe59a6b6454b4?s=96&d=mm&r=g\",\"caption\":\"Canal Dana\"},\"url\":\"https:\\\/\\\/dana.com.br\\\/canaldana\\\/author\\\/cdeditor\\\/\"}]}<\/script>\n<!-- \/ Yoast SEO plugin. -->","yoast_head_json":{"title":"D\u00e9cadas de sustentabilidade do etanol - Canal Dana","robots":{"index":"index","follow":"follow","max-snippet":"max-snippet:-1","max-image-preview":"max-image-preview:large","max-video-preview":"max-video-preview:-1"},"canonical":"https:\/\/dana.com.br\/canaldana\/2019\/11\/28\/decadas-de-sustentabilidade-do-etanol\/","og_locale":"pt_BR","og_type":"article","og_title":"D\u00e9cadas de sustentabilidade do etanol - Canal Dana","og_description":"Di\u00e1rio do Com\u00e9rcio-MG\u00a0 &nbsp; Apesar das recentes pol\u00eamicas sobre a Amaz\u00f4nia e algumas posi\u00e7\u00f5es de nosso governo quanto a temas ambientais, o Brasil ter\u00e1 muito o que mostrar na Confer\u00eancia das Partes da Conven\u00e7\u00e3o do Clima das Na\u00e7\u00f5es Unidas (COP 25), de 2 a 13 de dezembro, em Madri. Coincidentemente, os biocombust\u00edveis, protagonistas de algumas\u2026 Leia mais \u00bb","og_url":"https:\/\/dana.com.br\/canaldana\/2019\/11\/28\/decadas-de-sustentabilidade-do-etanol\/","og_site_name":"Canal Dana","article_published_time":"2019-11-28T10:47:05+00:00","author":"Canal Dana","twitter_card":"summary_large_image","twitter_misc":{"Escrito por":"Canal Dana","Est. tempo de leitura":"4 minutos"},"schema":{"@context":"https:\/\/schema.org","@graph":[{"@type":"Article","@id":"https:\/\/dana.com.br\/canaldana\/2019\/11\/28\/decadas-de-sustentabilidade-do-etanol\/#article","isPartOf":{"@id":"https:\/\/dana.com.br\/canaldana\/2019\/11\/28\/decadas-de-sustentabilidade-do-etanol\/"},"author":{"name":"Canal Dana","@id":"https:\/\/dana.com.br\/canaldana\/#\/schema\/person\/3c21f22f56fcf3bc46b94bc60ea4fef6"},"headline":"D\u00e9cadas de sustentabilidade do etanol","datePublished":"2019-11-28T10:47:05+00:00","mainEntityOfPage":{"@id":"https:\/\/dana.com.br\/canaldana\/2019\/11\/28\/decadas-de-sustentabilidade-do-etanol\/"},"wordCount":760,"articleSection":["Artigo"],"inLanguage":"pt-BR"},{"@type":"WebPage","@id":"https:\/\/dana.com.br\/canaldana\/2019\/11\/28\/decadas-de-sustentabilidade-do-etanol\/","url":"https:\/\/dana.com.br\/canaldana\/2019\/11\/28\/decadas-de-sustentabilidade-do-etanol\/","name":"D\u00e9cadas de sustentabilidade do etanol - Canal Dana","isPartOf":{"@id":"https:\/\/dana.com.br\/canaldana\/#website"},"datePublished":"2019-11-28T10:47:05+00:00","author":{"@id":"https:\/\/dana.com.br\/canaldana\/#\/schema\/person\/3c21f22f56fcf3bc46b94bc60ea4fef6"},"breadcrumb":{"@id":"https:\/\/dana.com.br\/canaldana\/2019\/11\/28\/decadas-de-sustentabilidade-do-etanol\/#breadcrumb"},"inLanguage":"pt-BR","potentialAction":[{"@type":"ReadAction","target":["https:\/\/dana.com.br\/canaldana\/2019\/11\/28\/decadas-de-sustentabilidade-do-etanol\/"]}]},{"@type":"BreadcrumbList","@id":"https:\/\/dana.com.br\/canaldana\/2019\/11\/28\/decadas-de-sustentabilidade-do-etanol\/#breadcrumb","itemListElement":[{"@type":"ListItem","position":1,"name":"Home","item":"https:\/\/dana.com.br\/canaldana\/"},{"@type":"ListItem","position":2,"name":"Artigo","item":"https:\/\/dana.com.br\/canaldana\/artigo\/"},{"@type":"ListItem","position":3,"name":"D\u00e9cadas de sustentabilidade do etanol"}]},{"@type":"WebSite","@id":"https:\/\/dana.com.br\/canaldana\/#website","url":"https:\/\/dana.com.br\/canaldana\/","name":"Canal Dana","description":"Informativo com as principais not\u00edcias da ind\u00fastria automotiva","potentialAction":[{"@type":"SearchAction","target":{"@type":"EntryPoint","urlTemplate":"https:\/\/dana.com.br\/canaldana\/?s={search_term_string}"},"query-input":{"@type":"PropertyValueSpecification","valueRequired":true,"valueName":"search_term_string"}}],"inLanguage":"pt-BR"},{"@type":"Person","@id":"https:\/\/dana.com.br\/canaldana\/#\/schema\/person\/3c21f22f56fcf3bc46b94bc60ea4fef6","name":"Canal Dana","image":{"@type":"ImageObject","inLanguage":"pt-BR","@id":"https:\/\/secure.gravatar.com\/avatar\/420aaf9278582877d9018637c6817617705899d2858d7572ef0fe59a6b6454b4?s=96&d=mm&r=g","url":"https:\/\/secure.gravatar.com\/avatar\/420aaf9278582877d9018637c6817617705899d2858d7572ef0fe59a6b6454b4?s=96&d=mm&r=g","contentUrl":"https:\/\/secure.gravatar.com\/avatar\/420aaf9278582877d9018637c6817617705899d2858d7572ef0fe59a6b6454b4?s=96&d=mm&r=g","caption":"Canal Dana"},"url":"https:\/\/dana.com.br\/canaldana\/author\/cdeditor\/"}]}},"_links":{"self":[{"href":"https:\/\/dana.com.br\/canaldana\/wp-json\/wp\/v2\/posts\/38956","targetHints":{"allow":["GET"]}}],"collection":[{"href":"https:\/\/dana.com.br\/canaldana\/wp-json\/wp\/v2\/posts"}],"about":[{"href":"https:\/\/dana.com.br\/canaldana\/wp-json\/wp\/v2\/types\/post"}],"author":[{"embeddable":true,"href":"https:\/\/dana.com.br\/canaldana\/wp-json\/wp\/v2\/users\/3"}],"replies":[{"embeddable":true,"href":"https:\/\/dana.com.br\/canaldana\/wp-json\/wp\/v2\/comments?post=38956"}],"version-history":[{"count":0,"href":"https:\/\/dana.com.br\/canaldana\/wp-json\/wp\/v2\/posts\/38956\/revisions"}],"wp:attachment":[{"href":"https:\/\/dana.com.br\/canaldana\/wp-json\/wp\/v2\/media?parent=38956"}],"wp:term":[{"taxonomy":"category","embeddable":true,"href":"https:\/\/dana.com.br\/canaldana\/wp-json\/wp\/v2\/categories?post=38956"},{"taxonomy":"post_tag","embeddable":true,"href":"https:\/\/dana.com.br\/canaldana\/wp-json\/wp\/v2\/tags?post=38956"}],"curies":[{"name":"wp","href":"https:\/\/api.w.org\/{rel}","templated":true}]}}