{"id":38920,"date":"2019-11-27T08:01:10","date_gmt":"2019-11-27T11:01:10","guid":{"rendered":"https:\/\/dana.com.br\/canaldana\/?p=38920"},"modified":"2019-11-27T08:01:10","modified_gmt":"2019-11-27T11:01:10","slug":"onu-faz-apelo-para-evitar-catastrofe-climatica-e-recomenda-transporte-publico-inclusive-para-o-brasil","status":"publish","type":"post","link":"https:\/\/dana.com.br\/canaldana\/2019\/11\/27\/onu-faz-apelo-para-evitar-catastrofe-climatica-e-recomenda-transporte-publico-inclusive-para-o-brasil\/","title":{"rendered":"ONU faz apelo para evitar cat\u00e1strofe clim\u00e1tica e recomenda transporte p\u00fablico, inclusive para o Brasil"},"content":{"rendered":"<p><em>Di\u00e1rio do Transporte<\/em><\/p>\n<p>&nbsp;<\/p>\n<p>O Boletim anual sobre concentra\u00e7\u00f5es de gases do efeito, divulgado nesta segunda-feira, 25 de novembro de 2019, com advert\u00eancia da ONU \u2013 Organiza\u00e7\u00e3o das Na\u00e7\u00f5es Unidas nesta ter\u00e7a-feira, 26, foi bem claro ao ressaltar que se o mundo n\u00e3o se esfor\u00e7ar em reduzir as emiss\u00f5es destes tipos de poluentes, o planeta pode entrar no que considerou \u201ccat\u00e1strofe clim\u00e1tica\u201d.<\/p>\n<p>&nbsp;<\/p>\n<p>Os investimentos em transportes p\u00fablicos e em ve\u00edculos de baixas emiss\u00f5es locais, como el\u00e9tricos e a biocombust\u00edveis, est\u00e3o entre os destaques do relat\u00f3rio, inclusive para o Brasil.<\/p>\n<p>&nbsp;<\/p>\n<p>Em todo o mundo, a orienta\u00e7\u00e3o \u00e9 para, al\u00e9m da redu\u00e7\u00e3o das emiss\u00f5es pelos transportes, aumento da efici\u00eancia energ\u00e9tica do setor.<\/p>\n<p>&nbsp;<\/p>\n<p>Ainda sobre o Brasil, a ONU critica a pol\u00edtica do presidente Jair Bolsonaro em reduzir as verbas do Minist\u00e9rio do Meio Ambiente e a retomada do crescimento do desmatamento.<\/p>\n<p>&nbsp;<\/p>\n<p>Entretanto, o relat\u00f3rio ressalta positivamente o Programa RenovaBio, que visa aumentar a participa\u00e7\u00e3o dos biocombust\u00edveis na matriz energ\u00e9tica brasileira, e os planos do Governo Federal em aumentar o transporte ferrovi\u00e1rio no setor de cargas dos atuais 15% para 29% nos pr\u00f3ximos oito anos.<\/p>\n<p>&nbsp;<\/p>\n<p><strong>Mundo<\/strong><\/p>\n<p>&nbsp;<\/p>\n<p>Segundo o Programa das Na\u00e7\u00f5es Unidas para o Meio Ambiente \u2013 PNUMA, mesmo que todos os compromissos atuais sob o Acordo de Paris para o clima sejam implementados, as temperaturas dever\u00e3o subir 3,2\u00b0C, trazendo impactos clim\u00e1ticos ainda maiores e mais destrutivos.<\/p>\n<p>&nbsp;<\/p>\n<p>Para que o aumento da temperatura global seja limitado a 1,5% at\u00e9 2030, como prev\u00ea o cen\u00e1rio mais positivo do Acordo de Paris, a ONU adverte que a ambi\u00e7\u00e3o coletiva precisa aumentar em mais de cinco vezes em rela\u00e7\u00e3o aos n\u00edveis atuais para proporcionar os cortes necess\u00e1rios na pr\u00f3xima d\u00e9cada. Entre 2020 e 2030, as emiss\u00f5es globais de gases de efeito estufa (GEEs) devem cair 7,6% ao ano.<\/p>\n<p>&nbsp;<\/p>\n<p>O PNUMA fez uma s\u00e9rie de recomenda\u00e7\u00f5es para que globalmente as metas sejam alcan\u00e7adas, entre as quais, amplia\u00e7\u00e3o dos deslocamentos por transporte coletivo nas principais cidades do mundo.<\/p>\n<p>&nbsp;<\/p>\n<p>A eletromobilidade tamb\u00e9m est\u00e1 entre as alternativas para deixar as cidades em todo mundo, onde mais se concentram as emiss\u00f5es locais, menos nocivas ao meio ambiente.<\/p>\n<p>&nbsp;<\/p>\n<p>O PNUMA calcula que ser\u00e3o necess\u00e1rios investimentos de grandes recursos em setor energ\u00e9tico para o cumprimento das metas de entre US$ 1,6 trilh\u00e3o e US$ 3,8 trilh\u00f5es. Entretanto, sem esses investimentos, os custos em sa\u00fade podem ser maiores.<\/p>\n<p>&nbsp;<\/p>\n<p>O relat\u00f3rio faz cr\u00edticas ao que considera falta de compromisso de grande parte do G20, grupo dos 20 pa\u00edses mais ricos do planeta que, sozinhos, s\u00e3o respons\u00e1veis por 75% das emiss\u00f5es globais, como mostra nota da ONU Brasil.<\/p>\n<p>&nbsp;<\/p>\n<p>Os pa\u00edses do G20 respondem coletivamente por 75% de todas as emiss\u00f5es, mas apenas cinco deles se comprometeram com uma meta de emiss\u00f5es zero a longo prazo.<\/p>\n<p>&nbsp;<\/p>\n<p>No curto prazo, os pa\u00edses desenvolvidos ter\u00e3o que reduzir suas emiss\u00f5es mais rapidamente que os pa\u00edses em desenvolvimento, por raz\u00f5es de justi\u00e7a e equidade. No entanto, todos os pa\u00edses precisar\u00e3o contribuir mais para os efeitos coletivos.<\/p>\n<p>&nbsp;<\/p>\n<p>Os pa\u00edses em desenvolvimento podem aprender com os esfor\u00e7os bem-sucedidos nos pa\u00edses desenvolvidos e podem at\u00e9 ultrapass\u00e1-los e adotar tecnologias mais limpas em um ritmo mais r\u00e1pido.<\/p>\n<p>&nbsp;<\/p>\n<p>A nota ainda explica que para o cumprimento das metas globais de restri\u00e7\u00e3o de aumento de temperatura, as emiss\u00f5es em 2030 devem se limitar a 15 gigatoneladas de CO2.<\/p>\n<p>&nbsp;<\/p>\n<p>A cada ano, o relat\u00f3rio do PNUMA avalia a diferen\u00e7a entre as emiss\u00f5es previstas para 2030 e os n\u00edveis consistentes com as metas de 1,5\u00b0C e de 2\u00b0C do Acordo de Paris. O relat\u00f3rio constata que as emiss\u00f5es de GEE aumentaram 1,5% ao ano na \u00faltima d\u00e9cada. As emiss\u00f5es em 2018, incluindo as mudan\u00e7as no uso da terra, como o desmatamento, atingiram uma nova alta de 55,3 gigatoneladas de CO2 equivalente.<\/p>\n<p>&nbsp;<\/p>\n<p>Para limitar o aumento das temperatuEGR2019-Diario-do-Transporteras, as emiss\u00f5es anuais em 2030 precisam ser 15 gigatoneladas de CO2 equivalente mais baixas do que as CNDs atuais para a meta de 2\u00b0C e 32 gigatoneladas mais baixas para a meta de 1,5\u00b0C. Em termos anuais, isso significa redu\u00e7\u00f5es de 7,6% ao ano entre 2020 a 2030 para cumprir a meta de 1,5\u00b0C e 2,7% ao ano para a meta de 2\u00b0C. (Di\u00e1rio do Transporte\/Adamo Bazani)<\/p>\n","protected":false},"excerpt":{"rendered":"<p>Di\u00e1rio do Transporte &nbsp; O Boletim anual sobre concentra\u00e7\u00f5es de gases do efeito, divulgado nesta segunda-feira, 25 de novembro de 2019, com advert\u00eancia da ONU \u2013 Organiza\u00e7\u00e3o das Na\u00e7\u00f5es Unidas nesta ter\u00e7a-feira, 26, foi bem claro ao ressaltar que se o mundo n\u00e3o se esfor\u00e7ar em reduzir as emiss\u00f5es destes tipos de poluentes, o planeta\u2026 <a class=\"readmore\" href=\"https:\/\/dana.com.br\/canaldana\/2019\/11\/27\/onu-faz-apelo-para-evitar-catastrofe-climatica-e-recomenda-transporte-publico-inclusive-para-o-brasil\/\">Leia mais \u00bb<\/a><\/p>\n","protected":false},"author":3,"featured_media":0,"comment_status":"closed","ping_status":"closed","sticky":false,"template":"","format":"standard","meta":{"_acf_changed":false,"footnotes":""},"categories":[63],"tags":[],"class_list":["post-38920","post","type-post","status-publish","format-standard","hentry","category-meio-ambiente"],"acf":[],"yoast_head":"<!-- This site is optimized with the Yoast SEO plugin v27.3 - https:\/\/yoast.com\/product\/yoast-seo-wordpress\/ -->\n<title>ONU faz apelo para evitar cat\u00e1strofe clim\u00e1tica e recomenda transporte p\u00fablico, inclusive para o Brasil - Canal Dana<\/title>\n<meta name=\"robots\" content=\"index, follow, max-snippet:-1, max-image-preview:large, max-video-preview:-1\" \/>\n<link rel=\"canonical\" href=\"https:\/\/dana.com.br\/canaldana\/2019\/11\/27\/onu-faz-apelo-para-evitar-catastrofe-climatica-e-recomenda-transporte-publico-inclusive-para-o-brasil\/\" \/>\n<meta property=\"og:locale\" content=\"pt_BR\" \/>\n<meta property=\"og:type\" content=\"article\" \/>\n<meta property=\"og:title\" content=\"ONU faz apelo para evitar cat\u00e1strofe clim\u00e1tica e recomenda transporte p\u00fablico, inclusive para o Brasil - Canal Dana\" \/>\n<meta property=\"og:description\" content=\"Di\u00e1rio do Transporte &nbsp; O Boletim anual sobre concentra\u00e7\u00f5es de gases do efeito, divulgado nesta segunda-feira, 25 de novembro de 2019, com advert\u00eancia da ONU \u2013 Organiza\u00e7\u00e3o das Na\u00e7\u00f5es Unidas nesta ter\u00e7a-feira, 26, foi bem claro ao ressaltar que se o mundo n\u00e3o se esfor\u00e7ar em reduzir as emiss\u00f5es destes tipos de poluentes, o planeta\u2026 Leia mais \u00bb\" \/>\n<meta property=\"og:url\" content=\"https:\/\/dana.com.br\/canaldana\/2019\/11\/27\/onu-faz-apelo-para-evitar-catastrofe-climatica-e-recomenda-transporte-publico-inclusive-para-o-brasil\/\" \/>\n<meta property=\"og:site_name\" content=\"Canal Dana\" \/>\n<meta property=\"article:published_time\" content=\"2019-11-27T11:01:10+00:00\" \/>\n<meta name=\"author\" content=\"Canal Dana\" \/>\n<meta name=\"twitter:card\" content=\"summary_large_image\" \/>\n<meta name=\"twitter:label1\" content=\"Escrito por\" \/>\n\t<meta name=\"twitter:data1\" content=\"Canal Dana\" \/>\n\t<meta name=\"twitter:label2\" content=\"Est. tempo de leitura\" \/>\n\t<meta name=\"twitter:data2\" content=\"4 minutos\" \/>\n<script type=\"application\/ld+json\" class=\"yoast-schema-graph\">{\"@context\":\"https:\\\/\\\/schema.org\",\"@graph\":[{\"@type\":\"Article\",\"@id\":\"https:\\\/\\\/dana.com.br\\\/canaldana\\\/2019\\\/11\\\/27\\\/onu-faz-apelo-para-evitar-catastrofe-climatica-e-recomenda-transporte-publico-inclusive-para-o-brasil\\\/#article\",\"isPartOf\":{\"@id\":\"https:\\\/\\\/dana.com.br\\\/canaldana\\\/2019\\\/11\\\/27\\\/onu-faz-apelo-para-evitar-catastrofe-climatica-e-recomenda-transporte-publico-inclusive-para-o-brasil\\\/\"},\"author\":{\"name\":\"Canal Dana\",\"@id\":\"https:\\\/\\\/dana.com.br\\\/canaldana\\\/#\\\/schema\\\/person\\\/3c21f22f56fcf3bc46b94bc60ea4fef6\"},\"headline\":\"ONU faz apelo para evitar cat\u00e1strofe clim\u00e1tica e recomenda transporte p\u00fablico, inclusive para o Brasil\",\"datePublished\":\"2019-11-27T11:01:10+00:00\",\"mainEntityOfPage\":{\"@id\":\"https:\\\/\\\/dana.com.br\\\/canaldana\\\/2019\\\/11\\\/27\\\/onu-faz-apelo-para-evitar-catastrofe-climatica-e-recomenda-transporte-publico-inclusive-para-o-brasil\\\/\"},\"wordCount\":782,\"articleSection\":[\"Meio Ambiente\"],\"inLanguage\":\"pt-BR\"},{\"@type\":\"WebPage\",\"@id\":\"https:\\\/\\\/dana.com.br\\\/canaldana\\\/2019\\\/11\\\/27\\\/onu-faz-apelo-para-evitar-catastrofe-climatica-e-recomenda-transporte-publico-inclusive-para-o-brasil\\\/\",\"url\":\"https:\\\/\\\/dana.com.br\\\/canaldana\\\/2019\\\/11\\\/27\\\/onu-faz-apelo-para-evitar-catastrofe-climatica-e-recomenda-transporte-publico-inclusive-para-o-brasil\\\/\",\"name\":\"ONU faz apelo para evitar cat\u00e1strofe clim\u00e1tica e recomenda transporte p\u00fablico, inclusive para o Brasil - Canal Dana\",\"isPartOf\":{\"@id\":\"https:\\\/\\\/dana.com.br\\\/canaldana\\\/#website\"},\"datePublished\":\"2019-11-27T11:01:10+00:00\",\"author\":{\"@id\":\"https:\\\/\\\/dana.com.br\\\/canaldana\\\/#\\\/schema\\\/person\\\/3c21f22f56fcf3bc46b94bc60ea4fef6\"},\"breadcrumb\":{\"@id\":\"https:\\\/\\\/dana.com.br\\\/canaldana\\\/2019\\\/11\\\/27\\\/onu-faz-apelo-para-evitar-catastrofe-climatica-e-recomenda-transporte-publico-inclusive-para-o-brasil\\\/#breadcrumb\"},\"inLanguage\":\"pt-BR\",\"potentialAction\":[{\"@type\":\"ReadAction\",\"target\":[\"https:\\\/\\\/dana.com.br\\\/canaldana\\\/2019\\\/11\\\/27\\\/onu-faz-apelo-para-evitar-catastrofe-climatica-e-recomenda-transporte-publico-inclusive-para-o-brasil\\\/\"]}]},{\"@type\":\"BreadcrumbList\",\"@id\":\"https:\\\/\\\/dana.com.br\\\/canaldana\\\/2019\\\/11\\\/27\\\/onu-faz-apelo-para-evitar-catastrofe-climatica-e-recomenda-transporte-publico-inclusive-para-o-brasil\\\/#breadcrumb\",\"itemListElement\":[{\"@type\":\"ListItem\",\"position\":1,\"name\":\"Home\",\"item\":\"https:\\\/\\\/dana.com.br\\\/canaldana\\\/\"},{\"@type\":\"ListItem\",\"position\":2,\"name\":\"Meio Ambiente\",\"item\":\"https:\\\/\\\/dana.com.br\\\/canaldana\\\/meio-ambiente\\\/\"},{\"@type\":\"ListItem\",\"position\":3,\"name\":\"ONU faz apelo para evitar cat\u00e1strofe clim\u00e1tica e recomenda transporte p\u00fablico, inclusive para o Brasil\"}]},{\"@type\":\"WebSite\",\"@id\":\"https:\\\/\\\/dana.com.br\\\/canaldana\\\/#website\",\"url\":\"https:\\\/\\\/dana.com.br\\\/canaldana\\\/\",\"name\":\"Canal Dana\",\"description\":\"Informativo com as principais not\u00edcias da ind\u00fastria automotiva\",\"potentialAction\":[{\"@type\":\"SearchAction\",\"target\":{\"@type\":\"EntryPoint\",\"urlTemplate\":\"https:\\\/\\\/dana.com.br\\\/canaldana\\\/?s={search_term_string}\"},\"query-input\":{\"@type\":\"PropertyValueSpecification\",\"valueRequired\":true,\"valueName\":\"search_term_string\"}}],\"inLanguage\":\"pt-BR\"},{\"@type\":\"Person\",\"@id\":\"https:\\\/\\\/dana.com.br\\\/canaldana\\\/#\\\/schema\\\/person\\\/3c21f22f56fcf3bc46b94bc60ea4fef6\",\"name\":\"Canal Dana\",\"image\":{\"@type\":\"ImageObject\",\"inLanguage\":\"pt-BR\",\"@id\":\"https:\\\/\\\/secure.gravatar.com\\\/avatar\\\/420aaf9278582877d9018637c6817617705899d2858d7572ef0fe59a6b6454b4?s=96&d=mm&r=g\",\"url\":\"https:\\\/\\\/secure.gravatar.com\\\/avatar\\\/420aaf9278582877d9018637c6817617705899d2858d7572ef0fe59a6b6454b4?s=96&d=mm&r=g\",\"contentUrl\":\"https:\\\/\\\/secure.gravatar.com\\\/avatar\\\/420aaf9278582877d9018637c6817617705899d2858d7572ef0fe59a6b6454b4?s=96&d=mm&r=g\",\"caption\":\"Canal Dana\"},\"url\":\"https:\\\/\\\/dana.com.br\\\/canaldana\\\/author\\\/cdeditor\\\/\"}]}<\/script>\n<!-- \/ Yoast SEO plugin. -->","yoast_head_json":{"title":"ONU faz apelo para evitar cat\u00e1strofe clim\u00e1tica e recomenda transporte p\u00fablico, inclusive para o Brasil - Canal Dana","robots":{"index":"index","follow":"follow","max-snippet":"max-snippet:-1","max-image-preview":"max-image-preview:large","max-video-preview":"max-video-preview:-1"},"canonical":"https:\/\/dana.com.br\/canaldana\/2019\/11\/27\/onu-faz-apelo-para-evitar-catastrofe-climatica-e-recomenda-transporte-publico-inclusive-para-o-brasil\/","og_locale":"pt_BR","og_type":"article","og_title":"ONU faz apelo para evitar cat\u00e1strofe clim\u00e1tica e recomenda transporte p\u00fablico, inclusive para o Brasil - Canal Dana","og_description":"Di\u00e1rio do Transporte &nbsp; O Boletim anual sobre concentra\u00e7\u00f5es de gases do efeito, divulgado nesta segunda-feira, 25 de novembro de 2019, com advert\u00eancia da ONU \u2013 Organiza\u00e7\u00e3o das Na\u00e7\u00f5es Unidas nesta ter\u00e7a-feira, 26, foi bem claro ao ressaltar que se o mundo n\u00e3o se esfor\u00e7ar em reduzir as emiss\u00f5es destes tipos de poluentes, o planeta\u2026 Leia mais \u00bb","og_url":"https:\/\/dana.com.br\/canaldana\/2019\/11\/27\/onu-faz-apelo-para-evitar-catastrofe-climatica-e-recomenda-transporte-publico-inclusive-para-o-brasil\/","og_site_name":"Canal Dana","article_published_time":"2019-11-27T11:01:10+00:00","author":"Canal Dana","twitter_card":"summary_large_image","twitter_misc":{"Escrito por":"Canal Dana","Est. tempo de leitura":"4 minutos"},"schema":{"@context":"https:\/\/schema.org","@graph":[{"@type":"Article","@id":"https:\/\/dana.com.br\/canaldana\/2019\/11\/27\/onu-faz-apelo-para-evitar-catastrofe-climatica-e-recomenda-transporte-publico-inclusive-para-o-brasil\/#article","isPartOf":{"@id":"https:\/\/dana.com.br\/canaldana\/2019\/11\/27\/onu-faz-apelo-para-evitar-catastrofe-climatica-e-recomenda-transporte-publico-inclusive-para-o-brasil\/"},"author":{"name":"Canal Dana","@id":"https:\/\/dana.com.br\/canaldana\/#\/schema\/person\/3c21f22f56fcf3bc46b94bc60ea4fef6"},"headline":"ONU faz apelo para evitar cat\u00e1strofe clim\u00e1tica e recomenda transporte p\u00fablico, inclusive para o Brasil","datePublished":"2019-11-27T11:01:10+00:00","mainEntityOfPage":{"@id":"https:\/\/dana.com.br\/canaldana\/2019\/11\/27\/onu-faz-apelo-para-evitar-catastrofe-climatica-e-recomenda-transporte-publico-inclusive-para-o-brasil\/"},"wordCount":782,"articleSection":["Meio Ambiente"],"inLanguage":"pt-BR"},{"@type":"WebPage","@id":"https:\/\/dana.com.br\/canaldana\/2019\/11\/27\/onu-faz-apelo-para-evitar-catastrofe-climatica-e-recomenda-transporte-publico-inclusive-para-o-brasil\/","url":"https:\/\/dana.com.br\/canaldana\/2019\/11\/27\/onu-faz-apelo-para-evitar-catastrofe-climatica-e-recomenda-transporte-publico-inclusive-para-o-brasil\/","name":"ONU faz apelo para evitar cat\u00e1strofe clim\u00e1tica e recomenda transporte p\u00fablico, inclusive para o Brasil - Canal Dana","isPartOf":{"@id":"https:\/\/dana.com.br\/canaldana\/#website"},"datePublished":"2019-11-27T11:01:10+00:00","author":{"@id":"https:\/\/dana.com.br\/canaldana\/#\/schema\/person\/3c21f22f56fcf3bc46b94bc60ea4fef6"},"breadcrumb":{"@id":"https:\/\/dana.com.br\/canaldana\/2019\/11\/27\/onu-faz-apelo-para-evitar-catastrofe-climatica-e-recomenda-transporte-publico-inclusive-para-o-brasil\/#breadcrumb"},"inLanguage":"pt-BR","potentialAction":[{"@type":"ReadAction","target":["https:\/\/dana.com.br\/canaldana\/2019\/11\/27\/onu-faz-apelo-para-evitar-catastrofe-climatica-e-recomenda-transporte-publico-inclusive-para-o-brasil\/"]}]},{"@type":"BreadcrumbList","@id":"https:\/\/dana.com.br\/canaldana\/2019\/11\/27\/onu-faz-apelo-para-evitar-catastrofe-climatica-e-recomenda-transporte-publico-inclusive-para-o-brasil\/#breadcrumb","itemListElement":[{"@type":"ListItem","position":1,"name":"Home","item":"https:\/\/dana.com.br\/canaldana\/"},{"@type":"ListItem","position":2,"name":"Meio Ambiente","item":"https:\/\/dana.com.br\/canaldana\/meio-ambiente\/"},{"@type":"ListItem","position":3,"name":"ONU faz apelo para evitar cat\u00e1strofe clim\u00e1tica e recomenda transporte p\u00fablico, inclusive para o Brasil"}]},{"@type":"WebSite","@id":"https:\/\/dana.com.br\/canaldana\/#website","url":"https:\/\/dana.com.br\/canaldana\/","name":"Canal Dana","description":"Informativo com as principais not\u00edcias da ind\u00fastria automotiva","potentialAction":[{"@type":"SearchAction","target":{"@type":"EntryPoint","urlTemplate":"https:\/\/dana.com.br\/canaldana\/?s={search_term_string}"},"query-input":{"@type":"PropertyValueSpecification","valueRequired":true,"valueName":"search_term_string"}}],"inLanguage":"pt-BR"},{"@type":"Person","@id":"https:\/\/dana.com.br\/canaldana\/#\/schema\/person\/3c21f22f56fcf3bc46b94bc60ea4fef6","name":"Canal Dana","image":{"@type":"ImageObject","inLanguage":"pt-BR","@id":"https:\/\/secure.gravatar.com\/avatar\/420aaf9278582877d9018637c6817617705899d2858d7572ef0fe59a6b6454b4?s=96&d=mm&r=g","url":"https:\/\/secure.gravatar.com\/avatar\/420aaf9278582877d9018637c6817617705899d2858d7572ef0fe59a6b6454b4?s=96&d=mm&r=g","contentUrl":"https:\/\/secure.gravatar.com\/avatar\/420aaf9278582877d9018637c6817617705899d2858d7572ef0fe59a6b6454b4?s=96&d=mm&r=g","caption":"Canal Dana"},"url":"https:\/\/dana.com.br\/canaldana\/author\/cdeditor\/"}]}},"_links":{"self":[{"href":"https:\/\/dana.com.br\/canaldana\/wp-json\/wp\/v2\/posts\/38920","targetHints":{"allow":["GET"]}}],"collection":[{"href":"https:\/\/dana.com.br\/canaldana\/wp-json\/wp\/v2\/posts"}],"about":[{"href":"https:\/\/dana.com.br\/canaldana\/wp-json\/wp\/v2\/types\/post"}],"author":[{"embeddable":true,"href":"https:\/\/dana.com.br\/canaldana\/wp-json\/wp\/v2\/users\/3"}],"replies":[{"embeddable":true,"href":"https:\/\/dana.com.br\/canaldana\/wp-json\/wp\/v2\/comments?post=38920"}],"version-history":[{"count":0,"href":"https:\/\/dana.com.br\/canaldana\/wp-json\/wp\/v2\/posts\/38920\/revisions"}],"wp:attachment":[{"href":"https:\/\/dana.com.br\/canaldana\/wp-json\/wp\/v2\/media?parent=38920"}],"wp:term":[{"taxonomy":"category","embeddable":true,"href":"https:\/\/dana.com.br\/canaldana\/wp-json\/wp\/v2\/categories?post=38920"},{"taxonomy":"post_tag","embeddable":true,"href":"https:\/\/dana.com.br\/canaldana\/wp-json\/wp\/v2\/tags?post=38920"}],"curies":[{"name":"wp","href":"https:\/\/api.w.org\/{rel}","templated":true}]}}