{"id":38862,"date":"2019-11-25T08:25:49","date_gmt":"2019-11-25T11:25:49","guid":{"rendered":"https:\/\/dana.com.br\/canaldana\/?p=38862"},"modified":"2019-11-25T08:25:49","modified_gmt":"2019-11-25T11:25:49","slug":"montadoras-oferecem-condicoes-especiais-e-descontos-na-black-friday","status":"publish","type":"post","link":"https:\/\/dana.com.br\/canaldana\/2019\/11\/25\/montadoras-oferecem-condicoes-especiais-e-descontos-na-black-friday\/","title":{"rendered":"Montadoras oferecem condi\u00e7\u00f5es especiais e descontos na &#8220;Black Friday&#8221;"},"content":{"rendered":"<p><em>Jornal do Carro<\/em><\/p>\n<p>&nbsp;<\/p>\n<p>Para aproveitar o momento de compras, nem as montadoras ficam de fora da \u2018Black Friday\u2019. Com descontos, condi\u00e7\u00f5es especiais, todo mundo quer aproveitar a empolga\u00e7\u00e3o da data de descontos para alavancar as vendas.<\/p>\n<p>&nbsp;<\/p>\n<p>Volkswagen, Ford, Citro\u00ebn e Peugeot, Hyundai e Nissan j\u00e1 come\u00e7aram suas Black Friday e at\u00e9 o final da semana, outras marcas devem aproveitar o est\u00edmulo para lan\u00e7ar promo\u00e7\u00f5es tamb\u00e9m. No site da Chevrolet j\u00e1 tem uma \u00e1rea, mas as ofertas ainda n\u00e3o est\u00e3o dispon\u00edveis.<\/p>\n<p>&nbsp;<\/p>\n<p><strong>Nissan<\/strong><\/p>\n<p>&nbsp;<\/p>\n<p>A Nissan est\u00e1 oferecendo at\u00e9 o dia 30 de novembro ve\u00edculos com descontos que podem superar os R$ 30 mil. No caso, a oferta que bate esse patamar \u00e9 para a Nissan Frontier LE 2019. Tabelada a R$ 196.440, tem desconto de at\u00e9 R$ 34.540.<\/p>\n<p>&nbsp;<\/p>\n<p>Essa \u00e9 a vers\u00e3o de topo da gama, que tem entre outros itens 6 airbags, c\u00e2mera 360\u00ba, teto solar, rodas de 18\u2033, partida por bot\u00e3o com chave presencial e central multim\u00eddia de 8\u2033 com integra\u00e7\u00e3o a Android Auto e Apple CarPlay, entre outros.<\/p>\n<p>&nbsp;<\/p>\n<p><strong>Volkswagen<\/strong><\/p>\n<p>&nbsp;<\/p>\n<p>Na Volkswagen h\u00e1 uma s\u00e9rie de ofertas que incluem taxa zero para toda a linha com a primeira parcela s\u00f3 no carnaval de 2020. Al\u00e9m disso, o destaque da promo\u00e7\u00e3o \u00e9 a picape m\u00e9dia Amarok V6 Highline. Ela tem b\u00f4nus de R$ 15 mil no usado na troca.<\/p>\n<p>&nbsp;<\/p>\n<p>O modelo que custa R$ 195.990 sai com entrada de R$ 117.594 \u2013 60% do valor. O restante pode ser parcelado em 18 de R$ 4.502,35. Nesse caso, \u00e9 a \u00fanica exce\u00e7\u00e3o que n\u00e3o compreende a primeira parcela ap\u00f3s o carnaval. Ela tem ainda b\u00f4nus para Polo, Virtus, Jetta, T-Cross e linha Fox.<\/p>\n<p>&nbsp;<\/p>\n<p><strong>Ford<\/strong><\/p>\n<p>&nbsp;<\/p>\n<p>Na Ford, a Black Friday tem ofertas para Ka, Ka Sedan e EcoSport em diversas vers\u00f5es. Para a maioria das vers\u00f5es, a principal vantagem \u00e9 a taxa zero. Para o EcoSport 1.5 AT 2020 na vers\u00e3o de s\u00e9rie especial de 100 anos, tem b\u00f4nus de R$ 5 mil. A entrada \u00e9 de R$ 43.274,59 e saldo em 48 vezes de 997. Nesse caso, a taxa \u00e9 de 0.89% ao m\u00eas.<\/p>\n<p>&nbsp;<\/p>\n<p><strong>Hyundai<\/strong><\/p>\n<p>&nbsp;<\/p>\n<p>A Black Novembro, na Hyundai, oferece supervaloriza\u00e7\u00e3o do usado, parcelas reduzidas at\u00e9 o carnaval de 2020 e at\u00e9 planos de financiamento com recompra garantida. Para quem n\u00e3o liga de levar para casa um carro bom, mas desatualizado, h\u00e1 unidades do antigo HB20 na promo\u00e7\u00e3o.<\/p>\n<p>&nbsp;<\/p>\n<p>O HB20 Sense, da nova gera\u00e7\u00e3o sai a R$ 46.490. Ele tem entrada de R$ 19.990 e o saldo em 36 parcelas de R$ 599 e uma parcela bal\u00e3o no final de R$ 17.977. Para evitar a parcela bal\u00e3o h\u00e1 a op\u00e7\u00e3o de fazer a recompra garantida e dar entrada em outro Hyundai zero-km.<\/p>\n<p>&nbsp;<\/p>\n<p>Da gera\u00e7\u00e3o anterior, o HB20 hatch com motor 1.6 est\u00e1 saindo pelo pre\u00e7o de 1.0 na vers\u00e3o Comfort Plus MT, R$ 51.990. Nesse caso, a oferta tem taxa zero de juros com entrada de 80% e saldo em 12 vezes. A taxa zero vale ainda para qualquer vers\u00e3o do antigo HB20.<\/p>\n<p>&nbsp;<\/p>\n<p><strong>Citro\u00ebn e Peugeot<\/strong><\/p>\n<p>&nbsp;<\/p>\n<p>As duas marcas, Citro\u00ebn e Peugeot, do grupo franc\u00eas PSA optaram por uma abordagem diferente para a Black Friday. Ao inv\u00e9s de oferecer descontos ou condi\u00e7\u00f5es especiais em carros, est\u00e1 oferecendo cupons de descontos em servi\u00e7os nas concession\u00e1rias.<\/p>\n<p>&nbsp;<\/p>\n<p>Nas duas marcas, quem comprar 4 pneus na pr\u00f3pria concession\u00e1ria leva alinhamento e balanceamento gratuito. Quem adquirir apenas dois pneus ganha s\u00f3 o alinhamento, tamb\u00e9m nas duas marcas.<\/p>\n<p>&nbsp;<\/p>\n<p>Outros cupons dispon\u00edveis \u00e9 o de desconto de 10% nas revis\u00f5es a partir de 30 mil km e 20% de desconto na m\u00e3o de obra em caso de servi\u00e7os adicionais. Quem realizar a troca de filtro de \u00f3leo e do \u00f3leo nas revendas consegue m\u00e3o de obra gr\u00e1tis.<\/p>\n<p>&nbsp;<\/p>\n<p>\u00c9 permitido a emiss\u00e3o de um cupom por CPF. Para os pneus, o estoque \u00e9 de 100 pneus unit\u00e1rios. No caso do \u00f3leo e dos filtros, s\u00e3o 200 unidades. O cupom de desconto \u00e9 v\u00e1lido para uso at\u00e9 31\/5\/2020. Para todos as ofertas da PSA, os cupons podem ser gerados at\u00e9 30\/11. (Jornal do Carro)<\/p>\n","protected":false},"excerpt":{"rendered":"<p>Jornal do Carro &nbsp; Para aproveitar o momento de compras, nem as montadoras ficam de fora da \u2018Black Friday\u2019. Com descontos, condi\u00e7\u00f5es especiais, todo mundo quer aproveitar a empolga\u00e7\u00e3o da data de descontos para alavancar as vendas. &nbsp; Volkswagen, Ford, Citro\u00ebn e Peugeot, Hyundai e Nissan j\u00e1 come\u00e7aram suas Black Friday e at\u00e9 o final\u2026 <a class=\"readmore\" href=\"https:\/\/dana.com.br\/canaldana\/2019\/11\/25\/montadoras-oferecem-condicoes-especiais-e-descontos-na-black-friday\/\">Leia mais \u00bb<\/a><\/p>\n","protected":false},"author":3,"featured_media":0,"comment_status":"closed","ping_status":"closed","sticky":false,"template":"","format":"standard","meta":{"_acf_changed":false,"footnotes":""},"categories":[61],"tags":[],"class_list":["post-38862","post","type-post","status-publish","format-standard","hentry","category-destaques"],"acf":[],"yoast_head":"<!-- This site is optimized with the Yoast SEO plugin v27.3 - https:\/\/yoast.com\/product\/yoast-seo-wordpress\/ -->\n<title>Montadoras oferecem condi\u00e7\u00f5es especiais e descontos na &quot;Black Friday&quot; - Canal Dana<\/title>\n<meta name=\"robots\" content=\"index, follow, max-snippet:-1, max-image-preview:large, max-video-preview:-1\" \/>\n<link rel=\"canonical\" href=\"https:\/\/dana.com.br\/canaldana\/2019\/11\/25\/montadoras-oferecem-condicoes-especiais-e-descontos-na-black-friday\/\" \/>\n<meta property=\"og:locale\" content=\"pt_BR\" \/>\n<meta property=\"og:type\" content=\"article\" \/>\n<meta property=\"og:title\" content=\"Montadoras oferecem condi\u00e7\u00f5es especiais e descontos na &quot;Black Friday&quot; - Canal Dana\" \/>\n<meta property=\"og:description\" content=\"Jornal do Carro &nbsp; Para aproveitar o momento de compras, nem as montadoras ficam de fora da \u2018Black Friday\u2019. Com descontos, condi\u00e7\u00f5es especiais, todo mundo quer aproveitar a empolga\u00e7\u00e3o da data de descontos para alavancar as vendas. &nbsp; Volkswagen, Ford, Citro\u00ebn e Peugeot, Hyundai e Nissan j\u00e1 come\u00e7aram suas Black Friday e at\u00e9 o final\u2026 Leia mais \u00bb\" \/>\n<meta property=\"og:url\" content=\"https:\/\/dana.com.br\/canaldana\/2019\/11\/25\/montadoras-oferecem-condicoes-especiais-e-descontos-na-black-friday\/\" \/>\n<meta property=\"og:site_name\" content=\"Canal Dana\" \/>\n<meta property=\"article:published_time\" content=\"2019-11-25T11:25:49+00:00\" \/>\n<meta name=\"author\" content=\"Canal Dana\" \/>\n<meta name=\"twitter:card\" content=\"summary_large_image\" \/>\n<meta name=\"twitter:label1\" content=\"Escrito por\" \/>\n\t<meta name=\"twitter:data1\" content=\"Canal Dana\" \/>\n\t<meta name=\"twitter:label2\" content=\"Est. tempo de leitura\" \/>\n\t<meta name=\"twitter:data2\" content=\"3 minutos\" \/>\n<script type=\"application\/ld+json\" class=\"yoast-schema-graph\">{\"@context\":\"https:\\\/\\\/schema.org\",\"@graph\":[{\"@type\":\"Article\",\"@id\":\"https:\\\/\\\/dana.com.br\\\/canaldana\\\/2019\\\/11\\\/25\\\/montadoras-oferecem-condicoes-especiais-e-descontos-na-black-friday\\\/#article\",\"isPartOf\":{\"@id\":\"https:\\\/\\\/dana.com.br\\\/canaldana\\\/2019\\\/11\\\/25\\\/montadoras-oferecem-condicoes-especiais-e-descontos-na-black-friday\\\/\"},\"author\":{\"name\":\"Canal Dana\",\"@id\":\"https:\\\/\\\/dana.com.br\\\/canaldana\\\/#\\\/schema\\\/person\\\/3c21f22f56fcf3bc46b94bc60ea4fef6\"},\"headline\":\"Montadoras oferecem condi\u00e7\u00f5es especiais e descontos na &#8220;Black Friday&#8221;\",\"datePublished\":\"2019-11-25T11:25:49+00:00\",\"mainEntityOfPage\":{\"@id\":\"https:\\\/\\\/dana.com.br\\\/canaldana\\\/2019\\\/11\\\/25\\\/montadoras-oferecem-condicoes-especiais-e-descontos-na-black-friday\\\/\"},\"wordCount\":701,\"articleSection\":[\"Destaques\"],\"inLanguage\":\"pt-BR\"},{\"@type\":\"WebPage\",\"@id\":\"https:\\\/\\\/dana.com.br\\\/canaldana\\\/2019\\\/11\\\/25\\\/montadoras-oferecem-condicoes-especiais-e-descontos-na-black-friday\\\/\",\"url\":\"https:\\\/\\\/dana.com.br\\\/canaldana\\\/2019\\\/11\\\/25\\\/montadoras-oferecem-condicoes-especiais-e-descontos-na-black-friday\\\/\",\"name\":\"Montadoras oferecem condi\u00e7\u00f5es especiais e descontos na \\\"Black Friday\\\" - Canal Dana\",\"isPartOf\":{\"@id\":\"https:\\\/\\\/dana.com.br\\\/canaldana\\\/#website\"},\"datePublished\":\"2019-11-25T11:25:49+00:00\",\"author\":{\"@id\":\"https:\\\/\\\/dana.com.br\\\/canaldana\\\/#\\\/schema\\\/person\\\/3c21f22f56fcf3bc46b94bc60ea4fef6\"},\"breadcrumb\":{\"@id\":\"https:\\\/\\\/dana.com.br\\\/canaldana\\\/2019\\\/11\\\/25\\\/montadoras-oferecem-condicoes-especiais-e-descontos-na-black-friday\\\/#breadcrumb\"},\"inLanguage\":\"pt-BR\",\"potentialAction\":[{\"@type\":\"ReadAction\",\"target\":[\"https:\\\/\\\/dana.com.br\\\/canaldana\\\/2019\\\/11\\\/25\\\/montadoras-oferecem-condicoes-especiais-e-descontos-na-black-friday\\\/\"]}]},{\"@type\":\"BreadcrumbList\",\"@id\":\"https:\\\/\\\/dana.com.br\\\/canaldana\\\/2019\\\/11\\\/25\\\/montadoras-oferecem-condicoes-especiais-e-descontos-na-black-friday\\\/#breadcrumb\",\"itemListElement\":[{\"@type\":\"ListItem\",\"position\":1,\"name\":\"Home\",\"item\":\"https:\\\/\\\/dana.com.br\\\/canaldana\\\/\"},{\"@type\":\"ListItem\",\"position\":2,\"name\":\"Destaques\",\"item\":\"https:\\\/\\\/dana.com.br\\\/canaldana\\\/destaques\\\/\"},{\"@type\":\"ListItem\",\"position\":3,\"name\":\"Montadoras oferecem condi\u00e7\u00f5es especiais e descontos na &#8220;Black Friday&#8221;\"}]},{\"@type\":\"WebSite\",\"@id\":\"https:\\\/\\\/dana.com.br\\\/canaldana\\\/#website\",\"url\":\"https:\\\/\\\/dana.com.br\\\/canaldana\\\/\",\"name\":\"Canal Dana\",\"description\":\"Informativo com as principais not\u00edcias da ind\u00fastria automotiva\",\"potentialAction\":[{\"@type\":\"SearchAction\",\"target\":{\"@type\":\"EntryPoint\",\"urlTemplate\":\"https:\\\/\\\/dana.com.br\\\/canaldana\\\/?s={search_term_string}\"},\"query-input\":{\"@type\":\"PropertyValueSpecification\",\"valueRequired\":true,\"valueName\":\"search_term_string\"}}],\"inLanguage\":\"pt-BR\"},{\"@type\":\"Person\",\"@id\":\"https:\\\/\\\/dana.com.br\\\/canaldana\\\/#\\\/schema\\\/person\\\/3c21f22f56fcf3bc46b94bc60ea4fef6\",\"name\":\"Canal Dana\",\"image\":{\"@type\":\"ImageObject\",\"inLanguage\":\"pt-BR\",\"@id\":\"https:\\\/\\\/secure.gravatar.com\\\/avatar\\\/420aaf9278582877d9018637c6817617705899d2858d7572ef0fe59a6b6454b4?s=96&d=mm&r=g\",\"url\":\"https:\\\/\\\/secure.gravatar.com\\\/avatar\\\/420aaf9278582877d9018637c6817617705899d2858d7572ef0fe59a6b6454b4?s=96&d=mm&r=g\",\"contentUrl\":\"https:\\\/\\\/secure.gravatar.com\\\/avatar\\\/420aaf9278582877d9018637c6817617705899d2858d7572ef0fe59a6b6454b4?s=96&d=mm&r=g\",\"caption\":\"Canal Dana\"},\"url\":\"https:\\\/\\\/dana.com.br\\\/canaldana\\\/author\\\/cdeditor\\\/\"}]}<\/script>\n<!-- \/ Yoast SEO plugin. -->","yoast_head_json":{"title":"Montadoras oferecem condi\u00e7\u00f5es especiais e descontos na \"Black Friday\" - Canal Dana","robots":{"index":"index","follow":"follow","max-snippet":"max-snippet:-1","max-image-preview":"max-image-preview:large","max-video-preview":"max-video-preview:-1"},"canonical":"https:\/\/dana.com.br\/canaldana\/2019\/11\/25\/montadoras-oferecem-condicoes-especiais-e-descontos-na-black-friday\/","og_locale":"pt_BR","og_type":"article","og_title":"Montadoras oferecem condi\u00e7\u00f5es especiais e descontos na \"Black Friday\" - Canal Dana","og_description":"Jornal do Carro &nbsp; Para aproveitar o momento de compras, nem as montadoras ficam de fora da \u2018Black Friday\u2019. Com descontos, condi\u00e7\u00f5es especiais, todo mundo quer aproveitar a empolga\u00e7\u00e3o da data de descontos para alavancar as vendas. &nbsp; Volkswagen, Ford, Citro\u00ebn e Peugeot, Hyundai e Nissan j\u00e1 come\u00e7aram suas Black Friday e at\u00e9 o final\u2026 Leia mais \u00bb","og_url":"https:\/\/dana.com.br\/canaldana\/2019\/11\/25\/montadoras-oferecem-condicoes-especiais-e-descontos-na-black-friday\/","og_site_name":"Canal Dana","article_published_time":"2019-11-25T11:25:49+00:00","author":"Canal Dana","twitter_card":"summary_large_image","twitter_misc":{"Escrito por":"Canal Dana","Est. tempo de leitura":"3 minutos"},"schema":{"@context":"https:\/\/schema.org","@graph":[{"@type":"Article","@id":"https:\/\/dana.com.br\/canaldana\/2019\/11\/25\/montadoras-oferecem-condicoes-especiais-e-descontos-na-black-friday\/#article","isPartOf":{"@id":"https:\/\/dana.com.br\/canaldana\/2019\/11\/25\/montadoras-oferecem-condicoes-especiais-e-descontos-na-black-friday\/"},"author":{"name":"Canal Dana","@id":"https:\/\/dana.com.br\/canaldana\/#\/schema\/person\/3c21f22f56fcf3bc46b94bc60ea4fef6"},"headline":"Montadoras oferecem condi\u00e7\u00f5es especiais e descontos na &#8220;Black Friday&#8221;","datePublished":"2019-11-25T11:25:49+00:00","mainEntityOfPage":{"@id":"https:\/\/dana.com.br\/canaldana\/2019\/11\/25\/montadoras-oferecem-condicoes-especiais-e-descontos-na-black-friday\/"},"wordCount":701,"articleSection":["Destaques"],"inLanguage":"pt-BR"},{"@type":"WebPage","@id":"https:\/\/dana.com.br\/canaldana\/2019\/11\/25\/montadoras-oferecem-condicoes-especiais-e-descontos-na-black-friday\/","url":"https:\/\/dana.com.br\/canaldana\/2019\/11\/25\/montadoras-oferecem-condicoes-especiais-e-descontos-na-black-friday\/","name":"Montadoras oferecem condi\u00e7\u00f5es especiais e descontos na \"Black Friday\" - Canal Dana","isPartOf":{"@id":"https:\/\/dana.com.br\/canaldana\/#website"},"datePublished":"2019-11-25T11:25:49+00:00","author":{"@id":"https:\/\/dana.com.br\/canaldana\/#\/schema\/person\/3c21f22f56fcf3bc46b94bc60ea4fef6"},"breadcrumb":{"@id":"https:\/\/dana.com.br\/canaldana\/2019\/11\/25\/montadoras-oferecem-condicoes-especiais-e-descontos-na-black-friday\/#breadcrumb"},"inLanguage":"pt-BR","potentialAction":[{"@type":"ReadAction","target":["https:\/\/dana.com.br\/canaldana\/2019\/11\/25\/montadoras-oferecem-condicoes-especiais-e-descontos-na-black-friday\/"]}]},{"@type":"BreadcrumbList","@id":"https:\/\/dana.com.br\/canaldana\/2019\/11\/25\/montadoras-oferecem-condicoes-especiais-e-descontos-na-black-friday\/#breadcrumb","itemListElement":[{"@type":"ListItem","position":1,"name":"Home","item":"https:\/\/dana.com.br\/canaldana\/"},{"@type":"ListItem","position":2,"name":"Destaques","item":"https:\/\/dana.com.br\/canaldana\/destaques\/"},{"@type":"ListItem","position":3,"name":"Montadoras oferecem condi\u00e7\u00f5es especiais e descontos na &#8220;Black Friday&#8221;"}]},{"@type":"WebSite","@id":"https:\/\/dana.com.br\/canaldana\/#website","url":"https:\/\/dana.com.br\/canaldana\/","name":"Canal Dana","description":"Informativo com as principais not\u00edcias da ind\u00fastria automotiva","potentialAction":[{"@type":"SearchAction","target":{"@type":"EntryPoint","urlTemplate":"https:\/\/dana.com.br\/canaldana\/?s={search_term_string}"},"query-input":{"@type":"PropertyValueSpecification","valueRequired":true,"valueName":"search_term_string"}}],"inLanguage":"pt-BR"},{"@type":"Person","@id":"https:\/\/dana.com.br\/canaldana\/#\/schema\/person\/3c21f22f56fcf3bc46b94bc60ea4fef6","name":"Canal Dana","image":{"@type":"ImageObject","inLanguage":"pt-BR","@id":"https:\/\/secure.gravatar.com\/avatar\/420aaf9278582877d9018637c6817617705899d2858d7572ef0fe59a6b6454b4?s=96&d=mm&r=g","url":"https:\/\/secure.gravatar.com\/avatar\/420aaf9278582877d9018637c6817617705899d2858d7572ef0fe59a6b6454b4?s=96&d=mm&r=g","contentUrl":"https:\/\/secure.gravatar.com\/avatar\/420aaf9278582877d9018637c6817617705899d2858d7572ef0fe59a6b6454b4?s=96&d=mm&r=g","caption":"Canal Dana"},"url":"https:\/\/dana.com.br\/canaldana\/author\/cdeditor\/"}]}},"_links":{"self":[{"href":"https:\/\/dana.com.br\/canaldana\/wp-json\/wp\/v2\/posts\/38862","targetHints":{"allow":["GET"]}}],"collection":[{"href":"https:\/\/dana.com.br\/canaldana\/wp-json\/wp\/v2\/posts"}],"about":[{"href":"https:\/\/dana.com.br\/canaldana\/wp-json\/wp\/v2\/types\/post"}],"author":[{"embeddable":true,"href":"https:\/\/dana.com.br\/canaldana\/wp-json\/wp\/v2\/users\/3"}],"replies":[{"embeddable":true,"href":"https:\/\/dana.com.br\/canaldana\/wp-json\/wp\/v2\/comments?post=38862"}],"version-history":[{"count":0,"href":"https:\/\/dana.com.br\/canaldana\/wp-json\/wp\/v2\/posts\/38862\/revisions"}],"wp:attachment":[{"href":"https:\/\/dana.com.br\/canaldana\/wp-json\/wp\/v2\/media?parent=38862"}],"wp:term":[{"taxonomy":"category","embeddable":true,"href":"https:\/\/dana.com.br\/canaldana\/wp-json\/wp\/v2\/categories?post=38862"},{"taxonomy":"post_tag","embeddable":true,"href":"https:\/\/dana.com.br\/canaldana\/wp-json\/wp\/v2\/tags?post=38862"}],"curies":[{"name":"wp","href":"https:\/\/api.w.org\/{rel}","templated":true}]}}