{"id":38769,"date":"2019-11-21T08:19:31","date_gmt":"2019-11-21T11:19:31","guid":{"rendered":"https:\/\/dana.com.br\/canaldana\/?p=38769"},"modified":"2019-11-21T08:19:31","modified_gmt":"2019-11-21T11:19:31","slug":"space-vizzion-sera-a-station-wagon-eletrica-da-volkswagen","status":"publish","type":"post","link":"https:\/\/dana.com.br\/canaldana\/2019\/11\/21\/space-vizzion-sera-a-station-wagon-eletrica-da-volkswagen\/","title":{"rendered":"Space Vizzion ser\u00e1 a station wagon el\u00e9trica da Volkswagen"},"content":{"rendered":"<p><em>AutoInd\u00fastria<\/em><\/p>\n<p>&nbsp;<\/p>\n<p>Aos poucos, a Volkswagen vai desnudando a fam\u00edlia de produtos el\u00e9tricos que dever\u00e1 representar boa parte das vendas globais da marca at\u00e9 a metade da pr\u00f3xima d\u00e9cada. Depois de lan\u00e7ar o ID3 em Frankfut, em setembro, e\u00a0 apresentar o ID4, um SUV que deve chegar ao mercado em mais um ano, esta semana a montadora\u00a0 exibe o ID Space Vizzion no Sal\u00e3o de Los Angeles, Estados Unidos.<\/p>\n<p>&nbsp;<\/p>\n<p>A montadora afirma se tratar ainda de um conceito, mas \u00e9 pouco prov\u00e1vel que n\u00e3o se aproxime j\u00e1 muito do terceiro membro da linha el\u00e9trica, cuja vers\u00e3o comercial ser\u00e1 apresentada no fim de 2021.<\/p>\n<p>&nbsp;<\/p>\n<p>Al\u00e9m dos entusiastas de ve\u00edculos el\u00e9tricos, o Space Vizzion deve agradar muito os admiradores das station wagons, configura\u00e7\u00e3o de carroceria seriamente amea\u00e7ada de extin\u00e7\u00e3o no Brasil, mas com mercado significativo ainda na Europa.<\/p>\n<p>&nbsp;<\/p>\n<p><strong>ID Space Vizzion<\/strong><\/p>\n<p>&nbsp;<\/p>\n<p>O modelo, claramente uma proposta futurista de perua, foi projetado sobre a plataforma el\u00e9trica modular MEB. \u00c9 equipado com um motor traseiro de 275 cavalos e bateria de 82 kWh. Sua autonomia, diz a VW, \u00e9 de cerca de 590 km pelas normas europeias e de 483 km, segundo crit\u00e9rios norte-americanos. Mas a montadora assegura que desenvolver\u00e1 diferentes vers\u00f5es para a Am\u00e9rica do Norte, Europa e China.<\/p>\n<p>&nbsp;<\/p>\n<p>\u00c9 clara a identidade de algumas formas e detalhes do Space Vizzion com as adotadas no ID3, compacto que j\u00e1 tem lan\u00e7amento confirmado para o transcorrer de 2020. O painel adota telas heads-up de realidade aumentada e multimidia de 15,6 polegadas para controlar entretenimento, equipamentos de conforto e diversas configura\u00e7\u00f5es do carro.<\/p>\n<p>&nbsp;<\/p>\n<p>S\u00e3o duas fileiras de bancos, mas algumas vers\u00f5es poder\u00e3o contar com at\u00e9 tr\u00eas. H\u00e1 sofistica\u00e7\u00f5es como o novo sistema de abertura das portas, que extinguiu as ma\u00e7anetas em favor de superf\u00edcies iluminadas que abrem as portas com apenas um toque.<\/p>\n<p>&nbsp;<\/p>\n<p>A Volkswagen apresenta no Space Vizizon o que chama de pele de ma\u00e7\u00e3, material visualmente assemelhado ao couro e desenvolvido a partir dos restos da produ\u00e7\u00e3o do suco da fruta. A montadora diz que o novo material ecol\u00f3gico j\u00e1 pode substituir cerca de 20% do poliuretano presente nos autom\u00f3veis. (AutoInd\u00fastria)<\/p>\n","protected":false},"excerpt":{"rendered":"<p>AutoInd\u00fastria &nbsp; Aos poucos, a Volkswagen vai desnudando a fam\u00edlia de produtos el\u00e9tricos que dever\u00e1 representar boa parte das vendas globais da marca at\u00e9 a metade da pr\u00f3xima d\u00e9cada. Depois de lan\u00e7ar o ID3 em Frankfut, em setembro, e\u00a0 apresentar o ID4, um SUV que deve chegar ao mercado em mais um ano, esta semana\u2026 <a class=\"readmore\" href=\"https:\/\/dana.com.br\/canaldana\/2019\/11\/21\/space-vizzion-sera-a-station-wagon-eletrica-da-volkswagen\/\">Leia mais \u00bb<\/a><\/p>\n","protected":false},"author":3,"featured_media":0,"comment_status":"closed","ping_status":"closed","sticky":false,"template":"","format":"standard","meta":{"_acf_changed":false,"footnotes":""},"categories":[110],"tags":[],"class_list":["post-38769","post","type-post","status-publish","format-standard","hentry","category-eletricos"],"acf":[],"yoast_head":"<!-- This site is optimized with the Yoast SEO plugin v27.3 - https:\/\/yoast.com\/product\/yoast-seo-wordpress\/ -->\n<title>Space Vizzion ser\u00e1 a station wagon el\u00e9trica da Volkswagen - Canal Dana<\/title>\n<meta name=\"robots\" content=\"index, follow, max-snippet:-1, max-image-preview:large, max-video-preview:-1\" \/>\n<link rel=\"canonical\" href=\"https:\/\/dana.com.br\/canaldana\/2019\/11\/21\/space-vizzion-sera-a-station-wagon-eletrica-da-volkswagen\/\" \/>\n<meta property=\"og:locale\" content=\"pt_BR\" \/>\n<meta property=\"og:type\" content=\"article\" \/>\n<meta property=\"og:title\" content=\"Space Vizzion ser\u00e1 a station wagon el\u00e9trica da Volkswagen - Canal Dana\" \/>\n<meta property=\"og:description\" content=\"AutoInd\u00fastria &nbsp; Aos poucos, a Volkswagen vai desnudando a fam\u00edlia de produtos el\u00e9tricos que dever\u00e1 representar boa parte das vendas globais da marca at\u00e9 a metade da pr\u00f3xima d\u00e9cada. Depois de lan\u00e7ar o ID3 em Frankfut, em setembro, e\u00a0 apresentar o ID4, um SUV que deve chegar ao mercado em mais um ano, esta semana\u2026 Leia mais \u00bb\" \/>\n<meta property=\"og:url\" content=\"https:\/\/dana.com.br\/canaldana\/2019\/11\/21\/space-vizzion-sera-a-station-wagon-eletrica-da-volkswagen\/\" \/>\n<meta property=\"og:site_name\" content=\"Canal Dana\" \/>\n<meta property=\"article:published_time\" content=\"2019-11-21T11:19:31+00:00\" \/>\n<meta name=\"author\" content=\"Canal Dana\" \/>\n<meta name=\"twitter:card\" content=\"summary_large_image\" \/>\n<meta name=\"twitter:label1\" content=\"Escrito por\" \/>\n\t<meta name=\"twitter:data1\" content=\"Canal Dana\" \/>\n\t<meta name=\"twitter:label2\" content=\"Est. tempo de leitura\" \/>\n\t<meta name=\"twitter:data2\" content=\"2 minutos\" \/>\n<script type=\"application\/ld+json\" class=\"yoast-schema-graph\">{\"@context\":\"https:\\\/\\\/schema.org\",\"@graph\":[{\"@type\":\"Article\",\"@id\":\"https:\\\/\\\/dana.com.br\\\/canaldana\\\/2019\\\/11\\\/21\\\/space-vizzion-sera-a-station-wagon-eletrica-da-volkswagen\\\/#article\",\"isPartOf\":{\"@id\":\"https:\\\/\\\/dana.com.br\\\/canaldana\\\/2019\\\/11\\\/21\\\/space-vizzion-sera-a-station-wagon-eletrica-da-volkswagen\\\/\"},\"author\":{\"name\":\"Canal Dana\",\"@id\":\"https:\\\/\\\/dana.com.br\\\/canaldana\\\/#\\\/schema\\\/person\\\/3c21f22f56fcf3bc46b94bc60ea4fef6\"},\"headline\":\"Space Vizzion ser\u00e1 a station wagon el\u00e9trica da Volkswagen\",\"datePublished\":\"2019-11-21T11:19:31+00:00\",\"mainEntityOfPage\":{\"@id\":\"https:\\\/\\\/dana.com.br\\\/canaldana\\\/2019\\\/11\\\/21\\\/space-vizzion-sera-a-station-wagon-eletrica-da-volkswagen\\\/\"},\"wordCount\":387,\"articleSection\":[\"El\u00e9tricos\"],\"inLanguage\":\"pt-BR\"},{\"@type\":\"WebPage\",\"@id\":\"https:\\\/\\\/dana.com.br\\\/canaldana\\\/2019\\\/11\\\/21\\\/space-vizzion-sera-a-station-wagon-eletrica-da-volkswagen\\\/\",\"url\":\"https:\\\/\\\/dana.com.br\\\/canaldana\\\/2019\\\/11\\\/21\\\/space-vizzion-sera-a-station-wagon-eletrica-da-volkswagen\\\/\",\"name\":\"Space Vizzion ser\u00e1 a station wagon el\u00e9trica da Volkswagen - Canal Dana\",\"isPartOf\":{\"@id\":\"https:\\\/\\\/dana.com.br\\\/canaldana\\\/#website\"},\"datePublished\":\"2019-11-21T11:19:31+00:00\",\"author\":{\"@id\":\"https:\\\/\\\/dana.com.br\\\/canaldana\\\/#\\\/schema\\\/person\\\/3c21f22f56fcf3bc46b94bc60ea4fef6\"},\"breadcrumb\":{\"@id\":\"https:\\\/\\\/dana.com.br\\\/canaldana\\\/2019\\\/11\\\/21\\\/space-vizzion-sera-a-station-wagon-eletrica-da-volkswagen\\\/#breadcrumb\"},\"inLanguage\":\"pt-BR\",\"potentialAction\":[{\"@type\":\"ReadAction\",\"target\":[\"https:\\\/\\\/dana.com.br\\\/canaldana\\\/2019\\\/11\\\/21\\\/space-vizzion-sera-a-station-wagon-eletrica-da-volkswagen\\\/\"]}]},{\"@type\":\"BreadcrumbList\",\"@id\":\"https:\\\/\\\/dana.com.br\\\/canaldana\\\/2019\\\/11\\\/21\\\/space-vizzion-sera-a-station-wagon-eletrica-da-volkswagen\\\/#breadcrumb\",\"itemListElement\":[{\"@type\":\"ListItem\",\"position\":1,\"name\":\"Home\",\"item\":\"https:\\\/\\\/dana.com.br\\\/canaldana\\\/\"},{\"@type\":\"ListItem\",\"position\":2,\"name\":\"El\u00e9tricos\",\"item\":\"https:\\\/\\\/dana.com.br\\\/canaldana\\\/eletricos\\\/\"},{\"@type\":\"ListItem\",\"position\":3,\"name\":\"Space Vizzion ser\u00e1 a station wagon el\u00e9trica da Volkswagen\"}]},{\"@type\":\"WebSite\",\"@id\":\"https:\\\/\\\/dana.com.br\\\/canaldana\\\/#website\",\"url\":\"https:\\\/\\\/dana.com.br\\\/canaldana\\\/\",\"name\":\"Canal Dana\",\"description\":\"Informativo com as principais not\u00edcias da ind\u00fastria automotiva\",\"potentialAction\":[{\"@type\":\"SearchAction\",\"target\":{\"@type\":\"EntryPoint\",\"urlTemplate\":\"https:\\\/\\\/dana.com.br\\\/canaldana\\\/?s={search_term_string}\"},\"query-input\":{\"@type\":\"PropertyValueSpecification\",\"valueRequired\":true,\"valueName\":\"search_term_string\"}}],\"inLanguage\":\"pt-BR\"},{\"@type\":\"Person\",\"@id\":\"https:\\\/\\\/dana.com.br\\\/canaldana\\\/#\\\/schema\\\/person\\\/3c21f22f56fcf3bc46b94bc60ea4fef6\",\"name\":\"Canal Dana\",\"image\":{\"@type\":\"ImageObject\",\"inLanguage\":\"pt-BR\",\"@id\":\"https:\\\/\\\/secure.gravatar.com\\\/avatar\\\/420aaf9278582877d9018637c6817617705899d2858d7572ef0fe59a6b6454b4?s=96&d=mm&r=g\",\"url\":\"https:\\\/\\\/secure.gravatar.com\\\/avatar\\\/420aaf9278582877d9018637c6817617705899d2858d7572ef0fe59a6b6454b4?s=96&d=mm&r=g\",\"contentUrl\":\"https:\\\/\\\/secure.gravatar.com\\\/avatar\\\/420aaf9278582877d9018637c6817617705899d2858d7572ef0fe59a6b6454b4?s=96&d=mm&r=g\",\"caption\":\"Canal Dana\"},\"url\":\"https:\\\/\\\/dana.com.br\\\/canaldana\\\/author\\\/cdeditor\\\/\"}]}<\/script>\n<!-- \/ Yoast SEO plugin. -->","yoast_head_json":{"title":"Space Vizzion ser\u00e1 a station wagon el\u00e9trica da Volkswagen - Canal Dana","robots":{"index":"index","follow":"follow","max-snippet":"max-snippet:-1","max-image-preview":"max-image-preview:large","max-video-preview":"max-video-preview:-1"},"canonical":"https:\/\/dana.com.br\/canaldana\/2019\/11\/21\/space-vizzion-sera-a-station-wagon-eletrica-da-volkswagen\/","og_locale":"pt_BR","og_type":"article","og_title":"Space Vizzion ser\u00e1 a station wagon el\u00e9trica da Volkswagen - Canal Dana","og_description":"AutoInd\u00fastria &nbsp; Aos poucos, a Volkswagen vai desnudando a fam\u00edlia de produtos el\u00e9tricos que dever\u00e1 representar boa parte das vendas globais da marca at\u00e9 a metade da pr\u00f3xima d\u00e9cada. Depois de lan\u00e7ar o ID3 em Frankfut, em setembro, e\u00a0 apresentar o ID4, um SUV que deve chegar ao mercado em mais um ano, esta semana\u2026 Leia mais \u00bb","og_url":"https:\/\/dana.com.br\/canaldana\/2019\/11\/21\/space-vizzion-sera-a-station-wagon-eletrica-da-volkswagen\/","og_site_name":"Canal Dana","article_published_time":"2019-11-21T11:19:31+00:00","author":"Canal Dana","twitter_card":"summary_large_image","twitter_misc":{"Escrito por":"Canal Dana","Est. tempo de leitura":"2 minutos"},"schema":{"@context":"https:\/\/schema.org","@graph":[{"@type":"Article","@id":"https:\/\/dana.com.br\/canaldana\/2019\/11\/21\/space-vizzion-sera-a-station-wagon-eletrica-da-volkswagen\/#article","isPartOf":{"@id":"https:\/\/dana.com.br\/canaldana\/2019\/11\/21\/space-vizzion-sera-a-station-wagon-eletrica-da-volkswagen\/"},"author":{"name":"Canal Dana","@id":"https:\/\/dana.com.br\/canaldana\/#\/schema\/person\/3c21f22f56fcf3bc46b94bc60ea4fef6"},"headline":"Space Vizzion ser\u00e1 a station wagon el\u00e9trica da Volkswagen","datePublished":"2019-11-21T11:19:31+00:00","mainEntityOfPage":{"@id":"https:\/\/dana.com.br\/canaldana\/2019\/11\/21\/space-vizzion-sera-a-station-wagon-eletrica-da-volkswagen\/"},"wordCount":387,"articleSection":["El\u00e9tricos"],"inLanguage":"pt-BR"},{"@type":"WebPage","@id":"https:\/\/dana.com.br\/canaldana\/2019\/11\/21\/space-vizzion-sera-a-station-wagon-eletrica-da-volkswagen\/","url":"https:\/\/dana.com.br\/canaldana\/2019\/11\/21\/space-vizzion-sera-a-station-wagon-eletrica-da-volkswagen\/","name":"Space Vizzion ser\u00e1 a station wagon el\u00e9trica da Volkswagen - Canal Dana","isPartOf":{"@id":"https:\/\/dana.com.br\/canaldana\/#website"},"datePublished":"2019-11-21T11:19:31+00:00","author":{"@id":"https:\/\/dana.com.br\/canaldana\/#\/schema\/person\/3c21f22f56fcf3bc46b94bc60ea4fef6"},"breadcrumb":{"@id":"https:\/\/dana.com.br\/canaldana\/2019\/11\/21\/space-vizzion-sera-a-station-wagon-eletrica-da-volkswagen\/#breadcrumb"},"inLanguage":"pt-BR","potentialAction":[{"@type":"ReadAction","target":["https:\/\/dana.com.br\/canaldana\/2019\/11\/21\/space-vizzion-sera-a-station-wagon-eletrica-da-volkswagen\/"]}]},{"@type":"BreadcrumbList","@id":"https:\/\/dana.com.br\/canaldana\/2019\/11\/21\/space-vizzion-sera-a-station-wagon-eletrica-da-volkswagen\/#breadcrumb","itemListElement":[{"@type":"ListItem","position":1,"name":"Home","item":"https:\/\/dana.com.br\/canaldana\/"},{"@type":"ListItem","position":2,"name":"El\u00e9tricos","item":"https:\/\/dana.com.br\/canaldana\/eletricos\/"},{"@type":"ListItem","position":3,"name":"Space Vizzion ser\u00e1 a station wagon el\u00e9trica da Volkswagen"}]},{"@type":"WebSite","@id":"https:\/\/dana.com.br\/canaldana\/#website","url":"https:\/\/dana.com.br\/canaldana\/","name":"Canal Dana","description":"Informativo com as principais not\u00edcias da ind\u00fastria automotiva","potentialAction":[{"@type":"SearchAction","target":{"@type":"EntryPoint","urlTemplate":"https:\/\/dana.com.br\/canaldana\/?s={search_term_string}"},"query-input":{"@type":"PropertyValueSpecification","valueRequired":true,"valueName":"search_term_string"}}],"inLanguage":"pt-BR"},{"@type":"Person","@id":"https:\/\/dana.com.br\/canaldana\/#\/schema\/person\/3c21f22f56fcf3bc46b94bc60ea4fef6","name":"Canal Dana","image":{"@type":"ImageObject","inLanguage":"pt-BR","@id":"https:\/\/secure.gravatar.com\/avatar\/420aaf9278582877d9018637c6817617705899d2858d7572ef0fe59a6b6454b4?s=96&d=mm&r=g","url":"https:\/\/secure.gravatar.com\/avatar\/420aaf9278582877d9018637c6817617705899d2858d7572ef0fe59a6b6454b4?s=96&d=mm&r=g","contentUrl":"https:\/\/secure.gravatar.com\/avatar\/420aaf9278582877d9018637c6817617705899d2858d7572ef0fe59a6b6454b4?s=96&d=mm&r=g","caption":"Canal Dana"},"url":"https:\/\/dana.com.br\/canaldana\/author\/cdeditor\/"}]}},"_links":{"self":[{"href":"https:\/\/dana.com.br\/canaldana\/wp-json\/wp\/v2\/posts\/38769","targetHints":{"allow":["GET"]}}],"collection":[{"href":"https:\/\/dana.com.br\/canaldana\/wp-json\/wp\/v2\/posts"}],"about":[{"href":"https:\/\/dana.com.br\/canaldana\/wp-json\/wp\/v2\/types\/post"}],"author":[{"embeddable":true,"href":"https:\/\/dana.com.br\/canaldana\/wp-json\/wp\/v2\/users\/3"}],"replies":[{"embeddable":true,"href":"https:\/\/dana.com.br\/canaldana\/wp-json\/wp\/v2\/comments?post=38769"}],"version-history":[{"count":0,"href":"https:\/\/dana.com.br\/canaldana\/wp-json\/wp\/v2\/posts\/38769\/revisions"}],"wp:attachment":[{"href":"https:\/\/dana.com.br\/canaldana\/wp-json\/wp\/v2\/media?parent=38769"}],"wp:term":[{"taxonomy":"category","embeddable":true,"href":"https:\/\/dana.com.br\/canaldana\/wp-json\/wp\/v2\/categories?post=38769"},{"taxonomy":"post_tag","embeddable":true,"href":"https:\/\/dana.com.br\/canaldana\/wp-json\/wp\/v2\/tags?post=38769"}],"curies":[{"name":"wp","href":"https:\/\/api.w.org\/{rel}","templated":true}]}}