{"id":38767,"date":"2019-11-21T08:18:40","date_gmt":"2019-11-21T11:18:40","guid":{"rendered":"https:\/\/dana.com.br\/canaldana\/?p=38767"},"modified":"2019-11-21T08:18:40","modified_gmt":"2019-11-21T11:18:40","slug":"mustang-agora-tambem-e-suv-eletrico","status":"publish","type":"post","link":"https:\/\/dana.com.br\/canaldana\/2019\/11\/21\/mustang-agora-tambem-e-suv-eletrico\/","title":{"rendered":"Mustang agora tamb\u00e9m \u00e9 SUV el\u00e9trico"},"content":{"rendered":"<p><em>AutoInd\u00fastria<\/em><\/p>\n<p>&nbsp;<\/p>\n<p>A estrat\u00e9gia da Ford de concentrar toda sua produ\u00e7\u00e3o mundial de ve\u00edculos apenas em utilit\u00e1rios esportivos e picapes est\u00e1 sendo, de fato, enfatizada esta semana no Sal\u00e3o de Los Angeles, Estados Unidos. A montadora afirmara que o esportivo Mustang seria uma rara exce\u00e7\u00e3o dentro do portf\u00f3lio dos pr\u00f3ximos anos, mas nem ele passou ileso \u00e0 avalanche dos SUVs.<\/p>\n<p>&nbsp;<\/p>\n<p>O maior destaque da montadora na mostra californiana \u00e9 exatamente o Mustang Mach-E, vers\u00e3o SUV do mundialmente conhecido muscle car, lan\u00e7ado em 1964. Mais do que isso: representa tamb\u00e9m a chegada da eletrifica\u00e7\u00e3o na linha esportiva da marca norte-americana.<\/p>\n<p>&nbsp;<\/p>\n<p><strong>Mustang Mach E<\/strong><\/p>\n<p>&nbsp;<\/p>\n<p>O Mach-E acomoda cinco passageiros e estar\u00e1 dispon\u00edvel para vendas nos Estados Unidos em mais um ano com tra\u00e7\u00e3o traseira ou nas quatro rodas. Com bateria de longo alcance e tra\u00e7\u00e3o traseira, a autonomia \u00e9 estimada, segundo normas norte-americanas, em pelo menos 480 km. Aavers\u00e3o com tra\u00e7\u00e3o integral tem pot\u00eancia estimada em 336 cavalos e torque de 57 Kgfm.<\/p>\n<p>&nbsp;<\/p>\n<p>A Ford afirma que oferecer\u00e1 ainda duas vers\u00f5es especiais do utilit\u00e1rio esportivo, ambas com pot\u00eancia estimada de 465 cv e torque de 84,6 kgfm. Segundo a fabricante, a GT deve acelerar de 0 a 100 km\/h em menos de 4 segundos, enquanto a GT Performance Edition ser\u00e1 ainda mais r\u00e1pida: precisar\u00e1 de 3 segundos para ultrapassar os 100 km\/h.\u00a0 \u201cMesmo tempo de um Porsche 911 GTS\u201d, enfatizou a pr\u00f3pria Ford em comunicado.<\/p>\n<p>&nbsp;<\/p>\n<p>O SUV, com enorme porta-malas de 821 litros, ter\u00e1 como op\u00e7\u00e3o sistema de tra\u00e7\u00e3o nas quatro rodas (eAWD) que distribuir\u00e1 o torque nos eixos dianteiro e traseiro de forma independente.<\/p>\n<p>&nbsp;<\/p>\n<p>\u00c9 tanta a confian\u00e7a no el\u00e9trico que carrega a heran\u00e7a de esportividade do Mustang, que a Ford j\u00e1 aceita reservas de clientes norte-americanos e at\u00e9 europeus por meio de site dedicado. Para encomendar o modelo, o consumidor precisar\u00e1 desembolsar apenas US$ 500. (AutoInd\u00fastria)<\/p>\n","protected":false},"excerpt":{"rendered":"<p>AutoInd\u00fastria &nbsp; A estrat\u00e9gia da Ford de concentrar toda sua produ\u00e7\u00e3o mundial de ve\u00edculos apenas em utilit\u00e1rios esportivos e picapes est\u00e1 sendo, de fato, enfatizada esta semana no Sal\u00e3o de Los Angeles, Estados Unidos. A montadora afirmara que o esportivo Mustang seria uma rara exce\u00e7\u00e3o dentro do portf\u00f3lio dos pr\u00f3ximos anos, mas nem ele passou\u2026 <a class=\"readmore\" href=\"https:\/\/dana.com.br\/canaldana\/2019\/11\/21\/mustang-agora-tambem-e-suv-eletrico\/\">Leia mais \u00bb<\/a><\/p>\n","protected":false},"author":3,"featured_media":0,"comment_status":"closed","ping_status":"closed","sticky":false,"template":"","format":"standard","meta":{"_acf_changed":false,"footnotes":""},"categories":[110],"tags":[],"class_list":["post-38767","post","type-post","status-publish","format-standard","hentry","category-eletricos"],"acf":[],"yoast_head":"<!-- This site is optimized with the Yoast SEO plugin v27.3 - https:\/\/yoast.com\/product\/yoast-seo-wordpress\/ -->\n<title>Mustang agora tamb\u00e9m \u00e9 SUV el\u00e9trico - Canal Dana<\/title>\n<meta name=\"robots\" content=\"index, follow, max-snippet:-1, max-image-preview:large, max-video-preview:-1\" \/>\n<link rel=\"canonical\" href=\"https:\/\/dana.com.br\/canaldana\/2019\/11\/21\/mustang-agora-tambem-e-suv-eletrico\/\" \/>\n<meta property=\"og:locale\" content=\"pt_BR\" \/>\n<meta property=\"og:type\" content=\"article\" \/>\n<meta property=\"og:title\" content=\"Mustang agora tamb\u00e9m \u00e9 SUV el\u00e9trico - Canal Dana\" \/>\n<meta property=\"og:description\" content=\"AutoInd\u00fastria &nbsp; A estrat\u00e9gia da Ford de concentrar toda sua produ\u00e7\u00e3o mundial de ve\u00edculos apenas em utilit\u00e1rios esportivos e picapes est\u00e1 sendo, de fato, enfatizada esta semana no Sal\u00e3o de Los Angeles, Estados Unidos. A montadora afirmara que o esportivo Mustang seria uma rara exce\u00e7\u00e3o dentro do portf\u00f3lio dos pr\u00f3ximos anos, mas nem ele passou\u2026 Leia mais \u00bb\" \/>\n<meta property=\"og:url\" content=\"https:\/\/dana.com.br\/canaldana\/2019\/11\/21\/mustang-agora-tambem-e-suv-eletrico\/\" \/>\n<meta property=\"og:site_name\" content=\"Canal Dana\" \/>\n<meta property=\"article:published_time\" content=\"2019-11-21T11:18:40+00:00\" \/>\n<meta name=\"author\" content=\"Canal Dana\" \/>\n<meta name=\"twitter:card\" content=\"summary_large_image\" \/>\n<meta name=\"twitter:label1\" content=\"Escrito por\" \/>\n\t<meta name=\"twitter:data1\" content=\"Canal Dana\" \/>\n\t<meta name=\"twitter:label2\" content=\"Est. tempo de leitura\" \/>\n\t<meta name=\"twitter:data2\" content=\"2 minutos\" \/>\n<script type=\"application\/ld+json\" class=\"yoast-schema-graph\">{\"@context\":\"https:\\\/\\\/schema.org\",\"@graph\":[{\"@type\":\"Article\",\"@id\":\"https:\\\/\\\/dana.com.br\\\/canaldana\\\/2019\\\/11\\\/21\\\/mustang-agora-tambem-e-suv-eletrico\\\/#article\",\"isPartOf\":{\"@id\":\"https:\\\/\\\/dana.com.br\\\/canaldana\\\/2019\\\/11\\\/21\\\/mustang-agora-tambem-e-suv-eletrico\\\/\"},\"author\":{\"name\":\"Canal Dana\",\"@id\":\"https:\\\/\\\/dana.com.br\\\/canaldana\\\/#\\\/schema\\\/person\\\/3c21f22f56fcf3bc46b94bc60ea4fef6\"},\"headline\":\"Mustang agora tamb\u00e9m \u00e9 SUV el\u00e9trico\",\"datePublished\":\"2019-11-21T11:18:40+00:00\",\"mainEntityOfPage\":{\"@id\":\"https:\\\/\\\/dana.com.br\\\/canaldana\\\/2019\\\/11\\\/21\\\/mustang-agora-tambem-e-suv-eletrico\\\/\"},\"wordCount\":333,\"articleSection\":[\"El\u00e9tricos\"],\"inLanguage\":\"pt-BR\"},{\"@type\":\"WebPage\",\"@id\":\"https:\\\/\\\/dana.com.br\\\/canaldana\\\/2019\\\/11\\\/21\\\/mustang-agora-tambem-e-suv-eletrico\\\/\",\"url\":\"https:\\\/\\\/dana.com.br\\\/canaldana\\\/2019\\\/11\\\/21\\\/mustang-agora-tambem-e-suv-eletrico\\\/\",\"name\":\"Mustang agora tamb\u00e9m \u00e9 SUV el\u00e9trico - Canal Dana\",\"isPartOf\":{\"@id\":\"https:\\\/\\\/dana.com.br\\\/canaldana\\\/#website\"},\"datePublished\":\"2019-11-21T11:18:40+00:00\",\"author\":{\"@id\":\"https:\\\/\\\/dana.com.br\\\/canaldana\\\/#\\\/schema\\\/person\\\/3c21f22f56fcf3bc46b94bc60ea4fef6\"},\"breadcrumb\":{\"@id\":\"https:\\\/\\\/dana.com.br\\\/canaldana\\\/2019\\\/11\\\/21\\\/mustang-agora-tambem-e-suv-eletrico\\\/#breadcrumb\"},\"inLanguage\":\"pt-BR\",\"potentialAction\":[{\"@type\":\"ReadAction\",\"target\":[\"https:\\\/\\\/dana.com.br\\\/canaldana\\\/2019\\\/11\\\/21\\\/mustang-agora-tambem-e-suv-eletrico\\\/\"]}]},{\"@type\":\"BreadcrumbList\",\"@id\":\"https:\\\/\\\/dana.com.br\\\/canaldana\\\/2019\\\/11\\\/21\\\/mustang-agora-tambem-e-suv-eletrico\\\/#breadcrumb\",\"itemListElement\":[{\"@type\":\"ListItem\",\"position\":1,\"name\":\"Home\",\"item\":\"https:\\\/\\\/dana.com.br\\\/canaldana\\\/\"},{\"@type\":\"ListItem\",\"position\":2,\"name\":\"El\u00e9tricos\",\"item\":\"https:\\\/\\\/dana.com.br\\\/canaldana\\\/eletricos\\\/\"},{\"@type\":\"ListItem\",\"position\":3,\"name\":\"Mustang agora tamb\u00e9m \u00e9 SUV el\u00e9trico\"}]},{\"@type\":\"WebSite\",\"@id\":\"https:\\\/\\\/dana.com.br\\\/canaldana\\\/#website\",\"url\":\"https:\\\/\\\/dana.com.br\\\/canaldana\\\/\",\"name\":\"Canal Dana\",\"description\":\"Informativo com as principais not\u00edcias da ind\u00fastria automotiva\",\"potentialAction\":[{\"@type\":\"SearchAction\",\"target\":{\"@type\":\"EntryPoint\",\"urlTemplate\":\"https:\\\/\\\/dana.com.br\\\/canaldana\\\/?s={search_term_string}\"},\"query-input\":{\"@type\":\"PropertyValueSpecification\",\"valueRequired\":true,\"valueName\":\"search_term_string\"}}],\"inLanguage\":\"pt-BR\"},{\"@type\":\"Person\",\"@id\":\"https:\\\/\\\/dana.com.br\\\/canaldana\\\/#\\\/schema\\\/person\\\/3c21f22f56fcf3bc46b94bc60ea4fef6\",\"name\":\"Canal Dana\",\"image\":{\"@type\":\"ImageObject\",\"inLanguage\":\"pt-BR\",\"@id\":\"https:\\\/\\\/secure.gravatar.com\\\/avatar\\\/420aaf9278582877d9018637c6817617705899d2858d7572ef0fe59a6b6454b4?s=96&d=mm&r=g\",\"url\":\"https:\\\/\\\/secure.gravatar.com\\\/avatar\\\/420aaf9278582877d9018637c6817617705899d2858d7572ef0fe59a6b6454b4?s=96&d=mm&r=g\",\"contentUrl\":\"https:\\\/\\\/secure.gravatar.com\\\/avatar\\\/420aaf9278582877d9018637c6817617705899d2858d7572ef0fe59a6b6454b4?s=96&d=mm&r=g\",\"caption\":\"Canal Dana\"},\"url\":\"https:\\\/\\\/dana.com.br\\\/canaldana\\\/author\\\/cdeditor\\\/\"}]}<\/script>\n<!-- \/ Yoast SEO plugin. -->","yoast_head_json":{"title":"Mustang agora tamb\u00e9m \u00e9 SUV el\u00e9trico - Canal Dana","robots":{"index":"index","follow":"follow","max-snippet":"max-snippet:-1","max-image-preview":"max-image-preview:large","max-video-preview":"max-video-preview:-1"},"canonical":"https:\/\/dana.com.br\/canaldana\/2019\/11\/21\/mustang-agora-tambem-e-suv-eletrico\/","og_locale":"pt_BR","og_type":"article","og_title":"Mustang agora tamb\u00e9m \u00e9 SUV el\u00e9trico - Canal Dana","og_description":"AutoInd\u00fastria &nbsp; A estrat\u00e9gia da Ford de concentrar toda sua produ\u00e7\u00e3o mundial de ve\u00edculos apenas em utilit\u00e1rios esportivos e picapes est\u00e1 sendo, de fato, enfatizada esta semana no Sal\u00e3o de Los Angeles, Estados Unidos. A montadora afirmara que o esportivo Mustang seria uma rara exce\u00e7\u00e3o dentro do portf\u00f3lio dos pr\u00f3ximos anos, mas nem ele passou\u2026 Leia mais \u00bb","og_url":"https:\/\/dana.com.br\/canaldana\/2019\/11\/21\/mustang-agora-tambem-e-suv-eletrico\/","og_site_name":"Canal Dana","article_published_time":"2019-11-21T11:18:40+00:00","author":"Canal Dana","twitter_card":"summary_large_image","twitter_misc":{"Escrito por":"Canal Dana","Est. tempo de leitura":"2 minutos"},"schema":{"@context":"https:\/\/schema.org","@graph":[{"@type":"Article","@id":"https:\/\/dana.com.br\/canaldana\/2019\/11\/21\/mustang-agora-tambem-e-suv-eletrico\/#article","isPartOf":{"@id":"https:\/\/dana.com.br\/canaldana\/2019\/11\/21\/mustang-agora-tambem-e-suv-eletrico\/"},"author":{"name":"Canal Dana","@id":"https:\/\/dana.com.br\/canaldana\/#\/schema\/person\/3c21f22f56fcf3bc46b94bc60ea4fef6"},"headline":"Mustang agora tamb\u00e9m \u00e9 SUV el\u00e9trico","datePublished":"2019-11-21T11:18:40+00:00","mainEntityOfPage":{"@id":"https:\/\/dana.com.br\/canaldana\/2019\/11\/21\/mustang-agora-tambem-e-suv-eletrico\/"},"wordCount":333,"articleSection":["El\u00e9tricos"],"inLanguage":"pt-BR"},{"@type":"WebPage","@id":"https:\/\/dana.com.br\/canaldana\/2019\/11\/21\/mustang-agora-tambem-e-suv-eletrico\/","url":"https:\/\/dana.com.br\/canaldana\/2019\/11\/21\/mustang-agora-tambem-e-suv-eletrico\/","name":"Mustang agora tamb\u00e9m \u00e9 SUV el\u00e9trico - Canal Dana","isPartOf":{"@id":"https:\/\/dana.com.br\/canaldana\/#website"},"datePublished":"2019-11-21T11:18:40+00:00","author":{"@id":"https:\/\/dana.com.br\/canaldana\/#\/schema\/person\/3c21f22f56fcf3bc46b94bc60ea4fef6"},"breadcrumb":{"@id":"https:\/\/dana.com.br\/canaldana\/2019\/11\/21\/mustang-agora-tambem-e-suv-eletrico\/#breadcrumb"},"inLanguage":"pt-BR","potentialAction":[{"@type":"ReadAction","target":["https:\/\/dana.com.br\/canaldana\/2019\/11\/21\/mustang-agora-tambem-e-suv-eletrico\/"]}]},{"@type":"BreadcrumbList","@id":"https:\/\/dana.com.br\/canaldana\/2019\/11\/21\/mustang-agora-tambem-e-suv-eletrico\/#breadcrumb","itemListElement":[{"@type":"ListItem","position":1,"name":"Home","item":"https:\/\/dana.com.br\/canaldana\/"},{"@type":"ListItem","position":2,"name":"El\u00e9tricos","item":"https:\/\/dana.com.br\/canaldana\/eletricos\/"},{"@type":"ListItem","position":3,"name":"Mustang agora tamb\u00e9m \u00e9 SUV el\u00e9trico"}]},{"@type":"WebSite","@id":"https:\/\/dana.com.br\/canaldana\/#website","url":"https:\/\/dana.com.br\/canaldana\/","name":"Canal Dana","description":"Informativo com as principais not\u00edcias da ind\u00fastria automotiva","potentialAction":[{"@type":"SearchAction","target":{"@type":"EntryPoint","urlTemplate":"https:\/\/dana.com.br\/canaldana\/?s={search_term_string}"},"query-input":{"@type":"PropertyValueSpecification","valueRequired":true,"valueName":"search_term_string"}}],"inLanguage":"pt-BR"},{"@type":"Person","@id":"https:\/\/dana.com.br\/canaldana\/#\/schema\/person\/3c21f22f56fcf3bc46b94bc60ea4fef6","name":"Canal Dana","image":{"@type":"ImageObject","inLanguage":"pt-BR","@id":"https:\/\/secure.gravatar.com\/avatar\/420aaf9278582877d9018637c6817617705899d2858d7572ef0fe59a6b6454b4?s=96&d=mm&r=g","url":"https:\/\/secure.gravatar.com\/avatar\/420aaf9278582877d9018637c6817617705899d2858d7572ef0fe59a6b6454b4?s=96&d=mm&r=g","contentUrl":"https:\/\/secure.gravatar.com\/avatar\/420aaf9278582877d9018637c6817617705899d2858d7572ef0fe59a6b6454b4?s=96&d=mm&r=g","caption":"Canal Dana"},"url":"https:\/\/dana.com.br\/canaldana\/author\/cdeditor\/"}]}},"_links":{"self":[{"href":"https:\/\/dana.com.br\/canaldana\/wp-json\/wp\/v2\/posts\/38767","targetHints":{"allow":["GET"]}}],"collection":[{"href":"https:\/\/dana.com.br\/canaldana\/wp-json\/wp\/v2\/posts"}],"about":[{"href":"https:\/\/dana.com.br\/canaldana\/wp-json\/wp\/v2\/types\/post"}],"author":[{"embeddable":true,"href":"https:\/\/dana.com.br\/canaldana\/wp-json\/wp\/v2\/users\/3"}],"replies":[{"embeddable":true,"href":"https:\/\/dana.com.br\/canaldana\/wp-json\/wp\/v2\/comments?post=38767"}],"version-history":[{"count":0,"href":"https:\/\/dana.com.br\/canaldana\/wp-json\/wp\/v2\/posts\/38767\/revisions"}],"wp:attachment":[{"href":"https:\/\/dana.com.br\/canaldana\/wp-json\/wp\/v2\/media?parent=38767"}],"wp:term":[{"taxonomy":"category","embeddable":true,"href":"https:\/\/dana.com.br\/canaldana\/wp-json\/wp\/v2\/categories?post=38767"},{"taxonomy":"post_tag","embeddable":true,"href":"https:\/\/dana.com.br\/canaldana\/wp-json\/wp\/v2\/tags?post=38767"}],"curies":[{"name":"wp","href":"https:\/\/api.w.org\/{rel}","templated":true}]}}