{"id":38759,"date":"2019-11-20T07:53:01","date_gmt":"2019-11-20T10:53:01","guid":{"rendered":"https:\/\/dana.com.br\/canaldana\/?p=38759"},"modified":"2019-11-20T07:53:01","modified_gmt":"2019-11-20T10:53:01","slug":"bndes-so-avaliara-emprestimo-para-caoa-se-compra-da-ford-for-oficializada","status":"publish","type":"post","link":"https:\/\/dana.com.br\/canaldana\/2019\/11\/20\/bndes-so-avaliara-emprestimo-para-caoa-se-compra-da-ford-for-oficializada\/","title":{"rendered":"BNDES s\u00f3 avaliar\u00e1 empr\u00e9stimo para Caoa se compra da Ford for oficializada"},"content":{"rendered":"<p><em>O Estado de S. Paulo<\/em><\/p>\n<p>&nbsp;<\/p>\n<p>Dirigentes do Sindicato dos Metal\u00fargicos do ABC se reuniram nesta ter\u00e7a-feira, 19, em S\u00e3o Paulo, com representantes do Banco Nacional de Desenvolvimento Econ\u00f4mico e Social (BNDES) para pedir a libera\u00e7\u00e3o de empr\u00e9stimos para o Grupo Caoa poder comprar a f\u00e1brica da Ford.<\/p>\n<p>&nbsp;<\/p>\n<p>A planta de S\u00e3o Bernardo do Campo encerrou as opera\u00e7\u00f5es no dia 30 de outubro sem acerto entre os dois grupos e todos os funcion\u00e1rios foram demitidos. A inten\u00e7\u00e3o dos sindicalistas \u00e9 recuperar parte das vagas fechadas. A f\u00e1brica tinha 2,8 mil funcion\u00e1rios no in\u00edcio do ano e, quando fechou, tinha 650 na linha de produ\u00e7\u00e3o.<\/p>\n<p>&nbsp;<\/p>\n<p>Desde fevereiro, quando a Ford anunciou sua sa\u00edda do ABC, onde produzia caminh\u00f5es e o modelo Fiesta, o grupo do empres\u00e1rio brasileiro Carlos Alberto de Oliveira Andrade confirma ter interesse no neg\u00f3cio. Segundo fontes do mercado, o Caoa necessita R$ 1 bilh\u00e3o a R$ 2 bilh\u00f5es para adquirir as instala\u00e7\u00f5es, modernizar a linha de produ\u00e7\u00e3o e reiniciar a produ\u00e7\u00e3o.<\/p>\n<p>&nbsp;<\/p>\n<p>Segundo o sindicato, o banco de fomento informou n\u00e3o dispor de linhas de financiamento para aquisi\u00e7\u00e3o de f\u00e1bricas por grupos privados. Tem, por outro lado, programas para moderniza\u00e7\u00e3o de equipamentos e produtos e introdu\u00e7\u00e3o de novas tecnologias. Caoa teria, portanto, de obter recursos de outra fonte para realizar a compra e depois recorrer a esse tipo de empr\u00e9stimo que, de qualquer formar, teria de passar por aprova\u00e7\u00e3o do BNDES.<\/p>\n<p>&nbsp;<\/p>\n<p><strong>Reuni\u00e3o com Caoa<\/strong><\/p>\n<p>&nbsp;<\/p>\n<p>Estiveram na sede do BNDES na capital paulista o presidente do Sindicato, Wagner Santana, o presidente do Instituto Trabalho, Ind\u00fastria e Desenvolvimento (TID), Rafael Marques, o coordenador da subse\u00e7\u00e3o do Dieese (Departamento Intersindical de Estat\u00edsticas e Estudos Socioecon\u00f4micos), Luiz Paulo Bresciani e membros da comiss\u00e3o dos trabalhadores.<\/p>\n<p>&nbsp;<\/p>\n<p>Eles falaram com Marcos Rossi Martins, superintendente de \u00c1rea Industrial do banco, por teleconfer\u00eancia, j\u00e1 que ele estava na sede da institui\u00e7\u00e3o, no Rio de Janeiro. O pr\u00f3ximo passo dos sindicalistas ser\u00e1 marcar uma reuni\u00e3o com o Caoa e tamb\u00e9m com o governador Jo\u00e3o Doria (PSDB), que foi quem se colocou \u00e0 disposi\u00e7\u00e3o para buscar um comprador para a f\u00e1brica que est\u00e1 no ABC h\u00e1 52 anos.<\/p>\n<p>&nbsp;<\/p>\n<p>De acordo com Marques, se a compra fosse efetivada, inicialmente o grupo precisaria de 650 trabalhadores para tocar a linha de produ\u00e7\u00e3o de caminh\u00f5es. H\u00e1 1,5 mil ex-funcion\u00e1rios da Ford inscritos para disputar essas vagas.<\/p>\n<p>&nbsp;<\/p>\n<p><strong>Sal\u00e1rios menores<\/strong><\/p>\n<p>&nbsp;<\/p>\n<p>Segundo dirigentes do Sindicato, quando as negocia\u00e7\u00f5es estavam em andamento, algumas condi\u00e7\u00f5es foram apresentados pelo grupo Caoa para as contrata\u00e7\u00f5es, como a de que sal\u00e1rios e participa\u00e7\u00e3o dos lucros (PLR) seriam cerca de dois ter\u00e7os inferiores aos pagos pela Ford. O plano m\u00e9dico tamb\u00e9m seria inferior.<\/p>\n<p>&nbsp;<\/p>\n<p>No \u00faltimo dia de funcionamento da f\u00e1brica, Marques informou que o servi\u00e7o de manuten\u00e7\u00e3o em equipamentos feito pelos trabalhadores antes de encerrarem as atividades garantem que a produ\u00e7\u00e3o de caminh\u00f5es possa ser retomada em at\u00e9 seis meses. Para a linha de autom\u00f3veis, o per\u00edodo \u00e9 de at\u00e9 tr\u00eas anos. &#8220;Ou seja, o grupo Caoa teria at\u00e9 abril para assumir a produ\u00e7\u00e3o&#8221;. (O Estado de S. Paulo\/Cleide Silva)<\/p>\n","protected":false},"excerpt":{"rendered":"<p>O Estado de S. Paulo &nbsp; Dirigentes do Sindicato dos Metal\u00fargicos do ABC se reuniram nesta ter\u00e7a-feira, 19, em S\u00e3o Paulo, com representantes do Banco Nacional de Desenvolvimento Econ\u00f4mico e Social (BNDES) para pedir a libera\u00e7\u00e3o de empr\u00e9stimos para o Grupo Caoa poder comprar a f\u00e1brica da Ford. &nbsp; A planta de S\u00e3o Bernardo do\u2026 <a class=\"readmore\" href=\"https:\/\/dana.com.br\/canaldana\/2019\/11\/20\/bndes-so-avaliara-emprestimo-para-caoa-se-compra-da-ford-for-oficializada\/\">Leia mais \u00bb<\/a><\/p>\n","protected":false},"author":3,"featured_media":0,"comment_status":"closed","ping_status":"closed","sticky":false,"template":"","format":"standard","meta":{"_acf_changed":false,"footnotes":""},"categories":[61],"tags":[],"class_list":["post-38759","post","type-post","status-publish","format-standard","hentry","category-destaques"],"acf":[],"yoast_head":"<!-- This site is optimized with the Yoast SEO plugin v27.3 - https:\/\/yoast.com\/product\/yoast-seo-wordpress\/ -->\n<title>BNDES s\u00f3 avaliar\u00e1 empr\u00e9stimo para Caoa se compra da Ford for oficializada - Canal Dana<\/title>\n<meta name=\"robots\" content=\"index, follow, max-snippet:-1, max-image-preview:large, max-video-preview:-1\" \/>\n<link rel=\"canonical\" href=\"https:\/\/dana.com.br\/canaldana\/2019\/11\/20\/bndes-so-avaliara-emprestimo-para-caoa-se-compra-da-ford-for-oficializada\/\" \/>\n<meta property=\"og:locale\" content=\"pt_BR\" \/>\n<meta property=\"og:type\" content=\"article\" \/>\n<meta property=\"og:title\" content=\"BNDES s\u00f3 avaliar\u00e1 empr\u00e9stimo para Caoa se compra da Ford for oficializada - Canal Dana\" \/>\n<meta property=\"og:description\" content=\"O Estado de S. Paulo &nbsp; Dirigentes do Sindicato dos Metal\u00fargicos do ABC se reuniram nesta ter\u00e7a-feira, 19, em S\u00e3o Paulo, com representantes do Banco Nacional de Desenvolvimento Econ\u00f4mico e Social (BNDES) para pedir a libera\u00e7\u00e3o de empr\u00e9stimos para o Grupo Caoa poder comprar a f\u00e1brica da Ford. &nbsp; A planta de S\u00e3o Bernardo do\u2026 Leia mais \u00bb\" \/>\n<meta property=\"og:url\" content=\"https:\/\/dana.com.br\/canaldana\/2019\/11\/20\/bndes-so-avaliara-emprestimo-para-caoa-se-compra-da-ford-for-oficializada\/\" \/>\n<meta property=\"og:site_name\" content=\"Canal Dana\" \/>\n<meta property=\"article:published_time\" content=\"2019-11-20T10:53:01+00:00\" \/>\n<meta name=\"author\" content=\"Canal Dana\" \/>\n<meta name=\"twitter:card\" content=\"summary_large_image\" \/>\n<meta name=\"twitter:label1\" content=\"Escrito por\" \/>\n\t<meta name=\"twitter:data1\" content=\"Canal Dana\" \/>\n\t<meta name=\"twitter:label2\" content=\"Est. tempo de leitura\" \/>\n\t<meta name=\"twitter:data2\" content=\"3 minutos\" \/>\n<script type=\"application\/ld+json\" class=\"yoast-schema-graph\">{\"@context\":\"https:\\\/\\\/schema.org\",\"@graph\":[{\"@type\":\"Article\",\"@id\":\"https:\\\/\\\/dana.com.br\\\/canaldana\\\/2019\\\/11\\\/20\\\/bndes-so-avaliara-emprestimo-para-caoa-se-compra-da-ford-for-oficializada\\\/#article\",\"isPartOf\":{\"@id\":\"https:\\\/\\\/dana.com.br\\\/canaldana\\\/2019\\\/11\\\/20\\\/bndes-so-avaliara-emprestimo-para-caoa-se-compra-da-ford-for-oficializada\\\/\"},\"author\":{\"name\":\"Canal Dana\",\"@id\":\"https:\\\/\\\/dana.com.br\\\/canaldana\\\/#\\\/schema\\\/person\\\/3c21f22f56fcf3bc46b94bc60ea4fef6\"},\"headline\":\"BNDES s\u00f3 avaliar\u00e1 empr\u00e9stimo para Caoa se compra da Ford for oficializada\",\"datePublished\":\"2019-11-20T10:53:01+00:00\",\"mainEntityOfPage\":{\"@id\":\"https:\\\/\\\/dana.com.br\\\/canaldana\\\/2019\\\/11\\\/20\\\/bndes-so-avaliara-emprestimo-para-caoa-se-compra-da-ford-for-oficializada\\\/\"},\"wordCount\":577,\"articleSection\":[\"Destaques\"],\"inLanguage\":\"pt-BR\"},{\"@type\":\"WebPage\",\"@id\":\"https:\\\/\\\/dana.com.br\\\/canaldana\\\/2019\\\/11\\\/20\\\/bndes-so-avaliara-emprestimo-para-caoa-se-compra-da-ford-for-oficializada\\\/\",\"url\":\"https:\\\/\\\/dana.com.br\\\/canaldana\\\/2019\\\/11\\\/20\\\/bndes-so-avaliara-emprestimo-para-caoa-se-compra-da-ford-for-oficializada\\\/\",\"name\":\"BNDES s\u00f3 avaliar\u00e1 empr\u00e9stimo para Caoa se compra da Ford for oficializada - Canal Dana\",\"isPartOf\":{\"@id\":\"https:\\\/\\\/dana.com.br\\\/canaldana\\\/#website\"},\"datePublished\":\"2019-11-20T10:53:01+00:00\",\"author\":{\"@id\":\"https:\\\/\\\/dana.com.br\\\/canaldana\\\/#\\\/schema\\\/person\\\/3c21f22f56fcf3bc46b94bc60ea4fef6\"},\"breadcrumb\":{\"@id\":\"https:\\\/\\\/dana.com.br\\\/canaldana\\\/2019\\\/11\\\/20\\\/bndes-so-avaliara-emprestimo-para-caoa-se-compra-da-ford-for-oficializada\\\/#breadcrumb\"},\"inLanguage\":\"pt-BR\",\"potentialAction\":[{\"@type\":\"ReadAction\",\"target\":[\"https:\\\/\\\/dana.com.br\\\/canaldana\\\/2019\\\/11\\\/20\\\/bndes-so-avaliara-emprestimo-para-caoa-se-compra-da-ford-for-oficializada\\\/\"]}]},{\"@type\":\"BreadcrumbList\",\"@id\":\"https:\\\/\\\/dana.com.br\\\/canaldana\\\/2019\\\/11\\\/20\\\/bndes-so-avaliara-emprestimo-para-caoa-se-compra-da-ford-for-oficializada\\\/#breadcrumb\",\"itemListElement\":[{\"@type\":\"ListItem\",\"position\":1,\"name\":\"Home\",\"item\":\"https:\\\/\\\/dana.com.br\\\/canaldana\\\/\"},{\"@type\":\"ListItem\",\"position\":2,\"name\":\"Destaques\",\"item\":\"https:\\\/\\\/dana.com.br\\\/canaldana\\\/destaques\\\/\"},{\"@type\":\"ListItem\",\"position\":3,\"name\":\"BNDES s\u00f3 avaliar\u00e1 empr\u00e9stimo para Caoa se compra da Ford for oficializada\"}]},{\"@type\":\"WebSite\",\"@id\":\"https:\\\/\\\/dana.com.br\\\/canaldana\\\/#website\",\"url\":\"https:\\\/\\\/dana.com.br\\\/canaldana\\\/\",\"name\":\"Canal Dana\",\"description\":\"Informativo com as principais not\u00edcias da ind\u00fastria automotiva\",\"potentialAction\":[{\"@type\":\"SearchAction\",\"target\":{\"@type\":\"EntryPoint\",\"urlTemplate\":\"https:\\\/\\\/dana.com.br\\\/canaldana\\\/?s={search_term_string}\"},\"query-input\":{\"@type\":\"PropertyValueSpecification\",\"valueRequired\":true,\"valueName\":\"search_term_string\"}}],\"inLanguage\":\"pt-BR\"},{\"@type\":\"Person\",\"@id\":\"https:\\\/\\\/dana.com.br\\\/canaldana\\\/#\\\/schema\\\/person\\\/3c21f22f56fcf3bc46b94bc60ea4fef6\",\"name\":\"Canal Dana\",\"image\":{\"@type\":\"ImageObject\",\"inLanguage\":\"pt-BR\",\"@id\":\"https:\\\/\\\/secure.gravatar.com\\\/avatar\\\/420aaf9278582877d9018637c6817617705899d2858d7572ef0fe59a6b6454b4?s=96&d=mm&r=g\",\"url\":\"https:\\\/\\\/secure.gravatar.com\\\/avatar\\\/420aaf9278582877d9018637c6817617705899d2858d7572ef0fe59a6b6454b4?s=96&d=mm&r=g\",\"contentUrl\":\"https:\\\/\\\/secure.gravatar.com\\\/avatar\\\/420aaf9278582877d9018637c6817617705899d2858d7572ef0fe59a6b6454b4?s=96&d=mm&r=g\",\"caption\":\"Canal Dana\"},\"url\":\"https:\\\/\\\/dana.com.br\\\/canaldana\\\/author\\\/cdeditor\\\/\"}]}<\/script>\n<!-- \/ Yoast SEO plugin. -->","yoast_head_json":{"title":"BNDES s\u00f3 avaliar\u00e1 empr\u00e9stimo para Caoa se compra da Ford for oficializada - Canal Dana","robots":{"index":"index","follow":"follow","max-snippet":"max-snippet:-1","max-image-preview":"max-image-preview:large","max-video-preview":"max-video-preview:-1"},"canonical":"https:\/\/dana.com.br\/canaldana\/2019\/11\/20\/bndes-so-avaliara-emprestimo-para-caoa-se-compra-da-ford-for-oficializada\/","og_locale":"pt_BR","og_type":"article","og_title":"BNDES s\u00f3 avaliar\u00e1 empr\u00e9stimo para Caoa se compra da Ford for oficializada - Canal Dana","og_description":"O Estado de S. Paulo &nbsp; Dirigentes do Sindicato dos Metal\u00fargicos do ABC se reuniram nesta ter\u00e7a-feira, 19, em S\u00e3o Paulo, com representantes do Banco Nacional de Desenvolvimento Econ\u00f4mico e Social (BNDES) para pedir a libera\u00e7\u00e3o de empr\u00e9stimos para o Grupo Caoa poder comprar a f\u00e1brica da Ford. &nbsp; A planta de S\u00e3o Bernardo do\u2026 Leia mais \u00bb","og_url":"https:\/\/dana.com.br\/canaldana\/2019\/11\/20\/bndes-so-avaliara-emprestimo-para-caoa-se-compra-da-ford-for-oficializada\/","og_site_name":"Canal Dana","article_published_time":"2019-11-20T10:53:01+00:00","author":"Canal Dana","twitter_card":"summary_large_image","twitter_misc":{"Escrito por":"Canal Dana","Est. tempo de leitura":"3 minutos"},"schema":{"@context":"https:\/\/schema.org","@graph":[{"@type":"Article","@id":"https:\/\/dana.com.br\/canaldana\/2019\/11\/20\/bndes-so-avaliara-emprestimo-para-caoa-se-compra-da-ford-for-oficializada\/#article","isPartOf":{"@id":"https:\/\/dana.com.br\/canaldana\/2019\/11\/20\/bndes-so-avaliara-emprestimo-para-caoa-se-compra-da-ford-for-oficializada\/"},"author":{"name":"Canal Dana","@id":"https:\/\/dana.com.br\/canaldana\/#\/schema\/person\/3c21f22f56fcf3bc46b94bc60ea4fef6"},"headline":"BNDES s\u00f3 avaliar\u00e1 empr\u00e9stimo para Caoa se compra da Ford for oficializada","datePublished":"2019-11-20T10:53:01+00:00","mainEntityOfPage":{"@id":"https:\/\/dana.com.br\/canaldana\/2019\/11\/20\/bndes-so-avaliara-emprestimo-para-caoa-se-compra-da-ford-for-oficializada\/"},"wordCount":577,"articleSection":["Destaques"],"inLanguage":"pt-BR"},{"@type":"WebPage","@id":"https:\/\/dana.com.br\/canaldana\/2019\/11\/20\/bndes-so-avaliara-emprestimo-para-caoa-se-compra-da-ford-for-oficializada\/","url":"https:\/\/dana.com.br\/canaldana\/2019\/11\/20\/bndes-so-avaliara-emprestimo-para-caoa-se-compra-da-ford-for-oficializada\/","name":"BNDES s\u00f3 avaliar\u00e1 empr\u00e9stimo para Caoa se compra da Ford for oficializada - Canal Dana","isPartOf":{"@id":"https:\/\/dana.com.br\/canaldana\/#website"},"datePublished":"2019-11-20T10:53:01+00:00","author":{"@id":"https:\/\/dana.com.br\/canaldana\/#\/schema\/person\/3c21f22f56fcf3bc46b94bc60ea4fef6"},"breadcrumb":{"@id":"https:\/\/dana.com.br\/canaldana\/2019\/11\/20\/bndes-so-avaliara-emprestimo-para-caoa-se-compra-da-ford-for-oficializada\/#breadcrumb"},"inLanguage":"pt-BR","potentialAction":[{"@type":"ReadAction","target":["https:\/\/dana.com.br\/canaldana\/2019\/11\/20\/bndes-so-avaliara-emprestimo-para-caoa-se-compra-da-ford-for-oficializada\/"]}]},{"@type":"BreadcrumbList","@id":"https:\/\/dana.com.br\/canaldana\/2019\/11\/20\/bndes-so-avaliara-emprestimo-para-caoa-se-compra-da-ford-for-oficializada\/#breadcrumb","itemListElement":[{"@type":"ListItem","position":1,"name":"Home","item":"https:\/\/dana.com.br\/canaldana\/"},{"@type":"ListItem","position":2,"name":"Destaques","item":"https:\/\/dana.com.br\/canaldana\/destaques\/"},{"@type":"ListItem","position":3,"name":"BNDES s\u00f3 avaliar\u00e1 empr\u00e9stimo para Caoa se compra da Ford for oficializada"}]},{"@type":"WebSite","@id":"https:\/\/dana.com.br\/canaldana\/#website","url":"https:\/\/dana.com.br\/canaldana\/","name":"Canal Dana","description":"Informativo com as principais not\u00edcias da ind\u00fastria automotiva","potentialAction":[{"@type":"SearchAction","target":{"@type":"EntryPoint","urlTemplate":"https:\/\/dana.com.br\/canaldana\/?s={search_term_string}"},"query-input":{"@type":"PropertyValueSpecification","valueRequired":true,"valueName":"search_term_string"}}],"inLanguage":"pt-BR"},{"@type":"Person","@id":"https:\/\/dana.com.br\/canaldana\/#\/schema\/person\/3c21f22f56fcf3bc46b94bc60ea4fef6","name":"Canal Dana","image":{"@type":"ImageObject","inLanguage":"pt-BR","@id":"https:\/\/secure.gravatar.com\/avatar\/420aaf9278582877d9018637c6817617705899d2858d7572ef0fe59a6b6454b4?s=96&d=mm&r=g","url":"https:\/\/secure.gravatar.com\/avatar\/420aaf9278582877d9018637c6817617705899d2858d7572ef0fe59a6b6454b4?s=96&d=mm&r=g","contentUrl":"https:\/\/secure.gravatar.com\/avatar\/420aaf9278582877d9018637c6817617705899d2858d7572ef0fe59a6b6454b4?s=96&d=mm&r=g","caption":"Canal Dana"},"url":"https:\/\/dana.com.br\/canaldana\/author\/cdeditor\/"}]}},"_links":{"self":[{"href":"https:\/\/dana.com.br\/canaldana\/wp-json\/wp\/v2\/posts\/38759","targetHints":{"allow":["GET"]}}],"collection":[{"href":"https:\/\/dana.com.br\/canaldana\/wp-json\/wp\/v2\/posts"}],"about":[{"href":"https:\/\/dana.com.br\/canaldana\/wp-json\/wp\/v2\/types\/post"}],"author":[{"embeddable":true,"href":"https:\/\/dana.com.br\/canaldana\/wp-json\/wp\/v2\/users\/3"}],"replies":[{"embeddable":true,"href":"https:\/\/dana.com.br\/canaldana\/wp-json\/wp\/v2\/comments?post=38759"}],"version-history":[{"count":0,"href":"https:\/\/dana.com.br\/canaldana\/wp-json\/wp\/v2\/posts\/38759\/revisions"}],"wp:attachment":[{"href":"https:\/\/dana.com.br\/canaldana\/wp-json\/wp\/v2\/media?parent=38759"}],"wp:term":[{"taxonomy":"category","embeddable":true,"href":"https:\/\/dana.com.br\/canaldana\/wp-json\/wp\/v2\/categories?post=38759"},{"taxonomy":"post_tag","embeddable":true,"href":"https:\/\/dana.com.br\/canaldana\/wp-json\/wp\/v2\/tags?post=38759"}],"curies":[{"name":"wp","href":"https:\/\/api.w.org\/{rel}","templated":true}]}}