{"id":38673,"date":"2019-11-18T08:22:39","date_gmt":"2019-11-18T11:22:39","guid":{"rendered":"https:\/\/dana.com.br\/canaldana\/?p=38673"},"modified":"2019-11-18T08:22:39","modified_gmt":"2019-11-18T11:22:39","slug":"gm-diz-que-80-dos-onix-plus-no-recall-ja-foram-reparados","status":"publish","type":"post","link":"https:\/\/dana.com.br\/canaldana\/2019\/11\/18\/gm-diz-que-80-dos-onix-plus-no-recall-ja-foram-reparados\/","title":{"rendered":"GM diz que 80% dos Onix Plus no recall j\u00e1 foram reparados"},"content":{"rendered":"<p><em>AutoInd\u00fastria<\/em><\/p>\n<p>&nbsp;<\/p>\n<p>A General Motor emitiu comunicado no qual presta contas de que aproximadamente 80% dos Chevrolet Onix Plus envolvidos no recall para atualiza\u00e7\u00e3o do software do motor j\u00e1 foram reparados, al\u00e9m de 99% dos propriet\u00e1rios j\u00e1 terem sido contatados. Est\u00e3o envolvidos no processo mais de 19 mil unidades, das quais em torno de 7 mil entregues ao mercado.<\/p>\n<p>&nbsp;<\/p>\n<p>A convoca\u00e7\u00e3o ocorreu ap\u00f3s circular um v\u00eddeo na internet no qual o modelo \u00e9 consumido pelo fogo no Maranh\u00e3o. H\u00e1 tamb\u00e9m not\u00edcia de uma segunda unidade destru\u00edda pelas chamas no p\u00e1tio da f\u00e1brica de Gravata\u00ed (RS), onde o autom\u00f3vel \u00e9 produzido, embora em nota oficial a GM tenha garantido que, neste caso, o inc\u00eandio n\u00e3o tinha \u201crela\u00e7\u00e3o com o projeto do ve\u00edculo\u201d.<\/p>\n<p>&nbsp;<\/p>\n<p>No dia 8 de novembro, o Procon-SP notificou a fabricante para esclarecer o consumidor a respeito do defeito, os potenciais riscos, quando e como foi detectado o problema e os procedimentos adotados para repara\u00e7\u00e3o.<\/p>\n<p>&nbsp;<\/p>\n<p>Na ocasi\u00e3o, comunicado da montadora informou a identifica\u00e7\u00e3o de defeito na calibra\u00e7\u00e3o do m\u00f3dulo de controle do motor, que pode fazer com que ocorra aumento de press\u00e3o e temperatura na c\u00e2mara de combust\u00e3o. A condi\u00e7\u00e3o pode levar a quebra do bloco do motor e poss\u00edvel vazamento de \u00f3leo que, em contato com \u00e1rea quentes, iniciar inc\u00eandio. A nota ainda orientava os propriet\u00e1rios a agendar visita na rede de concession\u00e1ria a partir do dia 18 de novembro.<\/p>\n<p>&nbsp;<\/p>\n<p>Ao que parece, a companhia se antecipou ao recall, al\u00e9m de retomar as entregas do carro que, at\u00e9 ent\u00e3o, estavam suspensas. \u201cN\u00e3o s\u00f3 agimos com senso de urg\u00eancia ao saber do problema, como trabalhamos com nossa engenharia e com nossa rede de concession\u00e1rias para encontrar uma solu\u00e7\u00e3o e contatar os propriet\u00e1rios do modelo em tempo recorde\u201d, diz em nota Carlos Zarlenga, presidente da GM Am\u00e9rica do Sul.<\/p>\n<p>&nbsp;<\/p>\n<p>Segundo o dirigente, a engenharia e toda a rede foram mobilizadas para contatar os clientes, o que tornou poss\u00edvel atualizar 80% dos carros afetados e entrar em contato com praticamente todos os propriet\u00e1rios. \u201cN\u00e3o vamos parar de agir de maneira proativa at\u00e9 que absolutamente todos os carros estejam revisados. Este \u00e9 o nosso compromisso\u201d, refor\u00e7a Zarlenga.<\/p>\n<p>&nbsp;<\/p>\n<p>A empresa adianta que no pr\u00f3ximo fim de semana algumas concession\u00e1rias estar\u00e3o de portas abertas para atender ao recall. Para o processo, a empresa disp\u00f5e do telefone 0800 702 4200, do <a href=\"http:\/\/www.chevrolet.com.br\/servicos\/recall\" target=\"_blank\" rel=\"noopener noreferrer\">www.chevrolet.com.br\/servicos\/recall<\/a> e localizador de concession\u00e1rias <a href=\"http:\/\/www.chevrolet.com.br\/localizar-concessionaria\" target=\"_blank\" rel=\"noopener noreferrer\">www.chevrolet.com.br\/localizar-concessionaria<\/a>. (AutoInd\u00fastria)<\/p>\n","protected":false},"excerpt":{"rendered":"<p>AutoInd\u00fastria &nbsp; A General Motor emitiu comunicado no qual presta contas de que aproximadamente 80% dos Chevrolet Onix Plus envolvidos no recall para atualiza\u00e7\u00e3o do software do motor j\u00e1 foram reparados, al\u00e9m de 99% dos propriet\u00e1rios j\u00e1 terem sido contatados. Est\u00e3o envolvidos no processo mais de 19 mil unidades, das quais em torno de 7\u2026 <a class=\"readmore\" href=\"https:\/\/dana.com.br\/canaldana\/2019\/11\/18\/gm-diz-que-80-dos-onix-plus-no-recall-ja-foram-reparados\/\">Leia mais \u00bb<\/a><\/p>\n","protected":false},"author":3,"featured_media":0,"comment_status":"closed","ping_status":"closed","sticky":false,"template":"","format":"standard","meta":{"_acf_changed":false,"footnotes":""},"categories":[81],"tags":[],"class_list":["post-38673","post","type-post","status-publish","format-standard","hentry","category-recall"],"acf":[],"yoast_head":"<!-- This site is optimized with the Yoast SEO plugin v27.3 - https:\/\/yoast.com\/product\/yoast-seo-wordpress\/ -->\n<title>GM diz que 80% dos Onix Plus no recall j\u00e1 foram reparados - Canal Dana<\/title>\n<meta name=\"robots\" content=\"index, follow, max-snippet:-1, max-image-preview:large, max-video-preview:-1\" \/>\n<link rel=\"canonical\" href=\"https:\/\/dana.com.br\/canaldana\/2019\/11\/18\/gm-diz-que-80-dos-onix-plus-no-recall-ja-foram-reparados\/\" \/>\n<meta property=\"og:locale\" content=\"pt_BR\" \/>\n<meta property=\"og:type\" content=\"article\" \/>\n<meta property=\"og:title\" content=\"GM diz que 80% dos Onix Plus no recall j\u00e1 foram reparados - Canal Dana\" \/>\n<meta property=\"og:description\" content=\"AutoInd\u00fastria &nbsp; A General Motor emitiu comunicado no qual presta contas de que aproximadamente 80% dos Chevrolet Onix Plus envolvidos no recall para atualiza\u00e7\u00e3o do software do motor j\u00e1 foram reparados, al\u00e9m de 99% dos propriet\u00e1rios j\u00e1 terem sido contatados. Est\u00e3o envolvidos no processo mais de 19 mil unidades, das quais em torno de 7\u2026 Leia mais \u00bb\" \/>\n<meta property=\"og:url\" content=\"https:\/\/dana.com.br\/canaldana\/2019\/11\/18\/gm-diz-que-80-dos-onix-plus-no-recall-ja-foram-reparados\/\" \/>\n<meta property=\"og:site_name\" content=\"Canal Dana\" \/>\n<meta property=\"article:published_time\" content=\"2019-11-18T11:22:39+00:00\" \/>\n<meta name=\"author\" content=\"Canal Dana\" \/>\n<meta name=\"twitter:card\" content=\"summary_large_image\" \/>\n<meta name=\"twitter:label1\" content=\"Escrito por\" \/>\n\t<meta name=\"twitter:data1\" content=\"Canal Dana\" \/>\n\t<meta name=\"twitter:label2\" content=\"Est. tempo de leitura\" \/>\n\t<meta name=\"twitter:data2\" content=\"2 minutos\" \/>\n<script type=\"application\/ld+json\" class=\"yoast-schema-graph\">{\"@context\":\"https:\\\/\\\/schema.org\",\"@graph\":[{\"@type\":\"Article\",\"@id\":\"https:\\\/\\\/dana.com.br\\\/canaldana\\\/2019\\\/11\\\/18\\\/gm-diz-que-80-dos-onix-plus-no-recall-ja-foram-reparados\\\/#article\",\"isPartOf\":{\"@id\":\"https:\\\/\\\/dana.com.br\\\/canaldana\\\/2019\\\/11\\\/18\\\/gm-diz-que-80-dos-onix-plus-no-recall-ja-foram-reparados\\\/\"},\"author\":{\"name\":\"Canal Dana\",\"@id\":\"https:\\\/\\\/dana.com.br\\\/canaldana\\\/#\\\/schema\\\/person\\\/3c21f22f56fcf3bc46b94bc60ea4fef6\"},\"headline\":\"GM diz que 80% dos Onix Plus no recall j\u00e1 foram reparados\",\"datePublished\":\"2019-11-18T11:22:39+00:00\",\"mainEntityOfPage\":{\"@id\":\"https:\\\/\\\/dana.com.br\\\/canaldana\\\/2019\\\/11\\\/18\\\/gm-diz-que-80-dos-onix-plus-no-recall-ja-foram-reparados\\\/\"},\"wordCount\":455,\"articleSection\":[\"Recall\"],\"inLanguage\":\"pt-BR\"},{\"@type\":\"WebPage\",\"@id\":\"https:\\\/\\\/dana.com.br\\\/canaldana\\\/2019\\\/11\\\/18\\\/gm-diz-que-80-dos-onix-plus-no-recall-ja-foram-reparados\\\/\",\"url\":\"https:\\\/\\\/dana.com.br\\\/canaldana\\\/2019\\\/11\\\/18\\\/gm-diz-que-80-dos-onix-plus-no-recall-ja-foram-reparados\\\/\",\"name\":\"GM diz que 80% dos Onix Plus no recall j\u00e1 foram reparados - Canal Dana\",\"isPartOf\":{\"@id\":\"https:\\\/\\\/dana.com.br\\\/canaldana\\\/#website\"},\"datePublished\":\"2019-11-18T11:22:39+00:00\",\"author\":{\"@id\":\"https:\\\/\\\/dana.com.br\\\/canaldana\\\/#\\\/schema\\\/person\\\/3c21f22f56fcf3bc46b94bc60ea4fef6\"},\"breadcrumb\":{\"@id\":\"https:\\\/\\\/dana.com.br\\\/canaldana\\\/2019\\\/11\\\/18\\\/gm-diz-que-80-dos-onix-plus-no-recall-ja-foram-reparados\\\/#breadcrumb\"},\"inLanguage\":\"pt-BR\",\"potentialAction\":[{\"@type\":\"ReadAction\",\"target\":[\"https:\\\/\\\/dana.com.br\\\/canaldana\\\/2019\\\/11\\\/18\\\/gm-diz-que-80-dos-onix-plus-no-recall-ja-foram-reparados\\\/\"]}]},{\"@type\":\"BreadcrumbList\",\"@id\":\"https:\\\/\\\/dana.com.br\\\/canaldana\\\/2019\\\/11\\\/18\\\/gm-diz-que-80-dos-onix-plus-no-recall-ja-foram-reparados\\\/#breadcrumb\",\"itemListElement\":[{\"@type\":\"ListItem\",\"position\":1,\"name\":\"Home\",\"item\":\"https:\\\/\\\/dana.com.br\\\/canaldana\\\/\"},{\"@type\":\"ListItem\",\"position\":2,\"name\":\"Recall\",\"item\":\"https:\\\/\\\/dana.com.br\\\/canaldana\\\/recall\\\/\"},{\"@type\":\"ListItem\",\"position\":3,\"name\":\"GM diz que 80% dos Onix Plus no recall j\u00e1 foram reparados\"}]},{\"@type\":\"WebSite\",\"@id\":\"https:\\\/\\\/dana.com.br\\\/canaldana\\\/#website\",\"url\":\"https:\\\/\\\/dana.com.br\\\/canaldana\\\/\",\"name\":\"Canal Dana\",\"description\":\"Informativo com as principais not\u00edcias da ind\u00fastria automotiva\",\"potentialAction\":[{\"@type\":\"SearchAction\",\"target\":{\"@type\":\"EntryPoint\",\"urlTemplate\":\"https:\\\/\\\/dana.com.br\\\/canaldana\\\/?s={search_term_string}\"},\"query-input\":{\"@type\":\"PropertyValueSpecification\",\"valueRequired\":true,\"valueName\":\"search_term_string\"}}],\"inLanguage\":\"pt-BR\"},{\"@type\":\"Person\",\"@id\":\"https:\\\/\\\/dana.com.br\\\/canaldana\\\/#\\\/schema\\\/person\\\/3c21f22f56fcf3bc46b94bc60ea4fef6\",\"name\":\"Canal Dana\",\"image\":{\"@type\":\"ImageObject\",\"inLanguage\":\"pt-BR\",\"@id\":\"https:\\\/\\\/secure.gravatar.com\\\/avatar\\\/420aaf9278582877d9018637c6817617705899d2858d7572ef0fe59a6b6454b4?s=96&d=mm&r=g\",\"url\":\"https:\\\/\\\/secure.gravatar.com\\\/avatar\\\/420aaf9278582877d9018637c6817617705899d2858d7572ef0fe59a6b6454b4?s=96&d=mm&r=g\",\"contentUrl\":\"https:\\\/\\\/secure.gravatar.com\\\/avatar\\\/420aaf9278582877d9018637c6817617705899d2858d7572ef0fe59a6b6454b4?s=96&d=mm&r=g\",\"caption\":\"Canal Dana\"},\"url\":\"https:\\\/\\\/dana.com.br\\\/canaldana\\\/author\\\/cdeditor\\\/\"}]}<\/script>\n<!-- \/ Yoast SEO plugin. -->","yoast_head_json":{"title":"GM diz que 80% dos Onix Plus no recall j\u00e1 foram reparados - Canal Dana","robots":{"index":"index","follow":"follow","max-snippet":"max-snippet:-1","max-image-preview":"max-image-preview:large","max-video-preview":"max-video-preview:-1"},"canonical":"https:\/\/dana.com.br\/canaldana\/2019\/11\/18\/gm-diz-que-80-dos-onix-plus-no-recall-ja-foram-reparados\/","og_locale":"pt_BR","og_type":"article","og_title":"GM diz que 80% dos Onix Plus no recall j\u00e1 foram reparados - Canal Dana","og_description":"AutoInd\u00fastria &nbsp; A General Motor emitiu comunicado no qual presta contas de que aproximadamente 80% dos Chevrolet Onix Plus envolvidos no recall para atualiza\u00e7\u00e3o do software do motor j\u00e1 foram reparados, al\u00e9m de 99% dos propriet\u00e1rios j\u00e1 terem sido contatados. Est\u00e3o envolvidos no processo mais de 19 mil unidades, das quais em torno de 7\u2026 Leia mais \u00bb","og_url":"https:\/\/dana.com.br\/canaldana\/2019\/11\/18\/gm-diz-que-80-dos-onix-plus-no-recall-ja-foram-reparados\/","og_site_name":"Canal Dana","article_published_time":"2019-11-18T11:22:39+00:00","author":"Canal Dana","twitter_card":"summary_large_image","twitter_misc":{"Escrito por":"Canal Dana","Est. tempo de leitura":"2 minutos"},"schema":{"@context":"https:\/\/schema.org","@graph":[{"@type":"Article","@id":"https:\/\/dana.com.br\/canaldana\/2019\/11\/18\/gm-diz-que-80-dos-onix-plus-no-recall-ja-foram-reparados\/#article","isPartOf":{"@id":"https:\/\/dana.com.br\/canaldana\/2019\/11\/18\/gm-diz-que-80-dos-onix-plus-no-recall-ja-foram-reparados\/"},"author":{"name":"Canal Dana","@id":"https:\/\/dana.com.br\/canaldana\/#\/schema\/person\/3c21f22f56fcf3bc46b94bc60ea4fef6"},"headline":"GM diz que 80% dos Onix Plus no recall j\u00e1 foram reparados","datePublished":"2019-11-18T11:22:39+00:00","mainEntityOfPage":{"@id":"https:\/\/dana.com.br\/canaldana\/2019\/11\/18\/gm-diz-que-80-dos-onix-plus-no-recall-ja-foram-reparados\/"},"wordCount":455,"articleSection":["Recall"],"inLanguage":"pt-BR"},{"@type":"WebPage","@id":"https:\/\/dana.com.br\/canaldana\/2019\/11\/18\/gm-diz-que-80-dos-onix-plus-no-recall-ja-foram-reparados\/","url":"https:\/\/dana.com.br\/canaldana\/2019\/11\/18\/gm-diz-que-80-dos-onix-plus-no-recall-ja-foram-reparados\/","name":"GM diz que 80% dos Onix Plus no recall j\u00e1 foram reparados - Canal Dana","isPartOf":{"@id":"https:\/\/dana.com.br\/canaldana\/#website"},"datePublished":"2019-11-18T11:22:39+00:00","author":{"@id":"https:\/\/dana.com.br\/canaldana\/#\/schema\/person\/3c21f22f56fcf3bc46b94bc60ea4fef6"},"breadcrumb":{"@id":"https:\/\/dana.com.br\/canaldana\/2019\/11\/18\/gm-diz-que-80-dos-onix-plus-no-recall-ja-foram-reparados\/#breadcrumb"},"inLanguage":"pt-BR","potentialAction":[{"@type":"ReadAction","target":["https:\/\/dana.com.br\/canaldana\/2019\/11\/18\/gm-diz-que-80-dos-onix-plus-no-recall-ja-foram-reparados\/"]}]},{"@type":"BreadcrumbList","@id":"https:\/\/dana.com.br\/canaldana\/2019\/11\/18\/gm-diz-que-80-dos-onix-plus-no-recall-ja-foram-reparados\/#breadcrumb","itemListElement":[{"@type":"ListItem","position":1,"name":"Home","item":"https:\/\/dana.com.br\/canaldana\/"},{"@type":"ListItem","position":2,"name":"Recall","item":"https:\/\/dana.com.br\/canaldana\/recall\/"},{"@type":"ListItem","position":3,"name":"GM diz que 80% dos Onix Plus no recall j\u00e1 foram reparados"}]},{"@type":"WebSite","@id":"https:\/\/dana.com.br\/canaldana\/#website","url":"https:\/\/dana.com.br\/canaldana\/","name":"Canal Dana","description":"Informativo com as principais not\u00edcias da ind\u00fastria automotiva","potentialAction":[{"@type":"SearchAction","target":{"@type":"EntryPoint","urlTemplate":"https:\/\/dana.com.br\/canaldana\/?s={search_term_string}"},"query-input":{"@type":"PropertyValueSpecification","valueRequired":true,"valueName":"search_term_string"}}],"inLanguage":"pt-BR"},{"@type":"Person","@id":"https:\/\/dana.com.br\/canaldana\/#\/schema\/person\/3c21f22f56fcf3bc46b94bc60ea4fef6","name":"Canal Dana","image":{"@type":"ImageObject","inLanguage":"pt-BR","@id":"https:\/\/secure.gravatar.com\/avatar\/420aaf9278582877d9018637c6817617705899d2858d7572ef0fe59a6b6454b4?s=96&d=mm&r=g","url":"https:\/\/secure.gravatar.com\/avatar\/420aaf9278582877d9018637c6817617705899d2858d7572ef0fe59a6b6454b4?s=96&d=mm&r=g","contentUrl":"https:\/\/secure.gravatar.com\/avatar\/420aaf9278582877d9018637c6817617705899d2858d7572ef0fe59a6b6454b4?s=96&d=mm&r=g","caption":"Canal Dana"},"url":"https:\/\/dana.com.br\/canaldana\/author\/cdeditor\/"}]}},"_links":{"self":[{"href":"https:\/\/dana.com.br\/canaldana\/wp-json\/wp\/v2\/posts\/38673","targetHints":{"allow":["GET"]}}],"collection":[{"href":"https:\/\/dana.com.br\/canaldana\/wp-json\/wp\/v2\/posts"}],"about":[{"href":"https:\/\/dana.com.br\/canaldana\/wp-json\/wp\/v2\/types\/post"}],"author":[{"embeddable":true,"href":"https:\/\/dana.com.br\/canaldana\/wp-json\/wp\/v2\/users\/3"}],"replies":[{"embeddable":true,"href":"https:\/\/dana.com.br\/canaldana\/wp-json\/wp\/v2\/comments?post=38673"}],"version-history":[{"count":0,"href":"https:\/\/dana.com.br\/canaldana\/wp-json\/wp\/v2\/posts\/38673\/revisions"}],"wp:attachment":[{"href":"https:\/\/dana.com.br\/canaldana\/wp-json\/wp\/v2\/media?parent=38673"}],"wp:term":[{"taxonomy":"category","embeddable":true,"href":"https:\/\/dana.com.br\/canaldana\/wp-json\/wp\/v2\/categories?post=38673"},{"taxonomy":"post_tag","embeddable":true,"href":"https:\/\/dana.com.br\/canaldana\/wp-json\/wp\/v2\/tags?post=38673"}],"curies":[{"name":"wp","href":"https:\/\/api.w.org\/{rel}","templated":true}]}}