{"id":38662,"date":"2019-11-14T08:25:25","date_gmt":"2019-11-14T11:25:25","guid":{"rendered":"https:\/\/dana.com.br\/canaldana\/?p=38662"},"modified":"2019-11-14T08:25:25","modified_gmt":"2019-11-14T11:25:25","slug":"ministerio-publico-do-trabalho-entra-com-acao-contra-a-honda","status":"publish","type":"post","link":"https:\/\/dana.com.br\/canaldana\/2019\/11\/14\/ministerio-publico-do-trabalho-entra-com-acao-contra-a-honda\/","title":{"rendered":"Minist\u00e9rio P\u00fablico do Trabalho entra com a\u00e7\u00e3o contra a Honda"},"content":{"rendered":"<p><em>AutoInd\u00fastria<\/em><\/p>\n<p>&nbsp;<\/p>\n<p>O Minist\u00e9rio P\u00fablico do Trabalho (MPT) ajuizou a\u00e7\u00e3o civil p\u00fablica contra a Honda Autom\u00f3veis pedindo a condena\u00e7\u00e3o da montadora ao pagamento de R$ 66 milh\u00f5es por danos morais coletivos, descumprimento de dispositivos da lei trabalhista com rela\u00e7\u00e3o \u00e0 sa\u00fade, seguran\u00e7a do trabalho e tamb\u00e9m ass\u00e9dio organizacional na f\u00e1brica de Sumar\u00e9 (SP)<\/p>\n<p>&nbsp;<\/p>\n<p>O MPT diz que laudos periciais da institui\u00e7\u00e3o, depoimentos e provas documentais, e relat\u00f3rios produzidos por institui\u00e7\u00f5es como Fundacentro, Ger\u00eancia Regional do Trabalho (GRT) de Campinas, Centro de Refer\u00eancia em Sa\u00fade do Trabalhador (CEREST) de Campinas comprovam que empresa negligencia a sa\u00fade dos trabalhadores da planta em opera\u00e7\u00e3o desde 1997.<\/p>\n<p>&nbsp;<\/p>\n<p>Al\u00e9m da multa, os procuradores Nei Messias Vieira e Paulo Penteado Crestana pedem que a montadora tome 14 medidas para adequa\u00e7\u00e3o da ergonomia, acompanhamento da sa\u00fade dos empregados, preven\u00e7\u00e3o de riscos ocupacionais, adapta\u00e7\u00e3o e reabilita\u00e7\u00e3o de trabalhadores que se acidentaram ou contra\u00edram les\u00f5es dentro da f\u00e1brica.<\/p>\n<p>&nbsp;<\/p>\n<p>Exigem tamb\u00e9m a\u00e7\u00f5es que evitem \u201co ass\u00e9dio sofrido por adoecidos e integrantes da Comiss\u00e3o Interna de Preven\u00e7\u00e3o de Acidentes (CIPA), o que configura, segundo as provas obtidas, um ass\u00e9dio moral organizacional\u201d.<\/p>\n<p>&nbsp;<\/p>\n<p>Segundo constata\u00e7\u00f5es do CEREST Campinas, um dos aspectos que chamou mais aten\u00e7\u00e3o na montadora \u00e9 o ritmo muito acelerado de produ\u00e7\u00e3o. A institui\u00e7\u00e3o exemplifica que, \u201cem 2015, a quantidade de ve\u00edculos produzidos correspondeu a 123,3% da capacidade de produ\u00e7\u00e3o da empresa, conclus\u00e3o corroborada pelo takt time (intervalo de tempo de sa\u00edda de cada carro da produ\u00e7\u00e3o) m\u00e9dio de 84 segundos.<\/p>\n<p>&nbsp;<\/p>\n<p>\u201cConsiderando uma produ\u00e7\u00e3o de 270 ve\u00edculos por turno, seriam reservados 106,67 segundos para cada carro e restariam apenas 23 segundos de intervalo (micropausa) entre um ve\u00edculo e outro\u201d, calcula o \u00f3rg\u00e3o.<\/p>\n<p>&nbsp;<\/p>\n<p>J\u00e1 Fundacentro afirma que foi constatado que algumas tarefas de alguns setores precisam ser executadas fora da jornada de trabalho pelos funcion\u00e1rios. \u201dIsto chega a comprometer as pausas de descanso e refei\u00e7\u00e3o bem como prolonga informalmente a jornada\u201d, enfatiza o relat\u00f3rio da institui\u00e7\u00e3o.<\/p>\n<p>&nbsp;<\/p>\n<p>Procurada por AutoInd\u00fastria na manh\u00e3 desta quarta-feira (13), a Honda disse ainda avaliar a a\u00e7\u00e3o e que se manifestar\u00e1 brevemente. (AutoInd\u00fastria)<\/p>\n","protected":false},"excerpt":{"rendered":"<p>AutoInd\u00fastria &nbsp; O Minist\u00e9rio P\u00fablico do Trabalho (MPT) ajuizou a\u00e7\u00e3o civil p\u00fablica contra a Honda Autom\u00f3veis pedindo a condena\u00e7\u00e3o da montadora ao pagamento de R$ 66 milh\u00f5es por danos morais coletivos, descumprimento de dispositivos da lei trabalhista com rela\u00e7\u00e3o \u00e0 sa\u00fade, seguran\u00e7a do trabalho e tamb\u00e9m ass\u00e9dio organizacional na f\u00e1brica de Sumar\u00e9 (SP) &nbsp; O\u2026 <a class=\"readmore\" href=\"https:\/\/dana.com.br\/canaldana\/2019\/11\/14\/ministerio-publico-do-trabalho-entra-com-acao-contra-a-honda\/\">Leia mais \u00bb<\/a><\/p>\n","protected":false},"author":3,"featured_media":0,"comment_status":"closed","ping_status":"closed","sticky":false,"template":"","format":"standard","meta":{"_acf_changed":false,"footnotes":""},"categories":[61],"tags":[],"class_list":["post-38662","post","type-post","status-publish","format-standard","hentry","category-destaques"],"acf":[],"yoast_head":"<!-- This site is optimized with the Yoast SEO plugin v27.5 - https:\/\/yoast.com\/product\/yoast-seo-wordpress\/ -->\n<title>Minist\u00e9rio P\u00fablico do Trabalho entra com a\u00e7\u00e3o contra a Honda - Canal Dana<\/title>\n<meta name=\"robots\" content=\"index, follow, max-snippet:-1, max-image-preview:large, max-video-preview:-1\" \/>\n<link rel=\"canonical\" href=\"https:\/\/dana.com.br\/canaldana\/2019\/11\/14\/ministerio-publico-do-trabalho-entra-com-acao-contra-a-honda\/\" \/>\n<meta property=\"og:locale\" content=\"pt_BR\" \/>\n<meta property=\"og:type\" content=\"article\" \/>\n<meta property=\"og:title\" content=\"Minist\u00e9rio P\u00fablico do Trabalho entra com a\u00e7\u00e3o contra a Honda - Canal Dana\" \/>\n<meta property=\"og:description\" content=\"AutoInd\u00fastria &nbsp; O Minist\u00e9rio P\u00fablico do Trabalho (MPT) ajuizou a\u00e7\u00e3o civil p\u00fablica contra a Honda Autom\u00f3veis pedindo a condena\u00e7\u00e3o da montadora ao pagamento de R$ 66 milh\u00f5es por danos morais coletivos, descumprimento de dispositivos da lei trabalhista com rela\u00e7\u00e3o \u00e0 sa\u00fade, seguran\u00e7a do trabalho e tamb\u00e9m ass\u00e9dio organizacional na f\u00e1brica de Sumar\u00e9 (SP) &nbsp; O\u2026 Leia mais \u00bb\" \/>\n<meta property=\"og:url\" content=\"https:\/\/dana.com.br\/canaldana\/2019\/11\/14\/ministerio-publico-do-trabalho-entra-com-acao-contra-a-honda\/\" \/>\n<meta property=\"og:site_name\" content=\"Canal Dana\" \/>\n<meta property=\"article:published_time\" content=\"2019-11-14T11:25:25+00:00\" \/>\n<meta name=\"author\" content=\"Canal Dana\" \/>\n<meta name=\"twitter:card\" content=\"summary_large_image\" \/>\n<meta name=\"twitter:label1\" content=\"Escrito por\" \/>\n\t<meta name=\"twitter:data1\" content=\"Canal Dana\" \/>\n\t<meta name=\"twitter:label2\" content=\"Est. tempo de leitura\" \/>\n\t<meta name=\"twitter:data2\" content=\"2 minutos\" \/>\n<script type=\"application\/ld+json\" class=\"yoast-schema-graph\">{\"@context\":\"https:\\\/\\\/schema.org\",\"@graph\":[{\"@type\":\"Article\",\"@id\":\"https:\\\/\\\/dana.com.br\\\/canaldana\\\/2019\\\/11\\\/14\\\/ministerio-publico-do-trabalho-entra-com-acao-contra-a-honda\\\/#article\",\"isPartOf\":{\"@id\":\"https:\\\/\\\/dana.com.br\\\/canaldana\\\/2019\\\/11\\\/14\\\/ministerio-publico-do-trabalho-entra-com-acao-contra-a-honda\\\/\"},\"author\":{\"name\":\"Canal Dana\",\"@id\":\"https:\\\/\\\/dana.com.br\\\/canaldana\\\/#\\\/schema\\\/person\\\/3c21f22f56fcf3bc46b94bc60ea4fef6\"},\"headline\":\"Minist\u00e9rio P\u00fablico do Trabalho entra com a\u00e7\u00e3o contra a Honda\",\"datePublished\":\"2019-11-14T11:25:25+00:00\",\"mainEntityOfPage\":{\"@id\":\"https:\\\/\\\/dana.com.br\\\/canaldana\\\/2019\\\/11\\\/14\\\/ministerio-publico-do-trabalho-entra-com-acao-contra-a-honda\\\/\"},\"wordCount\":401,\"articleSection\":[\"Destaques\"],\"inLanguage\":\"pt-BR\"},{\"@type\":\"WebPage\",\"@id\":\"https:\\\/\\\/dana.com.br\\\/canaldana\\\/2019\\\/11\\\/14\\\/ministerio-publico-do-trabalho-entra-com-acao-contra-a-honda\\\/\",\"url\":\"https:\\\/\\\/dana.com.br\\\/canaldana\\\/2019\\\/11\\\/14\\\/ministerio-publico-do-trabalho-entra-com-acao-contra-a-honda\\\/\",\"name\":\"Minist\u00e9rio P\u00fablico do Trabalho entra com a\u00e7\u00e3o contra a Honda - Canal Dana\",\"isPartOf\":{\"@id\":\"https:\\\/\\\/dana.com.br\\\/canaldana\\\/#website\"},\"datePublished\":\"2019-11-14T11:25:25+00:00\",\"author\":{\"@id\":\"https:\\\/\\\/dana.com.br\\\/canaldana\\\/#\\\/schema\\\/person\\\/3c21f22f56fcf3bc46b94bc60ea4fef6\"},\"breadcrumb\":{\"@id\":\"https:\\\/\\\/dana.com.br\\\/canaldana\\\/2019\\\/11\\\/14\\\/ministerio-publico-do-trabalho-entra-com-acao-contra-a-honda\\\/#breadcrumb\"},\"inLanguage\":\"pt-BR\",\"potentialAction\":[{\"@type\":\"ReadAction\",\"target\":[\"https:\\\/\\\/dana.com.br\\\/canaldana\\\/2019\\\/11\\\/14\\\/ministerio-publico-do-trabalho-entra-com-acao-contra-a-honda\\\/\"]}]},{\"@type\":\"BreadcrumbList\",\"@id\":\"https:\\\/\\\/dana.com.br\\\/canaldana\\\/2019\\\/11\\\/14\\\/ministerio-publico-do-trabalho-entra-com-acao-contra-a-honda\\\/#breadcrumb\",\"itemListElement\":[{\"@type\":\"ListItem\",\"position\":1,\"name\":\"Home\",\"item\":\"https:\\\/\\\/dana.com.br\\\/canaldana\\\/\"},{\"@type\":\"ListItem\",\"position\":2,\"name\":\"Destaques\",\"item\":\"https:\\\/\\\/dana.com.br\\\/canaldana\\\/destaques\\\/\"},{\"@type\":\"ListItem\",\"position\":3,\"name\":\"Minist\u00e9rio P\u00fablico do Trabalho entra com a\u00e7\u00e3o contra a Honda\"}]},{\"@type\":\"WebSite\",\"@id\":\"https:\\\/\\\/dana.com.br\\\/canaldana\\\/#website\",\"url\":\"https:\\\/\\\/dana.com.br\\\/canaldana\\\/\",\"name\":\"Canal Dana\",\"description\":\"Informativo com as principais not\u00edcias da ind\u00fastria automotiva\",\"potentialAction\":[{\"@type\":\"SearchAction\",\"target\":{\"@type\":\"EntryPoint\",\"urlTemplate\":\"https:\\\/\\\/dana.com.br\\\/canaldana\\\/?s={search_term_string}\"},\"query-input\":{\"@type\":\"PropertyValueSpecification\",\"valueRequired\":true,\"valueName\":\"search_term_string\"}}],\"inLanguage\":\"pt-BR\"},{\"@type\":\"Person\",\"@id\":\"https:\\\/\\\/dana.com.br\\\/canaldana\\\/#\\\/schema\\\/person\\\/3c21f22f56fcf3bc46b94bc60ea4fef6\",\"name\":\"Canal Dana\",\"image\":{\"@type\":\"ImageObject\",\"inLanguage\":\"pt-BR\",\"@id\":\"https:\\\/\\\/secure.gravatar.com\\\/avatar\\\/420aaf9278582877d9018637c6817617705899d2858d7572ef0fe59a6b6454b4?s=96&d=mm&r=g\",\"url\":\"https:\\\/\\\/secure.gravatar.com\\\/avatar\\\/420aaf9278582877d9018637c6817617705899d2858d7572ef0fe59a6b6454b4?s=96&d=mm&r=g\",\"contentUrl\":\"https:\\\/\\\/secure.gravatar.com\\\/avatar\\\/420aaf9278582877d9018637c6817617705899d2858d7572ef0fe59a6b6454b4?s=96&d=mm&r=g\",\"caption\":\"Canal Dana\"},\"url\":\"https:\\\/\\\/dana.com.br\\\/canaldana\\\/author\\\/cdeditor\\\/\"}]}<\/script>\n<!-- \/ Yoast SEO plugin. -->","yoast_head_json":{"title":"Minist\u00e9rio P\u00fablico do Trabalho entra com a\u00e7\u00e3o contra a Honda - Canal Dana","robots":{"index":"index","follow":"follow","max-snippet":"max-snippet:-1","max-image-preview":"max-image-preview:large","max-video-preview":"max-video-preview:-1"},"canonical":"https:\/\/dana.com.br\/canaldana\/2019\/11\/14\/ministerio-publico-do-trabalho-entra-com-acao-contra-a-honda\/","og_locale":"pt_BR","og_type":"article","og_title":"Minist\u00e9rio P\u00fablico do Trabalho entra com a\u00e7\u00e3o contra a Honda - Canal Dana","og_description":"AutoInd\u00fastria &nbsp; O Minist\u00e9rio P\u00fablico do Trabalho (MPT) ajuizou a\u00e7\u00e3o civil p\u00fablica contra a Honda Autom\u00f3veis pedindo a condena\u00e7\u00e3o da montadora ao pagamento de R$ 66 milh\u00f5es por danos morais coletivos, descumprimento de dispositivos da lei trabalhista com rela\u00e7\u00e3o \u00e0 sa\u00fade, seguran\u00e7a do trabalho e tamb\u00e9m ass\u00e9dio organizacional na f\u00e1brica de Sumar\u00e9 (SP) &nbsp; O\u2026 Leia mais \u00bb","og_url":"https:\/\/dana.com.br\/canaldana\/2019\/11\/14\/ministerio-publico-do-trabalho-entra-com-acao-contra-a-honda\/","og_site_name":"Canal Dana","article_published_time":"2019-11-14T11:25:25+00:00","author":"Canal Dana","twitter_card":"summary_large_image","twitter_misc":{"Escrito por":"Canal Dana","Est. tempo de leitura":"2 minutos"},"schema":{"@context":"https:\/\/schema.org","@graph":[{"@type":"Article","@id":"https:\/\/dana.com.br\/canaldana\/2019\/11\/14\/ministerio-publico-do-trabalho-entra-com-acao-contra-a-honda\/#article","isPartOf":{"@id":"https:\/\/dana.com.br\/canaldana\/2019\/11\/14\/ministerio-publico-do-trabalho-entra-com-acao-contra-a-honda\/"},"author":{"name":"Canal Dana","@id":"https:\/\/dana.com.br\/canaldana\/#\/schema\/person\/3c21f22f56fcf3bc46b94bc60ea4fef6"},"headline":"Minist\u00e9rio P\u00fablico do Trabalho entra com a\u00e7\u00e3o contra a Honda","datePublished":"2019-11-14T11:25:25+00:00","mainEntityOfPage":{"@id":"https:\/\/dana.com.br\/canaldana\/2019\/11\/14\/ministerio-publico-do-trabalho-entra-com-acao-contra-a-honda\/"},"wordCount":401,"articleSection":["Destaques"],"inLanguage":"pt-BR"},{"@type":"WebPage","@id":"https:\/\/dana.com.br\/canaldana\/2019\/11\/14\/ministerio-publico-do-trabalho-entra-com-acao-contra-a-honda\/","url":"https:\/\/dana.com.br\/canaldana\/2019\/11\/14\/ministerio-publico-do-trabalho-entra-com-acao-contra-a-honda\/","name":"Minist\u00e9rio P\u00fablico do Trabalho entra com a\u00e7\u00e3o contra a Honda - Canal Dana","isPartOf":{"@id":"https:\/\/dana.com.br\/canaldana\/#website"},"datePublished":"2019-11-14T11:25:25+00:00","author":{"@id":"https:\/\/dana.com.br\/canaldana\/#\/schema\/person\/3c21f22f56fcf3bc46b94bc60ea4fef6"},"breadcrumb":{"@id":"https:\/\/dana.com.br\/canaldana\/2019\/11\/14\/ministerio-publico-do-trabalho-entra-com-acao-contra-a-honda\/#breadcrumb"},"inLanguage":"pt-BR","potentialAction":[{"@type":"ReadAction","target":["https:\/\/dana.com.br\/canaldana\/2019\/11\/14\/ministerio-publico-do-trabalho-entra-com-acao-contra-a-honda\/"]}]},{"@type":"BreadcrumbList","@id":"https:\/\/dana.com.br\/canaldana\/2019\/11\/14\/ministerio-publico-do-trabalho-entra-com-acao-contra-a-honda\/#breadcrumb","itemListElement":[{"@type":"ListItem","position":1,"name":"Home","item":"https:\/\/dana.com.br\/canaldana\/"},{"@type":"ListItem","position":2,"name":"Destaques","item":"https:\/\/dana.com.br\/canaldana\/destaques\/"},{"@type":"ListItem","position":3,"name":"Minist\u00e9rio P\u00fablico do Trabalho entra com a\u00e7\u00e3o contra a Honda"}]},{"@type":"WebSite","@id":"https:\/\/dana.com.br\/canaldana\/#website","url":"https:\/\/dana.com.br\/canaldana\/","name":"Canal Dana","description":"Informativo com as principais not\u00edcias da ind\u00fastria automotiva","potentialAction":[{"@type":"SearchAction","target":{"@type":"EntryPoint","urlTemplate":"https:\/\/dana.com.br\/canaldana\/?s={search_term_string}"},"query-input":{"@type":"PropertyValueSpecification","valueRequired":true,"valueName":"search_term_string"}}],"inLanguage":"pt-BR"},{"@type":"Person","@id":"https:\/\/dana.com.br\/canaldana\/#\/schema\/person\/3c21f22f56fcf3bc46b94bc60ea4fef6","name":"Canal Dana","image":{"@type":"ImageObject","inLanguage":"pt-BR","@id":"https:\/\/secure.gravatar.com\/avatar\/420aaf9278582877d9018637c6817617705899d2858d7572ef0fe59a6b6454b4?s=96&d=mm&r=g","url":"https:\/\/secure.gravatar.com\/avatar\/420aaf9278582877d9018637c6817617705899d2858d7572ef0fe59a6b6454b4?s=96&d=mm&r=g","contentUrl":"https:\/\/secure.gravatar.com\/avatar\/420aaf9278582877d9018637c6817617705899d2858d7572ef0fe59a6b6454b4?s=96&d=mm&r=g","caption":"Canal Dana"},"url":"https:\/\/dana.com.br\/canaldana\/author\/cdeditor\/"}]}},"_links":{"self":[{"href":"https:\/\/dana.com.br\/canaldana\/wp-json\/wp\/v2\/posts\/38662","targetHints":{"allow":["GET"]}}],"collection":[{"href":"https:\/\/dana.com.br\/canaldana\/wp-json\/wp\/v2\/posts"}],"about":[{"href":"https:\/\/dana.com.br\/canaldana\/wp-json\/wp\/v2\/types\/post"}],"author":[{"embeddable":true,"href":"https:\/\/dana.com.br\/canaldana\/wp-json\/wp\/v2\/users\/3"}],"replies":[{"embeddable":true,"href":"https:\/\/dana.com.br\/canaldana\/wp-json\/wp\/v2\/comments?post=38662"}],"version-history":[{"count":0,"href":"https:\/\/dana.com.br\/canaldana\/wp-json\/wp\/v2\/posts\/38662\/revisions"}],"wp:attachment":[{"href":"https:\/\/dana.com.br\/canaldana\/wp-json\/wp\/v2\/media?parent=38662"}],"wp:term":[{"taxonomy":"category","embeddable":true,"href":"https:\/\/dana.com.br\/canaldana\/wp-json\/wp\/v2\/categories?post=38662"},{"taxonomy":"post_tag","embeddable":true,"href":"https:\/\/dana.com.br\/canaldana\/wp-json\/wp\/v2\/tags?post=38662"}],"curies":[{"name":"wp","href":"https:\/\/api.w.org\/{rel}","templated":true}]}}