{"id":38580,"date":"2019-11-12T08:16:25","date_gmt":"2019-11-12T11:16:25","guid":{"rendered":"https:\/\/dana.com.br\/canaldana\/?p=38580"},"modified":"2019-11-12T08:16:25","modified_gmt":"2019-11-12T11:16:25","slug":"seguro-dpvat-sera-extinto-em-2020","status":"publish","type":"post","link":"https:\/\/dana.com.br\/canaldana\/2019\/11\/12\/seguro-dpvat-sera-extinto-em-2020\/","title":{"rendered":"Seguro DPVAT ser\u00e1 extinto em 2020"},"content":{"rendered":"<p><em>O Estado de S. Paulo<\/em><\/p>\n<p>&nbsp;<\/p>\n<p>O presidente Jair Bolsonaro assinou ontem medida provis\u00f3ria que extingue, a partir de 1.\u00ba de janeiro, o Seguro Obrigat\u00f3rio de Danos Pessoais Causados por Ve\u00edculos Automotores de Via Terrestre, ou por sua carga, a pessoas transportadas ou n\u00e3o (DPVAT). Segundo o Planalto, a MP tem potencial de evitar fraudes no DPVAT. Tamb\u00e9m visa a amenizar os elevados custos de supervis\u00e3o e de regula\u00e7\u00e3o do seguro.<\/p>\n<p>&nbsp;<\/p>\n<p>A edi\u00e7\u00e3o do texto, segundo o governo, seguiria recomenda\u00e7\u00f5es do Tribunal de Contas da Uni\u00e3o \u00e0 Superintend\u00eancia de Seguros Privados (Susep). Para o Planalto, a medida n\u00e3o desampara cidad\u00e3os em caso de acidente, pois despesas m\u00e9dicas j\u00e1 seriam cobertas por meio do Sistema \u00danico de Sa\u00fade (SUS).<\/p>\n<p>&nbsp;<\/p>\n<p>Al\u00e9m disso, argumentou o governo, segurados do INSS t\u00eam cobertura de outros aux\u00edlios, como aposentadoria por invalidez e aux\u00edlio-doen\u00e7a. \u201cE, mesmo para aqueles que n\u00e3o s\u00e3o segurados do INSS, o governo federal j\u00e1 oferece o Benef\u00edcio de Presta\u00e7\u00e3o Continuada.\u201d<\/p>\n<p>&nbsp;<\/p>\n<p>A assinatura da MP foi feita em evento no Pal\u00e1cio do Planalto para lan\u00e7ar um programa que busca estimular a contrata\u00e7\u00e3o de jovens. A extin\u00e7\u00e3o dos seguros, por\u00e9m, n\u00e3o tem rela\u00e7\u00e3o com o programa.<\/p>\n<p>&nbsp;<\/p>\n<p>Os acidentes registrados at\u00e9 31 de dezembro de 2019 ainda continuam cobertos pelo DPVAT. A atual gestora do DPVAT, a Seguradora L\u00edder, continuar\u00e1 at\u00e9 o fim de 2025 respons\u00e1vel pelos procedimentos de cobertura desses sinistros. Ap\u00f3s 31 de dezembro de 2025, a Uni\u00e3o suceder\u00e1 a Seguradora L\u00edder nos direitos e nas obriga\u00e7\u00f5es envolvendo o DPVAT. O valor total contabilizado no Cons\u00f3rcio do DPVAT \u00e9 de cerca de R$ 8,9 bilh\u00f5es, sendo que o valor estimado para cobrir as obriga\u00e7\u00f5es efetivas do DPVAT at\u00e9 o fim de 2025 \u00e9 de aproximadamente R$ 4,2 bilh\u00f5es.<\/p>\n<p>&nbsp;<\/p>\n<p>O valor restante, cerca de R$ 4,7 bilh\u00f5es ser\u00e1 destinado, em um primeiro momento, \u00e0 Conta \u00danica do Tesouro Nacional, sob a supervis\u00e3o da Susep, em tr\u00eas parcelas anuais de R$ 1,2 bilh\u00e3o. \u201cCaso a Susep verifique que a Seguradora L\u00edder n\u00e3o esteja atendendo aos interesses p\u00fablicos na defesa dos recursos remanescentes, essa autarquia dever\u00e1 transferir a descontinua\u00e7\u00e3o do Seguro DPVAT para outra entidade administradora\u201d, informou o governo.<\/p>\n<p>&nbsp;<\/p>\n<p><strong>DPEM<\/strong><\/p>\n<p>&nbsp;<\/p>\n<p>O Seguro de Danos Pessoais causados por embarca\u00e7\u00f5es, ou por sua carga, a pessoas transportadas ou n\u00e3o (DPEM), tamb\u00e9m foi extinto. Mas est\u00e1 inoperante desde 2016. (O Estado de S. Paulo\/Mateus Vargas)<\/p>\n","protected":false},"excerpt":{"rendered":"<p>O Estado de S. Paulo &nbsp; O presidente Jair Bolsonaro assinou ontem medida provis\u00f3ria que extingue, a partir de 1.\u00ba de janeiro, o Seguro Obrigat\u00f3rio de Danos Pessoais Causados por Ve\u00edculos Automotores de Via Terrestre, ou por sua carga, a pessoas transportadas ou n\u00e3o (DPVAT). Segundo o Planalto, a MP tem potencial de evitar fraudes\u2026 <a class=\"readmore\" href=\"https:\/\/dana.com.br\/canaldana\/2019\/11\/12\/seguro-dpvat-sera-extinto-em-2020\/\">Leia mais \u00bb<\/a><\/p>\n","protected":false},"author":3,"featured_media":0,"comment_status":"closed","ping_status":"closed","sticky":false,"template":"","format":"standard","meta":{"_acf_changed":false,"footnotes":""},"categories":[79],"tags":[],"class_list":["post-38580","post","type-post","status-publish","format-standard","hentry","category-mercado"],"acf":[],"yoast_head":"<!-- This site is optimized with the Yoast SEO plugin v27.5 - https:\/\/yoast.com\/product\/yoast-seo-wordpress\/ -->\n<title>Seguro DPVAT ser\u00e1 extinto em 2020 - Canal Dana<\/title>\n<meta name=\"robots\" content=\"index, follow, max-snippet:-1, max-image-preview:large, max-video-preview:-1\" \/>\n<link rel=\"canonical\" href=\"https:\/\/dana.com.br\/canaldana\/2019\/11\/12\/seguro-dpvat-sera-extinto-em-2020\/\" \/>\n<meta property=\"og:locale\" content=\"pt_BR\" \/>\n<meta property=\"og:type\" content=\"article\" \/>\n<meta property=\"og:title\" content=\"Seguro DPVAT ser\u00e1 extinto em 2020 - Canal Dana\" \/>\n<meta property=\"og:description\" content=\"O Estado de S. Paulo &nbsp; O presidente Jair Bolsonaro assinou ontem medida provis\u00f3ria que extingue, a partir de 1.\u00ba de janeiro, o Seguro Obrigat\u00f3rio de Danos Pessoais Causados por Ve\u00edculos Automotores de Via Terrestre, ou por sua carga, a pessoas transportadas ou n\u00e3o (DPVAT). Segundo o Planalto, a MP tem potencial de evitar fraudes\u2026 Leia mais \u00bb\" \/>\n<meta property=\"og:url\" content=\"https:\/\/dana.com.br\/canaldana\/2019\/11\/12\/seguro-dpvat-sera-extinto-em-2020\/\" \/>\n<meta property=\"og:site_name\" content=\"Canal Dana\" \/>\n<meta property=\"article:published_time\" content=\"2019-11-12T11:16:25+00:00\" \/>\n<meta name=\"author\" content=\"Canal Dana\" \/>\n<meta name=\"twitter:card\" content=\"summary_large_image\" \/>\n<meta name=\"twitter:label1\" content=\"Escrito por\" \/>\n\t<meta name=\"twitter:data1\" content=\"Canal Dana\" \/>\n\t<meta name=\"twitter:label2\" content=\"Est. tempo de leitura\" \/>\n\t<meta name=\"twitter:data2\" content=\"2 minutos\" \/>\n<script type=\"application\/ld+json\" class=\"yoast-schema-graph\">{\"@context\":\"https:\\\/\\\/schema.org\",\"@graph\":[{\"@type\":\"Article\",\"@id\":\"https:\\\/\\\/dana.com.br\\\/canaldana\\\/2019\\\/11\\\/12\\\/seguro-dpvat-sera-extinto-em-2020\\\/#article\",\"isPartOf\":{\"@id\":\"https:\\\/\\\/dana.com.br\\\/canaldana\\\/2019\\\/11\\\/12\\\/seguro-dpvat-sera-extinto-em-2020\\\/\"},\"author\":{\"name\":\"Canal Dana\",\"@id\":\"https:\\\/\\\/dana.com.br\\\/canaldana\\\/#\\\/schema\\\/person\\\/3c21f22f56fcf3bc46b94bc60ea4fef6\"},\"headline\":\"Seguro DPVAT ser\u00e1 extinto em 2020\",\"datePublished\":\"2019-11-12T11:16:25+00:00\",\"mainEntityOfPage\":{\"@id\":\"https:\\\/\\\/dana.com.br\\\/canaldana\\\/2019\\\/11\\\/12\\\/seguro-dpvat-sera-extinto-em-2020\\\/\"},\"wordCount\":434,\"articleSection\":[\"Mercado\"],\"inLanguage\":\"pt-BR\"},{\"@type\":\"WebPage\",\"@id\":\"https:\\\/\\\/dana.com.br\\\/canaldana\\\/2019\\\/11\\\/12\\\/seguro-dpvat-sera-extinto-em-2020\\\/\",\"url\":\"https:\\\/\\\/dana.com.br\\\/canaldana\\\/2019\\\/11\\\/12\\\/seguro-dpvat-sera-extinto-em-2020\\\/\",\"name\":\"Seguro DPVAT ser\u00e1 extinto em 2020 - Canal Dana\",\"isPartOf\":{\"@id\":\"https:\\\/\\\/dana.com.br\\\/canaldana\\\/#website\"},\"datePublished\":\"2019-11-12T11:16:25+00:00\",\"author\":{\"@id\":\"https:\\\/\\\/dana.com.br\\\/canaldana\\\/#\\\/schema\\\/person\\\/3c21f22f56fcf3bc46b94bc60ea4fef6\"},\"breadcrumb\":{\"@id\":\"https:\\\/\\\/dana.com.br\\\/canaldana\\\/2019\\\/11\\\/12\\\/seguro-dpvat-sera-extinto-em-2020\\\/#breadcrumb\"},\"inLanguage\":\"pt-BR\",\"potentialAction\":[{\"@type\":\"ReadAction\",\"target\":[\"https:\\\/\\\/dana.com.br\\\/canaldana\\\/2019\\\/11\\\/12\\\/seguro-dpvat-sera-extinto-em-2020\\\/\"]}]},{\"@type\":\"BreadcrumbList\",\"@id\":\"https:\\\/\\\/dana.com.br\\\/canaldana\\\/2019\\\/11\\\/12\\\/seguro-dpvat-sera-extinto-em-2020\\\/#breadcrumb\",\"itemListElement\":[{\"@type\":\"ListItem\",\"position\":1,\"name\":\"Home\",\"item\":\"https:\\\/\\\/dana.com.br\\\/canaldana\\\/\"},{\"@type\":\"ListItem\",\"position\":2,\"name\":\"Mercado\",\"item\":\"https:\\\/\\\/dana.com.br\\\/canaldana\\\/mercado\\\/\"},{\"@type\":\"ListItem\",\"position\":3,\"name\":\"Seguro DPVAT ser\u00e1 extinto em 2020\"}]},{\"@type\":\"WebSite\",\"@id\":\"https:\\\/\\\/dana.com.br\\\/canaldana\\\/#website\",\"url\":\"https:\\\/\\\/dana.com.br\\\/canaldana\\\/\",\"name\":\"Canal Dana\",\"description\":\"Informativo com as principais not\u00edcias da ind\u00fastria automotiva\",\"potentialAction\":[{\"@type\":\"SearchAction\",\"target\":{\"@type\":\"EntryPoint\",\"urlTemplate\":\"https:\\\/\\\/dana.com.br\\\/canaldana\\\/?s={search_term_string}\"},\"query-input\":{\"@type\":\"PropertyValueSpecification\",\"valueRequired\":true,\"valueName\":\"search_term_string\"}}],\"inLanguage\":\"pt-BR\"},{\"@type\":\"Person\",\"@id\":\"https:\\\/\\\/dana.com.br\\\/canaldana\\\/#\\\/schema\\\/person\\\/3c21f22f56fcf3bc46b94bc60ea4fef6\",\"name\":\"Canal Dana\",\"image\":{\"@type\":\"ImageObject\",\"inLanguage\":\"pt-BR\",\"@id\":\"https:\\\/\\\/secure.gravatar.com\\\/avatar\\\/420aaf9278582877d9018637c6817617705899d2858d7572ef0fe59a6b6454b4?s=96&d=mm&r=g\",\"url\":\"https:\\\/\\\/secure.gravatar.com\\\/avatar\\\/420aaf9278582877d9018637c6817617705899d2858d7572ef0fe59a6b6454b4?s=96&d=mm&r=g\",\"contentUrl\":\"https:\\\/\\\/secure.gravatar.com\\\/avatar\\\/420aaf9278582877d9018637c6817617705899d2858d7572ef0fe59a6b6454b4?s=96&d=mm&r=g\",\"caption\":\"Canal Dana\"},\"url\":\"https:\\\/\\\/dana.com.br\\\/canaldana\\\/author\\\/cdeditor\\\/\"}]}<\/script>\n<!-- \/ Yoast SEO plugin. -->","yoast_head_json":{"title":"Seguro DPVAT ser\u00e1 extinto em 2020 - Canal Dana","robots":{"index":"index","follow":"follow","max-snippet":"max-snippet:-1","max-image-preview":"max-image-preview:large","max-video-preview":"max-video-preview:-1"},"canonical":"https:\/\/dana.com.br\/canaldana\/2019\/11\/12\/seguro-dpvat-sera-extinto-em-2020\/","og_locale":"pt_BR","og_type":"article","og_title":"Seguro DPVAT ser\u00e1 extinto em 2020 - Canal Dana","og_description":"O Estado de S. Paulo &nbsp; O presidente Jair Bolsonaro assinou ontem medida provis\u00f3ria que extingue, a partir de 1.\u00ba de janeiro, o Seguro Obrigat\u00f3rio de Danos Pessoais Causados por Ve\u00edculos Automotores de Via Terrestre, ou por sua carga, a pessoas transportadas ou n\u00e3o (DPVAT). Segundo o Planalto, a MP tem potencial de evitar fraudes\u2026 Leia mais \u00bb","og_url":"https:\/\/dana.com.br\/canaldana\/2019\/11\/12\/seguro-dpvat-sera-extinto-em-2020\/","og_site_name":"Canal Dana","article_published_time":"2019-11-12T11:16:25+00:00","author":"Canal Dana","twitter_card":"summary_large_image","twitter_misc":{"Escrito por":"Canal Dana","Est. tempo de leitura":"2 minutos"},"schema":{"@context":"https:\/\/schema.org","@graph":[{"@type":"Article","@id":"https:\/\/dana.com.br\/canaldana\/2019\/11\/12\/seguro-dpvat-sera-extinto-em-2020\/#article","isPartOf":{"@id":"https:\/\/dana.com.br\/canaldana\/2019\/11\/12\/seguro-dpvat-sera-extinto-em-2020\/"},"author":{"name":"Canal Dana","@id":"https:\/\/dana.com.br\/canaldana\/#\/schema\/person\/3c21f22f56fcf3bc46b94bc60ea4fef6"},"headline":"Seguro DPVAT ser\u00e1 extinto em 2020","datePublished":"2019-11-12T11:16:25+00:00","mainEntityOfPage":{"@id":"https:\/\/dana.com.br\/canaldana\/2019\/11\/12\/seguro-dpvat-sera-extinto-em-2020\/"},"wordCount":434,"articleSection":["Mercado"],"inLanguage":"pt-BR"},{"@type":"WebPage","@id":"https:\/\/dana.com.br\/canaldana\/2019\/11\/12\/seguro-dpvat-sera-extinto-em-2020\/","url":"https:\/\/dana.com.br\/canaldana\/2019\/11\/12\/seguro-dpvat-sera-extinto-em-2020\/","name":"Seguro DPVAT ser\u00e1 extinto em 2020 - Canal Dana","isPartOf":{"@id":"https:\/\/dana.com.br\/canaldana\/#website"},"datePublished":"2019-11-12T11:16:25+00:00","author":{"@id":"https:\/\/dana.com.br\/canaldana\/#\/schema\/person\/3c21f22f56fcf3bc46b94bc60ea4fef6"},"breadcrumb":{"@id":"https:\/\/dana.com.br\/canaldana\/2019\/11\/12\/seguro-dpvat-sera-extinto-em-2020\/#breadcrumb"},"inLanguage":"pt-BR","potentialAction":[{"@type":"ReadAction","target":["https:\/\/dana.com.br\/canaldana\/2019\/11\/12\/seguro-dpvat-sera-extinto-em-2020\/"]}]},{"@type":"BreadcrumbList","@id":"https:\/\/dana.com.br\/canaldana\/2019\/11\/12\/seguro-dpvat-sera-extinto-em-2020\/#breadcrumb","itemListElement":[{"@type":"ListItem","position":1,"name":"Home","item":"https:\/\/dana.com.br\/canaldana\/"},{"@type":"ListItem","position":2,"name":"Mercado","item":"https:\/\/dana.com.br\/canaldana\/mercado\/"},{"@type":"ListItem","position":3,"name":"Seguro DPVAT ser\u00e1 extinto em 2020"}]},{"@type":"WebSite","@id":"https:\/\/dana.com.br\/canaldana\/#website","url":"https:\/\/dana.com.br\/canaldana\/","name":"Canal Dana","description":"Informativo com as principais not\u00edcias da ind\u00fastria automotiva","potentialAction":[{"@type":"SearchAction","target":{"@type":"EntryPoint","urlTemplate":"https:\/\/dana.com.br\/canaldana\/?s={search_term_string}"},"query-input":{"@type":"PropertyValueSpecification","valueRequired":true,"valueName":"search_term_string"}}],"inLanguage":"pt-BR"},{"@type":"Person","@id":"https:\/\/dana.com.br\/canaldana\/#\/schema\/person\/3c21f22f56fcf3bc46b94bc60ea4fef6","name":"Canal Dana","image":{"@type":"ImageObject","inLanguage":"pt-BR","@id":"https:\/\/secure.gravatar.com\/avatar\/420aaf9278582877d9018637c6817617705899d2858d7572ef0fe59a6b6454b4?s=96&d=mm&r=g","url":"https:\/\/secure.gravatar.com\/avatar\/420aaf9278582877d9018637c6817617705899d2858d7572ef0fe59a6b6454b4?s=96&d=mm&r=g","contentUrl":"https:\/\/secure.gravatar.com\/avatar\/420aaf9278582877d9018637c6817617705899d2858d7572ef0fe59a6b6454b4?s=96&d=mm&r=g","caption":"Canal Dana"},"url":"https:\/\/dana.com.br\/canaldana\/author\/cdeditor\/"}]}},"_links":{"self":[{"href":"https:\/\/dana.com.br\/canaldana\/wp-json\/wp\/v2\/posts\/38580","targetHints":{"allow":["GET"]}}],"collection":[{"href":"https:\/\/dana.com.br\/canaldana\/wp-json\/wp\/v2\/posts"}],"about":[{"href":"https:\/\/dana.com.br\/canaldana\/wp-json\/wp\/v2\/types\/post"}],"author":[{"embeddable":true,"href":"https:\/\/dana.com.br\/canaldana\/wp-json\/wp\/v2\/users\/3"}],"replies":[{"embeddable":true,"href":"https:\/\/dana.com.br\/canaldana\/wp-json\/wp\/v2\/comments?post=38580"}],"version-history":[{"count":0,"href":"https:\/\/dana.com.br\/canaldana\/wp-json\/wp\/v2\/posts\/38580\/revisions"}],"wp:attachment":[{"href":"https:\/\/dana.com.br\/canaldana\/wp-json\/wp\/v2\/media?parent=38580"}],"wp:term":[{"taxonomy":"category","embeddable":true,"href":"https:\/\/dana.com.br\/canaldana\/wp-json\/wp\/v2\/categories?post=38580"},{"taxonomy":"post_tag","embeddable":true,"href":"https:\/\/dana.com.br\/canaldana\/wp-json\/wp\/v2\/tags?post=38580"}],"curies":[{"name":"wp","href":"https:\/\/api.w.org\/{rel}","templated":true}]}}