{"id":38514,"date":"2019-11-08T08:00:20","date_gmt":"2019-11-08T11:00:20","guid":{"rendered":"https:\/\/dana.com.br\/canaldana\/?p=38514"},"modified":"2019-11-08T08:00:20","modified_gmt":"2019-11-08T11:00:20","slug":"vwco-inaugura-duas-concessionarias-na-zona-da-mata","status":"publish","type":"post","link":"https:\/\/dana.com.br\/canaldana\/2019\/11\/08\/vwco-inaugura-duas-concessionarias-na-zona-da-mata\/","title":{"rendered":"VWCO inaugura duas concession\u00e1rias na Zona da Mata"},"content":{"rendered":"<p><em>Frota &amp; Cia\u00a0 <\/em><\/p>\n<p>&nbsp;<\/p>\n<p>A VW Caminh\u00f5es e \u00d4nibus acaba de inaugurar duas novas concession\u00e1rias na Zona da Mata, sul de Minas Gerais. A Bravo Caminh\u00f5es assume a concess\u00e3o nos munic\u00edpios de Muria\u00e9 e Ub\u00e1, com duas instala\u00e7\u00f5es novas.<\/p>\n<p>&nbsp;<\/p>\n<p>A parceria entre a VWCO e o grupo Bravo j\u00e1 \u00e9 faz sucesso em concession\u00e1rias de caminh\u00f5es e \u00f4nibus VW na Bahia, e agora expande sua \u00e1rea de influ\u00eancia econ\u00f4mica, com atua\u00e7\u00e3o nos eixos de acesso na rota que liga os estados de Minas Gerais, Rio de Janeiro e Bahia. As duas novas casas s\u00e3o ligadas pela BR 116 e ficam a 100 quil\u00f4metros uma da outra.<\/p>\n<p>&nbsp;<\/p>\n<p>Segundo Marcelo Olival, gerente de Treinamento e Desenvolvimento da Rede da VW Caminh\u00f5es e \u00d4nibus, as inaugura\u00e7\u00f5es representam a expans\u00e3o de uma importante regi\u00e3o para a marca.\u00a0 \u201cAs localidades s\u00e3o muito importantes para n\u00f3s, ampliando nossa infraestrutura e oferta de venda e p\u00f3s-venda para uma regi\u00e3o de alto dinamismo e demanda. Instalados estrategicamente, investimos continuamente em nossos clientes e na excel\u00eancia de nosso suporte\u201d.<\/p>\n<p>&nbsp;<\/p>\n<p>O investimento ocorre em fun\u00e7\u00e3o das demandas de cada uma das localidades. Ub\u00e1 \u00e9 considerada nas ind\u00fastrias aliment\u00edcias, moveleira, t\u00eaxtil e do ramo eletricit\u00e1rio. Por isso, o tr\u00e2nsito de caminh\u00f5es leves da linha VW Delivery e m\u00e9dios VW Constellation \u00e9 mais intenso.<\/p>\n<p>&nbsp;<\/p>\n<p>J\u00e1 em Muria\u00e9, que se destaca pela agropecu\u00e1ria e produ\u00e7\u00e3o de gado, os cavalos mec\u00e2nicos VW Constellation e MAN TGX s\u00e3o os que mais circulam. Al\u00e9m disso, ambas as localidades contam com grande presen\u00e7a dos \u00f4nibus Volksbus.<\/p>\n<p>&nbsp;<\/p>\n<p>De acordo com Alessandra Lobo, diretora executiva da Bravo o mercado na regi\u00e3o \u00e9 promissor. \u201cA Zona da Mata, em Minas Gerais, \u00e9 um mercado promissor com v\u00e1rias possibilidades de neg\u00f3cios. Nossa responsabilidade \u00e9 manter o crescimento da marca\u201d. (Frota &amp; Cia\/Andr\u00e9 Garcia)<\/p>\n","protected":false},"excerpt":{"rendered":"<p>Frota &amp; Cia\u00a0 &nbsp; A VW Caminh\u00f5es e \u00d4nibus acaba de inaugurar duas novas concession\u00e1rias na Zona da Mata, sul de Minas Gerais. A Bravo Caminh\u00f5es assume a concess\u00e3o nos munic\u00edpios de Muria\u00e9 e Ub\u00e1, com duas instala\u00e7\u00f5es novas. &nbsp; A parceria entre a VWCO e o grupo Bravo j\u00e1 \u00e9 faz sucesso em concession\u00e1rias\u2026 <a class=\"readmore\" href=\"https:\/\/dana.com.br\/canaldana\/2019\/11\/08\/vwco-inaugura-duas-concessionarias-na-zona-da-mata\/\">Leia mais \u00bb<\/a><\/p>\n","protected":false},"author":3,"featured_media":0,"comment_status":"closed","ping_status":"closed","sticky":false,"template":"","format":"standard","meta":{"_acf_changed":false,"footnotes":""},"categories":[79],"tags":[],"class_list":["post-38514","post","type-post","status-publish","format-standard","hentry","category-mercado"],"acf":[],"yoast_head":"<!-- This site is optimized with the Yoast SEO plugin v27.5 - https:\/\/yoast.com\/product\/yoast-seo-wordpress\/ -->\n<title>VWCO inaugura duas concession\u00e1rias na Zona da Mata - Canal Dana<\/title>\n<meta name=\"robots\" content=\"index, follow, max-snippet:-1, max-image-preview:large, max-video-preview:-1\" \/>\n<link rel=\"canonical\" href=\"https:\/\/dana.com.br\/canaldana\/2019\/11\/08\/vwco-inaugura-duas-concessionarias-na-zona-da-mata\/\" \/>\n<meta property=\"og:locale\" content=\"pt_BR\" \/>\n<meta property=\"og:type\" content=\"article\" \/>\n<meta property=\"og:title\" content=\"VWCO inaugura duas concession\u00e1rias na Zona da Mata - Canal Dana\" \/>\n<meta property=\"og:description\" content=\"Frota &amp; Cia\u00a0 &nbsp; A VW Caminh\u00f5es e \u00d4nibus acaba de inaugurar duas novas concession\u00e1rias na Zona da Mata, sul de Minas Gerais. A Bravo Caminh\u00f5es assume a concess\u00e3o nos munic\u00edpios de Muria\u00e9 e Ub\u00e1, com duas instala\u00e7\u00f5es novas. &nbsp; A parceria entre a VWCO e o grupo Bravo j\u00e1 \u00e9 faz sucesso em concession\u00e1rias\u2026 Leia mais \u00bb\" \/>\n<meta property=\"og:url\" content=\"https:\/\/dana.com.br\/canaldana\/2019\/11\/08\/vwco-inaugura-duas-concessionarias-na-zona-da-mata\/\" \/>\n<meta property=\"og:site_name\" content=\"Canal Dana\" \/>\n<meta property=\"article:published_time\" content=\"2019-11-08T11:00:20+00:00\" \/>\n<meta name=\"author\" content=\"Canal Dana\" \/>\n<meta name=\"twitter:card\" content=\"summary_large_image\" \/>\n<meta name=\"twitter:label1\" content=\"Escrito por\" \/>\n\t<meta name=\"twitter:data1\" content=\"Canal Dana\" \/>\n\t<meta name=\"twitter:label2\" content=\"Est. tempo de leitura\" \/>\n\t<meta name=\"twitter:data2\" content=\"2 minutos\" \/>\n<script type=\"application\/ld+json\" class=\"yoast-schema-graph\">{\"@context\":\"https:\\\/\\\/schema.org\",\"@graph\":[{\"@type\":\"Article\",\"@id\":\"https:\\\/\\\/dana.com.br\\\/canaldana\\\/2019\\\/11\\\/08\\\/vwco-inaugura-duas-concessionarias-na-zona-da-mata\\\/#article\",\"isPartOf\":{\"@id\":\"https:\\\/\\\/dana.com.br\\\/canaldana\\\/2019\\\/11\\\/08\\\/vwco-inaugura-duas-concessionarias-na-zona-da-mata\\\/\"},\"author\":{\"name\":\"Canal Dana\",\"@id\":\"https:\\\/\\\/dana.com.br\\\/canaldana\\\/#\\\/schema\\\/person\\\/3c21f22f56fcf3bc46b94bc60ea4fef6\"},\"headline\":\"VWCO inaugura duas concession\u00e1rias na Zona da Mata\",\"datePublished\":\"2019-11-08T11:00:20+00:00\",\"mainEntityOfPage\":{\"@id\":\"https:\\\/\\\/dana.com.br\\\/canaldana\\\/2019\\\/11\\\/08\\\/vwco-inaugura-duas-concessionarias-na-zona-da-mata\\\/\"},\"wordCount\":338,\"articleSection\":[\"Mercado\"],\"inLanguage\":\"pt-BR\"},{\"@type\":\"WebPage\",\"@id\":\"https:\\\/\\\/dana.com.br\\\/canaldana\\\/2019\\\/11\\\/08\\\/vwco-inaugura-duas-concessionarias-na-zona-da-mata\\\/\",\"url\":\"https:\\\/\\\/dana.com.br\\\/canaldana\\\/2019\\\/11\\\/08\\\/vwco-inaugura-duas-concessionarias-na-zona-da-mata\\\/\",\"name\":\"VWCO inaugura duas concession\u00e1rias na Zona da Mata - Canal Dana\",\"isPartOf\":{\"@id\":\"https:\\\/\\\/dana.com.br\\\/canaldana\\\/#website\"},\"datePublished\":\"2019-11-08T11:00:20+00:00\",\"author\":{\"@id\":\"https:\\\/\\\/dana.com.br\\\/canaldana\\\/#\\\/schema\\\/person\\\/3c21f22f56fcf3bc46b94bc60ea4fef6\"},\"breadcrumb\":{\"@id\":\"https:\\\/\\\/dana.com.br\\\/canaldana\\\/2019\\\/11\\\/08\\\/vwco-inaugura-duas-concessionarias-na-zona-da-mata\\\/#breadcrumb\"},\"inLanguage\":\"pt-BR\",\"potentialAction\":[{\"@type\":\"ReadAction\",\"target\":[\"https:\\\/\\\/dana.com.br\\\/canaldana\\\/2019\\\/11\\\/08\\\/vwco-inaugura-duas-concessionarias-na-zona-da-mata\\\/\"]}]},{\"@type\":\"BreadcrumbList\",\"@id\":\"https:\\\/\\\/dana.com.br\\\/canaldana\\\/2019\\\/11\\\/08\\\/vwco-inaugura-duas-concessionarias-na-zona-da-mata\\\/#breadcrumb\",\"itemListElement\":[{\"@type\":\"ListItem\",\"position\":1,\"name\":\"Home\",\"item\":\"https:\\\/\\\/dana.com.br\\\/canaldana\\\/\"},{\"@type\":\"ListItem\",\"position\":2,\"name\":\"Mercado\",\"item\":\"https:\\\/\\\/dana.com.br\\\/canaldana\\\/mercado\\\/\"},{\"@type\":\"ListItem\",\"position\":3,\"name\":\"VWCO inaugura duas concession\u00e1rias na Zona da Mata\"}]},{\"@type\":\"WebSite\",\"@id\":\"https:\\\/\\\/dana.com.br\\\/canaldana\\\/#website\",\"url\":\"https:\\\/\\\/dana.com.br\\\/canaldana\\\/\",\"name\":\"Canal Dana\",\"description\":\"Informativo com as principais not\u00edcias da ind\u00fastria automotiva\",\"potentialAction\":[{\"@type\":\"SearchAction\",\"target\":{\"@type\":\"EntryPoint\",\"urlTemplate\":\"https:\\\/\\\/dana.com.br\\\/canaldana\\\/?s={search_term_string}\"},\"query-input\":{\"@type\":\"PropertyValueSpecification\",\"valueRequired\":true,\"valueName\":\"search_term_string\"}}],\"inLanguage\":\"pt-BR\"},{\"@type\":\"Person\",\"@id\":\"https:\\\/\\\/dana.com.br\\\/canaldana\\\/#\\\/schema\\\/person\\\/3c21f22f56fcf3bc46b94bc60ea4fef6\",\"name\":\"Canal Dana\",\"image\":{\"@type\":\"ImageObject\",\"inLanguage\":\"pt-BR\",\"@id\":\"https:\\\/\\\/secure.gravatar.com\\\/avatar\\\/420aaf9278582877d9018637c6817617705899d2858d7572ef0fe59a6b6454b4?s=96&d=mm&r=g\",\"url\":\"https:\\\/\\\/secure.gravatar.com\\\/avatar\\\/420aaf9278582877d9018637c6817617705899d2858d7572ef0fe59a6b6454b4?s=96&d=mm&r=g\",\"contentUrl\":\"https:\\\/\\\/secure.gravatar.com\\\/avatar\\\/420aaf9278582877d9018637c6817617705899d2858d7572ef0fe59a6b6454b4?s=96&d=mm&r=g\",\"caption\":\"Canal Dana\"},\"url\":\"https:\\\/\\\/dana.com.br\\\/canaldana\\\/author\\\/cdeditor\\\/\"}]}<\/script>\n<!-- \/ Yoast SEO plugin. -->","yoast_head_json":{"title":"VWCO inaugura duas concession\u00e1rias na Zona da Mata - Canal Dana","robots":{"index":"index","follow":"follow","max-snippet":"max-snippet:-1","max-image-preview":"max-image-preview:large","max-video-preview":"max-video-preview:-1"},"canonical":"https:\/\/dana.com.br\/canaldana\/2019\/11\/08\/vwco-inaugura-duas-concessionarias-na-zona-da-mata\/","og_locale":"pt_BR","og_type":"article","og_title":"VWCO inaugura duas concession\u00e1rias na Zona da Mata - Canal Dana","og_description":"Frota &amp; Cia\u00a0 &nbsp; A VW Caminh\u00f5es e \u00d4nibus acaba de inaugurar duas novas concession\u00e1rias na Zona da Mata, sul de Minas Gerais. A Bravo Caminh\u00f5es assume a concess\u00e3o nos munic\u00edpios de Muria\u00e9 e Ub\u00e1, com duas instala\u00e7\u00f5es novas. &nbsp; A parceria entre a VWCO e o grupo Bravo j\u00e1 \u00e9 faz sucesso em concession\u00e1rias\u2026 Leia mais \u00bb","og_url":"https:\/\/dana.com.br\/canaldana\/2019\/11\/08\/vwco-inaugura-duas-concessionarias-na-zona-da-mata\/","og_site_name":"Canal Dana","article_published_time":"2019-11-08T11:00:20+00:00","author":"Canal Dana","twitter_card":"summary_large_image","twitter_misc":{"Escrito por":"Canal Dana","Est. tempo de leitura":"2 minutos"},"schema":{"@context":"https:\/\/schema.org","@graph":[{"@type":"Article","@id":"https:\/\/dana.com.br\/canaldana\/2019\/11\/08\/vwco-inaugura-duas-concessionarias-na-zona-da-mata\/#article","isPartOf":{"@id":"https:\/\/dana.com.br\/canaldana\/2019\/11\/08\/vwco-inaugura-duas-concessionarias-na-zona-da-mata\/"},"author":{"name":"Canal Dana","@id":"https:\/\/dana.com.br\/canaldana\/#\/schema\/person\/3c21f22f56fcf3bc46b94bc60ea4fef6"},"headline":"VWCO inaugura duas concession\u00e1rias na Zona da Mata","datePublished":"2019-11-08T11:00:20+00:00","mainEntityOfPage":{"@id":"https:\/\/dana.com.br\/canaldana\/2019\/11\/08\/vwco-inaugura-duas-concessionarias-na-zona-da-mata\/"},"wordCount":338,"articleSection":["Mercado"],"inLanguage":"pt-BR"},{"@type":"WebPage","@id":"https:\/\/dana.com.br\/canaldana\/2019\/11\/08\/vwco-inaugura-duas-concessionarias-na-zona-da-mata\/","url":"https:\/\/dana.com.br\/canaldana\/2019\/11\/08\/vwco-inaugura-duas-concessionarias-na-zona-da-mata\/","name":"VWCO inaugura duas concession\u00e1rias na Zona da Mata - Canal Dana","isPartOf":{"@id":"https:\/\/dana.com.br\/canaldana\/#website"},"datePublished":"2019-11-08T11:00:20+00:00","author":{"@id":"https:\/\/dana.com.br\/canaldana\/#\/schema\/person\/3c21f22f56fcf3bc46b94bc60ea4fef6"},"breadcrumb":{"@id":"https:\/\/dana.com.br\/canaldana\/2019\/11\/08\/vwco-inaugura-duas-concessionarias-na-zona-da-mata\/#breadcrumb"},"inLanguage":"pt-BR","potentialAction":[{"@type":"ReadAction","target":["https:\/\/dana.com.br\/canaldana\/2019\/11\/08\/vwco-inaugura-duas-concessionarias-na-zona-da-mata\/"]}]},{"@type":"BreadcrumbList","@id":"https:\/\/dana.com.br\/canaldana\/2019\/11\/08\/vwco-inaugura-duas-concessionarias-na-zona-da-mata\/#breadcrumb","itemListElement":[{"@type":"ListItem","position":1,"name":"Home","item":"https:\/\/dana.com.br\/canaldana\/"},{"@type":"ListItem","position":2,"name":"Mercado","item":"https:\/\/dana.com.br\/canaldana\/mercado\/"},{"@type":"ListItem","position":3,"name":"VWCO inaugura duas concession\u00e1rias na Zona da Mata"}]},{"@type":"WebSite","@id":"https:\/\/dana.com.br\/canaldana\/#website","url":"https:\/\/dana.com.br\/canaldana\/","name":"Canal Dana","description":"Informativo com as principais not\u00edcias da ind\u00fastria automotiva","potentialAction":[{"@type":"SearchAction","target":{"@type":"EntryPoint","urlTemplate":"https:\/\/dana.com.br\/canaldana\/?s={search_term_string}"},"query-input":{"@type":"PropertyValueSpecification","valueRequired":true,"valueName":"search_term_string"}}],"inLanguage":"pt-BR"},{"@type":"Person","@id":"https:\/\/dana.com.br\/canaldana\/#\/schema\/person\/3c21f22f56fcf3bc46b94bc60ea4fef6","name":"Canal Dana","image":{"@type":"ImageObject","inLanguage":"pt-BR","@id":"https:\/\/secure.gravatar.com\/avatar\/420aaf9278582877d9018637c6817617705899d2858d7572ef0fe59a6b6454b4?s=96&d=mm&r=g","url":"https:\/\/secure.gravatar.com\/avatar\/420aaf9278582877d9018637c6817617705899d2858d7572ef0fe59a6b6454b4?s=96&d=mm&r=g","contentUrl":"https:\/\/secure.gravatar.com\/avatar\/420aaf9278582877d9018637c6817617705899d2858d7572ef0fe59a6b6454b4?s=96&d=mm&r=g","caption":"Canal Dana"},"url":"https:\/\/dana.com.br\/canaldana\/author\/cdeditor\/"}]}},"_links":{"self":[{"href":"https:\/\/dana.com.br\/canaldana\/wp-json\/wp\/v2\/posts\/38514","targetHints":{"allow":["GET"]}}],"collection":[{"href":"https:\/\/dana.com.br\/canaldana\/wp-json\/wp\/v2\/posts"}],"about":[{"href":"https:\/\/dana.com.br\/canaldana\/wp-json\/wp\/v2\/types\/post"}],"author":[{"embeddable":true,"href":"https:\/\/dana.com.br\/canaldana\/wp-json\/wp\/v2\/users\/3"}],"replies":[{"embeddable":true,"href":"https:\/\/dana.com.br\/canaldana\/wp-json\/wp\/v2\/comments?post=38514"}],"version-history":[{"count":0,"href":"https:\/\/dana.com.br\/canaldana\/wp-json\/wp\/v2\/posts\/38514\/revisions"}],"wp:attachment":[{"href":"https:\/\/dana.com.br\/canaldana\/wp-json\/wp\/v2\/media?parent=38514"}],"wp:term":[{"taxonomy":"category","embeddable":true,"href":"https:\/\/dana.com.br\/canaldana\/wp-json\/wp\/v2\/categories?post=38514"},{"taxonomy":"post_tag","embeddable":true,"href":"https:\/\/dana.com.br\/canaldana\/wp-json\/wp\/v2\/tags?post=38514"}],"curies":[{"name":"wp","href":"https:\/\/api.w.org\/{rel}","templated":true}]}}