{"id":38497,"date":"2019-11-07T08:41:30","date_gmt":"2019-11-07T11:41:30","guid":{"rendered":"https:\/\/dana.com.br\/canaldana\/?p=38497"},"modified":"2019-11-07T08:41:30","modified_gmt":"2019-11-07T11:41:30","slug":"montadoras-ampliam-producao-e-tambem-o-estoque-em-seus-patios","status":"publish","type":"post","link":"https:\/\/dana.com.br\/canaldana\/2019\/11\/07\/montadoras-ampliam-producao-e-tambem-o-estoque-em-seus-patios\/","title":{"rendered":"Montadoras ampliam produ\u00e7\u00e3o e tamb\u00e9m o estoque em seus p\u00e1tios"},"content":{"rendered":"<p><em>AutoInd\u00fastria <\/em><\/p>\n<p>&nbsp;<\/p>\n<p>O aumento de 16,6% na produ\u00e7\u00e3o de ve\u00edculos em outubro com rela\u00e7\u00e3o a setembro gerou alta similar no volume estocado em seus p\u00e1tios, que passou de 148,6 mil para 173,6 mil no mesmo comparativo, ou seja, acr\u00e9scimo de 25 mil unidades estocadas.<\/p>\n<p>&nbsp;<\/p>\n<p>De acordo com o presidente da Anfavea, Luiz Carlos Moraes, a alta da produ\u00e7\u00e3o no m\u00eas passado \u00e9 reflexo, em parte, do maior n\u00famero de dias \u00fateis \u2013 dois a mais do que em setembro. Mas tamb\u00e9m indica uma prepara\u00e7\u00e3o das montadoras para garantir a oferta de produtos no final do ano, quando muitas delas entrar\u00e3o em f\u00e9rias coletivas.<\/p>\n<p>&nbsp;<\/p>\n<p>Foram fabricadas 288,5 mil unidades em outubro, ante as 247,5 mil do m\u00eas anterior e as 263,2 mil do mesmo m\u00eas de 2018, com evolu\u00e7\u00e3o nesse caso de 9,6%. \u201cFoi o nosso melhor resultado desde agosto do ano passado\u201d, informou o presidente da Anfavea nesta quarta-feira, 6, ao divulgar o balan\u00e7o mensal do setor.<\/p>\n<p>&nbsp;<\/p>\n<p>Considerando o volume total das montadoras e das concession\u00e1rias, o estoque cresceu 4,7%, passando de 348,6 mil em setembro para 365,1 mil unidades em outubro \u2013 43 dias de produ\u00e7\u00e3o contra 41. Houve redu\u00e7\u00e3o no n\u00famero de ve\u00edculos estocados nas concession\u00e1rias, de 200 mil para 191,5 mil, mas nos p\u00e1tios das montadoras o estoque subiu 16,8%, para mais de 173 mil ve\u00edculos.<\/p>\n<p>&nbsp;<\/p>\n<p>A ind\u00fastria automobil\u00edstica totaliza no ano produ\u00e7\u00e3o de 2,55 milh\u00f5es de unidades, volume 3,6% superior ao do mesmo per\u00edodo de 2018 (2,46 milh\u00f5es) e o melhor resultado para o acumulado do per\u00edodo de dez meses desde 2014. A Anfavea mant\u00e9m meta de expans\u00e3o de 2,1% na produ\u00e7\u00e3o este ano, para 2,94 milh\u00f5es de ve\u00edculos.<\/p>\n<p>&nbsp;<\/p>\n<p>Enquanto o mercado interno segue em alta \u2013 de 8,7% no acumulado do ano, com 2,28 milh\u00f5es de emplacamentos -, as exporta\u00e7\u00f5es continuam em decl\u00ednio. Foram exportadas apenas 367,5 mil unidades no acumulado dos dez primeiros meses do ano, 34,7% a menos do que os 563 mil embarques de id\u00eantico per\u00edodo de 2018.<\/p>\n<p>&nbsp;<\/p>\n<p>A Anfavea s\u00f3 divulgar\u00e1 suas proje\u00e7\u00f5es para 2020 em janeiro, mas seu presidente j\u00e1 adianta que a recupera\u00e7\u00e3o da economia brasileira est\u00e1 no horizonte e que o mercado interno deve se manter em alta, gra\u00e7as a maior oferta de cr\u00e9ditos e novos investimentos em infraestrutura, dentre outros indicadores favor\u00e1veis para os pr\u00f3ximos meses. (AutoInd\u00fastria\/Alzira Rodrigues)<\/p>\n","protected":false},"excerpt":{"rendered":"<p>AutoInd\u00fastria &nbsp; O aumento de 16,6% na produ\u00e7\u00e3o de ve\u00edculos em outubro com rela\u00e7\u00e3o a setembro gerou alta similar no volume estocado em seus p\u00e1tios, que passou de 148,6 mil para 173,6 mil no mesmo comparativo, ou seja, acr\u00e9scimo de 25 mil unidades estocadas. &nbsp; De acordo com o presidente da Anfavea, Luiz Carlos Moraes,\u2026 <a class=\"readmore\" href=\"https:\/\/dana.com.br\/canaldana\/2019\/11\/07\/montadoras-ampliam-producao-e-tambem-o-estoque-em-seus-patios\/\">Leia mais \u00bb<\/a><\/p>\n","protected":false},"author":3,"featured_media":0,"comment_status":"closed","ping_status":"closed","sticky":false,"template":"","format":"standard","meta":{"_acf_changed":false,"footnotes":""},"categories":[61],"tags":[],"class_list":["post-38497","post","type-post","status-publish","format-standard","hentry","category-destaques"],"acf":[],"yoast_head":"<!-- This site is optimized with the Yoast SEO plugin v27.5 - https:\/\/yoast.com\/product\/yoast-seo-wordpress\/ -->\n<title>Montadoras ampliam produ\u00e7\u00e3o e tamb\u00e9m o estoque em seus p\u00e1tios - Canal Dana<\/title>\n<meta name=\"robots\" content=\"index, follow, max-snippet:-1, max-image-preview:large, max-video-preview:-1\" \/>\n<link rel=\"canonical\" href=\"https:\/\/dana.com.br\/canaldana\/2019\/11\/07\/montadoras-ampliam-producao-e-tambem-o-estoque-em-seus-patios\/\" \/>\n<meta property=\"og:locale\" content=\"pt_BR\" \/>\n<meta property=\"og:type\" content=\"article\" \/>\n<meta property=\"og:title\" content=\"Montadoras ampliam produ\u00e7\u00e3o e tamb\u00e9m o estoque em seus p\u00e1tios - Canal Dana\" \/>\n<meta property=\"og:description\" content=\"AutoInd\u00fastria &nbsp; O aumento de 16,6% na produ\u00e7\u00e3o de ve\u00edculos em outubro com rela\u00e7\u00e3o a setembro gerou alta similar no volume estocado em seus p\u00e1tios, que passou de 148,6 mil para 173,6 mil no mesmo comparativo, ou seja, acr\u00e9scimo de 25 mil unidades estocadas. &nbsp; De acordo com o presidente da Anfavea, Luiz Carlos Moraes,\u2026 Leia mais \u00bb\" \/>\n<meta property=\"og:url\" content=\"https:\/\/dana.com.br\/canaldana\/2019\/11\/07\/montadoras-ampliam-producao-e-tambem-o-estoque-em-seus-patios\/\" \/>\n<meta property=\"og:site_name\" content=\"Canal Dana\" \/>\n<meta property=\"article:published_time\" content=\"2019-11-07T11:41:30+00:00\" \/>\n<meta name=\"author\" content=\"Canal Dana\" \/>\n<meta name=\"twitter:card\" content=\"summary_large_image\" \/>\n<meta name=\"twitter:label1\" content=\"Escrito por\" \/>\n\t<meta name=\"twitter:data1\" content=\"Canal Dana\" \/>\n\t<meta name=\"twitter:label2\" content=\"Est. tempo de leitura\" \/>\n\t<meta name=\"twitter:data2\" content=\"2 minutos\" \/>\n<script type=\"application\/ld+json\" class=\"yoast-schema-graph\">{\"@context\":\"https:\\\/\\\/schema.org\",\"@graph\":[{\"@type\":\"Article\",\"@id\":\"https:\\\/\\\/dana.com.br\\\/canaldana\\\/2019\\\/11\\\/07\\\/montadoras-ampliam-producao-e-tambem-o-estoque-em-seus-patios\\\/#article\",\"isPartOf\":{\"@id\":\"https:\\\/\\\/dana.com.br\\\/canaldana\\\/2019\\\/11\\\/07\\\/montadoras-ampliam-producao-e-tambem-o-estoque-em-seus-patios\\\/\"},\"author\":{\"name\":\"Canal Dana\",\"@id\":\"https:\\\/\\\/dana.com.br\\\/canaldana\\\/#\\\/schema\\\/person\\\/3c21f22f56fcf3bc46b94bc60ea4fef6\"},\"headline\":\"Montadoras ampliam produ\u00e7\u00e3o e tamb\u00e9m o estoque em seus p\u00e1tios\",\"datePublished\":\"2019-11-07T11:41:30+00:00\",\"mainEntityOfPage\":{\"@id\":\"https:\\\/\\\/dana.com.br\\\/canaldana\\\/2019\\\/11\\\/07\\\/montadoras-ampliam-producao-e-tambem-o-estoque-em-seus-patios\\\/\"},\"wordCount\":413,\"articleSection\":[\"Destaques\"],\"inLanguage\":\"pt-BR\"},{\"@type\":\"WebPage\",\"@id\":\"https:\\\/\\\/dana.com.br\\\/canaldana\\\/2019\\\/11\\\/07\\\/montadoras-ampliam-producao-e-tambem-o-estoque-em-seus-patios\\\/\",\"url\":\"https:\\\/\\\/dana.com.br\\\/canaldana\\\/2019\\\/11\\\/07\\\/montadoras-ampliam-producao-e-tambem-o-estoque-em-seus-patios\\\/\",\"name\":\"Montadoras ampliam produ\u00e7\u00e3o e tamb\u00e9m o estoque em seus p\u00e1tios - Canal Dana\",\"isPartOf\":{\"@id\":\"https:\\\/\\\/dana.com.br\\\/canaldana\\\/#website\"},\"datePublished\":\"2019-11-07T11:41:30+00:00\",\"author\":{\"@id\":\"https:\\\/\\\/dana.com.br\\\/canaldana\\\/#\\\/schema\\\/person\\\/3c21f22f56fcf3bc46b94bc60ea4fef6\"},\"breadcrumb\":{\"@id\":\"https:\\\/\\\/dana.com.br\\\/canaldana\\\/2019\\\/11\\\/07\\\/montadoras-ampliam-producao-e-tambem-o-estoque-em-seus-patios\\\/#breadcrumb\"},\"inLanguage\":\"pt-BR\",\"potentialAction\":[{\"@type\":\"ReadAction\",\"target\":[\"https:\\\/\\\/dana.com.br\\\/canaldana\\\/2019\\\/11\\\/07\\\/montadoras-ampliam-producao-e-tambem-o-estoque-em-seus-patios\\\/\"]}]},{\"@type\":\"BreadcrumbList\",\"@id\":\"https:\\\/\\\/dana.com.br\\\/canaldana\\\/2019\\\/11\\\/07\\\/montadoras-ampliam-producao-e-tambem-o-estoque-em-seus-patios\\\/#breadcrumb\",\"itemListElement\":[{\"@type\":\"ListItem\",\"position\":1,\"name\":\"Home\",\"item\":\"https:\\\/\\\/dana.com.br\\\/canaldana\\\/\"},{\"@type\":\"ListItem\",\"position\":2,\"name\":\"Destaques\",\"item\":\"https:\\\/\\\/dana.com.br\\\/canaldana\\\/destaques\\\/\"},{\"@type\":\"ListItem\",\"position\":3,\"name\":\"Montadoras ampliam produ\u00e7\u00e3o e tamb\u00e9m o estoque em seus p\u00e1tios\"}]},{\"@type\":\"WebSite\",\"@id\":\"https:\\\/\\\/dana.com.br\\\/canaldana\\\/#website\",\"url\":\"https:\\\/\\\/dana.com.br\\\/canaldana\\\/\",\"name\":\"Canal Dana\",\"description\":\"Informativo com as principais not\u00edcias da ind\u00fastria automotiva\",\"potentialAction\":[{\"@type\":\"SearchAction\",\"target\":{\"@type\":\"EntryPoint\",\"urlTemplate\":\"https:\\\/\\\/dana.com.br\\\/canaldana\\\/?s={search_term_string}\"},\"query-input\":{\"@type\":\"PropertyValueSpecification\",\"valueRequired\":true,\"valueName\":\"search_term_string\"}}],\"inLanguage\":\"pt-BR\"},{\"@type\":\"Person\",\"@id\":\"https:\\\/\\\/dana.com.br\\\/canaldana\\\/#\\\/schema\\\/person\\\/3c21f22f56fcf3bc46b94bc60ea4fef6\",\"name\":\"Canal Dana\",\"image\":{\"@type\":\"ImageObject\",\"inLanguage\":\"pt-BR\",\"@id\":\"https:\\\/\\\/secure.gravatar.com\\\/avatar\\\/420aaf9278582877d9018637c6817617705899d2858d7572ef0fe59a6b6454b4?s=96&d=mm&r=g\",\"url\":\"https:\\\/\\\/secure.gravatar.com\\\/avatar\\\/420aaf9278582877d9018637c6817617705899d2858d7572ef0fe59a6b6454b4?s=96&d=mm&r=g\",\"contentUrl\":\"https:\\\/\\\/secure.gravatar.com\\\/avatar\\\/420aaf9278582877d9018637c6817617705899d2858d7572ef0fe59a6b6454b4?s=96&d=mm&r=g\",\"caption\":\"Canal Dana\"},\"url\":\"https:\\\/\\\/dana.com.br\\\/canaldana\\\/author\\\/cdeditor\\\/\"}]}<\/script>\n<!-- \/ Yoast SEO plugin. -->","yoast_head_json":{"title":"Montadoras ampliam produ\u00e7\u00e3o e tamb\u00e9m o estoque em seus p\u00e1tios - Canal Dana","robots":{"index":"index","follow":"follow","max-snippet":"max-snippet:-1","max-image-preview":"max-image-preview:large","max-video-preview":"max-video-preview:-1"},"canonical":"https:\/\/dana.com.br\/canaldana\/2019\/11\/07\/montadoras-ampliam-producao-e-tambem-o-estoque-em-seus-patios\/","og_locale":"pt_BR","og_type":"article","og_title":"Montadoras ampliam produ\u00e7\u00e3o e tamb\u00e9m o estoque em seus p\u00e1tios - Canal Dana","og_description":"AutoInd\u00fastria &nbsp; O aumento de 16,6% na produ\u00e7\u00e3o de ve\u00edculos em outubro com rela\u00e7\u00e3o a setembro gerou alta similar no volume estocado em seus p\u00e1tios, que passou de 148,6 mil para 173,6 mil no mesmo comparativo, ou seja, acr\u00e9scimo de 25 mil unidades estocadas. &nbsp; De acordo com o presidente da Anfavea, Luiz Carlos Moraes,\u2026 Leia mais \u00bb","og_url":"https:\/\/dana.com.br\/canaldana\/2019\/11\/07\/montadoras-ampliam-producao-e-tambem-o-estoque-em-seus-patios\/","og_site_name":"Canal Dana","article_published_time":"2019-11-07T11:41:30+00:00","author":"Canal Dana","twitter_card":"summary_large_image","twitter_misc":{"Escrito por":"Canal Dana","Est. tempo de leitura":"2 minutos"},"schema":{"@context":"https:\/\/schema.org","@graph":[{"@type":"Article","@id":"https:\/\/dana.com.br\/canaldana\/2019\/11\/07\/montadoras-ampliam-producao-e-tambem-o-estoque-em-seus-patios\/#article","isPartOf":{"@id":"https:\/\/dana.com.br\/canaldana\/2019\/11\/07\/montadoras-ampliam-producao-e-tambem-o-estoque-em-seus-patios\/"},"author":{"name":"Canal Dana","@id":"https:\/\/dana.com.br\/canaldana\/#\/schema\/person\/3c21f22f56fcf3bc46b94bc60ea4fef6"},"headline":"Montadoras ampliam produ\u00e7\u00e3o e tamb\u00e9m o estoque em seus p\u00e1tios","datePublished":"2019-11-07T11:41:30+00:00","mainEntityOfPage":{"@id":"https:\/\/dana.com.br\/canaldana\/2019\/11\/07\/montadoras-ampliam-producao-e-tambem-o-estoque-em-seus-patios\/"},"wordCount":413,"articleSection":["Destaques"],"inLanguage":"pt-BR"},{"@type":"WebPage","@id":"https:\/\/dana.com.br\/canaldana\/2019\/11\/07\/montadoras-ampliam-producao-e-tambem-o-estoque-em-seus-patios\/","url":"https:\/\/dana.com.br\/canaldana\/2019\/11\/07\/montadoras-ampliam-producao-e-tambem-o-estoque-em-seus-patios\/","name":"Montadoras ampliam produ\u00e7\u00e3o e tamb\u00e9m o estoque em seus p\u00e1tios - Canal Dana","isPartOf":{"@id":"https:\/\/dana.com.br\/canaldana\/#website"},"datePublished":"2019-11-07T11:41:30+00:00","author":{"@id":"https:\/\/dana.com.br\/canaldana\/#\/schema\/person\/3c21f22f56fcf3bc46b94bc60ea4fef6"},"breadcrumb":{"@id":"https:\/\/dana.com.br\/canaldana\/2019\/11\/07\/montadoras-ampliam-producao-e-tambem-o-estoque-em-seus-patios\/#breadcrumb"},"inLanguage":"pt-BR","potentialAction":[{"@type":"ReadAction","target":["https:\/\/dana.com.br\/canaldana\/2019\/11\/07\/montadoras-ampliam-producao-e-tambem-o-estoque-em-seus-patios\/"]}]},{"@type":"BreadcrumbList","@id":"https:\/\/dana.com.br\/canaldana\/2019\/11\/07\/montadoras-ampliam-producao-e-tambem-o-estoque-em-seus-patios\/#breadcrumb","itemListElement":[{"@type":"ListItem","position":1,"name":"Home","item":"https:\/\/dana.com.br\/canaldana\/"},{"@type":"ListItem","position":2,"name":"Destaques","item":"https:\/\/dana.com.br\/canaldana\/destaques\/"},{"@type":"ListItem","position":3,"name":"Montadoras ampliam produ\u00e7\u00e3o e tamb\u00e9m o estoque em seus p\u00e1tios"}]},{"@type":"WebSite","@id":"https:\/\/dana.com.br\/canaldana\/#website","url":"https:\/\/dana.com.br\/canaldana\/","name":"Canal Dana","description":"Informativo com as principais not\u00edcias da ind\u00fastria automotiva","potentialAction":[{"@type":"SearchAction","target":{"@type":"EntryPoint","urlTemplate":"https:\/\/dana.com.br\/canaldana\/?s={search_term_string}"},"query-input":{"@type":"PropertyValueSpecification","valueRequired":true,"valueName":"search_term_string"}}],"inLanguage":"pt-BR"},{"@type":"Person","@id":"https:\/\/dana.com.br\/canaldana\/#\/schema\/person\/3c21f22f56fcf3bc46b94bc60ea4fef6","name":"Canal Dana","image":{"@type":"ImageObject","inLanguage":"pt-BR","@id":"https:\/\/secure.gravatar.com\/avatar\/420aaf9278582877d9018637c6817617705899d2858d7572ef0fe59a6b6454b4?s=96&d=mm&r=g","url":"https:\/\/secure.gravatar.com\/avatar\/420aaf9278582877d9018637c6817617705899d2858d7572ef0fe59a6b6454b4?s=96&d=mm&r=g","contentUrl":"https:\/\/secure.gravatar.com\/avatar\/420aaf9278582877d9018637c6817617705899d2858d7572ef0fe59a6b6454b4?s=96&d=mm&r=g","caption":"Canal Dana"},"url":"https:\/\/dana.com.br\/canaldana\/author\/cdeditor\/"}]}},"_links":{"self":[{"href":"https:\/\/dana.com.br\/canaldana\/wp-json\/wp\/v2\/posts\/38497","targetHints":{"allow":["GET"]}}],"collection":[{"href":"https:\/\/dana.com.br\/canaldana\/wp-json\/wp\/v2\/posts"}],"about":[{"href":"https:\/\/dana.com.br\/canaldana\/wp-json\/wp\/v2\/types\/post"}],"author":[{"embeddable":true,"href":"https:\/\/dana.com.br\/canaldana\/wp-json\/wp\/v2\/users\/3"}],"replies":[{"embeddable":true,"href":"https:\/\/dana.com.br\/canaldana\/wp-json\/wp\/v2\/comments?post=38497"}],"version-history":[{"count":0,"href":"https:\/\/dana.com.br\/canaldana\/wp-json\/wp\/v2\/posts\/38497\/revisions"}],"wp:attachment":[{"href":"https:\/\/dana.com.br\/canaldana\/wp-json\/wp\/v2\/media?parent=38497"}],"wp:term":[{"taxonomy":"category","embeddable":true,"href":"https:\/\/dana.com.br\/canaldana\/wp-json\/wp\/v2\/categories?post=38497"},{"taxonomy":"post_tag","embeddable":true,"href":"https:\/\/dana.com.br\/canaldana\/wp-json\/wp\/v2\/tags?post=38497"}],"curies":[{"name":"wp","href":"https:\/\/api.w.org\/{rel}","templated":true}]}}