{"id":38463,"date":"2019-11-06T08:28:07","date_gmt":"2019-11-06T11:28:07","guid":{"rendered":"https:\/\/dana.com.br\/canaldana\/?p=38463"},"modified":"2019-11-06T08:28:07","modified_gmt":"2019-11-06T11:28:07","slug":"marcopolo-fatura-mais-de-r-3-bilhoes-ate-setembro","status":"publish","type":"post","link":"https:\/\/dana.com.br\/canaldana\/2019\/11\/06\/marcopolo-fatura-mais-de-r-3-bilhoes-ate-setembro\/","title":{"rendered":"Marcopolo fatura mais de R$ 3 bilh\u00f5es at\u00e9 setembro"},"content":{"rendered":"<p><em>AutoInd\u00fastria<\/em><\/p>\n<p>&nbsp;<\/p>\n<p>O bom desempenho do mercado interno compensou o recuo das exporta\u00e7\u00f5es da Marcopolo este ano, propiciando uma receita l\u00edquida consolidada de R$ 3,12 bilh\u00f5es no acumulado at\u00e9 setembro, valor 5,5% superior ao faturamento obtido no mesmo per\u00edodo do ano passado, que foi de R$ 2,95 bilh\u00f5es<\/p>\n<p>&nbsp;<\/p>\n<p>As vendas para o mercado brasileiro cresceram 16,9%, enquanto as exporta\u00e7\u00f5es ca\u00edram 22%, de R$ 888 milh\u00f5es para R$ 692,5 milh\u00f5es no mesmo comparativo. O lucro l\u00edquido, em contrapartida, foi 18,2% maior \u2013 R$ 140,7 milh\u00f5es contra R$ 119 milh\u00f5es.<\/p>\n<p>&nbsp;<\/p>\n<p>Jos\u00e9 Antonio Valiati, CFO e diretor de rela\u00e7\u00f5es com investidores da Marcopolo, diz que a empresa est\u00e1 atenta ao comportamento da demanda por \u00f4nibus no mercado brasileiro e continua com o seu foco em eleva\u00e7\u00e3o da competitividade, qualidade, seguran\u00e7a e redu\u00e7\u00e3o de custos.<\/p>\n<p>&nbsp;<\/p>\n<p>\u201cAp\u00f3s oito trimestres consecutivos de crescimento, a produ\u00e7\u00e3o brasileira de \u00f4nibus mostrou a primeira estabilidade em volumes absolutos no terceiro trimestre deste ano, o que n\u00e3o ocorria desde o terceiro trimestre de 2017. Interpretamos a pausa como um breve respiro frente a uma base comparativa forte estabelecida no mesmo per\u00edodo do ano passado e n\u00e3o como uma interrup\u00e7\u00e3o do processo de recupera\u00e7\u00e3o da demanda\u201d, avalia o executivo.<\/p>\n<p>&nbsp;<\/p>\n<p>Segundo o executivo, as perspectivas da companhia para o \u00faltimo trimestre do ano s\u00e3o positivas na medida em que a empresa elevou a sua produ\u00e7\u00e3o nas f\u00e1bricas brasileiras desde o in\u00edcio de outubro para melhor atender o mercado interno. O ambiente apresenta-se prop\u00edcio para a renova\u00e7\u00e3o de frotas e realiza\u00e7\u00e3o de investimentos em transporte p\u00fablico de qualidade, com a taxa b\u00e1sica de juros em seu menor n\u00edvel hist\u00f3rico, associada ao esperado crescimento econ\u00f4mico.\u00a0 Tamb\u00e9m h\u00e1 sinais favor\u00e1veis nas exporta\u00e7\u00f5es.<\/p>\n<p>&nbsp;<\/p>\n<p><strong>Urbanos e rodovi\u00e1rios<\/strong><\/p>\n<p>&nbsp;<\/p>\n<p>O segmento de urbanos segue crescendo internamente, com o mercado de S\u00e3o Paulo liderando a retomada como principal destino do modelo no Pa\u00eds. A produ\u00e7\u00e3o da Marcopolo nos nove meses foi de 4.798 unidades, ante as 4.883 no mesmo per\u00edodo de 2018, um recuo provocado pela redu\u00e7\u00e3o das exporta\u00e7\u00f5es.<\/p>\n<p>&nbsp;<\/p>\n<p>No segmento de rodovi\u00e1rios, houve retra\u00e7\u00e3o de 3,24% na produ\u00e7\u00e3o \u2013 3.105 unidades contra 3.209 do ano anterior \u2013 decorrente da forte base de compara\u00e7\u00e3o estabelecida no terceiro trimestre de 2018, gerada pela antecipa\u00e7\u00e3o de compras relativa \u00e0 entrada em vigor da norma de acessibilidade nesses modelos naquele per\u00edodo. Em micros houve leve crescimento dos volumes, com 1.870 unidades contra 1.828 unidades de janeiro a setembro de 2018.<\/p>\n<p>&nbsp;<\/p>\n<p>O destaque positivo ficou por conta da unidade de neg\u00f3cios Volare, marca l\u00edder nacional no segmento de ve\u00edculos at\u00e9 10 mil kg de PBT, que registrou crescimento de 11,1%, com 2.026 ve\u00edculos fabricados contra 1.824 no ano anterior.<\/p>\n<p>&nbsp;<\/p>\n<p>Nas unidades externas, os destaques positivos foram as controladas Marcopolo M\u00e9xico e Marcopolo Austr\u00e1lia. A unidade mexicana continua se beneficiando da maior produ\u00e7\u00e3o de rodovi\u00e1rios, enquanto a opera\u00e7\u00e3o australiana, ap\u00f3s reestrutura\u00e7\u00e3o realizada nos primeiros meses do ano, reverteu preju\u00edzo e reportou lucro de R$ 4,8 milh\u00f5es no terceiro trimestre. Entre as coligadas, o destaque continua com a Superpolo, mantendo as entregas para a renova\u00e7\u00e3o da frota de Bogot\u00e1, na Col\u00f4mbia. (AutoInd\u00fastria)<\/p>\n","protected":false},"excerpt":{"rendered":"<p>AutoInd\u00fastria &nbsp; O bom desempenho do mercado interno compensou o recuo das exporta\u00e7\u00f5es da Marcopolo este ano, propiciando uma receita l\u00edquida consolidada de R$ 3,12 bilh\u00f5es no acumulado at\u00e9 setembro, valor 5,5% superior ao faturamento obtido no mesmo per\u00edodo do ano passado, que foi de R$ 2,95 bilh\u00f5es &nbsp; As vendas para o mercado brasileiro\u2026 <a class=\"readmore\" href=\"https:\/\/dana.com.br\/canaldana\/2019\/11\/06\/marcopolo-fatura-mais-de-r-3-bilhoes-ate-setembro\/\">Leia mais \u00bb<\/a><\/p>\n","protected":false},"author":3,"featured_media":0,"comment_status":"closed","ping_status":"closed","sticky":false,"template":"","format":"standard","meta":{"_acf_changed":false,"footnotes":""},"categories":[61],"tags":[],"class_list":["post-38463","post","type-post","status-publish","format-standard","hentry","category-destaques"],"acf":[],"yoast_head":"<!-- This site is optimized with the Yoast SEO plugin v27.3 - https:\/\/yoast.com\/product\/yoast-seo-wordpress\/ -->\n<title>Marcopolo fatura mais de R$ 3 bilh\u00f5es at\u00e9 setembro - Canal Dana<\/title>\n<meta name=\"robots\" content=\"index, follow, max-snippet:-1, max-image-preview:large, max-video-preview:-1\" \/>\n<link rel=\"canonical\" href=\"https:\/\/dana.com.br\/canaldana\/2019\/11\/06\/marcopolo-fatura-mais-de-r-3-bilhoes-ate-setembro\/\" \/>\n<meta property=\"og:locale\" content=\"pt_BR\" \/>\n<meta property=\"og:type\" content=\"article\" \/>\n<meta property=\"og:title\" content=\"Marcopolo fatura mais de R$ 3 bilh\u00f5es at\u00e9 setembro - Canal Dana\" \/>\n<meta property=\"og:description\" content=\"AutoInd\u00fastria &nbsp; O bom desempenho do mercado interno compensou o recuo das exporta\u00e7\u00f5es da Marcopolo este ano, propiciando uma receita l\u00edquida consolidada de R$ 3,12 bilh\u00f5es no acumulado at\u00e9 setembro, valor 5,5% superior ao faturamento obtido no mesmo per\u00edodo do ano passado, que foi de R$ 2,95 bilh\u00f5es &nbsp; As vendas para o mercado brasileiro\u2026 Leia mais \u00bb\" \/>\n<meta property=\"og:url\" content=\"https:\/\/dana.com.br\/canaldana\/2019\/11\/06\/marcopolo-fatura-mais-de-r-3-bilhoes-ate-setembro\/\" \/>\n<meta property=\"og:site_name\" content=\"Canal Dana\" \/>\n<meta property=\"article:published_time\" content=\"2019-11-06T11:28:07+00:00\" \/>\n<meta name=\"author\" content=\"Canal Dana\" \/>\n<meta name=\"twitter:card\" content=\"summary_large_image\" \/>\n<meta name=\"twitter:label1\" content=\"Escrito por\" \/>\n\t<meta name=\"twitter:data1\" content=\"Canal Dana\" \/>\n\t<meta name=\"twitter:label2\" content=\"Est. tempo de leitura\" \/>\n\t<meta name=\"twitter:data2\" content=\"3 minutos\" \/>\n<script type=\"application\/ld+json\" class=\"yoast-schema-graph\">{\"@context\":\"https:\\\/\\\/schema.org\",\"@graph\":[{\"@type\":\"Article\",\"@id\":\"https:\\\/\\\/dana.com.br\\\/canaldana\\\/2019\\\/11\\\/06\\\/marcopolo-fatura-mais-de-r-3-bilhoes-ate-setembro\\\/#article\",\"isPartOf\":{\"@id\":\"https:\\\/\\\/dana.com.br\\\/canaldana\\\/2019\\\/11\\\/06\\\/marcopolo-fatura-mais-de-r-3-bilhoes-ate-setembro\\\/\"},\"author\":{\"name\":\"Canal Dana\",\"@id\":\"https:\\\/\\\/dana.com.br\\\/canaldana\\\/#\\\/schema\\\/person\\\/3c21f22f56fcf3bc46b94bc60ea4fef6\"},\"headline\":\"Marcopolo fatura mais de R$ 3 bilh\u00f5es at\u00e9 setembro\",\"datePublished\":\"2019-11-06T11:28:07+00:00\",\"mainEntityOfPage\":{\"@id\":\"https:\\\/\\\/dana.com.br\\\/canaldana\\\/2019\\\/11\\\/06\\\/marcopolo-fatura-mais-de-r-3-bilhoes-ate-setembro\\\/\"},\"wordCount\":562,\"articleSection\":[\"Destaques\"],\"inLanguage\":\"pt-BR\"},{\"@type\":\"WebPage\",\"@id\":\"https:\\\/\\\/dana.com.br\\\/canaldana\\\/2019\\\/11\\\/06\\\/marcopolo-fatura-mais-de-r-3-bilhoes-ate-setembro\\\/\",\"url\":\"https:\\\/\\\/dana.com.br\\\/canaldana\\\/2019\\\/11\\\/06\\\/marcopolo-fatura-mais-de-r-3-bilhoes-ate-setembro\\\/\",\"name\":\"Marcopolo fatura mais de R$ 3 bilh\u00f5es at\u00e9 setembro - Canal Dana\",\"isPartOf\":{\"@id\":\"https:\\\/\\\/dana.com.br\\\/canaldana\\\/#website\"},\"datePublished\":\"2019-11-06T11:28:07+00:00\",\"author\":{\"@id\":\"https:\\\/\\\/dana.com.br\\\/canaldana\\\/#\\\/schema\\\/person\\\/3c21f22f56fcf3bc46b94bc60ea4fef6\"},\"breadcrumb\":{\"@id\":\"https:\\\/\\\/dana.com.br\\\/canaldana\\\/2019\\\/11\\\/06\\\/marcopolo-fatura-mais-de-r-3-bilhoes-ate-setembro\\\/#breadcrumb\"},\"inLanguage\":\"pt-BR\",\"potentialAction\":[{\"@type\":\"ReadAction\",\"target\":[\"https:\\\/\\\/dana.com.br\\\/canaldana\\\/2019\\\/11\\\/06\\\/marcopolo-fatura-mais-de-r-3-bilhoes-ate-setembro\\\/\"]}]},{\"@type\":\"BreadcrumbList\",\"@id\":\"https:\\\/\\\/dana.com.br\\\/canaldana\\\/2019\\\/11\\\/06\\\/marcopolo-fatura-mais-de-r-3-bilhoes-ate-setembro\\\/#breadcrumb\",\"itemListElement\":[{\"@type\":\"ListItem\",\"position\":1,\"name\":\"Home\",\"item\":\"https:\\\/\\\/dana.com.br\\\/canaldana\\\/\"},{\"@type\":\"ListItem\",\"position\":2,\"name\":\"Destaques\",\"item\":\"https:\\\/\\\/dana.com.br\\\/canaldana\\\/destaques\\\/\"},{\"@type\":\"ListItem\",\"position\":3,\"name\":\"Marcopolo fatura mais de R$ 3 bilh\u00f5es at\u00e9 setembro\"}]},{\"@type\":\"WebSite\",\"@id\":\"https:\\\/\\\/dana.com.br\\\/canaldana\\\/#website\",\"url\":\"https:\\\/\\\/dana.com.br\\\/canaldana\\\/\",\"name\":\"Canal Dana\",\"description\":\"Informativo com as principais not\u00edcias da ind\u00fastria automotiva\",\"potentialAction\":[{\"@type\":\"SearchAction\",\"target\":{\"@type\":\"EntryPoint\",\"urlTemplate\":\"https:\\\/\\\/dana.com.br\\\/canaldana\\\/?s={search_term_string}\"},\"query-input\":{\"@type\":\"PropertyValueSpecification\",\"valueRequired\":true,\"valueName\":\"search_term_string\"}}],\"inLanguage\":\"pt-BR\"},{\"@type\":\"Person\",\"@id\":\"https:\\\/\\\/dana.com.br\\\/canaldana\\\/#\\\/schema\\\/person\\\/3c21f22f56fcf3bc46b94bc60ea4fef6\",\"name\":\"Canal Dana\",\"image\":{\"@type\":\"ImageObject\",\"inLanguage\":\"pt-BR\",\"@id\":\"https:\\\/\\\/secure.gravatar.com\\\/avatar\\\/420aaf9278582877d9018637c6817617705899d2858d7572ef0fe59a6b6454b4?s=96&d=mm&r=g\",\"url\":\"https:\\\/\\\/secure.gravatar.com\\\/avatar\\\/420aaf9278582877d9018637c6817617705899d2858d7572ef0fe59a6b6454b4?s=96&d=mm&r=g\",\"contentUrl\":\"https:\\\/\\\/secure.gravatar.com\\\/avatar\\\/420aaf9278582877d9018637c6817617705899d2858d7572ef0fe59a6b6454b4?s=96&d=mm&r=g\",\"caption\":\"Canal Dana\"},\"url\":\"https:\\\/\\\/dana.com.br\\\/canaldana\\\/author\\\/cdeditor\\\/\"}]}<\/script>\n<!-- \/ Yoast SEO plugin. -->","yoast_head_json":{"title":"Marcopolo fatura mais de R$ 3 bilh\u00f5es at\u00e9 setembro - Canal Dana","robots":{"index":"index","follow":"follow","max-snippet":"max-snippet:-1","max-image-preview":"max-image-preview:large","max-video-preview":"max-video-preview:-1"},"canonical":"https:\/\/dana.com.br\/canaldana\/2019\/11\/06\/marcopolo-fatura-mais-de-r-3-bilhoes-ate-setembro\/","og_locale":"pt_BR","og_type":"article","og_title":"Marcopolo fatura mais de R$ 3 bilh\u00f5es at\u00e9 setembro - Canal Dana","og_description":"AutoInd\u00fastria &nbsp; O bom desempenho do mercado interno compensou o recuo das exporta\u00e7\u00f5es da Marcopolo este ano, propiciando uma receita l\u00edquida consolidada de R$ 3,12 bilh\u00f5es no acumulado at\u00e9 setembro, valor 5,5% superior ao faturamento obtido no mesmo per\u00edodo do ano passado, que foi de R$ 2,95 bilh\u00f5es &nbsp; As vendas para o mercado brasileiro\u2026 Leia mais \u00bb","og_url":"https:\/\/dana.com.br\/canaldana\/2019\/11\/06\/marcopolo-fatura-mais-de-r-3-bilhoes-ate-setembro\/","og_site_name":"Canal Dana","article_published_time":"2019-11-06T11:28:07+00:00","author":"Canal Dana","twitter_card":"summary_large_image","twitter_misc":{"Escrito por":"Canal Dana","Est. tempo de leitura":"3 minutos"},"schema":{"@context":"https:\/\/schema.org","@graph":[{"@type":"Article","@id":"https:\/\/dana.com.br\/canaldana\/2019\/11\/06\/marcopolo-fatura-mais-de-r-3-bilhoes-ate-setembro\/#article","isPartOf":{"@id":"https:\/\/dana.com.br\/canaldana\/2019\/11\/06\/marcopolo-fatura-mais-de-r-3-bilhoes-ate-setembro\/"},"author":{"name":"Canal Dana","@id":"https:\/\/dana.com.br\/canaldana\/#\/schema\/person\/3c21f22f56fcf3bc46b94bc60ea4fef6"},"headline":"Marcopolo fatura mais de R$ 3 bilh\u00f5es at\u00e9 setembro","datePublished":"2019-11-06T11:28:07+00:00","mainEntityOfPage":{"@id":"https:\/\/dana.com.br\/canaldana\/2019\/11\/06\/marcopolo-fatura-mais-de-r-3-bilhoes-ate-setembro\/"},"wordCount":562,"articleSection":["Destaques"],"inLanguage":"pt-BR"},{"@type":"WebPage","@id":"https:\/\/dana.com.br\/canaldana\/2019\/11\/06\/marcopolo-fatura-mais-de-r-3-bilhoes-ate-setembro\/","url":"https:\/\/dana.com.br\/canaldana\/2019\/11\/06\/marcopolo-fatura-mais-de-r-3-bilhoes-ate-setembro\/","name":"Marcopolo fatura mais de R$ 3 bilh\u00f5es at\u00e9 setembro - Canal Dana","isPartOf":{"@id":"https:\/\/dana.com.br\/canaldana\/#website"},"datePublished":"2019-11-06T11:28:07+00:00","author":{"@id":"https:\/\/dana.com.br\/canaldana\/#\/schema\/person\/3c21f22f56fcf3bc46b94bc60ea4fef6"},"breadcrumb":{"@id":"https:\/\/dana.com.br\/canaldana\/2019\/11\/06\/marcopolo-fatura-mais-de-r-3-bilhoes-ate-setembro\/#breadcrumb"},"inLanguage":"pt-BR","potentialAction":[{"@type":"ReadAction","target":["https:\/\/dana.com.br\/canaldana\/2019\/11\/06\/marcopolo-fatura-mais-de-r-3-bilhoes-ate-setembro\/"]}]},{"@type":"BreadcrumbList","@id":"https:\/\/dana.com.br\/canaldana\/2019\/11\/06\/marcopolo-fatura-mais-de-r-3-bilhoes-ate-setembro\/#breadcrumb","itemListElement":[{"@type":"ListItem","position":1,"name":"Home","item":"https:\/\/dana.com.br\/canaldana\/"},{"@type":"ListItem","position":2,"name":"Destaques","item":"https:\/\/dana.com.br\/canaldana\/destaques\/"},{"@type":"ListItem","position":3,"name":"Marcopolo fatura mais de R$ 3 bilh\u00f5es at\u00e9 setembro"}]},{"@type":"WebSite","@id":"https:\/\/dana.com.br\/canaldana\/#website","url":"https:\/\/dana.com.br\/canaldana\/","name":"Canal Dana","description":"Informativo com as principais not\u00edcias da ind\u00fastria automotiva","potentialAction":[{"@type":"SearchAction","target":{"@type":"EntryPoint","urlTemplate":"https:\/\/dana.com.br\/canaldana\/?s={search_term_string}"},"query-input":{"@type":"PropertyValueSpecification","valueRequired":true,"valueName":"search_term_string"}}],"inLanguage":"pt-BR"},{"@type":"Person","@id":"https:\/\/dana.com.br\/canaldana\/#\/schema\/person\/3c21f22f56fcf3bc46b94bc60ea4fef6","name":"Canal Dana","image":{"@type":"ImageObject","inLanguage":"pt-BR","@id":"https:\/\/secure.gravatar.com\/avatar\/420aaf9278582877d9018637c6817617705899d2858d7572ef0fe59a6b6454b4?s=96&d=mm&r=g","url":"https:\/\/secure.gravatar.com\/avatar\/420aaf9278582877d9018637c6817617705899d2858d7572ef0fe59a6b6454b4?s=96&d=mm&r=g","contentUrl":"https:\/\/secure.gravatar.com\/avatar\/420aaf9278582877d9018637c6817617705899d2858d7572ef0fe59a6b6454b4?s=96&d=mm&r=g","caption":"Canal Dana"},"url":"https:\/\/dana.com.br\/canaldana\/author\/cdeditor\/"}]}},"_links":{"self":[{"href":"https:\/\/dana.com.br\/canaldana\/wp-json\/wp\/v2\/posts\/38463","targetHints":{"allow":["GET"]}}],"collection":[{"href":"https:\/\/dana.com.br\/canaldana\/wp-json\/wp\/v2\/posts"}],"about":[{"href":"https:\/\/dana.com.br\/canaldana\/wp-json\/wp\/v2\/types\/post"}],"author":[{"embeddable":true,"href":"https:\/\/dana.com.br\/canaldana\/wp-json\/wp\/v2\/users\/3"}],"replies":[{"embeddable":true,"href":"https:\/\/dana.com.br\/canaldana\/wp-json\/wp\/v2\/comments?post=38463"}],"version-history":[{"count":0,"href":"https:\/\/dana.com.br\/canaldana\/wp-json\/wp\/v2\/posts\/38463\/revisions"}],"wp:attachment":[{"href":"https:\/\/dana.com.br\/canaldana\/wp-json\/wp\/v2\/media?parent=38463"}],"wp:term":[{"taxonomy":"category","embeddable":true,"href":"https:\/\/dana.com.br\/canaldana\/wp-json\/wp\/v2\/categories?post=38463"},{"taxonomy":"post_tag","embeddable":true,"href":"https:\/\/dana.com.br\/canaldana\/wp-json\/wp\/v2\/tags?post=38463"}],"curies":[{"name":"wp","href":"https:\/\/api.w.org\/{rel}","templated":true}]}}