{"id":38397,"date":"2019-11-05T08:14:30","date_gmt":"2019-11-05T11:14:30","guid":{"rendered":"https:\/\/dana.com.br\/canaldana\/?p=38397"},"modified":"2019-11-05T08:14:30","modified_gmt":"2019-11-05T11:14:30","slug":"a-economia-reage","status":"publish","type":"post","link":"https:\/\/dana.com.br\/canaldana\/2019\/11\/05\/a-economia-reage\/","title":{"rendered":"A economia reage"},"content":{"rendered":"<p><em>O Estado de S. Paulo<\/em><\/p>\n<p>&nbsp;<\/p>\n<p>Sinais positivos come\u00e7am a aparecer na economia, mas o ambiente continua marcado pelo mau desempenho da maior parte do setor industrial e pela desocupa\u00e7\u00e3o ainda muito alta.<\/p>\n<p>&nbsp;<\/p>\n<p>Sinais positivos come\u00e7am a aparecer na economia, com a reanima\u00e7\u00e3o da ind\u00fastria imobili\u00e1ria, juros menores e a expectativa de mais consumo e mais contrata\u00e7\u00f5es no com\u00e9rcio para as vendas de fim de ano, mas o ambiente continua marcado pelo mau desempenho da maior parte do setor industrial e pela desocupa\u00e7\u00e3o ainda muito alta. O maior vigor da constru\u00e7\u00e3o \u00e9 especialmente importante por seu potencial de emprego e por sua irradia\u00e7\u00e3o de est\u00edmulos a v\u00e1rios outros segmentos, como a siderurgia, as ind\u00fastrias de cimento e de pl\u00e1sticos e as f\u00e1bricas de materiais hidr\u00e1ulicos e el\u00e9tricos para obras civis. Desde julho, seis construtoras e incorporadoras captaram R$ 3,8 bilh\u00f5es no mercado acion\u00e1rio e est\u00e3o previstos lan\u00e7amentos de a\u00e7\u00f5es de outras empresas, segundo informou reportagem do Estado na edi\u00e7\u00e3o de domingo.<\/p>\n<p>&nbsp;<\/p>\n<p>A constru\u00e7\u00e3o civil, um dos \u00faltimos segmentos empresariais a se recuperar da recess\u00e3o, voltou a mostrar vitalidade neste ano. Nos 12 meses at\u00e9 setembro foram vendidas na cidade de S\u00e3o Paulo 42.351 resid\u00eancias, n\u00famero 46,6% maior que o do per\u00edodo imediatamente anterior, segundo o Secovi, o sindicato da habita\u00e7\u00e3o. As 4.055 unidades comercializadas em setembro superaram por 108,7% o total vendido em igual m\u00eas do ano passado.<\/p>\n<p>&nbsp;<\/p>\n<p>A retomada da constru\u00e7\u00e3o, no entanto, est\u00e1 concentrada em S\u00e3o Paulo. Al\u00e9m disso, uma recupera\u00e7\u00e3o mais firme do setor depender\u00e1 de investimentos em infraestrutura, como observou a economista Ana Maria Castelo, da Funda\u00e7\u00e3o Get\u00falio Vargas, citada na reportagem de domingo. De toda forma, foi dado um primeiro impulso \u00e0 constru\u00e7\u00e3o.<\/p>\n<p>&nbsp;<\/p>\n<p>Vendas de fim de ano mais animadas que as de 2018 est\u00e3o nas apostas da Confedera\u00e7\u00e3o Nacional do Com\u00e9rcio de Bens, Servi\u00e7os e Turismo (CNC). Segundo as \u00faltimas proje\u00e7\u00f5es, as vendas de Natal devem ser 4,8% maiores que as de 2018. Infla\u00e7\u00e3o baixa, prazos maiores de financiamento e medidas de est\u00edmulo ao consumo devem favorecer as vendas e incentivar o maior n\u00famero de contrata\u00e7\u00f5es tempor\u00e1rias desde 2013, de acordo com os economistas da confedera\u00e7\u00e3o.<\/p>\n<p>&nbsp;<\/p>\n<p>Eles demonstram otimismo quanto aos efeitos da libera\u00e7\u00e3o, iniciada em setembro, de recursos do Fundo de Garantia do Tempo de Servi\u00e7o (FGTS) e do PIS-Pasep.<\/p>\n<p>&nbsp;<\/p>\n<p>Um dos efeitos, afirmam, dever\u00e1 ser a contrata\u00e7\u00e3o tempor\u00e1ria de 91 mil trabalhadores, contingente 4% maior que o do ano anterior. At\u00e9 o in\u00edcio da recess\u00e3o, lembram os analistas da CNC, mais de 20% das vagas eram ocupadas at\u00e9 outubro e as contrata\u00e7\u00f5es terminavam no m\u00eas seguinte. Nos \u00faltimos tr\u00eas anos, 15% das vagas, no m\u00e1ximo, t\u00eam sido preenchidas naquele per\u00edodo.<\/p>\n<p>&nbsp;<\/p>\n<p>Tamb\u00e9m economistas do setor financeiro e das principais consultorias t\u00eam elevado suas proje\u00e7\u00f5es para o crescimento econ\u00f4mico deste ano. O crescimento estimado subiu de 0,87% h\u00e1 quatro semanas para 0,91% e depois para 0,92%, n\u00famero registrado no boletim Focus divulgado ontem pelo Banco Central (BC).<\/p>\n<p>&nbsp;<\/p>\n<p>Mas a melhora de expectativa quanto ao crescimento econ\u00f4mico ficou por a\u00ed. Para 2020 foi mantida a proje\u00e7\u00e3o de 2%, em linha com as perspectivas afirmadas pelo pr\u00f3prio governo. Para 2021 e 2022 foi mantida a estimativa de expans\u00e3o anual de 2,50%, considerada compat\u00edvel com o potencial de crescimento do Brasil.<\/p>\n<p>&nbsp;<\/p>\n<p>N\u00e3o se incluem nas previs\u00f5es, portanto, expectativas quanto \u00e0 eleva\u00e7\u00e3o do potencial produtivo do Pa\u00eds. Os analistas do mercado continuam \u2013 como seus parceiros das institui\u00e7\u00f5es multilaterais \u2013 \u00e0 espera de novos avan\u00e7os no programa de ajustes e reformas e de reativa\u00e7\u00e3o dos investimentos em infraestrutura.<\/p>\n<p>&nbsp;<\/p>\n<p>A contribui\u00e7\u00e3o da maior parte da ind\u00fastria para a dinamiza\u00e7\u00e3o da economia deve continuar muito pobre, segundo as previs\u00f5es. A produ\u00e7\u00e3o industrial cresceu 0,3% de agosto para setembro, mas o resultado acumulado no ano foi 1,4% inferior ao dos nove meses correspondentes de 2018. Segundo o mercado, o produto industrial deve ser neste ano 0,73% menor que no ano passado. Para 2020 a proje\u00e7\u00e3o recuou de 2,10% para 2,06%. Falta alguma coisa para o modesto otimismo observado em alguns setores virar uma epidemia. (O Estado de S. Paulo)<\/p>\n","protected":false},"excerpt":{"rendered":"<p>O Estado de S. Paulo &nbsp; Sinais positivos come\u00e7am a aparecer na economia, mas o ambiente continua marcado pelo mau desempenho da maior parte do setor industrial e pela desocupa\u00e7\u00e3o ainda muito alta. &nbsp; Sinais positivos come\u00e7am a aparecer na economia, com a reanima\u00e7\u00e3o da ind\u00fastria imobili\u00e1ria, juros menores e a expectativa de mais consumo\u2026 <a class=\"readmore\" href=\"https:\/\/dana.com.br\/canaldana\/2019\/11\/05\/a-economia-reage\/\">Leia mais \u00bb<\/a><\/p>\n","protected":false},"author":3,"featured_media":0,"comment_status":"closed","ping_status":"closed","sticky":false,"template":"","format":"standard","meta":{"_acf_changed":false,"footnotes":""},"categories":[100],"tags":[],"class_list":["post-38397","post","type-post","status-publish","format-standard","hentry","category-artigo"],"acf":[],"yoast_head":"<!-- This site is optimized with the Yoast SEO plugin v27.3 - https:\/\/yoast.com\/product\/yoast-seo-wordpress\/ -->\n<title>A economia reage - Canal Dana<\/title>\n<meta name=\"robots\" content=\"index, follow, max-snippet:-1, max-image-preview:large, max-video-preview:-1\" \/>\n<link rel=\"canonical\" href=\"https:\/\/dana.com.br\/canaldana\/2019\/11\/05\/a-economia-reage\/\" \/>\n<meta property=\"og:locale\" content=\"pt_BR\" \/>\n<meta property=\"og:type\" content=\"article\" \/>\n<meta property=\"og:title\" content=\"A economia reage - Canal Dana\" \/>\n<meta property=\"og:description\" content=\"O Estado de S. Paulo &nbsp; Sinais positivos come\u00e7am a aparecer na economia, mas o ambiente continua marcado pelo mau desempenho da maior parte do setor industrial e pela desocupa\u00e7\u00e3o ainda muito alta. &nbsp; Sinais positivos come\u00e7am a aparecer na economia, com a reanima\u00e7\u00e3o da ind\u00fastria imobili\u00e1ria, juros menores e a expectativa de mais consumo\u2026 Leia mais \u00bb\" \/>\n<meta property=\"og:url\" content=\"https:\/\/dana.com.br\/canaldana\/2019\/11\/05\/a-economia-reage\/\" \/>\n<meta property=\"og:site_name\" content=\"Canal Dana\" \/>\n<meta property=\"article:published_time\" content=\"2019-11-05T11:14:30+00:00\" \/>\n<meta name=\"author\" content=\"Canal Dana\" \/>\n<meta name=\"twitter:card\" content=\"summary_large_image\" \/>\n<meta name=\"twitter:label1\" content=\"Escrito por\" \/>\n\t<meta name=\"twitter:data1\" content=\"Canal Dana\" \/>\n\t<meta name=\"twitter:label2\" content=\"Est. tempo de leitura\" \/>\n\t<meta name=\"twitter:data2\" content=\"4 minutos\" \/>\n<script type=\"application\/ld+json\" class=\"yoast-schema-graph\">{\"@context\":\"https:\\\/\\\/schema.org\",\"@graph\":[{\"@type\":\"Article\",\"@id\":\"https:\\\/\\\/dana.com.br\\\/canaldana\\\/2019\\\/11\\\/05\\\/a-economia-reage\\\/#article\",\"isPartOf\":{\"@id\":\"https:\\\/\\\/dana.com.br\\\/canaldana\\\/2019\\\/11\\\/05\\\/a-economia-reage\\\/\"},\"author\":{\"name\":\"Canal Dana\",\"@id\":\"https:\\\/\\\/dana.com.br\\\/canaldana\\\/#\\\/schema\\\/person\\\/3c21f22f56fcf3bc46b94bc60ea4fef6\"},\"headline\":\"A economia reage\",\"datePublished\":\"2019-11-05T11:14:30+00:00\",\"mainEntityOfPage\":{\"@id\":\"https:\\\/\\\/dana.com.br\\\/canaldana\\\/2019\\\/11\\\/05\\\/a-economia-reage\\\/\"},\"wordCount\":731,\"articleSection\":[\"Artigo\"],\"inLanguage\":\"pt-BR\"},{\"@type\":\"WebPage\",\"@id\":\"https:\\\/\\\/dana.com.br\\\/canaldana\\\/2019\\\/11\\\/05\\\/a-economia-reage\\\/\",\"url\":\"https:\\\/\\\/dana.com.br\\\/canaldana\\\/2019\\\/11\\\/05\\\/a-economia-reage\\\/\",\"name\":\"A economia reage - Canal Dana\",\"isPartOf\":{\"@id\":\"https:\\\/\\\/dana.com.br\\\/canaldana\\\/#website\"},\"datePublished\":\"2019-11-05T11:14:30+00:00\",\"author\":{\"@id\":\"https:\\\/\\\/dana.com.br\\\/canaldana\\\/#\\\/schema\\\/person\\\/3c21f22f56fcf3bc46b94bc60ea4fef6\"},\"breadcrumb\":{\"@id\":\"https:\\\/\\\/dana.com.br\\\/canaldana\\\/2019\\\/11\\\/05\\\/a-economia-reage\\\/#breadcrumb\"},\"inLanguage\":\"pt-BR\",\"potentialAction\":[{\"@type\":\"ReadAction\",\"target\":[\"https:\\\/\\\/dana.com.br\\\/canaldana\\\/2019\\\/11\\\/05\\\/a-economia-reage\\\/\"]}]},{\"@type\":\"BreadcrumbList\",\"@id\":\"https:\\\/\\\/dana.com.br\\\/canaldana\\\/2019\\\/11\\\/05\\\/a-economia-reage\\\/#breadcrumb\",\"itemListElement\":[{\"@type\":\"ListItem\",\"position\":1,\"name\":\"Home\",\"item\":\"https:\\\/\\\/dana.com.br\\\/canaldana\\\/\"},{\"@type\":\"ListItem\",\"position\":2,\"name\":\"Artigo\",\"item\":\"https:\\\/\\\/dana.com.br\\\/canaldana\\\/artigo\\\/\"},{\"@type\":\"ListItem\",\"position\":3,\"name\":\"A economia reage\"}]},{\"@type\":\"WebSite\",\"@id\":\"https:\\\/\\\/dana.com.br\\\/canaldana\\\/#website\",\"url\":\"https:\\\/\\\/dana.com.br\\\/canaldana\\\/\",\"name\":\"Canal Dana\",\"description\":\"Informativo com as principais not\u00edcias da ind\u00fastria automotiva\",\"potentialAction\":[{\"@type\":\"SearchAction\",\"target\":{\"@type\":\"EntryPoint\",\"urlTemplate\":\"https:\\\/\\\/dana.com.br\\\/canaldana\\\/?s={search_term_string}\"},\"query-input\":{\"@type\":\"PropertyValueSpecification\",\"valueRequired\":true,\"valueName\":\"search_term_string\"}}],\"inLanguage\":\"pt-BR\"},{\"@type\":\"Person\",\"@id\":\"https:\\\/\\\/dana.com.br\\\/canaldana\\\/#\\\/schema\\\/person\\\/3c21f22f56fcf3bc46b94bc60ea4fef6\",\"name\":\"Canal Dana\",\"image\":{\"@type\":\"ImageObject\",\"inLanguage\":\"pt-BR\",\"@id\":\"https:\\\/\\\/secure.gravatar.com\\\/avatar\\\/420aaf9278582877d9018637c6817617705899d2858d7572ef0fe59a6b6454b4?s=96&d=mm&r=g\",\"url\":\"https:\\\/\\\/secure.gravatar.com\\\/avatar\\\/420aaf9278582877d9018637c6817617705899d2858d7572ef0fe59a6b6454b4?s=96&d=mm&r=g\",\"contentUrl\":\"https:\\\/\\\/secure.gravatar.com\\\/avatar\\\/420aaf9278582877d9018637c6817617705899d2858d7572ef0fe59a6b6454b4?s=96&d=mm&r=g\",\"caption\":\"Canal Dana\"},\"url\":\"https:\\\/\\\/dana.com.br\\\/canaldana\\\/author\\\/cdeditor\\\/\"}]}<\/script>\n<!-- \/ Yoast SEO plugin. -->","yoast_head_json":{"title":"A economia reage - Canal Dana","robots":{"index":"index","follow":"follow","max-snippet":"max-snippet:-1","max-image-preview":"max-image-preview:large","max-video-preview":"max-video-preview:-1"},"canonical":"https:\/\/dana.com.br\/canaldana\/2019\/11\/05\/a-economia-reage\/","og_locale":"pt_BR","og_type":"article","og_title":"A economia reage - Canal Dana","og_description":"O Estado de S. Paulo &nbsp; Sinais positivos come\u00e7am a aparecer na economia, mas o ambiente continua marcado pelo mau desempenho da maior parte do setor industrial e pela desocupa\u00e7\u00e3o ainda muito alta. &nbsp; Sinais positivos come\u00e7am a aparecer na economia, com a reanima\u00e7\u00e3o da ind\u00fastria imobili\u00e1ria, juros menores e a expectativa de mais consumo\u2026 Leia mais \u00bb","og_url":"https:\/\/dana.com.br\/canaldana\/2019\/11\/05\/a-economia-reage\/","og_site_name":"Canal Dana","article_published_time":"2019-11-05T11:14:30+00:00","author":"Canal Dana","twitter_card":"summary_large_image","twitter_misc":{"Escrito por":"Canal Dana","Est. tempo de leitura":"4 minutos"},"schema":{"@context":"https:\/\/schema.org","@graph":[{"@type":"Article","@id":"https:\/\/dana.com.br\/canaldana\/2019\/11\/05\/a-economia-reage\/#article","isPartOf":{"@id":"https:\/\/dana.com.br\/canaldana\/2019\/11\/05\/a-economia-reage\/"},"author":{"name":"Canal Dana","@id":"https:\/\/dana.com.br\/canaldana\/#\/schema\/person\/3c21f22f56fcf3bc46b94bc60ea4fef6"},"headline":"A economia reage","datePublished":"2019-11-05T11:14:30+00:00","mainEntityOfPage":{"@id":"https:\/\/dana.com.br\/canaldana\/2019\/11\/05\/a-economia-reage\/"},"wordCount":731,"articleSection":["Artigo"],"inLanguage":"pt-BR"},{"@type":"WebPage","@id":"https:\/\/dana.com.br\/canaldana\/2019\/11\/05\/a-economia-reage\/","url":"https:\/\/dana.com.br\/canaldana\/2019\/11\/05\/a-economia-reage\/","name":"A economia reage - Canal Dana","isPartOf":{"@id":"https:\/\/dana.com.br\/canaldana\/#website"},"datePublished":"2019-11-05T11:14:30+00:00","author":{"@id":"https:\/\/dana.com.br\/canaldana\/#\/schema\/person\/3c21f22f56fcf3bc46b94bc60ea4fef6"},"breadcrumb":{"@id":"https:\/\/dana.com.br\/canaldana\/2019\/11\/05\/a-economia-reage\/#breadcrumb"},"inLanguage":"pt-BR","potentialAction":[{"@type":"ReadAction","target":["https:\/\/dana.com.br\/canaldana\/2019\/11\/05\/a-economia-reage\/"]}]},{"@type":"BreadcrumbList","@id":"https:\/\/dana.com.br\/canaldana\/2019\/11\/05\/a-economia-reage\/#breadcrumb","itemListElement":[{"@type":"ListItem","position":1,"name":"Home","item":"https:\/\/dana.com.br\/canaldana\/"},{"@type":"ListItem","position":2,"name":"Artigo","item":"https:\/\/dana.com.br\/canaldana\/artigo\/"},{"@type":"ListItem","position":3,"name":"A economia reage"}]},{"@type":"WebSite","@id":"https:\/\/dana.com.br\/canaldana\/#website","url":"https:\/\/dana.com.br\/canaldana\/","name":"Canal Dana","description":"Informativo com as principais not\u00edcias da ind\u00fastria automotiva","potentialAction":[{"@type":"SearchAction","target":{"@type":"EntryPoint","urlTemplate":"https:\/\/dana.com.br\/canaldana\/?s={search_term_string}"},"query-input":{"@type":"PropertyValueSpecification","valueRequired":true,"valueName":"search_term_string"}}],"inLanguage":"pt-BR"},{"@type":"Person","@id":"https:\/\/dana.com.br\/canaldana\/#\/schema\/person\/3c21f22f56fcf3bc46b94bc60ea4fef6","name":"Canal Dana","image":{"@type":"ImageObject","inLanguage":"pt-BR","@id":"https:\/\/secure.gravatar.com\/avatar\/420aaf9278582877d9018637c6817617705899d2858d7572ef0fe59a6b6454b4?s=96&d=mm&r=g","url":"https:\/\/secure.gravatar.com\/avatar\/420aaf9278582877d9018637c6817617705899d2858d7572ef0fe59a6b6454b4?s=96&d=mm&r=g","contentUrl":"https:\/\/secure.gravatar.com\/avatar\/420aaf9278582877d9018637c6817617705899d2858d7572ef0fe59a6b6454b4?s=96&d=mm&r=g","caption":"Canal Dana"},"url":"https:\/\/dana.com.br\/canaldana\/author\/cdeditor\/"}]}},"_links":{"self":[{"href":"https:\/\/dana.com.br\/canaldana\/wp-json\/wp\/v2\/posts\/38397","targetHints":{"allow":["GET"]}}],"collection":[{"href":"https:\/\/dana.com.br\/canaldana\/wp-json\/wp\/v2\/posts"}],"about":[{"href":"https:\/\/dana.com.br\/canaldana\/wp-json\/wp\/v2\/types\/post"}],"author":[{"embeddable":true,"href":"https:\/\/dana.com.br\/canaldana\/wp-json\/wp\/v2\/users\/3"}],"replies":[{"embeddable":true,"href":"https:\/\/dana.com.br\/canaldana\/wp-json\/wp\/v2\/comments?post=38397"}],"version-history":[{"count":0,"href":"https:\/\/dana.com.br\/canaldana\/wp-json\/wp\/v2\/posts\/38397\/revisions"}],"wp:attachment":[{"href":"https:\/\/dana.com.br\/canaldana\/wp-json\/wp\/v2\/media?parent=38397"}],"wp:term":[{"taxonomy":"category","embeddable":true,"href":"https:\/\/dana.com.br\/canaldana\/wp-json\/wp\/v2\/categories?post=38397"},{"taxonomy":"post_tag","embeddable":true,"href":"https:\/\/dana.com.br\/canaldana\/wp-json\/wp\/v2\/tags?post=38397"}],"curies":[{"name":"wp","href":"https:\/\/api.w.org\/{rel}","templated":true}]}}