{"id":38395,"date":"2019-11-05T08:14:05","date_gmt":"2019-11-05T11:14:05","guid":{"rendered":"https:\/\/dana.com.br\/canaldana\/?p=38395"},"modified":"2019-11-05T08:14:05","modified_gmt":"2019-11-05T11:14:05","slug":"acentuam-se-as-dificuldades-das-exportacoes","status":"publish","type":"post","link":"https:\/\/dana.com.br\/canaldana\/2019\/11\/05\/acentuam-se-as-dificuldades-das-exportacoes\/","title":{"rendered":"Acentuam-se as dificuldades das exporta\u00e7\u00f5es"},"content":{"rendered":"<p><em>O Estado de S. Paulo <\/em><\/p>\n<p>&nbsp;<\/p>\n<p>Outubro foi n\u00e3o apenas um m\u00eas insatisfat\u00f3rio para o com\u00e9rcio exterior do Pa\u00eds, como exp\u00f4s as dificuldades enfrentadas pelos exportadores. Evid\u00eancia disso \u00e9 que chegou a haver d\u00e9ficit na balan\u00e7a comercial (diferen\u00e7a entre exporta\u00e7\u00f5es e importa\u00e7\u00f5es) na terceira semana do m\u00eas.<\/p>\n<p>&nbsp;<\/p>\n<p>O super\u00e1vit comercial mensal atingiu US$ 1,2 bilh\u00e3o e foi de US$ 34,8 bilh\u00f5es nos primeiros dez meses de 2019, mas, aos poucos, perde import\u00e2ncia para o financiamento do balan\u00e7o de pagamentos. Entre janeiro e setembro de 2019, o d\u00e9ficit em transa\u00e7\u00f5es correntes de US$ 34,1 bilh\u00f5es quase dobrou em rela\u00e7\u00e3o aos US$ 18,6 bilh\u00f5es observados em igual per\u00edodo de 2018, influenciado pela balan\u00e7a comercial declinante.<\/p>\n<p>&nbsp;<\/p>\n<p>A piora do com\u00e9rcio exterior se deve, em primeiro lugar, \u00e0 fraqueza do com\u00e9rcio global de bens e mercadorias, que dever\u00e1 crescer apenas 1,2% neste ano, calcula a Organiza\u00e7\u00e3o Mundial do Com\u00e9rcio. Isso significa uma quase estagna\u00e7\u00e3o, que decorre, entre outros fatores, dos conflitos entre os Estados Unidos e a China, do crescimento mais lento da economia global e da queda dos pre\u00e7os do petr\u00f3leo.<\/p>\n<p>&nbsp;<\/p>\n<p>Como grande exportador de commodities, o Brasil \u00e9 muito afetado pelas oscila\u00e7\u00f5es de pre\u00e7o de produtos como a soja e o petr\u00f3leo. Ademais, entre outubro de 2018 e outubro de 2019 as vendas de manufaturados ca\u00edram 26,5%. A m\u00e9dia di\u00e1ria de exporta\u00e7\u00f5es (melhor crit\u00e9rio para medir a pujan\u00e7a das vendas ao exterior) foi de US$ 792,7 milh\u00f5es em outubro, pior resultado do ano. O efeito sobre o super\u00e1vit \u00e9 agravado porque as importa\u00e7\u00f5es est\u00e3o quase est\u00e1veis.<\/p>\n<p>&nbsp;<\/p>\n<p>Ante a perda de tra\u00e7\u00e3o das exporta\u00e7\u00f5es, cai a corrente de com\u00e9rcio (soma das exporta\u00e7\u00f5es e das importa\u00e7\u00f5es), exibindo a abertura insatisfat\u00f3ria da economia. Nos primeiros dez meses de 2019, a corrente de com\u00e9rcio atingiu US$ 336 bilh\u00f5es, queda de 5% em rela\u00e7\u00e3o a igual per\u00edodo do ano passado.<\/p>\n<p>&nbsp;<\/p>\n<p>A fraqueza das exporta\u00e7\u00f5es afeta a economia, dada a import\u00e2ncia das vendas externas para a produ\u00e7\u00e3o, o emprego e a renda. O Brasil tem dificuldade para superar os obst\u00e1culos globais ao com\u00e9rcio exterior, o que exigiria redu\u00e7\u00e3o dos custos de exporta\u00e7\u00e3o por meio de oferta de infraestrutura adequada, maior liberaliza\u00e7\u00e3o do com\u00e9rcio e avan\u00e7os nas esferas tribut\u00e1ria e aduaneira. A \u00eanfase nas exporta\u00e7\u00f5es, por seus benef\u00edcios, deveria ser um dos grandes objetivos nacionais. (O Estado de S. Paulo)<\/p>\n","protected":false},"excerpt":{"rendered":"<p>O Estado de S. Paulo &nbsp; Outubro foi n\u00e3o apenas um m\u00eas insatisfat\u00f3rio para o com\u00e9rcio exterior do Pa\u00eds, como exp\u00f4s as dificuldades enfrentadas pelos exportadores. Evid\u00eancia disso \u00e9 que chegou a haver d\u00e9ficit na balan\u00e7a comercial (diferen\u00e7a entre exporta\u00e7\u00f5es e importa\u00e7\u00f5es) na terceira semana do m\u00eas. &nbsp; O super\u00e1vit comercial mensal atingiu US$ 1,2\u2026 <a class=\"readmore\" href=\"https:\/\/dana.com.br\/canaldana\/2019\/11\/05\/acentuam-se-as-dificuldades-das-exportacoes\/\">Leia mais \u00bb<\/a><\/p>\n","protected":false},"author":3,"featured_media":0,"comment_status":"closed","ping_status":"closed","sticky":false,"template":"","format":"standard","meta":{"_acf_changed":false,"footnotes":""},"categories":[100],"tags":[],"class_list":["post-38395","post","type-post","status-publish","format-standard","hentry","category-artigo"],"acf":[],"yoast_head":"<!-- This site is optimized with the Yoast SEO plugin v27.3 - https:\/\/yoast.com\/product\/yoast-seo-wordpress\/ -->\n<title>Acentuam-se as dificuldades das exporta\u00e7\u00f5es - Canal Dana<\/title>\n<meta name=\"robots\" content=\"index, follow, max-snippet:-1, max-image-preview:large, max-video-preview:-1\" \/>\n<link rel=\"canonical\" href=\"https:\/\/dana.com.br\/canaldana\/2019\/11\/05\/acentuam-se-as-dificuldades-das-exportacoes\/\" \/>\n<meta property=\"og:locale\" content=\"pt_BR\" \/>\n<meta property=\"og:type\" content=\"article\" \/>\n<meta property=\"og:title\" content=\"Acentuam-se as dificuldades das exporta\u00e7\u00f5es - Canal Dana\" \/>\n<meta property=\"og:description\" content=\"O Estado de S. Paulo &nbsp; Outubro foi n\u00e3o apenas um m\u00eas insatisfat\u00f3rio para o com\u00e9rcio exterior do Pa\u00eds, como exp\u00f4s as dificuldades enfrentadas pelos exportadores. Evid\u00eancia disso \u00e9 que chegou a haver d\u00e9ficit na balan\u00e7a comercial (diferen\u00e7a entre exporta\u00e7\u00f5es e importa\u00e7\u00f5es) na terceira semana do m\u00eas. &nbsp; O super\u00e1vit comercial mensal atingiu US$ 1,2\u2026 Leia mais \u00bb\" \/>\n<meta property=\"og:url\" content=\"https:\/\/dana.com.br\/canaldana\/2019\/11\/05\/acentuam-se-as-dificuldades-das-exportacoes\/\" \/>\n<meta property=\"og:site_name\" content=\"Canal Dana\" \/>\n<meta property=\"article:published_time\" content=\"2019-11-05T11:14:05+00:00\" \/>\n<meta name=\"author\" content=\"Canal Dana\" \/>\n<meta name=\"twitter:card\" content=\"summary_large_image\" \/>\n<meta name=\"twitter:label1\" content=\"Escrito por\" \/>\n\t<meta name=\"twitter:data1\" content=\"Canal Dana\" \/>\n\t<meta name=\"twitter:label2\" content=\"Est. tempo de leitura\" \/>\n\t<meta name=\"twitter:data2\" content=\"2 minutos\" \/>\n<script type=\"application\/ld+json\" class=\"yoast-schema-graph\">{\"@context\":\"https:\\\/\\\/schema.org\",\"@graph\":[{\"@type\":\"Article\",\"@id\":\"https:\\\/\\\/dana.com.br\\\/canaldana\\\/2019\\\/11\\\/05\\\/acentuam-se-as-dificuldades-das-exportacoes\\\/#article\",\"isPartOf\":{\"@id\":\"https:\\\/\\\/dana.com.br\\\/canaldana\\\/2019\\\/11\\\/05\\\/acentuam-se-as-dificuldades-das-exportacoes\\\/\"},\"author\":{\"name\":\"Canal Dana\",\"@id\":\"https:\\\/\\\/dana.com.br\\\/canaldana\\\/#\\\/schema\\\/person\\\/3c21f22f56fcf3bc46b94bc60ea4fef6\"},\"headline\":\"Acentuam-se as dificuldades das exporta\u00e7\u00f5es\",\"datePublished\":\"2019-11-05T11:14:05+00:00\",\"mainEntityOfPage\":{\"@id\":\"https:\\\/\\\/dana.com.br\\\/canaldana\\\/2019\\\/11\\\/05\\\/acentuam-se-as-dificuldades-das-exportacoes\\\/\"},\"wordCount\":442,\"articleSection\":[\"Artigo\"],\"inLanguage\":\"pt-BR\"},{\"@type\":\"WebPage\",\"@id\":\"https:\\\/\\\/dana.com.br\\\/canaldana\\\/2019\\\/11\\\/05\\\/acentuam-se-as-dificuldades-das-exportacoes\\\/\",\"url\":\"https:\\\/\\\/dana.com.br\\\/canaldana\\\/2019\\\/11\\\/05\\\/acentuam-se-as-dificuldades-das-exportacoes\\\/\",\"name\":\"Acentuam-se as dificuldades das exporta\u00e7\u00f5es - Canal Dana\",\"isPartOf\":{\"@id\":\"https:\\\/\\\/dana.com.br\\\/canaldana\\\/#website\"},\"datePublished\":\"2019-11-05T11:14:05+00:00\",\"author\":{\"@id\":\"https:\\\/\\\/dana.com.br\\\/canaldana\\\/#\\\/schema\\\/person\\\/3c21f22f56fcf3bc46b94bc60ea4fef6\"},\"breadcrumb\":{\"@id\":\"https:\\\/\\\/dana.com.br\\\/canaldana\\\/2019\\\/11\\\/05\\\/acentuam-se-as-dificuldades-das-exportacoes\\\/#breadcrumb\"},\"inLanguage\":\"pt-BR\",\"potentialAction\":[{\"@type\":\"ReadAction\",\"target\":[\"https:\\\/\\\/dana.com.br\\\/canaldana\\\/2019\\\/11\\\/05\\\/acentuam-se-as-dificuldades-das-exportacoes\\\/\"]}]},{\"@type\":\"BreadcrumbList\",\"@id\":\"https:\\\/\\\/dana.com.br\\\/canaldana\\\/2019\\\/11\\\/05\\\/acentuam-se-as-dificuldades-das-exportacoes\\\/#breadcrumb\",\"itemListElement\":[{\"@type\":\"ListItem\",\"position\":1,\"name\":\"Home\",\"item\":\"https:\\\/\\\/dana.com.br\\\/canaldana\\\/\"},{\"@type\":\"ListItem\",\"position\":2,\"name\":\"Artigo\",\"item\":\"https:\\\/\\\/dana.com.br\\\/canaldana\\\/artigo\\\/\"},{\"@type\":\"ListItem\",\"position\":3,\"name\":\"Acentuam-se as dificuldades das exporta\u00e7\u00f5es\"}]},{\"@type\":\"WebSite\",\"@id\":\"https:\\\/\\\/dana.com.br\\\/canaldana\\\/#website\",\"url\":\"https:\\\/\\\/dana.com.br\\\/canaldana\\\/\",\"name\":\"Canal Dana\",\"description\":\"Informativo com as principais not\u00edcias da ind\u00fastria automotiva\",\"potentialAction\":[{\"@type\":\"SearchAction\",\"target\":{\"@type\":\"EntryPoint\",\"urlTemplate\":\"https:\\\/\\\/dana.com.br\\\/canaldana\\\/?s={search_term_string}\"},\"query-input\":{\"@type\":\"PropertyValueSpecification\",\"valueRequired\":true,\"valueName\":\"search_term_string\"}}],\"inLanguage\":\"pt-BR\"},{\"@type\":\"Person\",\"@id\":\"https:\\\/\\\/dana.com.br\\\/canaldana\\\/#\\\/schema\\\/person\\\/3c21f22f56fcf3bc46b94bc60ea4fef6\",\"name\":\"Canal Dana\",\"image\":{\"@type\":\"ImageObject\",\"inLanguage\":\"pt-BR\",\"@id\":\"https:\\\/\\\/secure.gravatar.com\\\/avatar\\\/420aaf9278582877d9018637c6817617705899d2858d7572ef0fe59a6b6454b4?s=96&d=mm&r=g\",\"url\":\"https:\\\/\\\/secure.gravatar.com\\\/avatar\\\/420aaf9278582877d9018637c6817617705899d2858d7572ef0fe59a6b6454b4?s=96&d=mm&r=g\",\"contentUrl\":\"https:\\\/\\\/secure.gravatar.com\\\/avatar\\\/420aaf9278582877d9018637c6817617705899d2858d7572ef0fe59a6b6454b4?s=96&d=mm&r=g\",\"caption\":\"Canal Dana\"},\"url\":\"https:\\\/\\\/dana.com.br\\\/canaldana\\\/author\\\/cdeditor\\\/\"}]}<\/script>\n<!-- \/ Yoast SEO plugin. -->","yoast_head_json":{"title":"Acentuam-se as dificuldades das exporta\u00e7\u00f5es - Canal Dana","robots":{"index":"index","follow":"follow","max-snippet":"max-snippet:-1","max-image-preview":"max-image-preview:large","max-video-preview":"max-video-preview:-1"},"canonical":"https:\/\/dana.com.br\/canaldana\/2019\/11\/05\/acentuam-se-as-dificuldades-das-exportacoes\/","og_locale":"pt_BR","og_type":"article","og_title":"Acentuam-se as dificuldades das exporta\u00e7\u00f5es - Canal Dana","og_description":"O Estado de S. Paulo &nbsp; Outubro foi n\u00e3o apenas um m\u00eas insatisfat\u00f3rio para o com\u00e9rcio exterior do Pa\u00eds, como exp\u00f4s as dificuldades enfrentadas pelos exportadores. Evid\u00eancia disso \u00e9 que chegou a haver d\u00e9ficit na balan\u00e7a comercial (diferen\u00e7a entre exporta\u00e7\u00f5es e importa\u00e7\u00f5es) na terceira semana do m\u00eas. &nbsp; O super\u00e1vit comercial mensal atingiu US$ 1,2\u2026 Leia mais \u00bb","og_url":"https:\/\/dana.com.br\/canaldana\/2019\/11\/05\/acentuam-se-as-dificuldades-das-exportacoes\/","og_site_name":"Canal Dana","article_published_time":"2019-11-05T11:14:05+00:00","author":"Canal Dana","twitter_card":"summary_large_image","twitter_misc":{"Escrito por":"Canal Dana","Est. tempo de leitura":"2 minutos"},"schema":{"@context":"https:\/\/schema.org","@graph":[{"@type":"Article","@id":"https:\/\/dana.com.br\/canaldana\/2019\/11\/05\/acentuam-se-as-dificuldades-das-exportacoes\/#article","isPartOf":{"@id":"https:\/\/dana.com.br\/canaldana\/2019\/11\/05\/acentuam-se-as-dificuldades-das-exportacoes\/"},"author":{"name":"Canal Dana","@id":"https:\/\/dana.com.br\/canaldana\/#\/schema\/person\/3c21f22f56fcf3bc46b94bc60ea4fef6"},"headline":"Acentuam-se as dificuldades das exporta\u00e7\u00f5es","datePublished":"2019-11-05T11:14:05+00:00","mainEntityOfPage":{"@id":"https:\/\/dana.com.br\/canaldana\/2019\/11\/05\/acentuam-se-as-dificuldades-das-exportacoes\/"},"wordCount":442,"articleSection":["Artigo"],"inLanguage":"pt-BR"},{"@type":"WebPage","@id":"https:\/\/dana.com.br\/canaldana\/2019\/11\/05\/acentuam-se-as-dificuldades-das-exportacoes\/","url":"https:\/\/dana.com.br\/canaldana\/2019\/11\/05\/acentuam-se-as-dificuldades-das-exportacoes\/","name":"Acentuam-se as dificuldades das exporta\u00e7\u00f5es - Canal Dana","isPartOf":{"@id":"https:\/\/dana.com.br\/canaldana\/#website"},"datePublished":"2019-11-05T11:14:05+00:00","author":{"@id":"https:\/\/dana.com.br\/canaldana\/#\/schema\/person\/3c21f22f56fcf3bc46b94bc60ea4fef6"},"breadcrumb":{"@id":"https:\/\/dana.com.br\/canaldana\/2019\/11\/05\/acentuam-se-as-dificuldades-das-exportacoes\/#breadcrumb"},"inLanguage":"pt-BR","potentialAction":[{"@type":"ReadAction","target":["https:\/\/dana.com.br\/canaldana\/2019\/11\/05\/acentuam-se-as-dificuldades-das-exportacoes\/"]}]},{"@type":"BreadcrumbList","@id":"https:\/\/dana.com.br\/canaldana\/2019\/11\/05\/acentuam-se-as-dificuldades-das-exportacoes\/#breadcrumb","itemListElement":[{"@type":"ListItem","position":1,"name":"Home","item":"https:\/\/dana.com.br\/canaldana\/"},{"@type":"ListItem","position":2,"name":"Artigo","item":"https:\/\/dana.com.br\/canaldana\/artigo\/"},{"@type":"ListItem","position":3,"name":"Acentuam-se as dificuldades das exporta\u00e7\u00f5es"}]},{"@type":"WebSite","@id":"https:\/\/dana.com.br\/canaldana\/#website","url":"https:\/\/dana.com.br\/canaldana\/","name":"Canal Dana","description":"Informativo com as principais not\u00edcias da ind\u00fastria automotiva","potentialAction":[{"@type":"SearchAction","target":{"@type":"EntryPoint","urlTemplate":"https:\/\/dana.com.br\/canaldana\/?s={search_term_string}"},"query-input":{"@type":"PropertyValueSpecification","valueRequired":true,"valueName":"search_term_string"}}],"inLanguage":"pt-BR"},{"@type":"Person","@id":"https:\/\/dana.com.br\/canaldana\/#\/schema\/person\/3c21f22f56fcf3bc46b94bc60ea4fef6","name":"Canal Dana","image":{"@type":"ImageObject","inLanguage":"pt-BR","@id":"https:\/\/secure.gravatar.com\/avatar\/420aaf9278582877d9018637c6817617705899d2858d7572ef0fe59a6b6454b4?s=96&d=mm&r=g","url":"https:\/\/secure.gravatar.com\/avatar\/420aaf9278582877d9018637c6817617705899d2858d7572ef0fe59a6b6454b4?s=96&d=mm&r=g","contentUrl":"https:\/\/secure.gravatar.com\/avatar\/420aaf9278582877d9018637c6817617705899d2858d7572ef0fe59a6b6454b4?s=96&d=mm&r=g","caption":"Canal Dana"},"url":"https:\/\/dana.com.br\/canaldana\/author\/cdeditor\/"}]}},"_links":{"self":[{"href":"https:\/\/dana.com.br\/canaldana\/wp-json\/wp\/v2\/posts\/38395","targetHints":{"allow":["GET"]}}],"collection":[{"href":"https:\/\/dana.com.br\/canaldana\/wp-json\/wp\/v2\/posts"}],"about":[{"href":"https:\/\/dana.com.br\/canaldana\/wp-json\/wp\/v2\/types\/post"}],"author":[{"embeddable":true,"href":"https:\/\/dana.com.br\/canaldana\/wp-json\/wp\/v2\/users\/3"}],"replies":[{"embeddable":true,"href":"https:\/\/dana.com.br\/canaldana\/wp-json\/wp\/v2\/comments?post=38395"}],"version-history":[{"count":0,"href":"https:\/\/dana.com.br\/canaldana\/wp-json\/wp\/v2\/posts\/38395\/revisions"}],"wp:attachment":[{"href":"https:\/\/dana.com.br\/canaldana\/wp-json\/wp\/v2\/media?parent=38395"}],"wp:term":[{"taxonomy":"category","embeddable":true,"href":"https:\/\/dana.com.br\/canaldana\/wp-json\/wp\/v2\/categories?post=38395"},{"taxonomy":"post_tag","embeddable":true,"href":"https:\/\/dana.com.br\/canaldana\/wp-json\/wp\/v2\/tags?post=38395"}],"curies":[{"name":"wp","href":"https:\/\/api.w.org\/{rel}","templated":true}]}}