{"id":38390,"date":"2019-11-04T08:34:18","date_gmt":"2019-11-04T11:34:18","guid":{"rendered":"https:\/\/dana.com.br\/canaldana\/?p=38390"},"modified":"2019-11-04T08:34:18","modified_gmt":"2019-11-04T11:34:18","slug":"venda-de-carros-e-a-maior-em-12-meses","status":"publish","type":"post","link":"https:\/\/dana.com.br\/canaldana\/2019\/11\/04\/venda-de-carros-e-a-maior-em-12-meses\/","title":{"rendered":"Venda de carros \u00e9 a maior em 12 meses"},"content":{"rendered":"<p><em>O Estado de S. Paulo <\/em><\/p>\n<p>&nbsp;<\/p>\n<p>Outubro teve o melhor resultado em vendas de ve\u00edculos novos em 12 meses, com um total de 253,4 mil unidades. O n\u00famero \u00e9 7,9% maior que o de setembro, mas 0,5% inferior ao de igual m\u00eas de 2018, que teve vendas de 254,7 mil autom\u00f3veis, comerciais leves, caminh\u00f5es e \u00f4nibus.<\/p>\n<p>&nbsp;<\/p>\n<p>No ano, as vendas somam 2,282 milh\u00f5es de ve\u00edculos, alta de 8,7% ante o mesmo intervalo de 2018, segundo dados divulgados ontem pela Federa\u00e7\u00e3o Nacional da Distribui\u00e7\u00e3o de Ve\u00edculos Automotores (Fenabrave).<\/p>\n<p>&nbsp;<\/p>\n<p>O presidente da entidade, Alarico Assump\u00e7\u00e3o J\u00fanior, diz que \u201co ritmo de crescimento permanece moderado e est\u00e1vel, e positivo no acumulado, o que \u00e9 muito importante para os resultados do setor em 2019\u201d. A alta de outubro ante setembro se deve, em grande parte, ao fato de o m\u00eas ter dois dias \u00fateis a mais.<\/p>\n<p>&nbsp;<\/p>\n<p>\u201cSe considerarmos apenas os dias corridos, o mercado permaneceu praticamente est\u00e1vel, com pequena retra\u00e7\u00e3o de 0,43%\u201d, diz Assump\u00e7\u00e3o, se referindo \u00e0 m\u00e9dia di\u00e1ria de vendas.<\/p>\n<p>&nbsp;<\/p>\n<p><strong>F\u00e9rias<\/strong><\/p>\n<p>&nbsp;<\/p>\n<p>Apesar do desempenho positivo em vendas ao mercado interno, montadoras est\u00e3o dando f\u00e9rias coletivas em raz\u00e3o da queda das exporta\u00e7\u00f5es para a Argentina ou abrindo programas de demiss\u00e3o volunt\u00e1ria (PDV) para adequar a produ\u00e7\u00e3o \u00e0 demanda do mercado.<\/p>\n<p>&nbsp;<\/p>\n<p>Cerca de 1,2 mil trabalhadores da Volkswagen de Taubat\u00e9 (SP) est\u00e3o em casa desde segunda-feira e s\u00f3 retornam no dia 18. A f\u00e1brica j\u00e1 tinha dispensado parte do pessoal por dez dias em setembro e em dezembro vai dispensar todos os 3,1 mil funcion\u00e1rios para f\u00e9rias de fim de ano.<\/p>\n<p>&nbsp;<\/p>\n<p>A General Motors abriu PDV na f\u00e1brica de S\u00e3o Jos\u00e9 dos Campos (SP), mas n\u00e3o revela metas. Apenas informa que far\u00e1 um remanejamento de m\u00e3o de obra para adequar a produ\u00e7\u00e3o.<\/p>\n<p>&nbsp;<\/p>\n<p>Segundo o Sindicato dos Metal\u00fargicos, a produ\u00e7\u00e3o de motores ser\u00e1 reduzida e funcion\u00e1rios do setor ser\u00e3o transferidos para as linhas da S10 e do Trailblazer. A planta emprega 5 mil pessoas. (O Estado de S. Paulo\/Cleide Silva)<\/p>\n","protected":false},"excerpt":{"rendered":"<p>O Estado de S. Paulo &nbsp; Outubro teve o melhor resultado em vendas de ve\u00edculos novos em 12 meses, com um total de 253,4 mil unidades. O n\u00famero \u00e9 7,9% maior que o de setembro, mas 0,5% inferior ao de igual m\u00eas de 2018, que teve vendas de 254,7 mil autom\u00f3veis, comerciais leves, caminh\u00f5es e\u2026 <a class=\"readmore\" href=\"https:\/\/dana.com.br\/canaldana\/2019\/11\/04\/venda-de-carros-e-a-maior-em-12-meses\/\">Leia mais \u00bb<\/a><\/p>\n","protected":false},"author":3,"featured_media":0,"comment_status":"closed","ping_status":"closed","sticky":false,"template":"","format":"standard","meta":{"_acf_changed":false,"footnotes":""},"categories":[61],"tags":[],"class_list":["post-38390","post","type-post","status-publish","format-standard","hentry","category-destaques"],"acf":[],"yoast_head":"<!-- This site is optimized with the Yoast SEO plugin v27.3 - https:\/\/yoast.com\/product\/yoast-seo-wordpress\/ -->\n<title>Venda de carros \u00e9 a maior em 12 meses - Canal Dana<\/title>\n<meta name=\"robots\" content=\"index, follow, max-snippet:-1, max-image-preview:large, max-video-preview:-1\" \/>\n<link rel=\"canonical\" href=\"https:\/\/dana.com.br\/canaldana\/2019\/11\/04\/venda-de-carros-e-a-maior-em-12-meses\/\" \/>\n<meta property=\"og:locale\" content=\"pt_BR\" \/>\n<meta property=\"og:type\" content=\"article\" \/>\n<meta property=\"og:title\" content=\"Venda de carros \u00e9 a maior em 12 meses - Canal Dana\" \/>\n<meta property=\"og:description\" content=\"O Estado de S. Paulo &nbsp; Outubro teve o melhor resultado em vendas de ve\u00edculos novos em 12 meses, com um total de 253,4 mil unidades. O n\u00famero \u00e9 7,9% maior que o de setembro, mas 0,5% inferior ao de igual m\u00eas de 2018, que teve vendas de 254,7 mil autom\u00f3veis, comerciais leves, caminh\u00f5es e\u2026 Leia mais \u00bb\" \/>\n<meta property=\"og:url\" content=\"https:\/\/dana.com.br\/canaldana\/2019\/11\/04\/venda-de-carros-e-a-maior-em-12-meses\/\" \/>\n<meta property=\"og:site_name\" content=\"Canal Dana\" \/>\n<meta property=\"article:published_time\" content=\"2019-11-04T11:34:18+00:00\" \/>\n<meta name=\"author\" content=\"Canal Dana\" \/>\n<meta name=\"twitter:card\" content=\"summary_large_image\" \/>\n<meta name=\"twitter:label1\" content=\"Escrito por\" \/>\n\t<meta name=\"twitter:data1\" content=\"Canal Dana\" \/>\n\t<meta name=\"twitter:label2\" content=\"Est. tempo de leitura\" \/>\n\t<meta name=\"twitter:data2\" content=\"2 minutos\" \/>\n<script type=\"application\/ld+json\" class=\"yoast-schema-graph\">{\"@context\":\"https:\\\/\\\/schema.org\",\"@graph\":[{\"@type\":\"Article\",\"@id\":\"https:\\\/\\\/dana.com.br\\\/canaldana\\\/2019\\\/11\\\/04\\\/venda-de-carros-e-a-maior-em-12-meses\\\/#article\",\"isPartOf\":{\"@id\":\"https:\\\/\\\/dana.com.br\\\/canaldana\\\/2019\\\/11\\\/04\\\/venda-de-carros-e-a-maior-em-12-meses\\\/\"},\"author\":{\"name\":\"Canal Dana\",\"@id\":\"https:\\\/\\\/dana.com.br\\\/canaldana\\\/#\\\/schema\\\/person\\\/3c21f22f56fcf3bc46b94bc60ea4fef6\"},\"headline\":\"Venda de carros \u00e9 a maior em 12 meses\",\"datePublished\":\"2019-11-04T11:34:18+00:00\",\"mainEntityOfPage\":{\"@id\":\"https:\\\/\\\/dana.com.br\\\/canaldana\\\/2019\\\/11\\\/04\\\/venda-de-carros-e-a-maior-em-12-meses\\\/\"},\"wordCount\":361,\"articleSection\":[\"Destaques\"],\"inLanguage\":\"pt-BR\"},{\"@type\":\"WebPage\",\"@id\":\"https:\\\/\\\/dana.com.br\\\/canaldana\\\/2019\\\/11\\\/04\\\/venda-de-carros-e-a-maior-em-12-meses\\\/\",\"url\":\"https:\\\/\\\/dana.com.br\\\/canaldana\\\/2019\\\/11\\\/04\\\/venda-de-carros-e-a-maior-em-12-meses\\\/\",\"name\":\"Venda de carros \u00e9 a maior em 12 meses - Canal Dana\",\"isPartOf\":{\"@id\":\"https:\\\/\\\/dana.com.br\\\/canaldana\\\/#website\"},\"datePublished\":\"2019-11-04T11:34:18+00:00\",\"author\":{\"@id\":\"https:\\\/\\\/dana.com.br\\\/canaldana\\\/#\\\/schema\\\/person\\\/3c21f22f56fcf3bc46b94bc60ea4fef6\"},\"breadcrumb\":{\"@id\":\"https:\\\/\\\/dana.com.br\\\/canaldana\\\/2019\\\/11\\\/04\\\/venda-de-carros-e-a-maior-em-12-meses\\\/#breadcrumb\"},\"inLanguage\":\"pt-BR\",\"potentialAction\":[{\"@type\":\"ReadAction\",\"target\":[\"https:\\\/\\\/dana.com.br\\\/canaldana\\\/2019\\\/11\\\/04\\\/venda-de-carros-e-a-maior-em-12-meses\\\/\"]}]},{\"@type\":\"BreadcrumbList\",\"@id\":\"https:\\\/\\\/dana.com.br\\\/canaldana\\\/2019\\\/11\\\/04\\\/venda-de-carros-e-a-maior-em-12-meses\\\/#breadcrumb\",\"itemListElement\":[{\"@type\":\"ListItem\",\"position\":1,\"name\":\"Home\",\"item\":\"https:\\\/\\\/dana.com.br\\\/canaldana\\\/\"},{\"@type\":\"ListItem\",\"position\":2,\"name\":\"Destaques\",\"item\":\"https:\\\/\\\/dana.com.br\\\/canaldana\\\/destaques\\\/\"},{\"@type\":\"ListItem\",\"position\":3,\"name\":\"Venda de carros \u00e9 a maior em 12 meses\"}]},{\"@type\":\"WebSite\",\"@id\":\"https:\\\/\\\/dana.com.br\\\/canaldana\\\/#website\",\"url\":\"https:\\\/\\\/dana.com.br\\\/canaldana\\\/\",\"name\":\"Canal Dana\",\"description\":\"Informativo com as principais not\u00edcias da ind\u00fastria automotiva\",\"potentialAction\":[{\"@type\":\"SearchAction\",\"target\":{\"@type\":\"EntryPoint\",\"urlTemplate\":\"https:\\\/\\\/dana.com.br\\\/canaldana\\\/?s={search_term_string}\"},\"query-input\":{\"@type\":\"PropertyValueSpecification\",\"valueRequired\":true,\"valueName\":\"search_term_string\"}}],\"inLanguage\":\"pt-BR\"},{\"@type\":\"Person\",\"@id\":\"https:\\\/\\\/dana.com.br\\\/canaldana\\\/#\\\/schema\\\/person\\\/3c21f22f56fcf3bc46b94bc60ea4fef6\",\"name\":\"Canal Dana\",\"image\":{\"@type\":\"ImageObject\",\"inLanguage\":\"pt-BR\",\"@id\":\"https:\\\/\\\/secure.gravatar.com\\\/avatar\\\/420aaf9278582877d9018637c6817617705899d2858d7572ef0fe59a6b6454b4?s=96&d=mm&r=g\",\"url\":\"https:\\\/\\\/secure.gravatar.com\\\/avatar\\\/420aaf9278582877d9018637c6817617705899d2858d7572ef0fe59a6b6454b4?s=96&d=mm&r=g\",\"contentUrl\":\"https:\\\/\\\/secure.gravatar.com\\\/avatar\\\/420aaf9278582877d9018637c6817617705899d2858d7572ef0fe59a6b6454b4?s=96&d=mm&r=g\",\"caption\":\"Canal Dana\"},\"url\":\"https:\\\/\\\/dana.com.br\\\/canaldana\\\/author\\\/cdeditor\\\/\"}]}<\/script>\n<!-- \/ Yoast SEO plugin. -->","yoast_head_json":{"title":"Venda de carros \u00e9 a maior em 12 meses - Canal Dana","robots":{"index":"index","follow":"follow","max-snippet":"max-snippet:-1","max-image-preview":"max-image-preview:large","max-video-preview":"max-video-preview:-1"},"canonical":"https:\/\/dana.com.br\/canaldana\/2019\/11\/04\/venda-de-carros-e-a-maior-em-12-meses\/","og_locale":"pt_BR","og_type":"article","og_title":"Venda de carros \u00e9 a maior em 12 meses - Canal Dana","og_description":"O Estado de S. Paulo &nbsp; Outubro teve o melhor resultado em vendas de ve\u00edculos novos em 12 meses, com um total de 253,4 mil unidades. O n\u00famero \u00e9 7,9% maior que o de setembro, mas 0,5% inferior ao de igual m\u00eas de 2018, que teve vendas de 254,7 mil autom\u00f3veis, comerciais leves, caminh\u00f5es e\u2026 Leia mais \u00bb","og_url":"https:\/\/dana.com.br\/canaldana\/2019\/11\/04\/venda-de-carros-e-a-maior-em-12-meses\/","og_site_name":"Canal Dana","article_published_time":"2019-11-04T11:34:18+00:00","author":"Canal Dana","twitter_card":"summary_large_image","twitter_misc":{"Escrito por":"Canal Dana","Est. tempo de leitura":"2 minutos"},"schema":{"@context":"https:\/\/schema.org","@graph":[{"@type":"Article","@id":"https:\/\/dana.com.br\/canaldana\/2019\/11\/04\/venda-de-carros-e-a-maior-em-12-meses\/#article","isPartOf":{"@id":"https:\/\/dana.com.br\/canaldana\/2019\/11\/04\/venda-de-carros-e-a-maior-em-12-meses\/"},"author":{"name":"Canal Dana","@id":"https:\/\/dana.com.br\/canaldana\/#\/schema\/person\/3c21f22f56fcf3bc46b94bc60ea4fef6"},"headline":"Venda de carros \u00e9 a maior em 12 meses","datePublished":"2019-11-04T11:34:18+00:00","mainEntityOfPage":{"@id":"https:\/\/dana.com.br\/canaldana\/2019\/11\/04\/venda-de-carros-e-a-maior-em-12-meses\/"},"wordCount":361,"articleSection":["Destaques"],"inLanguage":"pt-BR"},{"@type":"WebPage","@id":"https:\/\/dana.com.br\/canaldana\/2019\/11\/04\/venda-de-carros-e-a-maior-em-12-meses\/","url":"https:\/\/dana.com.br\/canaldana\/2019\/11\/04\/venda-de-carros-e-a-maior-em-12-meses\/","name":"Venda de carros \u00e9 a maior em 12 meses - Canal Dana","isPartOf":{"@id":"https:\/\/dana.com.br\/canaldana\/#website"},"datePublished":"2019-11-04T11:34:18+00:00","author":{"@id":"https:\/\/dana.com.br\/canaldana\/#\/schema\/person\/3c21f22f56fcf3bc46b94bc60ea4fef6"},"breadcrumb":{"@id":"https:\/\/dana.com.br\/canaldana\/2019\/11\/04\/venda-de-carros-e-a-maior-em-12-meses\/#breadcrumb"},"inLanguage":"pt-BR","potentialAction":[{"@type":"ReadAction","target":["https:\/\/dana.com.br\/canaldana\/2019\/11\/04\/venda-de-carros-e-a-maior-em-12-meses\/"]}]},{"@type":"BreadcrumbList","@id":"https:\/\/dana.com.br\/canaldana\/2019\/11\/04\/venda-de-carros-e-a-maior-em-12-meses\/#breadcrumb","itemListElement":[{"@type":"ListItem","position":1,"name":"Home","item":"https:\/\/dana.com.br\/canaldana\/"},{"@type":"ListItem","position":2,"name":"Destaques","item":"https:\/\/dana.com.br\/canaldana\/destaques\/"},{"@type":"ListItem","position":3,"name":"Venda de carros \u00e9 a maior em 12 meses"}]},{"@type":"WebSite","@id":"https:\/\/dana.com.br\/canaldana\/#website","url":"https:\/\/dana.com.br\/canaldana\/","name":"Canal Dana","description":"Informativo com as principais not\u00edcias da ind\u00fastria automotiva","potentialAction":[{"@type":"SearchAction","target":{"@type":"EntryPoint","urlTemplate":"https:\/\/dana.com.br\/canaldana\/?s={search_term_string}"},"query-input":{"@type":"PropertyValueSpecification","valueRequired":true,"valueName":"search_term_string"}}],"inLanguage":"pt-BR"},{"@type":"Person","@id":"https:\/\/dana.com.br\/canaldana\/#\/schema\/person\/3c21f22f56fcf3bc46b94bc60ea4fef6","name":"Canal Dana","image":{"@type":"ImageObject","inLanguage":"pt-BR","@id":"https:\/\/secure.gravatar.com\/avatar\/420aaf9278582877d9018637c6817617705899d2858d7572ef0fe59a6b6454b4?s=96&d=mm&r=g","url":"https:\/\/secure.gravatar.com\/avatar\/420aaf9278582877d9018637c6817617705899d2858d7572ef0fe59a6b6454b4?s=96&d=mm&r=g","contentUrl":"https:\/\/secure.gravatar.com\/avatar\/420aaf9278582877d9018637c6817617705899d2858d7572ef0fe59a6b6454b4?s=96&d=mm&r=g","caption":"Canal Dana"},"url":"https:\/\/dana.com.br\/canaldana\/author\/cdeditor\/"}]}},"_links":{"self":[{"href":"https:\/\/dana.com.br\/canaldana\/wp-json\/wp\/v2\/posts\/38390","targetHints":{"allow":["GET"]}}],"collection":[{"href":"https:\/\/dana.com.br\/canaldana\/wp-json\/wp\/v2\/posts"}],"about":[{"href":"https:\/\/dana.com.br\/canaldana\/wp-json\/wp\/v2\/types\/post"}],"author":[{"embeddable":true,"href":"https:\/\/dana.com.br\/canaldana\/wp-json\/wp\/v2\/users\/3"}],"replies":[{"embeddable":true,"href":"https:\/\/dana.com.br\/canaldana\/wp-json\/wp\/v2\/comments?post=38390"}],"version-history":[{"count":0,"href":"https:\/\/dana.com.br\/canaldana\/wp-json\/wp\/v2\/posts\/38390\/revisions"}],"wp:attachment":[{"href":"https:\/\/dana.com.br\/canaldana\/wp-json\/wp\/v2\/media?parent=38390"}],"wp:term":[{"taxonomy":"category","embeddable":true,"href":"https:\/\/dana.com.br\/canaldana\/wp-json\/wp\/v2\/categories?post=38390"},{"taxonomy":"post_tag","embeddable":true,"href":"https:\/\/dana.com.br\/canaldana\/wp-json\/wp\/v2\/tags?post=38390"}],"curies":[{"name":"wp","href":"https:\/\/api.w.org\/{rel}","templated":true}]}}