{"id":38261,"date":"2019-10-30T07:51:02","date_gmt":"2019-10-30T10:51:02","guid":{"rendered":"https:\/\/dana.com.br\/canaldana\/?p=38261"},"modified":"2019-10-30T07:51:02","modified_gmt":"2019-10-30T10:51:02","slug":"morre-tage-karlsson-o-primeiro-presidente-da-volvo-do-brasil","status":"publish","type":"post","link":"https:\/\/dana.com.br\/canaldana\/2019\/10\/30\/morre-tage-karlsson-o-primeiro-presidente-da-volvo-do-brasil\/","title":{"rendered":"Morre Tage Karlsson, o primeiro presidente da Volvo do Brasil"},"content":{"rendered":"<p><em>AutoInd\u00fastria<\/em><\/p>\n<p>&nbsp;<\/p>\n<p>Tage Karlsson, o primeiro presidente da Volvo do Brasil, faleceu aos 93 anos em decorr\u00eancia a complica\u00e7\u00f5es card\u00edacas, na Su\u00e9cia. Karlsson esteve \u00e0 frente a opera\u00e7\u00e3o latino-americana da fabricante de 1977 a 1985. Sua hist\u00f3ria por aqui, no entanto, come\u00e7ou bem antes, ainda no in\u00edcio da d\u00e9cada de 70.<\/p>\n<p>&nbsp;<\/p>\n<p>Segundo conta a hist\u00f3ria, o ent\u00e3o executivo da Volvo teve papel fundamental na decis\u00e3o de a empresa em investir no Pa\u00eds. Acionado pelo Grupo Volvo para prospectar novos mercados, como os Estados Unidos e o Brasil, em 1972, Karlsson, na \u00e9poca profissional da \u00e1rea de planejamento de produto, e Anders Levin, da \u00e1rea de caminh\u00f5es, fizeram viagem pelo Pa\u00eds em miss\u00e3o de pesquisa.<\/p>\n<p>&nbsp;<\/p>\n<p>A bordo de um fusca, percorreram as estradas brasileiras da \u00e9poca, do Rio de Janeiro a Belo Horizonte, da capital mineira a S\u00e3o Paulo e, partir da\u00ed, para Porto Alegre, com Curitiba (SP) no meio do caminho.<\/p>\n<p>&nbsp;<\/p>\n<p>A dupla coletou dados da economia brasileira de ent\u00e3o, as condi\u00e7\u00f5es da frota e das estradas. Segundo conta a hist\u00f3ria, no relat\u00f3rio constava at\u00e9 mesmo o n\u00famero de caminh\u00f5es que passaram na Rodovia Presidente Dutra em determinado trecho, as marcas e a capacidade de carga.<\/p>\n<p>&nbsp;<\/p>\n<p>No Brasil da \u00e9poca, caminh\u00f5es leves e m\u00e9dios eram os maiores respons\u00e1veis pelo transporte de carga. Karlsson viu ent\u00e3o a oportunidade de introduzir capacidade com maior participa\u00e7\u00e3o de caminh\u00f5es pesados e recomendava instala\u00e7\u00e3o de f\u00e1brica no Pa\u00eds.<\/p>\n<p>&nbsp;<\/p>\n<p>O contrato social que deu origem a Volvo do Brasil Ve\u00edculos e Motores S\/A, com sede em Curitiba (PR), foi assinado em 1977. Dois anos depois, sa\u00eda das linhas de montagem o primeiro ve\u00edculo da marca fabricado no pa\u00eds, um chassi de \u00f4nibus B58. No ano seguinte, a companhia iniciava produ\u00e7\u00e3o de caminh\u00f5es, com o Volvo N10. Em 40 anos, a unidade brasileira da Volvo j\u00e1 ultrapassou a marca de 300 mil ve\u00edculos fabricados. (AutoInd\u00fastria)<\/p>\n","protected":false},"excerpt":{"rendered":"<p>AutoInd\u00fastria &nbsp; Tage Karlsson, o primeiro presidente da Volvo do Brasil, faleceu aos 93 anos em decorr\u00eancia a complica\u00e7\u00f5es card\u00edacas, na Su\u00e9cia. Karlsson esteve \u00e0 frente a opera\u00e7\u00e3o latino-americana da fabricante de 1977 a 1985. Sua hist\u00f3ria por aqui, no entanto, come\u00e7ou bem antes, ainda no in\u00edcio da d\u00e9cada de 70. &nbsp; Segundo conta a\u2026 <a class=\"readmore\" href=\"https:\/\/dana.com.br\/canaldana\/2019\/10\/30\/morre-tage-karlsson-o-primeiro-presidente-da-volvo-do-brasil\/\">Leia mais \u00bb<\/a><\/p>\n","protected":false},"author":3,"featured_media":0,"comment_status":"closed","ping_status":"closed","sticky":false,"template":"","format":"standard","meta":{"_acf_changed":false,"footnotes":""},"categories":[50],"tags":[],"class_list":["post-38261","post","type-post","status-publish","format-standard","hentry","category-memoria"],"acf":[],"yoast_head":"<!-- This site is optimized with the Yoast SEO plugin v27.5 - https:\/\/yoast.com\/product\/yoast-seo-wordpress\/ -->\n<title>Morre Tage Karlsson, o primeiro presidente da Volvo do Brasil - Canal Dana<\/title>\n<meta name=\"robots\" content=\"index, follow, max-snippet:-1, max-image-preview:large, max-video-preview:-1\" \/>\n<link rel=\"canonical\" href=\"https:\/\/dana.com.br\/canaldana\/2019\/10\/30\/morre-tage-karlsson-o-primeiro-presidente-da-volvo-do-brasil\/\" \/>\n<meta property=\"og:locale\" content=\"pt_BR\" \/>\n<meta property=\"og:type\" content=\"article\" \/>\n<meta property=\"og:title\" content=\"Morre Tage Karlsson, o primeiro presidente da Volvo do Brasil - Canal Dana\" \/>\n<meta property=\"og:description\" content=\"AutoInd\u00fastria &nbsp; Tage Karlsson, o primeiro presidente da Volvo do Brasil, faleceu aos 93 anos em decorr\u00eancia a complica\u00e7\u00f5es card\u00edacas, na Su\u00e9cia. Karlsson esteve \u00e0 frente a opera\u00e7\u00e3o latino-americana da fabricante de 1977 a 1985. Sua hist\u00f3ria por aqui, no entanto, come\u00e7ou bem antes, ainda no in\u00edcio da d\u00e9cada de 70. &nbsp; Segundo conta a\u2026 Leia mais \u00bb\" \/>\n<meta property=\"og:url\" content=\"https:\/\/dana.com.br\/canaldana\/2019\/10\/30\/morre-tage-karlsson-o-primeiro-presidente-da-volvo-do-brasil\/\" \/>\n<meta property=\"og:site_name\" content=\"Canal Dana\" \/>\n<meta property=\"article:published_time\" content=\"2019-10-30T10:51:02+00:00\" \/>\n<meta name=\"author\" content=\"Canal Dana\" \/>\n<meta name=\"twitter:card\" content=\"summary_large_image\" \/>\n<meta name=\"twitter:label1\" content=\"Escrito por\" \/>\n\t<meta name=\"twitter:data1\" content=\"Canal Dana\" \/>\n\t<meta name=\"twitter:label2\" content=\"Est. tempo de leitura\" \/>\n\t<meta name=\"twitter:data2\" content=\"2 minutos\" \/>\n<script type=\"application\/ld+json\" class=\"yoast-schema-graph\">{\"@context\":\"https:\\\/\\\/schema.org\",\"@graph\":[{\"@type\":\"Article\",\"@id\":\"https:\\\/\\\/dana.com.br\\\/canaldana\\\/2019\\\/10\\\/30\\\/morre-tage-karlsson-o-primeiro-presidente-da-volvo-do-brasil\\\/#article\",\"isPartOf\":{\"@id\":\"https:\\\/\\\/dana.com.br\\\/canaldana\\\/2019\\\/10\\\/30\\\/morre-tage-karlsson-o-primeiro-presidente-da-volvo-do-brasil\\\/\"},\"author\":{\"name\":\"Canal Dana\",\"@id\":\"https:\\\/\\\/dana.com.br\\\/canaldana\\\/#\\\/schema\\\/person\\\/3c21f22f56fcf3bc46b94bc60ea4fef6\"},\"headline\":\"Morre Tage Karlsson, o primeiro presidente da Volvo do Brasil\",\"datePublished\":\"2019-10-30T10:51:02+00:00\",\"mainEntityOfPage\":{\"@id\":\"https:\\\/\\\/dana.com.br\\\/canaldana\\\/2019\\\/10\\\/30\\\/morre-tage-karlsson-o-primeiro-presidente-da-volvo-do-brasil\\\/\"},\"wordCount\":356,\"articleSection\":[\"Mem\u00f3ria\"],\"inLanguage\":\"pt-BR\"},{\"@type\":\"WebPage\",\"@id\":\"https:\\\/\\\/dana.com.br\\\/canaldana\\\/2019\\\/10\\\/30\\\/morre-tage-karlsson-o-primeiro-presidente-da-volvo-do-brasil\\\/\",\"url\":\"https:\\\/\\\/dana.com.br\\\/canaldana\\\/2019\\\/10\\\/30\\\/morre-tage-karlsson-o-primeiro-presidente-da-volvo-do-brasil\\\/\",\"name\":\"Morre Tage Karlsson, o primeiro presidente da Volvo do Brasil - Canal Dana\",\"isPartOf\":{\"@id\":\"https:\\\/\\\/dana.com.br\\\/canaldana\\\/#website\"},\"datePublished\":\"2019-10-30T10:51:02+00:00\",\"author\":{\"@id\":\"https:\\\/\\\/dana.com.br\\\/canaldana\\\/#\\\/schema\\\/person\\\/3c21f22f56fcf3bc46b94bc60ea4fef6\"},\"breadcrumb\":{\"@id\":\"https:\\\/\\\/dana.com.br\\\/canaldana\\\/2019\\\/10\\\/30\\\/morre-tage-karlsson-o-primeiro-presidente-da-volvo-do-brasil\\\/#breadcrumb\"},\"inLanguage\":\"pt-BR\",\"potentialAction\":[{\"@type\":\"ReadAction\",\"target\":[\"https:\\\/\\\/dana.com.br\\\/canaldana\\\/2019\\\/10\\\/30\\\/morre-tage-karlsson-o-primeiro-presidente-da-volvo-do-brasil\\\/\"]}]},{\"@type\":\"BreadcrumbList\",\"@id\":\"https:\\\/\\\/dana.com.br\\\/canaldana\\\/2019\\\/10\\\/30\\\/morre-tage-karlsson-o-primeiro-presidente-da-volvo-do-brasil\\\/#breadcrumb\",\"itemListElement\":[{\"@type\":\"ListItem\",\"position\":1,\"name\":\"Home\",\"item\":\"https:\\\/\\\/dana.com.br\\\/canaldana\\\/\"},{\"@type\":\"ListItem\",\"position\":2,\"name\":\"Mem\u00f3ria\",\"item\":\"https:\\\/\\\/dana.com.br\\\/canaldana\\\/memoria\\\/\"},{\"@type\":\"ListItem\",\"position\":3,\"name\":\"Morre Tage Karlsson, o primeiro presidente da Volvo do Brasil\"}]},{\"@type\":\"WebSite\",\"@id\":\"https:\\\/\\\/dana.com.br\\\/canaldana\\\/#website\",\"url\":\"https:\\\/\\\/dana.com.br\\\/canaldana\\\/\",\"name\":\"Canal Dana\",\"description\":\"Informativo com as principais not\u00edcias da ind\u00fastria automotiva\",\"potentialAction\":[{\"@type\":\"SearchAction\",\"target\":{\"@type\":\"EntryPoint\",\"urlTemplate\":\"https:\\\/\\\/dana.com.br\\\/canaldana\\\/?s={search_term_string}\"},\"query-input\":{\"@type\":\"PropertyValueSpecification\",\"valueRequired\":true,\"valueName\":\"search_term_string\"}}],\"inLanguage\":\"pt-BR\"},{\"@type\":\"Person\",\"@id\":\"https:\\\/\\\/dana.com.br\\\/canaldana\\\/#\\\/schema\\\/person\\\/3c21f22f56fcf3bc46b94bc60ea4fef6\",\"name\":\"Canal Dana\",\"image\":{\"@type\":\"ImageObject\",\"inLanguage\":\"pt-BR\",\"@id\":\"https:\\\/\\\/secure.gravatar.com\\\/avatar\\\/420aaf9278582877d9018637c6817617705899d2858d7572ef0fe59a6b6454b4?s=96&d=mm&r=g\",\"url\":\"https:\\\/\\\/secure.gravatar.com\\\/avatar\\\/420aaf9278582877d9018637c6817617705899d2858d7572ef0fe59a6b6454b4?s=96&d=mm&r=g\",\"contentUrl\":\"https:\\\/\\\/secure.gravatar.com\\\/avatar\\\/420aaf9278582877d9018637c6817617705899d2858d7572ef0fe59a6b6454b4?s=96&d=mm&r=g\",\"caption\":\"Canal Dana\"},\"url\":\"https:\\\/\\\/dana.com.br\\\/canaldana\\\/author\\\/cdeditor\\\/\"}]}<\/script>\n<!-- \/ Yoast SEO plugin. -->","yoast_head_json":{"title":"Morre Tage Karlsson, o primeiro presidente da Volvo do Brasil - Canal Dana","robots":{"index":"index","follow":"follow","max-snippet":"max-snippet:-1","max-image-preview":"max-image-preview:large","max-video-preview":"max-video-preview:-1"},"canonical":"https:\/\/dana.com.br\/canaldana\/2019\/10\/30\/morre-tage-karlsson-o-primeiro-presidente-da-volvo-do-brasil\/","og_locale":"pt_BR","og_type":"article","og_title":"Morre Tage Karlsson, o primeiro presidente da Volvo do Brasil - Canal Dana","og_description":"AutoInd\u00fastria &nbsp; Tage Karlsson, o primeiro presidente da Volvo do Brasil, faleceu aos 93 anos em decorr\u00eancia a complica\u00e7\u00f5es card\u00edacas, na Su\u00e9cia. Karlsson esteve \u00e0 frente a opera\u00e7\u00e3o latino-americana da fabricante de 1977 a 1985. Sua hist\u00f3ria por aqui, no entanto, come\u00e7ou bem antes, ainda no in\u00edcio da d\u00e9cada de 70. &nbsp; Segundo conta a\u2026 Leia mais \u00bb","og_url":"https:\/\/dana.com.br\/canaldana\/2019\/10\/30\/morre-tage-karlsson-o-primeiro-presidente-da-volvo-do-brasil\/","og_site_name":"Canal Dana","article_published_time":"2019-10-30T10:51:02+00:00","author":"Canal Dana","twitter_card":"summary_large_image","twitter_misc":{"Escrito por":"Canal Dana","Est. tempo de leitura":"2 minutos"},"schema":{"@context":"https:\/\/schema.org","@graph":[{"@type":"Article","@id":"https:\/\/dana.com.br\/canaldana\/2019\/10\/30\/morre-tage-karlsson-o-primeiro-presidente-da-volvo-do-brasil\/#article","isPartOf":{"@id":"https:\/\/dana.com.br\/canaldana\/2019\/10\/30\/morre-tage-karlsson-o-primeiro-presidente-da-volvo-do-brasil\/"},"author":{"name":"Canal Dana","@id":"https:\/\/dana.com.br\/canaldana\/#\/schema\/person\/3c21f22f56fcf3bc46b94bc60ea4fef6"},"headline":"Morre Tage Karlsson, o primeiro presidente da Volvo do Brasil","datePublished":"2019-10-30T10:51:02+00:00","mainEntityOfPage":{"@id":"https:\/\/dana.com.br\/canaldana\/2019\/10\/30\/morre-tage-karlsson-o-primeiro-presidente-da-volvo-do-brasil\/"},"wordCount":356,"articleSection":["Mem\u00f3ria"],"inLanguage":"pt-BR"},{"@type":"WebPage","@id":"https:\/\/dana.com.br\/canaldana\/2019\/10\/30\/morre-tage-karlsson-o-primeiro-presidente-da-volvo-do-brasil\/","url":"https:\/\/dana.com.br\/canaldana\/2019\/10\/30\/morre-tage-karlsson-o-primeiro-presidente-da-volvo-do-brasil\/","name":"Morre Tage Karlsson, o primeiro presidente da Volvo do Brasil - Canal Dana","isPartOf":{"@id":"https:\/\/dana.com.br\/canaldana\/#website"},"datePublished":"2019-10-30T10:51:02+00:00","author":{"@id":"https:\/\/dana.com.br\/canaldana\/#\/schema\/person\/3c21f22f56fcf3bc46b94bc60ea4fef6"},"breadcrumb":{"@id":"https:\/\/dana.com.br\/canaldana\/2019\/10\/30\/morre-tage-karlsson-o-primeiro-presidente-da-volvo-do-brasil\/#breadcrumb"},"inLanguage":"pt-BR","potentialAction":[{"@type":"ReadAction","target":["https:\/\/dana.com.br\/canaldana\/2019\/10\/30\/morre-tage-karlsson-o-primeiro-presidente-da-volvo-do-brasil\/"]}]},{"@type":"BreadcrumbList","@id":"https:\/\/dana.com.br\/canaldana\/2019\/10\/30\/morre-tage-karlsson-o-primeiro-presidente-da-volvo-do-brasil\/#breadcrumb","itemListElement":[{"@type":"ListItem","position":1,"name":"Home","item":"https:\/\/dana.com.br\/canaldana\/"},{"@type":"ListItem","position":2,"name":"Mem\u00f3ria","item":"https:\/\/dana.com.br\/canaldana\/memoria\/"},{"@type":"ListItem","position":3,"name":"Morre Tage Karlsson, o primeiro presidente da Volvo do Brasil"}]},{"@type":"WebSite","@id":"https:\/\/dana.com.br\/canaldana\/#website","url":"https:\/\/dana.com.br\/canaldana\/","name":"Canal Dana","description":"Informativo com as principais not\u00edcias da ind\u00fastria automotiva","potentialAction":[{"@type":"SearchAction","target":{"@type":"EntryPoint","urlTemplate":"https:\/\/dana.com.br\/canaldana\/?s={search_term_string}"},"query-input":{"@type":"PropertyValueSpecification","valueRequired":true,"valueName":"search_term_string"}}],"inLanguage":"pt-BR"},{"@type":"Person","@id":"https:\/\/dana.com.br\/canaldana\/#\/schema\/person\/3c21f22f56fcf3bc46b94bc60ea4fef6","name":"Canal Dana","image":{"@type":"ImageObject","inLanguage":"pt-BR","@id":"https:\/\/secure.gravatar.com\/avatar\/420aaf9278582877d9018637c6817617705899d2858d7572ef0fe59a6b6454b4?s=96&d=mm&r=g","url":"https:\/\/secure.gravatar.com\/avatar\/420aaf9278582877d9018637c6817617705899d2858d7572ef0fe59a6b6454b4?s=96&d=mm&r=g","contentUrl":"https:\/\/secure.gravatar.com\/avatar\/420aaf9278582877d9018637c6817617705899d2858d7572ef0fe59a6b6454b4?s=96&d=mm&r=g","caption":"Canal Dana"},"url":"https:\/\/dana.com.br\/canaldana\/author\/cdeditor\/"}]}},"_links":{"self":[{"href":"https:\/\/dana.com.br\/canaldana\/wp-json\/wp\/v2\/posts\/38261","targetHints":{"allow":["GET"]}}],"collection":[{"href":"https:\/\/dana.com.br\/canaldana\/wp-json\/wp\/v2\/posts"}],"about":[{"href":"https:\/\/dana.com.br\/canaldana\/wp-json\/wp\/v2\/types\/post"}],"author":[{"embeddable":true,"href":"https:\/\/dana.com.br\/canaldana\/wp-json\/wp\/v2\/users\/3"}],"replies":[{"embeddable":true,"href":"https:\/\/dana.com.br\/canaldana\/wp-json\/wp\/v2\/comments?post=38261"}],"version-history":[{"count":0,"href":"https:\/\/dana.com.br\/canaldana\/wp-json\/wp\/v2\/posts\/38261\/revisions"}],"wp:attachment":[{"href":"https:\/\/dana.com.br\/canaldana\/wp-json\/wp\/v2\/media?parent=38261"}],"wp:term":[{"taxonomy":"category","embeddable":true,"href":"https:\/\/dana.com.br\/canaldana\/wp-json\/wp\/v2\/categories?post=38261"},{"taxonomy":"post_tag","embeddable":true,"href":"https:\/\/dana.com.br\/canaldana\/wp-json\/wp\/v2\/tags?post=38261"}],"curies":[{"name":"wp","href":"https:\/\/api.w.org\/{rel}","templated":true}]}}