{"id":38133,"date":"2019-10-24T09:08:28","date_gmt":"2019-10-24T12:08:28","guid":{"rendered":"https:\/\/dana.com.br\/canaldana\/?p=38133"},"modified":"2019-10-24T09:08:28","modified_gmt":"2019-10-24T12:08:28","slug":"sbctrans-destaca-sua-identidade-visual-no-concurso-de-pintura-de-frotas","status":"publish","type":"post","link":"https:\/\/dana.com.br\/canaldana\/2019\/10\/24\/sbctrans-destaca-sua-identidade-visual-no-concurso-de-pintura-de-frotas\/","title":{"rendered":"SBCTrans destaca sua identidade visual no Concurso de Pintura de Frotas"},"content":{"rendered":"<p><em>ABC do ABC<\/em><\/p>\n<p>&nbsp;<\/p>\n<p>A SBCTrans, eleita a melhor empresa de servi\u00e7o de transporte de passageiros no Estado de S\u00e3o Paulo, participa do 50\u00ba Concurso de Pintura de Frotas, promovido pela OTM Editora. O objetivo \u00e9 destacar o design e layout dos ve\u00edculos que fazem o transporte coletivo no munic\u00edpio de S\u00e3o Bernardo do Campo.<\/p>\n<p>&nbsp;<\/p>\n<p>Os \u00f4nibus da SBCTrans receberam uma nova identidade visual, mais arrojada, moderna e limpa, para destacar a mudan\u00e7a de posicionamento da operadora nos \u00faltimos tr\u00eas anos. Neste per\u00edodo, a SBCTrans passou do oitavo para o primeiro lugar entre as melhores empresas de transporte coletivo urbano do Estado de S\u00e3o Paulo, eleita pela pesquisa INDSAT.<\/p>\n<p>&nbsp;<\/p>\n<p>O concurso de pintura de frotas da OTM Editora foi estabelecido com o objetivo de selecionar as pinturas de frota que mais se destacaram no ano e estimular a fixa\u00e7\u00e3o da imagem das empresas por meio da pintura de seus ve\u00edculos. Tamb\u00e9m visa valorizar a imagem das marcas as operadoras de transporte de passageiros e de cargas.<\/p>\n<p>&nbsp;<\/p>\n<p>As pinturas inscritas ser\u00e3o avaliadas por uma comiss\u00e3o julgadora composta por profissionais ligados a comunica\u00e7\u00e3o visual e concorrer\u00e3o em tr\u00eas categorias: Transporte de Carga, Transporte Rodovi\u00e1rio de Passageiros e Transporte Metropolitano de Passageiros.<\/p>\n<p>&nbsp;<\/p>\n<p>Os projetos ser\u00e3o julgados respeitando os seguintes itens de avalia\u00e7\u00e3o: Est\u00e9tica; Originalidade; Seguran\u00e7a; Praticidade, e Promo\u00e7\u00e3o da empresa. No dia 26 de novembro, no almo\u00e7o anual da OTM Editora, ser\u00e3o anunciadas as pinturas de frota que mais se destacaram no ano. Grupo do ABC aumenta faturamento em 15%. (ABC do ABC)<\/p>\n","protected":false},"excerpt":{"rendered":"<p>ABC do ABC &nbsp; A SBCTrans, eleita a melhor empresa de servi\u00e7o de transporte de passageiros no Estado de S\u00e3o Paulo, participa do 50\u00ba Concurso de Pintura de Frotas, promovido pela OTM Editora. O objetivo \u00e9 destacar o design e layout dos ve\u00edculos que fazem o transporte coletivo no munic\u00edpio de S\u00e3o Bernardo do Campo.\u2026 <a class=\"readmore\" href=\"https:\/\/dana.com.br\/canaldana\/2019\/10\/24\/sbctrans-destaca-sua-identidade-visual-no-concurso-de-pintura-de-frotas\/\">Leia mais \u00bb<\/a><\/p>\n","protected":false},"author":3,"featured_media":0,"comment_status":"closed","ping_status":"closed","sticky":false,"template":"","format":"standard","meta":{"_acf_changed":false,"footnotes":""},"categories":[49],"tags":[],"class_list":["post-38133","post","type-post","status-publish","format-standard","hentry","category-concursos"],"acf":[],"yoast_head":"<!-- This site is optimized with the Yoast SEO plugin v27.3 - https:\/\/yoast.com\/product\/yoast-seo-wordpress\/ -->\n<title>SBCTrans destaca sua identidade visual no Concurso de Pintura de Frotas - Canal Dana<\/title>\n<meta name=\"robots\" content=\"index, follow, max-snippet:-1, max-image-preview:large, max-video-preview:-1\" \/>\n<link rel=\"canonical\" href=\"https:\/\/dana.com.br\/canaldana\/2019\/10\/24\/sbctrans-destaca-sua-identidade-visual-no-concurso-de-pintura-de-frotas\/\" \/>\n<meta property=\"og:locale\" content=\"pt_BR\" \/>\n<meta property=\"og:type\" content=\"article\" \/>\n<meta property=\"og:title\" content=\"SBCTrans destaca sua identidade visual no Concurso de Pintura de Frotas - Canal Dana\" \/>\n<meta property=\"og:description\" content=\"ABC do ABC &nbsp; A SBCTrans, eleita a melhor empresa de servi\u00e7o de transporte de passageiros no Estado de S\u00e3o Paulo, participa do 50\u00ba Concurso de Pintura de Frotas, promovido pela OTM Editora. O objetivo \u00e9 destacar o design e layout dos ve\u00edculos que fazem o transporte coletivo no munic\u00edpio de S\u00e3o Bernardo do Campo.\u2026 Leia mais \u00bb\" \/>\n<meta property=\"og:url\" content=\"https:\/\/dana.com.br\/canaldana\/2019\/10\/24\/sbctrans-destaca-sua-identidade-visual-no-concurso-de-pintura-de-frotas\/\" \/>\n<meta property=\"og:site_name\" content=\"Canal Dana\" \/>\n<meta property=\"article:published_time\" content=\"2019-10-24T12:08:28+00:00\" \/>\n<meta name=\"author\" content=\"Canal Dana\" \/>\n<meta name=\"twitter:card\" content=\"summary_large_image\" \/>\n<meta name=\"twitter:label1\" content=\"Escrito por\" \/>\n\t<meta name=\"twitter:data1\" content=\"Canal Dana\" \/>\n\t<meta name=\"twitter:label2\" content=\"Est. tempo de leitura\" \/>\n\t<meta name=\"twitter:data2\" content=\"1 minuto\" \/>\n<script type=\"application\/ld+json\" class=\"yoast-schema-graph\">{\"@context\":\"https:\\\/\\\/schema.org\",\"@graph\":[{\"@type\":\"Article\",\"@id\":\"https:\\\/\\\/dana.com.br\\\/canaldana\\\/2019\\\/10\\\/24\\\/sbctrans-destaca-sua-identidade-visual-no-concurso-de-pintura-de-frotas\\\/#article\",\"isPartOf\":{\"@id\":\"https:\\\/\\\/dana.com.br\\\/canaldana\\\/2019\\\/10\\\/24\\\/sbctrans-destaca-sua-identidade-visual-no-concurso-de-pintura-de-frotas\\\/\"},\"author\":{\"name\":\"Canal Dana\",\"@id\":\"https:\\\/\\\/dana.com.br\\\/canaldana\\\/#\\\/schema\\\/person\\\/3c21f22f56fcf3bc46b94bc60ea4fef6\"},\"headline\":\"SBCTrans destaca sua identidade visual no Concurso de Pintura de Frotas\",\"datePublished\":\"2019-10-24T12:08:28+00:00\",\"mainEntityOfPage\":{\"@id\":\"https:\\\/\\\/dana.com.br\\\/canaldana\\\/2019\\\/10\\\/24\\\/sbctrans-destaca-sua-identidade-visual-no-concurso-de-pintura-de-frotas\\\/\"},\"wordCount\":286,\"articleSection\":[\"Concursos\"],\"inLanguage\":\"pt-BR\"},{\"@type\":\"WebPage\",\"@id\":\"https:\\\/\\\/dana.com.br\\\/canaldana\\\/2019\\\/10\\\/24\\\/sbctrans-destaca-sua-identidade-visual-no-concurso-de-pintura-de-frotas\\\/\",\"url\":\"https:\\\/\\\/dana.com.br\\\/canaldana\\\/2019\\\/10\\\/24\\\/sbctrans-destaca-sua-identidade-visual-no-concurso-de-pintura-de-frotas\\\/\",\"name\":\"SBCTrans destaca sua identidade visual no Concurso de Pintura de Frotas - Canal Dana\",\"isPartOf\":{\"@id\":\"https:\\\/\\\/dana.com.br\\\/canaldana\\\/#website\"},\"datePublished\":\"2019-10-24T12:08:28+00:00\",\"author\":{\"@id\":\"https:\\\/\\\/dana.com.br\\\/canaldana\\\/#\\\/schema\\\/person\\\/3c21f22f56fcf3bc46b94bc60ea4fef6\"},\"breadcrumb\":{\"@id\":\"https:\\\/\\\/dana.com.br\\\/canaldana\\\/2019\\\/10\\\/24\\\/sbctrans-destaca-sua-identidade-visual-no-concurso-de-pintura-de-frotas\\\/#breadcrumb\"},\"inLanguage\":\"pt-BR\",\"potentialAction\":[{\"@type\":\"ReadAction\",\"target\":[\"https:\\\/\\\/dana.com.br\\\/canaldana\\\/2019\\\/10\\\/24\\\/sbctrans-destaca-sua-identidade-visual-no-concurso-de-pintura-de-frotas\\\/\"]}]},{\"@type\":\"BreadcrumbList\",\"@id\":\"https:\\\/\\\/dana.com.br\\\/canaldana\\\/2019\\\/10\\\/24\\\/sbctrans-destaca-sua-identidade-visual-no-concurso-de-pintura-de-frotas\\\/#breadcrumb\",\"itemListElement\":[{\"@type\":\"ListItem\",\"position\":1,\"name\":\"Home\",\"item\":\"https:\\\/\\\/dana.com.br\\\/canaldana\\\/\"},{\"@type\":\"ListItem\",\"position\":2,\"name\":\"Concursos\",\"item\":\"https:\\\/\\\/dana.com.br\\\/canaldana\\\/concursos\\\/\"},{\"@type\":\"ListItem\",\"position\":3,\"name\":\"SBCTrans destaca sua identidade visual no Concurso de Pintura de Frotas\"}]},{\"@type\":\"WebSite\",\"@id\":\"https:\\\/\\\/dana.com.br\\\/canaldana\\\/#website\",\"url\":\"https:\\\/\\\/dana.com.br\\\/canaldana\\\/\",\"name\":\"Canal Dana\",\"description\":\"Informativo com as principais not\u00edcias da ind\u00fastria automotiva\",\"potentialAction\":[{\"@type\":\"SearchAction\",\"target\":{\"@type\":\"EntryPoint\",\"urlTemplate\":\"https:\\\/\\\/dana.com.br\\\/canaldana\\\/?s={search_term_string}\"},\"query-input\":{\"@type\":\"PropertyValueSpecification\",\"valueRequired\":true,\"valueName\":\"search_term_string\"}}],\"inLanguage\":\"pt-BR\"},{\"@type\":\"Person\",\"@id\":\"https:\\\/\\\/dana.com.br\\\/canaldana\\\/#\\\/schema\\\/person\\\/3c21f22f56fcf3bc46b94bc60ea4fef6\",\"name\":\"Canal Dana\",\"image\":{\"@type\":\"ImageObject\",\"inLanguage\":\"pt-BR\",\"@id\":\"https:\\\/\\\/secure.gravatar.com\\\/avatar\\\/420aaf9278582877d9018637c6817617705899d2858d7572ef0fe59a6b6454b4?s=96&d=mm&r=g\",\"url\":\"https:\\\/\\\/secure.gravatar.com\\\/avatar\\\/420aaf9278582877d9018637c6817617705899d2858d7572ef0fe59a6b6454b4?s=96&d=mm&r=g\",\"contentUrl\":\"https:\\\/\\\/secure.gravatar.com\\\/avatar\\\/420aaf9278582877d9018637c6817617705899d2858d7572ef0fe59a6b6454b4?s=96&d=mm&r=g\",\"caption\":\"Canal Dana\"},\"url\":\"https:\\\/\\\/dana.com.br\\\/canaldana\\\/author\\\/cdeditor\\\/\"}]}<\/script>\n<!-- \/ Yoast SEO plugin. -->","yoast_head_json":{"title":"SBCTrans destaca sua identidade visual no Concurso de Pintura de Frotas - Canal Dana","robots":{"index":"index","follow":"follow","max-snippet":"max-snippet:-1","max-image-preview":"max-image-preview:large","max-video-preview":"max-video-preview:-1"},"canonical":"https:\/\/dana.com.br\/canaldana\/2019\/10\/24\/sbctrans-destaca-sua-identidade-visual-no-concurso-de-pintura-de-frotas\/","og_locale":"pt_BR","og_type":"article","og_title":"SBCTrans destaca sua identidade visual no Concurso de Pintura de Frotas - Canal Dana","og_description":"ABC do ABC &nbsp; A SBCTrans, eleita a melhor empresa de servi\u00e7o de transporte de passageiros no Estado de S\u00e3o Paulo, participa do 50\u00ba Concurso de Pintura de Frotas, promovido pela OTM Editora. O objetivo \u00e9 destacar o design e layout dos ve\u00edculos que fazem o transporte coletivo no munic\u00edpio de S\u00e3o Bernardo do Campo.\u2026 Leia mais \u00bb","og_url":"https:\/\/dana.com.br\/canaldana\/2019\/10\/24\/sbctrans-destaca-sua-identidade-visual-no-concurso-de-pintura-de-frotas\/","og_site_name":"Canal Dana","article_published_time":"2019-10-24T12:08:28+00:00","author":"Canal Dana","twitter_card":"summary_large_image","twitter_misc":{"Escrito por":"Canal Dana","Est. tempo de leitura":"1 minuto"},"schema":{"@context":"https:\/\/schema.org","@graph":[{"@type":"Article","@id":"https:\/\/dana.com.br\/canaldana\/2019\/10\/24\/sbctrans-destaca-sua-identidade-visual-no-concurso-de-pintura-de-frotas\/#article","isPartOf":{"@id":"https:\/\/dana.com.br\/canaldana\/2019\/10\/24\/sbctrans-destaca-sua-identidade-visual-no-concurso-de-pintura-de-frotas\/"},"author":{"name":"Canal Dana","@id":"https:\/\/dana.com.br\/canaldana\/#\/schema\/person\/3c21f22f56fcf3bc46b94bc60ea4fef6"},"headline":"SBCTrans destaca sua identidade visual no Concurso de Pintura de Frotas","datePublished":"2019-10-24T12:08:28+00:00","mainEntityOfPage":{"@id":"https:\/\/dana.com.br\/canaldana\/2019\/10\/24\/sbctrans-destaca-sua-identidade-visual-no-concurso-de-pintura-de-frotas\/"},"wordCount":286,"articleSection":["Concursos"],"inLanguage":"pt-BR"},{"@type":"WebPage","@id":"https:\/\/dana.com.br\/canaldana\/2019\/10\/24\/sbctrans-destaca-sua-identidade-visual-no-concurso-de-pintura-de-frotas\/","url":"https:\/\/dana.com.br\/canaldana\/2019\/10\/24\/sbctrans-destaca-sua-identidade-visual-no-concurso-de-pintura-de-frotas\/","name":"SBCTrans destaca sua identidade visual no Concurso de Pintura de Frotas - Canal Dana","isPartOf":{"@id":"https:\/\/dana.com.br\/canaldana\/#website"},"datePublished":"2019-10-24T12:08:28+00:00","author":{"@id":"https:\/\/dana.com.br\/canaldana\/#\/schema\/person\/3c21f22f56fcf3bc46b94bc60ea4fef6"},"breadcrumb":{"@id":"https:\/\/dana.com.br\/canaldana\/2019\/10\/24\/sbctrans-destaca-sua-identidade-visual-no-concurso-de-pintura-de-frotas\/#breadcrumb"},"inLanguage":"pt-BR","potentialAction":[{"@type":"ReadAction","target":["https:\/\/dana.com.br\/canaldana\/2019\/10\/24\/sbctrans-destaca-sua-identidade-visual-no-concurso-de-pintura-de-frotas\/"]}]},{"@type":"BreadcrumbList","@id":"https:\/\/dana.com.br\/canaldana\/2019\/10\/24\/sbctrans-destaca-sua-identidade-visual-no-concurso-de-pintura-de-frotas\/#breadcrumb","itemListElement":[{"@type":"ListItem","position":1,"name":"Home","item":"https:\/\/dana.com.br\/canaldana\/"},{"@type":"ListItem","position":2,"name":"Concursos","item":"https:\/\/dana.com.br\/canaldana\/concursos\/"},{"@type":"ListItem","position":3,"name":"SBCTrans destaca sua identidade visual no Concurso de Pintura de Frotas"}]},{"@type":"WebSite","@id":"https:\/\/dana.com.br\/canaldana\/#website","url":"https:\/\/dana.com.br\/canaldana\/","name":"Canal Dana","description":"Informativo com as principais not\u00edcias da ind\u00fastria automotiva","potentialAction":[{"@type":"SearchAction","target":{"@type":"EntryPoint","urlTemplate":"https:\/\/dana.com.br\/canaldana\/?s={search_term_string}"},"query-input":{"@type":"PropertyValueSpecification","valueRequired":true,"valueName":"search_term_string"}}],"inLanguage":"pt-BR"},{"@type":"Person","@id":"https:\/\/dana.com.br\/canaldana\/#\/schema\/person\/3c21f22f56fcf3bc46b94bc60ea4fef6","name":"Canal Dana","image":{"@type":"ImageObject","inLanguage":"pt-BR","@id":"https:\/\/secure.gravatar.com\/avatar\/420aaf9278582877d9018637c6817617705899d2858d7572ef0fe59a6b6454b4?s=96&d=mm&r=g","url":"https:\/\/secure.gravatar.com\/avatar\/420aaf9278582877d9018637c6817617705899d2858d7572ef0fe59a6b6454b4?s=96&d=mm&r=g","contentUrl":"https:\/\/secure.gravatar.com\/avatar\/420aaf9278582877d9018637c6817617705899d2858d7572ef0fe59a6b6454b4?s=96&d=mm&r=g","caption":"Canal Dana"},"url":"https:\/\/dana.com.br\/canaldana\/author\/cdeditor\/"}]}},"_links":{"self":[{"href":"https:\/\/dana.com.br\/canaldana\/wp-json\/wp\/v2\/posts\/38133","targetHints":{"allow":["GET"]}}],"collection":[{"href":"https:\/\/dana.com.br\/canaldana\/wp-json\/wp\/v2\/posts"}],"about":[{"href":"https:\/\/dana.com.br\/canaldana\/wp-json\/wp\/v2\/types\/post"}],"author":[{"embeddable":true,"href":"https:\/\/dana.com.br\/canaldana\/wp-json\/wp\/v2\/users\/3"}],"replies":[{"embeddable":true,"href":"https:\/\/dana.com.br\/canaldana\/wp-json\/wp\/v2\/comments?post=38133"}],"version-history":[{"count":0,"href":"https:\/\/dana.com.br\/canaldana\/wp-json\/wp\/v2\/posts\/38133\/revisions"}],"wp:attachment":[{"href":"https:\/\/dana.com.br\/canaldana\/wp-json\/wp\/v2\/media?parent=38133"}],"wp:term":[{"taxonomy":"category","embeddable":true,"href":"https:\/\/dana.com.br\/canaldana\/wp-json\/wp\/v2\/categories?post=38133"},{"taxonomy":"post_tag","embeddable":true,"href":"https:\/\/dana.com.br\/canaldana\/wp-json\/wp\/v2\/tags?post=38133"}],"curies":[{"name":"wp","href":"https:\/\/api.w.org\/{rel}","templated":true}]}}