{"id":38123,"date":"2019-10-23T08:05:49","date_gmt":"2019-10-23T11:05:49","guid":{"rendered":"https:\/\/dana.com.br\/canaldana\/?p=38123"},"modified":"2019-10-23T08:05:49","modified_gmt":"2019-10-23T11:05:49","slug":"rodovias-de-sao-paulo-terao-30-postos-de-abastecimento-para-carro-eletrico","status":"publish","type":"post","link":"https:\/\/dana.com.br\/canaldana\/2019\/10\/23\/rodovias-de-sao-paulo-terao-30-postos-de-abastecimento-para-carro-eletrico\/","title":{"rendered":"Rodovias de S\u00e3o Paulo ter\u00e3o 30 postos de abastecimento para carro el\u00e9trico"},"content":{"rendered":"<p><em>O Estado de S. Paulo <\/em><\/p>\n<p>&nbsp;<\/p>\n<p>Uma investida para incentivar a eletrifica\u00e7\u00e3o dos ve\u00edculos foi dada nesta ter\u00e7a-feira, 22, com o an\u00fancio da instala\u00e7\u00e3o de 30 postos de recarga r\u00e1pida nas principais rodovias de S\u00e3o Paulo. O Estado ser\u00e1 o primeiro do Pa\u00eds a ter cobertura total de abastecimento, segundo o cons\u00f3rcio respons\u00e1vel pelo projeto formado pela empresa de energia EDP, as montadoras Volkswagen, Porsche e Audi e as fabricantes de equipamentos ABB, Electric Mobility e a Siemens. O Grupo de Estudos do Setor El\u00e9trico (Gesel\/UFRJ) ajudar\u00e1 na gest\u00e3o da rede.<\/p>\n<p>&nbsp;<\/p>\n<p>Posto de abastecimento da EDP para carro el\u00e9trico. Da esquerda para a direita: Andreas Marquardt, diretor presidente da Porsche, Johannes Roscheck, CEO e presidente da Audi, Eduardo Sousa, diretor da Eletric mobility Brasil, Pablo Di Si, presidente e CEO da VW Am\u00e9rica Latina, Antonio Mexia, CEO Global EDP, Andr\u00e9 Clark, presidente e CEO da Siemens, Miguel Setas, presidente da EDP Brasil e Rafael Paniagua, presidente da ABB.<\/p>\n<p>&nbsp;<\/p>\n<p>Os novos postos ter\u00e3o capacidade para carregamento de 80% das baterias em at\u00e9 meia hora. Ser\u00e3o instalados em sete rodovias que se conectam com outras onde j\u00e1 h\u00e1 esta\u00e7\u00f5es de abastecimento (n\u00e3o necessariamente com a mesma rapidez) como Dutra, Bandeirantes e Anhanguera. \u201cS\u00e3o Paulo ser\u00e1 o primeiro Estado 100% coberto por rede de carregamento el\u00e9trico, sendo que cada posto estar\u00e1 a cerca de 150 quil\u00f4metros um do outro\u201d, informa Miguel Setas, presidente da EDP no Brasil.<\/p>\n<p>&nbsp;<\/p>\n<p>O cons\u00f3rcio foi aprovado em chamada p\u00fablica da Ag\u00eancia Nacional de Energia El\u00e9trica (Aneel) voltada a incentivar a transi\u00e7\u00e3o energ\u00e9tica do Pa\u00eds e a promover o uso de fontes n\u00e3o poluentes no transporte. O grupo investir\u00e1 R$ 32,9 milh\u00f5es no projeto, previsto para ser conclu\u00eddo ao longo dos pr\u00f3ximos tr\u00eas anos.<\/p>\n<p>&nbsp;<\/p>\n<p>Setas ressalta que, somando os outros Estados, haver\u00e1 64 pontos de carregamento nos 2,5 mil quil\u00f4metros que interligam as capitais S\u00e3o Paulo, Rio, Vit\u00f3ria, Curitiba e Florian\u00f3polis. \u201cSer\u00e1 o primeiro e maior projeto desse tipo na Am\u00e9rica do Sul.\u201d<\/p>\n<p>&nbsp;<\/p>\n<p>O presidente da Volkswagen Am\u00e9rica Latina, Pablo Di Si, ressalta a import\u00e2ncia da cria\u00e7\u00e3o de um ecossistema com parceira p\u00fablica e privada para \u201ccriar uma nova era no Brasil\u201d. Para ele, esse \u201c\u00e9 o primeiro passo para quem espera um Brasil melhor\u201d. Com a Porsche e a Audi, marcas pertencentes ao grupo, a montadora fornecer\u00e1 ve\u00edculos para testar o corredor.<\/p>\n<p>&nbsp;<\/p>\n<p>Di Si informa que em novembro come\u00e7ar\u00e1 a ser vendido no Pa\u00eds o Golf GTE h\u00edbrido plug-in (com um motor a combust\u00e3o e outro el\u00e9trico), importado da Alemanha. Nos pr\u00f3ximos cinco anos chegar\u00e3o mais seis modelos 100% el\u00e9tricos escolhidos entre uma gama de 70 modelos que o grupo lan\u00e7ar\u00e1 globalmente. A Porsche trar\u00e1 seu primeiro el\u00e9trico ao Pa\u00eds, o Taycan 4S, no pr\u00f3ximo ano e a Audi o e-tron, primeiro utilit\u00e1rio-esportivo (SUV) 100% el\u00e9trico da marca at\u00e9 maio.<\/p>\n<p>&nbsp;<\/p>\n<p>\u201cA onda de eletrifica\u00e7\u00e3o veicular come\u00e7a a chegar com mais intensidade no Brasil e o projeto da rede de recarga ultrarr\u00e1pida ter\u00e1 um papel fundamental principalmente na confian\u00e7a dos consumidores, que passam a ter mais confian\u00e7a na qualidade e quantidade de postos da rede de recarga\u201d, afirma Johannes Roscheck, presidente da Audi do Brasil. \u201cNo mundo, a empresa planeja lan\u00e7ar 30 modelos eletrificados at\u00e9 2025.\u201d<\/p>\n<p>&nbsp;<\/p>\n<p>As novas bases de carregamento ser\u00e3o instadas nas rodovias Tamoios, Imigrantes, Carvalho Pinto, Governador M\u00e1rio Covas, Dom Pedro, Washington Luis e R\u00e9gis Bittencourt.<\/p>\n<p>&nbsp;<\/p>\n<p><strong>Frota de el\u00e9tricos no Brasil<\/strong><\/p>\n<p>&nbsp;<\/p>\n<p>Calcula-se que h\u00e1 entre 8,5 mil e 10 mil ve\u00edculos el\u00e9tricos rodando pelo Pa\u00eds. Estudo do Boston Consulting Group prev\u00ea que o n\u00famero chegue a 2 milh\u00f5es daqui a uma d\u00e9cada. Neste ano, somando os h\u00edbridos, foram vendidas 5.436 unidades at\u00e9 setembro, ante 3.970 em todo o ano de 2018, segundo a Associa\u00e7\u00e3o Nacional dos Fabricantes de Ve\u00edculos Automotores (Anfavea). Todos s\u00e3o importados e os pre\u00e7os partem de R$ 150 mil. O primeiro ve\u00edculo el\u00e9trico a ser produzido no Brasil ser\u00e1 o caminh\u00e3o e-Delivery, da Volkswagen Caminh\u00f5es e \u00d4nibus, no pr\u00f3ximo ano.<\/p>\n<p>&nbsp;<\/p>\n<p>No mundo todo h\u00e1 cerca de 2 milh\u00f5es de ve\u00edculos el\u00e9tricos em circula\u00e7\u00e3o, segundo dados da Bloomberg New Energy Finance (BNEF). Pelas estimativas da empresa de pesquisas, at\u00e9 2040 ser\u00e3o 56 milh\u00f5es, o equivalente a 57% da frota. Paralelamente, o n\u00famero de ve\u00edculos a combust\u00e3o deve encolher de 85 milh\u00f5es para 42 milh\u00f5es.<\/p>\n<p>&nbsp;<\/p>\n<p>A EDP tem v\u00e1rios carros el\u00e9tricos em sua frota, dos quais cinco s\u00e3o usados pelos diretores da empresa. \u201cAt\u00e9 2030 teremos 100% da nossa frota el\u00e9trica ou h\u00edbrida\u201d, informa Setas.<\/p>\n<p>&nbsp;<\/p>\n<p>Al\u00e9m do corredor em S\u00e3o Paulo, o grupo portugu\u00eas participa de dois projetos de eletrifica\u00e7\u00e3o. Um deles \u00e9 a instala\u00e7\u00e3o de um e-lounge, \u00e1rea de abastecimento el\u00e9trico no aeroporto de Guarulhos e no centro de S\u00e3o Paulo para atender especificamente frotas de autom\u00f3veis de transporte p\u00fablico (t\u00e1xis, etc), e outro um corredor para \u00f4nibus el\u00e9tricos no Esp\u00edrito Santo.<\/p>\n<p>&nbsp;<\/p>\n<p>A chamada p\u00fablica feita pela Aneel recebeu 38 propostas de projetos que exigir\u00e3o entre R$ 450 milh\u00f5es e R$ 500 milh\u00f5es de investimentos. (O Estado de S. Paulo\/Cleide Silva)<\/p>\n","protected":false},"excerpt":{"rendered":"<p>O Estado de S. Paulo &nbsp; Uma investida para incentivar a eletrifica\u00e7\u00e3o dos ve\u00edculos foi dada nesta ter\u00e7a-feira, 22, com o an\u00fancio da instala\u00e7\u00e3o de 30 postos de recarga r\u00e1pida nas principais rodovias de S\u00e3o Paulo. O Estado ser\u00e1 o primeiro do Pa\u00eds a ter cobertura total de abastecimento, segundo o cons\u00f3rcio respons\u00e1vel pelo projeto\u2026 <a class=\"readmore\" href=\"https:\/\/dana.com.br\/canaldana\/2019\/10\/23\/rodovias-de-sao-paulo-terao-30-postos-de-abastecimento-para-carro-eletrico\/\">Leia mais \u00bb<\/a><\/p>\n","protected":false},"author":3,"featured_media":0,"comment_status":"closed","ping_status":"closed","sticky":false,"template":"","format":"standard","meta":{"_acf_changed":false,"footnotes":""},"categories":[61],"tags":[],"class_list":["post-38123","post","type-post","status-publish","format-standard","hentry","category-destaques"],"acf":[],"yoast_head":"<!-- This site is optimized with the Yoast SEO plugin v27.5 - https:\/\/yoast.com\/product\/yoast-seo-wordpress\/ -->\n<title>Rodovias de S\u00e3o Paulo ter\u00e3o 30 postos de abastecimento para carro el\u00e9trico - Canal Dana<\/title>\n<meta name=\"robots\" content=\"index, follow, max-snippet:-1, max-image-preview:large, max-video-preview:-1\" \/>\n<link rel=\"canonical\" href=\"https:\/\/dana.com.br\/canaldana\/2019\/10\/23\/rodovias-de-sao-paulo-terao-30-postos-de-abastecimento-para-carro-eletrico\/\" \/>\n<meta property=\"og:locale\" content=\"pt_BR\" \/>\n<meta property=\"og:type\" content=\"article\" \/>\n<meta property=\"og:title\" content=\"Rodovias de S\u00e3o Paulo ter\u00e3o 30 postos de abastecimento para carro el\u00e9trico - Canal Dana\" \/>\n<meta property=\"og:description\" content=\"O Estado de S. Paulo &nbsp; Uma investida para incentivar a eletrifica\u00e7\u00e3o dos ve\u00edculos foi dada nesta ter\u00e7a-feira, 22, com o an\u00fancio da instala\u00e7\u00e3o de 30 postos de recarga r\u00e1pida nas principais rodovias de S\u00e3o Paulo. O Estado ser\u00e1 o primeiro do Pa\u00eds a ter cobertura total de abastecimento, segundo o cons\u00f3rcio respons\u00e1vel pelo projeto\u2026 Leia mais \u00bb\" \/>\n<meta property=\"og:url\" content=\"https:\/\/dana.com.br\/canaldana\/2019\/10\/23\/rodovias-de-sao-paulo-terao-30-postos-de-abastecimento-para-carro-eletrico\/\" \/>\n<meta property=\"og:site_name\" content=\"Canal Dana\" \/>\n<meta property=\"article:published_time\" content=\"2019-10-23T11:05:49+00:00\" \/>\n<meta name=\"author\" content=\"Canal Dana\" \/>\n<meta name=\"twitter:card\" content=\"summary_large_image\" \/>\n<meta name=\"twitter:label1\" content=\"Escrito por\" \/>\n\t<meta name=\"twitter:data1\" content=\"Canal Dana\" \/>\n\t<meta name=\"twitter:label2\" content=\"Est. tempo de leitura\" \/>\n\t<meta name=\"twitter:data2\" content=\"5 minutos\" \/>\n<script type=\"application\/ld+json\" class=\"yoast-schema-graph\">{\"@context\":\"https:\\\/\\\/schema.org\",\"@graph\":[{\"@type\":\"Article\",\"@id\":\"https:\\\/\\\/dana.com.br\\\/canaldana\\\/2019\\\/10\\\/23\\\/rodovias-de-sao-paulo-terao-30-postos-de-abastecimento-para-carro-eletrico\\\/#article\",\"isPartOf\":{\"@id\":\"https:\\\/\\\/dana.com.br\\\/canaldana\\\/2019\\\/10\\\/23\\\/rodovias-de-sao-paulo-terao-30-postos-de-abastecimento-para-carro-eletrico\\\/\"},\"author\":{\"name\":\"Canal Dana\",\"@id\":\"https:\\\/\\\/dana.com.br\\\/canaldana\\\/#\\\/schema\\\/person\\\/3c21f22f56fcf3bc46b94bc60ea4fef6\"},\"headline\":\"Rodovias de S\u00e3o Paulo ter\u00e3o 30 postos de abastecimento para carro el\u00e9trico\",\"datePublished\":\"2019-10-23T11:05:49+00:00\",\"mainEntityOfPage\":{\"@id\":\"https:\\\/\\\/dana.com.br\\\/canaldana\\\/2019\\\/10\\\/23\\\/rodovias-de-sao-paulo-terao-30-postos-de-abastecimento-para-carro-eletrico\\\/\"},\"wordCount\":929,\"articleSection\":[\"Destaques\"],\"inLanguage\":\"pt-BR\"},{\"@type\":\"WebPage\",\"@id\":\"https:\\\/\\\/dana.com.br\\\/canaldana\\\/2019\\\/10\\\/23\\\/rodovias-de-sao-paulo-terao-30-postos-de-abastecimento-para-carro-eletrico\\\/\",\"url\":\"https:\\\/\\\/dana.com.br\\\/canaldana\\\/2019\\\/10\\\/23\\\/rodovias-de-sao-paulo-terao-30-postos-de-abastecimento-para-carro-eletrico\\\/\",\"name\":\"Rodovias de S\u00e3o Paulo ter\u00e3o 30 postos de abastecimento para carro el\u00e9trico - Canal Dana\",\"isPartOf\":{\"@id\":\"https:\\\/\\\/dana.com.br\\\/canaldana\\\/#website\"},\"datePublished\":\"2019-10-23T11:05:49+00:00\",\"author\":{\"@id\":\"https:\\\/\\\/dana.com.br\\\/canaldana\\\/#\\\/schema\\\/person\\\/3c21f22f56fcf3bc46b94bc60ea4fef6\"},\"breadcrumb\":{\"@id\":\"https:\\\/\\\/dana.com.br\\\/canaldana\\\/2019\\\/10\\\/23\\\/rodovias-de-sao-paulo-terao-30-postos-de-abastecimento-para-carro-eletrico\\\/#breadcrumb\"},\"inLanguage\":\"pt-BR\",\"potentialAction\":[{\"@type\":\"ReadAction\",\"target\":[\"https:\\\/\\\/dana.com.br\\\/canaldana\\\/2019\\\/10\\\/23\\\/rodovias-de-sao-paulo-terao-30-postos-de-abastecimento-para-carro-eletrico\\\/\"]}]},{\"@type\":\"BreadcrumbList\",\"@id\":\"https:\\\/\\\/dana.com.br\\\/canaldana\\\/2019\\\/10\\\/23\\\/rodovias-de-sao-paulo-terao-30-postos-de-abastecimento-para-carro-eletrico\\\/#breadcrumb\",\"itemListElement\":[{\"@type\":\"ListItem\",\"position\":1,\"name\":\"Home\",\"item\":\"https:\\\/\\\/dana.com.br\\\/canaldana\\\/\"},{\"@type\":\"ListItem\",\"position\":2,\"name\":\"Destaques\",\"item\":\"https:\\\/\\\/dana.com.br\\\/canaldana\\\/destaques\\\/\"},{\"@type\":\"ListItem\",\"position\":3,\"name\":\"Rodovias de S\u00e3o Paulo ter\u00e3o 30 postos de abastecimento para carro el\u00e9trico\"}]},{\"@type\":\"WebSite\",\"@id\":\"https:\\\/\\\/dana.com.br\\\/canaldana\\\/#website\",\"url\":\"https:\\\/\\\/dana.com.br\\\/canaldana\\\/\",\"name\":\"Canal Dana\",\"description\":\"Informativo com as principais not\u00edcias da ind\u00fastria automotiva\",\"potentialAction\":[{\"@type\":\"SearchAction\",\"target\":{\"@type\":\"EntryPoint\",\"urlTemplate\":\"https:\\\/\\\/dana.com.br\\\/canaldana\\\/?s={search_term_string}\"},\"query-input\":{\"@type\":\"PropertyValueSpecification\",\"valueRequired\":true,\"valueName\":\"search_term_string\"}}],\"inLanguage\":\"pt-BR\"},{\"@type\":\"Person\",\"@id\":\"https:\\\/\\\/dana.com.br\\\/canaldana\\\/#\\\/schema\\\/person\\\/3c21f22f56fcf3bc46b94bc60ea4fef6\",\"name\":\"Canal Dana\",\"image\":{\"@type\":\"ImageObject\",\"inLanguage\":\"pt-BR\",\"@id\":\"https:\\\/\\\/secure.gravatar.com\\\/avatar\\\/420aaf9278582877d9018637c6817617705899d2858d7572ef0fe59a6b6454b4?s=96&d=mm&r=g\",\"url\":\"https:\\\/\\\/secure.gravatar.com\\\/avatar\\\/420aaf9278582877d9018637c6817617705899d2858d7572ef0fe59a6b6454b4?s=96&d=mm&r=g\",\"contentUrl\":\"https:\\\/\\\/secure.gravatar.com\\\/avatar\\\/420aaf9278582877d9018637c6817617705899d2858d7572ef0fe59a6b6454b4?s=96&d=mm&r=g\",\"caption\":\"Canal Dana\"},\"url\":\"https:\\\/\\\/dana.com.br\\\/canaldana\\\/author\\\/cdeditor\\\/\"}]}<\/script>\n<!-- \/ Yoast SEO plugin. -->","yoast_head_json":{"title":"Rodovias de S\u00e3o Paulo ter\u00e3o 30 postos de abastecimento para carro el\u00e9trico - Canal Dana","robots":{"index":"index","follow":"follow","max-snippet":"max-snippet:-1","max-image-preview":"max-image-preview:large","max-video-preview":"max-video-preview:-1"},"canonical":"https:\/\/dana.com.br\/canaldana\/2019\/10\/23\/rodovias-de-sao-paulo-terao-30-postos-de-abastecimento-para-carro-eletrico\/","og_locale":"pt_BR","og_type":"article","og_title":"Rodovias de S\u00e3o Paulo ter\u00e3o 30 postos de abastecimento para carro el\u00e9trico - Canal Dana","og_description":"O Estado de S. Paulo &nbsp; Uma investida para incentivar a eletrifica\u00e7\u00e3o dos ve\u00edculos foi dada nesta ter\u00e7a-feira, 22, com o an\u00fancio da instala\u00e7\u00e3o de 30 postos de recarga r\u00e1pida nas principais rodovias de S\u00e3o Paulo. O Estado ser\u00e1 o primeiro do Pa\u00eds a ter cobertura total de abastecimento, segundo o cons\u00f3rcio respons\u00e1vel pelo projeto\u2026 Leia mais \u00bb","og_url":"https:\/\/dana.com.br\/canaldana\/2019\/10\/23\/rodovias-de-sao-paulo-terao-30-postos-de-abastecimento-para-carro-eletrico\/","og_site_name":"Canal Dana","article_published_time":"2019-10-23T11:05:49+00:00","author":"Canal Dana","twitter_card":"summary_large_image","twitter_misc":{"Escrito por":"Canal Dana","Est. tempo de leitura":"5 minutos"},"schema":{"@context":"https:\/\/schema.org","@graph":[{"@type":"Article","@id":"https:\/\/dana.com.br\/canaldana\/2019\/10\/23\/rodovias-de-sao-paulo-terao-30-postos-de-abastecimento-para-carro-eletrico\/#article","isPartOf":{"@id":"https:\/\/dana.com.br\/canaldana\/2019\/10\/23\/rodovias-de-sao-paulo-terao-30-postos-de-abastecimento-para-carro-eletrico\/"},"author":{"name":"Canal Dana","@id":"https:\/\/dana.com.br\/canaldana\/#\/schema\/person\/3c21f22f56fcf3bc46b94bc60ea4fef6"},"headline":"Rodovias de S\u00e3o Paulo ter\u00e3o 30 postos de abastecimento para carro el\u00e9trico","datePublished":"2019-10-23T11:05:49+00:00","mainEntityOfPage":{"@id":"https:\/\/dana.com.br\/canaldana\/2019\/10\/23\/rodovias-de-sao-paulo-terao-30-postos-de-abastecimento-para-carro-eletrico\/"},"wordCount":929,"articleSection":["Destaques"],"inLanguage":"pt-BR"},{"@type":"WebPage","@id":"https:\/\/dana.com.br\/canaldana\/2019\/10\/23\/rodovias-de-sao-paulo-terao-30-postos-de-abastecimento-para-carro-eletrico\/","url":"https:\/\/dana.com.br\/canaldana\/2019\/10\/23\/rodovias-de-sao-paulo-terao-30-postos-de-abastecimento-para-carro-eletrico\/","name":"Rodovias de S\u00e3o Paulo ter\u00e3o 30 postos de abastecimento para carro el\u00e9trico - Canal Dana","isPartOf":{"@id":"https:\/\/dana.com.br\/canaldana\/#website"},"datePublished":"2019-10-23T11:05:49+00:00","author":{"@id":"https:\/\/dana.com.br\/canaldana\/#\/schema\/person\/3c21f22f56fcf3bc46b94bc60ea4fef6"},"breadcrumb":{"@id":"https:\/\/dana.com.br\/canaldana\/2019\/10\/23\/rodovias-de-sao-paulo-terao-30-postos-de-abastecimento-para-carro-eletrico\/#breadcrumb"},"inLanguage":"pt-BR","potentialAction":[{"@type":"ReadAction","target":["https:\/\/dana.com.br\/canaldana\/2019\/10\/23\/rodovias-de-sao-paulo-terao-30-postos-de-abastecimento-para-carro-eletrico\/"]}]},{"@type":"BreadcrumbList","@id":"https:\/\/dana.com.br\/canaldana\/2019\/10\/23\/rodovias-de-sao-paulo-terao-30-postos-de-abastecimento-para-carro-eletrico\/#breadcrumb","itemListElement":[{"@type":"ListItem","position":1,"name":"Home","item":"https:\/\/dana.com.br\/canaldana\/"},{"@type":"ListItem","position":2,"name":"Destaques","item":"https:\/\/dana.com.br\/canaldana\/destaques\/"},{"@type":"ListItem","position":3,"name":"Rodovias de S\u00e3o Paulo ter\u00e3o 30 postos de abastecimento para carro el\u00e9trico"}]},{"@type":"WebSite","@id":"https:\/\/dana.com.br\/canaldana\/#website","url":"https:\/\/dana.com.br\/canaldana\/","name":"Canal Dana","description":"Informativo com as principais not\u00edcias da ind\u00fastria automotiva","potentialAction":[{"@type":"SearchAction","target":{"@type":"EntryPoint","urlTemplate":"https:\/\/dana.com.br\/canaldana\/?s={search_term_string}"},"query-input":{"@type":"PropertyValueSpecification","valueRequired":true,"valueName":"search_term_string"}}],"inLanguage":"pt-BR"},{"@type":"Person","@id":"https:\/\/dana.com.br\/canaldana\/#\/schema\/person\/3c21f22f56fcf3bc46b94bc60ea4fef6","name":"Canal Dana","image":{"@type":"ImageObject","inLanguage":"pt-BR","@id":"https:\/\/secure.gravatar.com\/avatar\/420aaf9278582877d9018637c6817617705899d2858d7572ef0fe59a6b6454b4?s=96&d=mm&r=g","url":"https:\/\/secure.gravatar.com\/avatar\/420aaf9278582877d9018637c6817617705899d2858d7572ef0fe59a6b6454b4?s=96&d=mm&r=g","contentUrl":"https:\/\/secure.gravatar.com\/avatar\/420aaf9278582877d9018637c6817617705899d2858d7572ef0fe59a6b6454b4?s=96&d=mm&r=g","caption":"Canal Dana"},"url":"https:\/\/dana.com.br\/canaldana\/author\/cdeditor\/"}]}},"_links":{"self":[{"href":"https:\/\/dana.com.br\/canaldana\/wp-json\/wp\/v2\/posts\/38123","targetHints":{"allow":["GET"]}}],"collection":[{"href":"https:\/\/dana.com.br\/canaldana\/wp-json\/wp\/v2\/posts"}],"about":[{"href":"https:\/\/dana.com.br\/canaldana\/wp-json\/wp\/v2\/types\/post"}],"author":[{"embeddable":true,"href":"https:\/\/dana.com.br\/canaldana\/wp-json\/wp\/v2\/users\/3"}],"replies":[{"embeddable":true,"href":"https:\/\/dana.com.br\/canaldana\/wp-json\/wp\/v2\/comments?post=38123"}],"version-history":[{"count":0,"href":"https:\/\/dana.com.br\/canaldana\/wp-json\/wp\/v2\/posts\/38123\/revisions"}],"wp:attachment":[{"href":"https:\/\/dana.com.br\/canaldana\/wp-json\/wp\/v2\/media?parent=38123"}],"wp:term":[{"taxonomy":"category","embeddable":true,"href":"https:\/\/dana.com.br\/canaldana\/wp-json\/wp\/v2\/categories?post=38123"},{"taxonomy":"post_tag","embeddable":true,"href":"https:\/\/dana.com.br\/canaldana\/wp-json\/wp\/v2\/tags?post=38123"}],"curies":[{"name":"wp","href":"https:\/\/api.w.org\/{rel}","templated":true}]}}