{"id":38034,"date":"2019-10-21T08:05:54","date_gmt":"2019-10-21T11:05:54","guid":{"rendered":"https:\/\/dana.com.br\/canaldana\/?p=38034"},"modified":"2019-10-21T08:05:54","modified_gmt":"2019-10-21T11:05:54","slug":"o-brasil-e-a-industria-4-0","status":"publish","type":"post","link":"https:\/\/dana.com.br\/canaldana\/2019\/10\/21\/o-brasil-e-a-industria-4-0\/","title":{"rendered":"O Brasil e a Ind\u00fastria 4.0"},"content":{"rendered":"<p><em>O Estado de S. Paulo<\/em><\/p>\n<p>&nbsp;<\/p>\n<p>\u201cQuando h\u00e1 uma revolu\u00e7\u00e3o inelut\u00e1vel, a gente ou lidera, ou segue ou sai do caminho.\u201d A afirma\u00e7\u00e3o \u00e9 do diretor do Departamento de Rela\u00e7\u00f5es Internacionais e Com\u00e9rcio Exterior da Federa\u00e7\u00e3o das Ind\u00fastrias do Estado de S\u00e3o Paulo (Fiesp), Thomaz Zanotto, e foi feita durante o F\u00f3rum P\u00fablico da Organiza\u00e7\u00e3o Mundial do Com\u00e9rcio (OMC), realizado recentemente em Genebra. Entre outros temas, o evento tratou de intelig\u00eancia artificial e nanotecnologia.<\/p>\n<p>&nbsp;<\/p>\n<p>Em sua interven\u00e7\u00e3o, Zanotto discutiu um ponto pol\u00eamico registrado por uma pesquisa realizada em 2018 pela Fiesp em parceria com o Servi\u00e7o Nacional de Aprendizagem Industrial. Segundo o levantamento, 32% dos industriais entrevistados disseram que n\u00e3o sabem o que \u00e9 a Quarta Revolu\u00e7\u00e3o Industrial \u2013 a chamada Ind\u00fastria 4.0. Essa revolu\u00e7\u00e3o come\u00e7ou com a difus\u00e3o das tecnologias de comunica\u00e7\u00e3o desenvolvidas nos anos 1970 e se intensificou com os avan\u00e7os na intelig\u00eancia artificial e na biotecnologia.<\/p>\n<p>&nbsp;<\/p>\n<p>O estudo da Fiesp revela que o Brasil se encontra fora da nova economia mundial, n\u00e3o tendo relev\u00e2ncia em nenhuma das \u00e1reas-chave da Ind\u00fastria 4.0. A pesquisa mostrou que apenas 5% das empresas brasileiras se sentem \u201cmuito preparadas\u201d para enfrentar os desafios da Ind\u00fastria 4.0 e que 23% se consideram \u201cnem um pouco preparadas\u201d. Tamb\u00e9m apontou que somente 41% das empresas brasileiras utilizam o lean manufacturing \u2013 o sistema de produ\u00e7\u00e3o enxuta. Por fim, revelou que as \u00e1reas com mais potencial para se beneficiar dos avan\u00e7os tecnol\u00f3gicos s\u00e3o as de produ\u00e7\u00e3o, controle de qualidade, planejamento e engenharia de desenvolvimento de novos produtos. Das 227 empresas pesquisadas, 55% s\u00e3o pequenas, 30% s\u00e3o de porte m\u00e9dio e as demais s\u00e3o grandes.<\/p>\n<p>&nbsp;<\/p>\n<p>Em sua interven\u00e7\u00e3o, Zanotto apontou os desafios que o Brasil tem de enfrentar para reduzir o atraso com rela\u00e7\u00e3o \u00e0 Ind\u00fastria 4.0 e atribuiu o problema \u00e0 recess\u00e3o econ\u00f4mica. Tamb\u00e9m lembrou que o Pa\u00eds est\u00e1 voltando a crescer, ainda que de modo lento, e que o setor industrial est\u00e1 acordando para o desenvolvimento de novas tecnologias. Apesar de seu otimismo, contudo, os problemas que o Brasil tem de enfrentar para reduzir o atraso tecnol\u00f3gico s\u00e3o enormes.<\/p>\n<p>&nbsp;<\/p>\n<p>Os pedidos de registro de patente, por exemplo, continuam demorando muito tempo para serem avaliados e v\u00eam crescendo num ritmo mais lento do que nas economias emergentes, as que competem diretamente com a ind\u00fastria brasileira nos mercados mundiais. Dados do IBGE tamb\u00e9m mostram que, na \u00faltima d\u00e9cada, a introdu\u00e7\u00e3o de tecnologias 4.0 no setor industrial brasileiro foi incipiente, sobretudo por causa de defici\u00eancias na infraestrutura de comunica\u00e7\u00e3o e do custo de importa\u00e7\u00e3o de m\u00e1quinas e equipamentos. Por seu lado, estudos do Instituto de Pesquisa Econ\u00f4mica Aplicada mediram o uso de 16 tipos de habilidades nos empregos dispon\u00edveis no Brasil e constataram que elas v\u00eam crescendo de \u201cforma t\u00edmida\u201d. J\u00e1 a Organiza\u00e7\u00e3o para Coopera\u00e7\u00e3o e Desenvolvimento Econ\u00f4mico aponta, em seus relat\u00f3rios, que o Brasil \u00e9 um dos pa\u00edses que menos formam profissionais nas \u00e1reas de tecnologia, engenharias e matem\u00e1tica. Entre n\u00f3s, al\u00e9m disso, a taxa de desist\u00eancia nos cursos de gradua\u00e7\u00e3o em tecnologia \u00e9 de 69%.<\/p>\n<p>&nbsp;<\/p>\n<p>Os n\u00fameros mostram que as novas gera\u00e7\u00f5es n\u00e3o t\u00eam preparo para acompanhar a revolu\u00e7\u00e3o que a Ind\u00fastria 4.0 vem causando no mundo. Sem condi\u00e7\u00f5es de formar capital humano, o Pa\u00eds continua incapaz de desenvolver m\u00e3o de obra t\u00e3o produtiva e adapt\u00e1vel quanto a de outras economias emergentes. Essa combina\u00e7\u00e3o entre gargalos estruturais em mat\u00e9ria de infraestrutura e falta de qualifica\u00e7\u00e3o t\u00e9cnica das novas gera\u00e7\u00f5es d\u00e1 a medida dos obst\u00e1culos que o Brasil tem de enfrentar para implementar sistemas industriais inteligentes.<\/p>\n<p>&nbsp;<\/p>\n<p>A supera\u00e7\u00e3o desses obst\u00e1culos depende n\u00e3o s\u00f3 de maior envolvimento da iniciativa privada com a Ind\u00fastria 4.0, como mostra a pesquisa da Fiesp, mas, tamb\u00e9m, de pol\u00edticas mais eficientes do poder p\u00fablico, especialmente na \u00e1rea da educa\u00e7\u00e3o. (O Estado de S. Paulo)<\/p>\n","protected":false},"excerpt":{"rendered":"<p>O Estado de S. Paulo &nbsp; \u201cQuando h\u00e1 uma revolu\u00e7\u00e3o inelut\u00e1vel, a gente ou lidera, ou segue ou sai do caminho.\u201d A afirma\u00e7\u00e3o \u00e9 do diretor do Departamento de Rela\u00e7\u00f5es Internacionais e Com\u00e9rcio Exterior da Federa\u00e7\u00e3o das Ind\u00fastrias do Estado de S\u00e3o Paulo (Fiesp), Thomaz Zanotto, e foi feita durante o F\u00f3rum P\u00fablico da Organiza\u00e7\u00e3o\u2026 <a class=\"readmore\" href=\"https:\/\/dana.com.br\/canaldana\/2019\/10\/21\/o-brasil-e-a-industria-4-0\/\">Leia mais \u00bb<\/a><\/p>\n","protected":false},"author":3,"featured_media":0,"comment_status":"closed","ping_status":"closed","sticky":false,"template":"","format":"standard","meta":{"_acf_changed":false,"footnotes":""},"categories":[100],"tags":[],"class_list":["post-38034","post","type-post","status-publish","format-standard","hentry","category-artigo"],"acf":[],"yoast_head":"<!-- This site is optimized with the Yoast SEO plugin v27.3 - https:\/\/yoast.com\/product\/yoast-seo-wordpress\/ -->\n<title>O Brasil e a Ind\u00fastria 4.0 - Canal Dana<\/title>\n<meta name=\"robots\" content=\"index, follow, max-snippet:-1, max-image-preview:large, max-video-preview:-1\" \/>\n<link rel=\"canonical\" href=\"https:\/\/dana.com.br\/canaldana\/2019\/10\/21\/o-brasil-e-a-industria-4-0\/\" \/>\n<meta property=\"og:locale\" content=\"pt_BR\" \/>\n<meta property=\"og:type\" content=\"article\" \/>\n<meta property=\"og:title\" content=\"O Brasil e a Ind\u00fastria 4.0 - Canal Dana\" \/>\n<meta property=\"og:description\" content=\"O Estado de S. Paulo &nbsp; \u201cQuando h\u00e1 uma revolu\u00e7\u00e3o inelut\u00e1vel, a gente ou lidera, ou segue ou sai do caminho.\u201d A afirma\u00e7\u00e3o \u00e9 do diretor do Departamento de Rela\u00e7\u00f5es Internacionais e Com\u00e9rcio Exterior da Federa\u00e7\u00e3o das Ind\u00fastrias do Estado de S\u00e3o Paulo (Fiesp), Thomaz Zanotto, e foi feita durante o F\u00f3rum P\u00fablico da Organiza\u00e7\u00e3o\u2026 Leia mais \u00bb\" \/>\n<meta property=\"og:url\" content=\"https:\/\/dana.com.br\/canaldana\/2019\/10\/21\/o-brasil-e-a-industria-4-0\/\" \/>\n<meta property=\"og:site_name\" content=\"Canal Dana\" \/>\n<meta property=\"article:published_time\" content=\"2019-10-21T11:05:54+00:00\" \/>\n<meta name=\"author\" content=\"Canal Dana\" \/>\n<meta name=\"twitter:card\" content=\"summary_large_image\" \/>\n<meta name=\"twitter:label1\" content=\"Escrito por\" \/>\n\t<meta name=\"twitter:data1\" content=\"Canal Dana\" \/>\n\t<meta name=\"twitter:label2\" content=\"Est. tempo de leitura\" \/>\n\t<meta name=\"twitter:data2\" content=\"3 minutos\" \/>\n<script type=\"application\/ld+json\" class=\"yoast-schema-graph\">{\"@context\":\"https:\\\/\\\/schema.org\",\"@graph\":[{\"@type\":\"Article\",\"@id\":\"https:\\\/\\\/dana.com.br\\\/canaldana\\\/2019\\\/10\\\/21\\\/o-brasil-e-a-industria-4-0\\\/#article\",\"isPartOf\":{\"@id\":\"https:\\\/\\\/dana.com.br\\\/canaldana\\\/2019\\\/10\\\/21\\\/o-brasil-e-a-industria-4-0\\\/\"},\"author\":{\"name\":\"Canal Dana\",\"@id\":\"https:\\\/\\\/dana.com.br\\\/canaldana\\\/#\\\/schema\\\/person\\\/3c21f22f56fcf3bc46b94bc60ea4fef6\"},\"headline\":\"O Brasil e a Ind\u00fastria 4.0\",\"datePublished\":\"2019-10-21T11:05:54+00:00\",\"mainEntityOfPage\":{\"@id\":\"https:\\\/\\\/dana.com.br\\\/canaldana\\\/2019\\\/10\\\/21\\\/o-brasil-e-a-industria-4-0\\\/\"},\"wordCount\":703,\"articleSection\":[\"Artigo\"],\"inLanguage\":\"pt-BR\"},{\"@type\":\"WebPage\",\"@id\":\"https:\\\/\\\/dana.com.br\\\/canaldana\\\/2019\\\/10\\\/21\\\/o-brasil-e-a-industria-4-0\\\/\",\"url\":\"https:\\\/\\\/dana.com.br\\\/canaldana\\\/2019\\\/10\\\/21\\\/o-brasil-e-a-industria-4-0\\\/\",\"name\":\"O Brasil e a Ind\u00fastria 4.0 - Canal Dana\",\"isPartOf\":{\"@id\":\"https:\\\/\\\/dana.com.br\\\/canaldana\\\/#website\"},\"datePublished\":\"2019-10-21T11:05:54+00:00\",\"author\":{\"@id\":\"https:\\\/\\\/dana.com.br\\\/canaldana\\\/#\\\/schema\\\/person\\\/3c21f22f56fcf3bc46b94bc60ea4fef6\"},\"breadcrumb\":{\"@id\":\"https:\\\/\\\/dana.com.br\\\/canaldana\\\/2019\\\/10\\\/21\\\/o-brasil-e-a-industria-4-0\\\/#breadcrumb\"},\"inLanguage\":\"pt-BR\",\"potentialAction\":[{\"@type\":\"ReadAction\",\"target\":[\"https:\\\/\\\/dana.com.br\\\/canaldana\\\/2019\\\/10\\\/21\\\/o-brasil-e-a-industria-4-0\\\/\"]}]},{\"@type\":\"BreadcrumbList\",\"@id\":\"https:\\\/\\\/dana.com.br\\\/canaldana\\\/2019\\\/10\\\/21\\\/o-brasil-e-a-industria-4-0\\\/#breadcrumb\",\"itemListElement\":[{\"@type\":\"ListItem\",\"position\":1,\"name\":\"Home\",\"item\":\"https:\\\/\\\/dana.com.br\\\/canaldana\\\/\"},{\"@type\":\"ListItem\",\"position\":2,\"name\":\"Artigo\",\"item\":\"https:\\\/\\\/dana.com.br\\\/canaldana\\\/artigo\\\/\"},{\"@type\":\"ListItem\",\"position\":3,\"name\":\"O Brasil e a Ind\u00fastria 4.0\"}]},{\"@type\":\"WebSite\",\"@id\":\"https:\\\/\\\/dana.com.br\\\/canaldana\\\/#website\",\"url\":\"https:\\\/\\\/dana.com.br\\\/canaldana\\\/\",\"name\":\"Canal Dana\",\"description\":\"Informativo com as principais not\u00edcias da ind\u00fastria automotiva\",\"potentialAction\":[{\"@type\":\"SearchAction\",\"target\":{\"@type\":\"EntryPoint\",\"urlTemplate\":\"https:\\\/\\\/dana.com.br\\\/canaldana\\\/?s={search_term_string}\"},\"query-input\":{\"@type\":\"PropertyValueSpecification\",\"valueRequired\":true,\"valueName\":\"search_term_string\"}}],\"inLanguage\":\"pt-BR\"},{\"@type\":\"Person\",\"@id\":\"https:\\\/\\\/dana.com.br\\\/canaldana\\\/#\\\/schema\\\/person\\\/3c21f22f56fcf3bc46b94bc60ea4fef6\",\"name\":\"Canal Dana\",\"image\":{\"@type\":\"ImageObject\",\"inLanguage\":\"pt-BR\",\"@id\":\"https:\\\/\\\/secure.gravatar.com\\\/avatar\\\/420aaf9278582877d9018637c6817617705899d2858d7572ef0fe59a6b6454b4?s=96&d=mm&r=g\",\"url\":\"https:\\\/\\\/secure.gravatar.com\\\/avatar\\\/420aaf9278582877d9018637c6817617705899d2858d7572ef0fe59a6b6454b4?s=96&d=mm&r=g\",\"contentUrl\":\"https:\\\/\\\/secure.gravatar.com\\\/avatar\\\/420aaf9278582877d9018637c6817617705899d2858d7572ef0fe59a6b6454b4?s=96&d=mm&r=g\",\"caption\":\"Canal Dana\"},\"url\":\"https:\\\/\\\/dana.com.br\\\/canaldana\\\/author\\\/cdeditor\\\/\"}]}<\/script>\n<!-- \/ Yoast SEO plugin. -->","yoast_head_json":{"title":"O Brasil e a Ind\u00fastria 4.0 - Canal Dana","robots":{"index":"index","follow":"follow","max-snippet":"max-snippet:-1","max-image-preview":"max-image-preview:large","max-video-preview":"max-video-preview:-1"},"canonical":"https:\/\/dana.com.br\/canaldana\/2019\/10\/21\/o-brasil-e-a-industria-4-0\/","og_locale":"pt_BR","og_type":"article","og_title":"O Brasil e a Ind\u00fastria 4.0 - Canal Dana","og_description":"O Estado de S. Paulo &nbsp; \u201cQuando h\u00e1 uma revolu\u00e7\u00e3o inelut\u00e1vel, a gente ou lidera, ou segue ou sai do caminho.\u201d A afirma\u00e7\u00e3o \u00e9 do diretor do Departamento de Rela\u00e7\u00f5es Internacionais e Com\u00e9rcio Exterior da Federa\u00e7\u00e3o das Ind\u00fastrias do Estado de S\u00e3o Paulo (Fiesp), Thomaz Zanotto, e foi feita durante o F\u00f3rum P\u00fablico da Organiza\u00e7\u00e3o\u2026 Leia mais \u00bb","og_url":"https:\/\/dana.com.br\/canaldana\/2019\/10\/21\/o-brasil-e-a-industria-4-0\/","og_site_name":"Canal Dana","article_published_time":"2019-10-21T11:05:54+00:00","author":"Canal Dana","twitter_card":"summary_large_image","twitter_misc":{"Escrito por":"Canal Dana","Est. tempo de leitura":"3 minutos"},"schema":{"@context":"https:\/\/schema.org","@graph":[{"@type":"Article","@id":"https:\/\/dana.com.br\/canaldana\/2019\/10\/21\/o-brasil-e-a-industria-4-0\/#article","isPartOf":{"@id":"https:\/\/dana.com.br\/canaldana\/2019\/10\/21\/o-brasil-e-a-industria-4-0\/"},"author":{"name":"Canal Dana","@id":"https:\/\/dana.com.br\/canaldana\/#\/schema\/person\/3c21f22f56fcf3bc46b94bc60ea4fef6"},"headline":"O Brasil e a Ind\u00fastria 4.0","datePublished":"2019-10-21T11:05:54+00:00","mainEntityOfPage":{"@id":"https:\/\/dana.com.br\/canaldana\/2019\/10\/21\/o-brasil-e-a-industria-4-0\/"},"wordCount":703,"articleSection":["Artigo"],"inLanguage":"pt-BR"},{"@type":"WebPage","@id":"https:\/\/dana.com.br\/canaldana\/2019\/10\/21\/o-brasil-e-a-industria-4-0\/","url":"https:\/\/dana.com.br\/canaldana\/2019\/10\/21\/o-brasil-e-a-industria-4-0\/","name":"O Brasil e a Ind\u00fastria 4.0 - Canal Dana","isPartOf":{"@id":"https:\/\/dana.com.br\/canaldana\/#website"},"datePublished":"2019-10-21T11:05:54+00:00","author":{"@id":"https:\/\/dana.com.br\/canaldana\/#\/schema\/person\/3c21f22f56fcf3bc46b94bc60ea4fef6"},"breadcrumb":{"@id":"https:\/\/dana.com.br\/canaldana\/2019\/10\/21\/o-brasil-e-a-industria-4-0\/#breadcrumb"},"inLanguage":"pt-BR","potentialAction":[{"@type":"ReadAction","target":["https:\/\/dana.com.br\/canaldana\/2019\/10\/21\/o-brasil-e-a-industria-4-0\/"]}]},{"@type":"BreadcrumbList","@id":"https:\/\/dana.com.br\/canaldana\/2019\/10\/21\/o-brasil-e-a-industria-4-0\/#breadcrumb","itemListElement":[{"@type":"ListItem","position":1,"name":"Home","item":"https:\/\/dana.com.br\/canaldana\/"},{"@type":"ListItem","position":2,"name":"Artigo","item":"https:\/\/dana.com.br\/canaldana\/artigo\/"},{"@type":"ListItem","position":3,"name":"O Brasil e a Ind\u00fastria 4.0"}]},{"@type":"WebSite","@id":"https:\/\/dana.com.br\/canaldana\/#website","url":"https:\/\/dana.com.br\/canaldana\/","name":"Canal Dana","description":"Informativo com as principais not\u00edcias da ind\u00fastria automotiva","potentialAction":[{"@type":"SearchAction","target":{"@type":"EntryPoint","urlTemplate":"https:\/\/dana.com.br\/canaldana\/?s={search_term_string}"},"query-input":{"@type":"PropertyValueSpecification","valueRequired":true,"valueName":"search_term_string"}}],"inLanguage":"pt-BR"},{"@type":"Person","@id":"https:\/\/dana.com.br\/canaldana\/#\/schema\/person\/3c21f22f56fcf3bc46b94bc60ea4fef6","name":"Canal Dana","image":{"@type":"ImageObject","inLanguage":"pt-BR","@id":"https:\/\/secure.gravatar.com\/avatar\/420aaf9278582877d9018637c6817617705899d2858d7572ef0fe59a6b6454b4?s=96&d=mm&r=g","url":"https:\/\/secure.gravatar.com\/avatar\/420aaf9278582877d9018637c6817617705899d2858d7572ef0fe59a6b6454b4?s=96&d=mm&r=g","contentUrl":"https:\/\/secure.gravatar.com\/avatar\/420aaf9278582877d9018637c6817617705899d2858d7572ef0fe59a6b6454b4?s=96&d=mm&r=g","caption":"Canal Dana"},"url":"https:\/\/dana.com.br\/canaldana\/author\/cdeditor\/"}]}},"_links":{"self":[{"href":"https:\/\/dana.com.br\/canaldana\/wp-json\/wp\/v2\/posts\/38034","targetHints":{"allow":["GET"]}}],"collection":[{"href":"https:\/\/dana.com.br\/canaldana\/wp-json\/wp\/v2\/posts"}],"about":[{"href":"https:\/\/dana.com.br\/canaldana\/wp-json\/wp\/v2\/types\/post"}],"author":[{"embeddable":true,"href":"https:\/\/dana.com.br\/canaldana\/wp-json\/wp\/v2\/users\/3"}],"replies":[{"embeddable":true,"href":"https:\/\/dana.com.br\/canaldana\/wp-json\/wp\/v2\/comments?post=38034"}],"version-history":[{"count":0,"href":"https:\/\/dana.com.br\/canaldana\/wp-json\/wp\/v2\/posts\/38034\/revisions"}],"wp:attachment":[{"href":"https:\/\/dana.com.br\/canaldana\/wp-json\/wp\/v2\/media?parent=38034"}],"wp:term":[{"taxonomy":"category","embeddable":true,"href":"https:\/\/dana.com.br\/canaldana\/wp-json\/wp\/v2\/categories?post=38034"},{"taxonomy":"post_tag","embeddable":true,"href":"https:\/\/dana.com.br\/canaldana\/wp-json\/wp\/v2\/tags?post=38034"}],"curies":[{"name":"wp","href":"https:\/\/api.w.org\/{rel}","templated":true}]}}