{"id":37926,"date":"2019-10-16T09:15:11","date_gmt":"2019-10-16T12:15:11","guid":{"rendered":"https:\/\/dana.com.br\/canaldana\/?p=37926"},"modified":"2019-10-16T09:15:11","modified_gmt":"2019-10-16T12:15:11","slug":"doze-fornecedores-vencem-o-premio-interacao-da-mercedes-benz","status":"publish","type":"post","link":"https:\/\/dana.com.br\/canaldana\/2019\/10\/16\/doze-fornecedores-vencem-o-premio-interacao-da-mercedes-benz\/","title":{"rendered":"Doze fornecedores vencem o Pr\u00eamio Intera\u00e7\u00e3o da Mercedes-Benz"},"content":{"rendered":"<p><em>AutoInd\u00fastria <\/em><\/p>\n<p>&nbsp;<\/p>\n<p>A Mercedes-Benz do Brasil revelou ontem, os fornecedores vencedores da 27\u00aa edi\u00e7\u00e3o do Pr\u00eamio Intera\u00e7\u00e3o e do 9\u00ba Pr\u00eamio de Responsabilidade Ambiental. Foram eleitas 15 empresas por suas atua\u00e7\u00f5es ao longo de 2018. Elas receberam trof\u00e9us durante solenidade realizada na Fenatran, maior mostra latino-americana do transporte de carga, que acontece at\u00e9 a pr\u00f3xima sexta-feira (18) no S\u00e3o Paulo Expo, em S\u00e3o Paulo.<\/p>\n<p>&nbsp;<\/p>\n<p>O local do evento teve a clara motiva\u00e7\u00e3o de apresentar o protagonista do estande da montadora: o novo caminh\u00e3o pesado Actros, que come\u00e7a a ser produzido em janeiro em S\u00e3o Bernardo do Campo (SP) e ter\u00e1 as primeiras unidades entregues aos clientes no fim do primeiro trimestre de 2020.<\/p>\n<p>&nbsp;<\/p>\n<p>O desenvolvimento do modelo foi o principal desafio da empresa e dos fornecedores nos \u00faltimos anos. Tanto que, em discurso, Philipp Schiemer, CEO da Mercedes-Benz na Am\u00e9rica Latina, reiterou diversas vezes a import\u00e2ncia e a disposi\u00e7\u00e3o da cadeia produtiva para o encaminhamento do projeto. Lembrou, por exemplo, a r\u00e1pida resposta de alguns deles quando da enchente de mar\u00e7o \u00faltimo que interrompeu a produ\u00e7\u00e3o e causou s\u00e9rios preju\u00edzos na f\u00e1brica do ABC.<\/p>\n<p>&nbsp;<\/p>\n<p>Matthias Kaeding, diretor de compras da opera\u00e7\u00e3o brasileira h\u00e1 apenas 3 meses, preferiu destacar a qualidade alcan\u00e7ada na segunda gera\u00e7\u00e3o do Actros, uma plataforma mundial, o que, segundo ele, credencia os fornecedores brasileiros a serem fornecedores mundiais do Grupo Daimler, vencidas, naturalmente, as barreiras de custos e de efici\u00eancia log\u00edstica.<\/p>\n<p>&nbsp;<\/p>\n<p>Schiemer, de qualquer forma, antecipou a inten\u00e7\u00e3o da empresa de exportar o novo caminh\u00e3o para diversos mercados, ainda que nos primeiros meses a preocupa\u00e7\u00e3o seja abastecer o mercado interno. \u201cAs exporta\u00e7\u00f5es devem come\u00e7ar no segundo semestre do ano que vem. Estamos estudando v\u00e1rios pa\u00edses\u201d, declarou.<\/p>\n<p>&nbsp;<\/p>\n<p>A Mercedes-Benz premiou 9 empresas de Materiais Diretos, 3 de Material Indireto e Servi\u00e7os, e 3 por a\u00e7\u00f5es voltadas \u00e0 sustentabilidade ambiental. Conhe\u00e7am as vencedoras:<\/p>\n<p>&nbsp;<\/p>\n<p><strong>Pr\u00eamio intera\u00e7\u00e3o <\/strong><\/p>\n<p><strong>\u00a0<\/strong><\/p>\n<p><strong>Materiais Diretos<\/strong><\/p>\n<p><strong>Categoria Qualidade<\/strong><\/p>\n<ul>\n<li>Kromberg &amp; Schubert<\/li>\n<li>Schulz<\/li>\n<\/ul>\n<p>&nbsp;<\/p>\n<p><strong>Categoria Log\u00edstica<\/strong><\/p>\n<ul>\n<li>Iochpe Maxion<\/li>\n<li>Michelin<\/li>\n<\/ul>\n<p>&nbsp;<\/p>\n<p><strong>Categoria Custos<\/strong><\/p>\n<ul>\n<li>Meincol<\/li>\n<li>Maxiforja<\/li>\n<\/ul>\n<p>&nbsp;<\/p>\n<p><strong>Categoria Tecnologia<\/strong><\/p>\n<ul>\n<li>Sumitomo Riko<\/li>\n<li>Modine<\/li>\n<\/ul>\n<p>&nbsp;<\/p>\n<p><strong>Categoria Especial<\/strong><\/p>\n<ul>\n<li>Fastplas<\/li>\n<\/ul>\n<p>&nbsp;<\/p>\n<p><strong>Materiais Indiretos e Servi\u00e7os<\/strong><\/p>\n<p><strong>\u00a0<\/strong><\/p>\n<p><strong>Categoria Operacional<\/strong><\/p>\n<ul>\n<li>Embalatec<\/li>\n<\/ul>\n<p>&nbsp;<\/p>\n<p><strong>Categoria Comercial<\/strong><\/p>\n<ul>\n<li>Cosan Lubrificantes<\/li>\n<\/ul>\n<p>&nbsp;<\/p>\n<p><strong>Categoria Especial<\/strong><\/p>\n<ul>\n<li>Construcione Engenharia<\/li>\n<\/ul>\n<p>&nbsp;<\/p>\n<p><strong>Pr\u00eamio responsabilidade ambiental <\/strong><\/p>\n<ul>\n<li>Basf<\/li>\n<li>Bridgestone<\/li>\n<li>Henkel<\/li>\n<\/ul>\n<p>(AutoInd\u00fastria\/George Guimar\u00e3es)<\/p>\n","protected":false},"excerpt":{"rendered":"<p>AutoInd\u00fastria &nbsp; A Mercedes-Benz do Brasil revelou ontem, os fornecedores vencedores da 27\u00aa edi\u00e7\u00e3o do Pr\u00eamio Intera\u00e7\u00e3o e do 9\u00ba Pr\u00eamio de Responsabilidade Ambiental. Foram eleitas 15 empresas por suas atua\u00e7\u00f5es ao longo de 2018. Elas receberam trof\u00e9us durante solenidade realizada na Fenatran, maior mostra latino-americana do transporte de carga, que acontece at\u00e9 a pr\u00f3xima\u2026 <a class=\"readmore\" href=\"https:\/\/dana.com.br\/canaldana\/2019\/10\/16\/doze-fornecedores-vencem-o-premio-interacao-da-mercedes-benz\/\">Leia mais \u00bb<\/a><\/p>\n","protected":false},"author":3,"featured_media":0,"comment_status":"closed","ping_status":"closed","sticky":false,"template":"","format":"standard","meta":{"_acf_changed":false,"footnotes":""},"categories":[74],"tags":[],"class_list":["post-37926","post","type-post","status-publish","format-standard","hentry","category-premios"],"acf":[],"yoast_head":"<!-- This site is optimized with the Yoast SEO plugin v27.3 - https:\/\/yoast.com\/product\/yoast-seo-wordpress\/ -->\n<title>Doze fornecedores vencem o Pr\u00eamio Intera\u00e7\u00e3o da Mercedes-Benz - Canal Dana<\/title>\n<meta name=\"robots\" content=\"index, follow, max-snippet:-1, max-image-preview:large, max-video-preview:-1\" \/>\n<link rel=\"canonical\" href=\"https:\/\/dana.com.br\/canaldana\/2019\/10\/16\/doze-fornecedores-vencem-o-premio-interacao-da-mercedes-benz\/\" \/>\n<meta property=\"og:locale\" content=\"pt_BR\" \/>\n<meta property=\"og:type\" content=\"article\" \/>\n<meta property=\"og:title\" content=\"Doze fornecedores vencem o Pr\u00eamio Intera\u00e7\u00e3o da Mercedes-Benz - Canal Dana\" \/>\n<meta property=\"og:description\" content=\"AutoInd\u00fastria &nbsp; A Mercedes-Benz do Brasil revelou ontem, os fornecedores vencedores da 27\u00aa edi\u00e7\u00e3o do Pr\u00eamio Intera\u00e7\u00e3o e do 9\u00ba Pr\u00eamio de Responsabilidade Ambiental. Foram eleitas 15 empresas por suas atua\u00e7\u00f5es ao longo de 2018. Elas receberam trof\u00e9us durante solenidade realizada na Fenatran, maior mostra latino-americana do transporte de carga, que acontece at\u00e9 a pr\u00f3xima\u2026 Leia mais \u00bb\" \/>\n<meta property=\"og:url\" content=\"https:\/\/dana.com.br\/canaldana\/2019\/10\/16\/doze-fornecedores-vencem-o-premio-interacao-da-mercedes-benz\/\" \/>\n<meta property=\"og:site_name\" content=\"Canal Dana\" \/>\n<meta property=\"article:published_time\" content=\"2019-10-16T12:15:11+00:00\" \/>\n<meta name=\"author\" content=\"Canal Dana\" \/>\n<meta name=\"twitter:card\" content=\"summary_large_image\" \/>\n<meta name=\"twitter:label1\" content=\"Escrito por\" \/>\n\t<meta name=\"twitter:data1\" content=\"Canal Dana\" \/>\n\t<meta name=\"twitter:label2\" content=\"Est. tempo de leitura\" \/>\n\t<meta name=\"twitter:data2\" content=\"2 minutos\" \/>\n<script type=\"application\/ld+json\" class=\"yoast-schema-graph\">{\"@context\":\"https:\\\/\\\/schema.org\",\"@graph\":[{\"@type\":\"Article\",\"@id\":\"https:\\\/\\\/dana.com.br\\\/canaldana\\\/2019\\\/10\\\/16\\\/doze-fornecedores-vencem-o-premio-interacao-da-mercedes-benz\\\/#article\",\"isPartOf\":{\"@id\":\"https:\\\/\\\/dana.com.br\\\/canaldana\\\/2019\\\/10\\\/16\\\/doze-fornecedores-vencem-o-premio-interacao-da-mercedes-benz\\\/\"},\"author\":{\"name\":\"Canal Dana\",\"@id\":\"https:\\\/\\\/dana.com.br\\\/canaldana\\\/#\\\/schema\\\/person\\\/3c21f22f56fcf3bc46b94bc60ea4fef6\"},\"headline\":\"Doze fornecedores vencem o Pr\u00eamio Intera\u00e7\u00e3o da Mercedes-Benz\",\"datePublished\":\"2019-10-16T12:15:11+00:00\",\"mainEntityOfPage\":{\"@id\":\"https:\\\/\\\/dana.com.br\\\/canaldana\\\/2019\\\/10\\\/16\\\/doze-fornecedores-vencem-o-premio-interacao-da-mercedes-benz\\\/\"},\"wordCount\":413,\"articleSection\":[\"Pr\u00eamios\"],\"inLanguage\":\"pt-BR\"},{\"@type\":\"WebPage\",\"@id\":\"https:\\\/\\\/dana.com.br\\\/canaldana\\\/2019\\\/10\\\/16\\\/doze-fornecedores-vencem-o-premio-interacao-da-mercedes-benz\\\/\",\"url\":\"https:\\\/\\\/dana.com.br\\\/canaldana\\\/2019\\\/10\\\/16\\\/doze-fornecedores-vencem-o-premio-interacao-da-mercedes-benz\\\/\",\"name\":\"Doze fornecedores vencem o Pr\u00eamio Intera\u00e7\u00e3o da Mercedes-Benz - Canal Dana\",\"isPartOf\":{\"@id\":\"https:\\\/\\\/dana.com.br\\\/canaldana\\\/#website\"},\"datePublished\":\"2019-10-16T12:15:11+00:00\",\"author\":{\"@id\":\"https:\\\/\\\/dana.com.br\\\/canaldana\\\/#\\\/schema\\\/person\\\/3c21f22f56fcf3bc46b94bc60ea4fef6\"},\"breadcrumb\":{\"@id\":\"https:\\\/\\\/dana.com.br\\\/canaldana\\\/2019\\\/10\\\/16\\\/doze-fornecedores-vencem-o-premio-interacao-da-mercedes-benz\\\/#breadcrumb\"},\"inLanguage\":\"pt-BR\",\"potentialAction\":[{\"@type\":\"ReadAction\",\"target\":[\"https:\\\/\\\/dana.com.br\\\/canaldana\\\/2019\\\/10\\\/16\\\/doze-fornecedores-vencem-o-premio-interacao-da-mercedes-benz\\\/\"]}]},{\"@type\":\"BreadcrumbList\",\"@id\":\"https:\\\/\\\/dana.com.br\\\/canaldana\\\/2019\\\/10\\\/16\\\/doze-fornecedores-vencem-o-premio-interacao-da-mercedes-benz\\\/#breadcrumb\",\"itemListElement\":[{\"@type\":\"ListItem\",\"position\":1,\"name\":\"Home\",\"item\":\"https:\\\/\\\/dana.com.br\\\/canaldana\\\/\"},{\"@type\":\"ListItem\",\"position\":2,\"name\":\"Pr\u00eamios\",\"item\":\"https:\\\/\\\/dana.com.br\\\/canaldana\\\/premios\\\/\"},{\"@type\":\"ListItem\",\"position\":3,\"name\":\"Doze fornecedores vencem o Pr\u00eamio Intera\u00e7\u00e3o da Mercedes-Benz\"}]},{\"@type\":\"WebSite\",\"@id\":\"https:\\\/\\\/dana.com.br\\\/canaldana\\\/#website\",\"url\":\"https:\\\/\\\/dana.com.br\\\/canaldana\\\/\",\"name\":\"Canal Dana\",\"description\":\"Informativo com as principais not\u00edcias da ind\u00fastria automotiva\",\"potentialAction\":[{\"@type\":\"SearchAction\",\"target\":{\"@type\":\"EntryPoint\",\"urlTemplate\":\"https:\\\/\\\/dana.com.br\\\/canaldana\\\/?s={search_term_string}\"},\"query-input\":{\"@type\":\"PropertyValueSpecification\",\"valueRequired\":true,\"valueName\":\"search_term_string\"}}],\"inLanguage\":\"pt-BR\"},{\"@type\":\"Person\",\"@id\":\"https:\\\/\\\/dana.com.br\\\/canaldana\\\/#\\\/schema\\\/person\\\/3c21f22f56fcf3bc46b94bc60ea4fef6\",\"name\":\"Canal Dana\",\"image\":{\"@type\":\"ImageObject\",\"inLanguage\":\"pt-BR\",\"@id\":\"https:\\\/\\\/secure.gravatar.com\\\/avatar\\\/420aaf9278582877d9018637c6817617705899d2858d7572ef0fe59a6b6454b4?s=96&d=mm&r=g\",\"url\":\"https:\\\/\\\/secure.gravatar.com\\\/avatar\\\/420aaf9278582877d9018637c6817617705899d2858d7572ef0fe59a6b6454b4?s=96&d=mm&r=g\",\"contentUrl\":\"https:\\\/\\\/secure.gravatar.com\\\/avatar\\\/420aaf9278582877d9018637c6817617705899d2858d7572ef0fe59a6b6454b4?s=96&d=mm&r=g\",\"caption\":\"Canal Dana\"},\"url\":\"https:\\\/\\\/dana.com.br\\\/canaldana\\\/author\\\/cdeditor\\\/\"}]}<\/script>\n<!-- \/ Yoast SEO plugin. -->","yoast_head_json":{"title":"Doze fornecedores vencem o Pr\u00eamio Intera\u00e7\u00e3o da Mercedes-Benz - Canal Dana","robots":{"index":"index","follow":"follow","max-snippet":"max-snippet:-1","max-image-preview":"max-image-preview:large","max-video-preview":"max-video-preview:-1"},"canonical":"https:\/\/dana.com.br\/canaldana\/2019\/10\/16\/doze-fornecedores-vencem-o-premio-interacao-da-mercedes-benz\/","og_locale":"pt_BR","og_type":"article","og_title":"Doze fornecedores vencem o Pr\u00eamio Intera\u00e7\u00e3o da Mercedes-Benz - Canal Dana","og_description":"AutoInd\u00fastria &nbsp; A Mercedes-Benz do Brasil revelou ontem, os fornecedores vencedores da 27\u00aa edi\u00e7\u00e3o do Pr\u00eamio Intera\u00e7\u00e3o e do 9\u00ba Pr\u00eamio de Responsabilidade Ambiental. Foram eleitas 15 empresas por suas atua\u00e7\u00f5es ao longo de 2018. Elas receberam trof\u00e9us durante solenidade realizada na Fenatran, maior mostra latino-americana do transporte de carga, que acontece at\u00e9 a pr\u00f3xima\u2026 Leia mais \u00bb","og_url":"https:\/\/dana.com.br\/canaldana\/2019\/10\/16\/doze-fornecedores-vencem-o-premio-interacao-da-mercedes-benz\/","og_site_name":"Canal Dana","article_published_time":"2019-10-16T12:15:11+00:00","author":"Canal Dana","twitter_card":"summary_large_image","twitter_misc":{"Escrito por":"Canal Dana","Est. tempo de leitura":"2 minutos"},"schema":{"@context":"https:\/\/schema.org","@graph":[{"@type":"Article","@id":"https:\/\/dana.com.br\/canaldana\/2019\/10\/16\/doze-fornecedores-vencem-o-premio-interacao-da-mercedes-benz\/#article","isPartOf":{"@id":"https:\/\/dana.com.br\/canaldana\/2019\/10\/16\/doze-fornecedores-vencem-o-premio-interacao-da-mercedes-benz\/"},"author":{"name":"Canal Dana","@id":"https:\/\/dana.com.br\/canaldana\/#\/schema\/person\/3c21f22f56fcf3bc46b94bc60ea4fef6"},"headline":"Doze fornecedores vencem o Pr\u00eamio Intera\u00e7\u00e3o da Mercedes-Benz","datePublished":"2019-10-16T12:15:11+00:00","mainEntityOfPage":{"@id":"https:\/\/dana.com.br\/canaldana\/2019\/10\/16\/doze-fornecedores-vencem-o-premio-interacao-da-mercedes-benz\/"},"wordCount":413,"articleSection":["Pr\u00eamios"],"inLanguage":"pt-BR"},{"@type":"WebPage","@id":"https:\/\/dana.com.br\/canaldana\/2019\/10\/16\/doze-fornecedores-vencem-o-premio-interacao-da-mercedes-benz\/","url":"https:\/\/dana.com.br\/canaldana\/2019\/10\/16\/doze-fornecedores-vencem-o-premio-interacao-da-mercedes-benz\/","name":"Doze fornecedores vencem o Pr\u00eamio Intera\u00e7\u00e3o da Mercedes-Benz - Canal Dana","isPartOf":{"@id":"https:\/\/dana.com.br\/canaldana\/#website"},"datePublished":"2019-10-16T12:15:11+00:00","author":{"@id":"https:\/\/dana.com.br\/canaldana\/#\/schema\/person\/3c21f22f56fcf3bc46b94bc60ea4fef6"},"breadcrumb":{"@id":"https:\/\/dana.com.br\/canaldana\/2019\/10\/16\/doze-fornecedores-vencem-o-premio-interacao-da-mercedes-benz\/#breadcrumb"},"inLanguage":"pt-BR","potentialAction":[{"@type":"ReadAction","target":["https:\/\/dana.com.br\/canaldana\/2019\/10\/16\/doze-fornecedores-vencem-o-premio-interacao-da-mercedes-benz\/"]}]},{"@type":"BreadcrumbList","@id":"https:\/\/dana.com.br\/canaldana\/2019\/10\/16\/doze-fornecedores-vencem-o-premio-interacao-da-mercedes-benz\/#breadcrumb","itemListElement":[{"@type":"ListItem","position":1,"name":"Home","item":"https:\/\/dana.com.br\/canaldana\/"},{"@type":"ListItem","position":2,"name":"Pr\u00eamios","item":"https:\/\/dana.com.br\/canaldana\/premios\/"},{"@type":"ListItem","position":3,"name":"Doze fornecedores vencem o Pr\u00eamio Intera\u00e7\u00e3o da Mercedes-Benz"}]},{"@type":"WebSite","@id":"https:\/\/dana.com.br\/canaldana\/#website","url":"https:\/\/dana.com.br\/canaldana\/","name":"Canal Dana","description":"Informativo com as principais not\u00edcias da ind\u00fastria automotiva","potentialAction":[{"@type":"SearchAction","target":{"@type":"EntryPoint","urlTemplate":"https:\/\/dana.com.br\/canaldana\/?s={search_term_string}"},"query-input":{"@type":"PropertyValueSpecification","valueRequired":true,"valueName":"search_term_string"}}],"inLanguage":"pt-BR"},{"@type":"Person","@id":"https:\/\/dana.com.br\/canaldana\/#\/schema\/person\/3c21f22f56fcf3bc46b94bc60ea4fef6","name":"Canal Dana","image":{"@type":"ImageObject","inLanguage":"pt-BR","@id":"https:\/\/secure.gravatar.com\/avatar\/420aaf9278582877d9018637c6817617705899d2858d7572ef0fe59a6b6454b4?s=96&d=mm&r=g","url":"https:\/\/secure.gravatar.com\/avatar\/420aaf9278582877d9018637c6817617705899d2858d7572ef0fe59a6b6454b4?s=96&d=mm&r=g","contentUrl":"https:\/\/secure.gravatar.com\/avatar\/420aaf9278582877d9018637c6817617705899d2858d7572ef0fe59a6b6454b4?s=96&d=mm&r=g","caption":"Canal Dana"},"url":"https:\/\/dana.com.br\/canaldana\/author\/cdeditor\/"}]}},"_links":{"self":[{"href":"https:\/\/dana.com.br\/canaldana\/wp-json\/wp\/v2\/posts\/37926","targetHints":{"allow":["GET"]}}],"collection":[{"href":"https:\/\/dana.com.br\/canaldana\/wp-json\/wp\/v2\/posts"}],"about":[{"href":"https:\/\/dana.com.br\/canaldana\/wp-json\/wp\/v2\/types\/post"}],"author":[{"embeddable":true,"href":"https:\/\/dana.com.br\/canaldana\/wp-json\/wp\/v2\/users\/3"}],"replies":[{"embeddable":true,"href":"https:\/\/dana.com.br\/canaldana\/wp-json\/wp\/v2\/comments?post=37926"}],"version-history":[{"count":0,"href":"https:\/\/dana.com.br\/canaldana\/wp-json\/wp\/v2\/posts\/37926\/revisions"}],"wp:attachment":[{"href":"https:\/\/dana.com.br\/canaldana\/wp-json\/wp\/v2\/media?parent=37926"}],"wp:term":[{"taxonomy":"category","embeddable":true,"href":"https:\/\/dana.com.br\/canaldana\/wp-json\/wp\/v2\/categories?post=37926"},{"taxonomy":"post_tag","embeddable":true,"href":"https:\/\/dana.com.br\/canaldana\/wp-json\/wp\/v2\/tags?post=37926"}],"curies":[{"name":"wp","href":"https:\/\/api.w.org\/{rel}","templated":true}]}}