{"id":37916,"date":"2019-10-15T08:56:11","date_gmt":"2019-10-15T11:56:11","guid":{"rendered":"https:\/\/dana.com.br\/canaldana\/?p=37916"},"modified":"2019-10-15T08:56:11","modified_gmt":"2019-10-15T11:56:11","slug":"renovacao-de-frota-volta-a-tona-na-fenatran","status":"publish","type":"post","link":"https:\/\/dana.com.br\/canaldana\/2019\/10\/15\/renovacao-de-frota-volta-a-tona-na-fenatran\/","title":{"rendered":"Renova\u00e7\u00e3o de frota volta \u00e0 tona na Fenatran"},"content":{"rendered":"<p><em>AutoInd\u00fastria <\/em><\/p>\n<p>&nbsp;<\/p>\n<p>A abertura oficial da Fenatran 2019, 22\u00aa Sal\u00e3o Internacional do Transporte Rodovi\u00e1rio de Cargas, nesta segunda-feira, 14, trouxe \u00e0 tona novamente a quest\u00e3o da necessidade de renova\u00e7\u00e3o da frota de ve\u00edculos no Pa\u00eds, principalmente a de caminh\u00f5es.<\/p>\n<p>&nbsp;<\/p>\n<p>Reivindica\u00e7\u00e3o antiga do setor, o projeto de renova\u00e7\u00e3o de frota acabou sendo citado na cerim\u00f4nia de abertura e acabou tendo repercuss\u00e3o favor\u00e1vel ao longo do dia. Segundo o presidente da Anfavea, Luiz Carlos Moraes, revelou no final da tarde, o governador de S\u00e3o Paulo, Jo\u00e3o Doria, presente no evento na parte da manh\u00e3, fez contato no final do dia marcando uma reuni\u00e3o para a pr\u00f3xima quarta-feira no Pal\u00e1cio dos Bandeirantes.<\/p>\n<p>&nbsp;<\/p>\n<p>\u201cAl\u00e9m de representantes da Anfavea, tamb\u00e9m estar\u00e3o presentes executivos da Fenabrave e do Invest-SP, al\u00e9m de outras institui\u00e7\u00f5es estaduais\u201d, informou Moraes, revelando que, coincidentemente, a entidade tinha contratado uma consultoria para realizar estudos sobre as consequ\u00eancias negativas da n\u00e3o renova\u00e7\u00e3o da frota brasileira, incluindo gastos provenientes dos acidentes e problemas no tr\u00e2nsito.<\/p>\n<p>&nbsp;<\/p>\n<p>O estudo, segundo ele, est\u00e1 em fase final de conclus\u00e3o. \u201cDepois disso precisamos fazer um projeto sobre como implementar o programa de renova\u00e7\u00e3o. Entre os itens a serem discutidos, tem a quest\u00e3o do fundo que banc\u00e1ria a compra dos caminh\u00f5es velhos para serem substitu\u00eddos por modelo mais novos\u201d.<\/p>\n<p>&nbsp;<\/p>\n<p>Tamb\u00e9m tem de ser definida a quest\u00e3o do financiamento para a troca do ve\u00edculo, assim como o destino dos que ser\u00e3o descartados. Com o interesse do governador de S\u00e3o Paulo a ideia agora \u00e9 fazer um projeto-piloto no Estado para depois expandi-lo para o resto do Pa\u00eds.<\/p>\n<p>&nbsp;<\/p>\n<p>De acordo com o presidente da Anfavea, estima-se haver hoje no Pa\u00eds cerca de 250 mil caminh\u00f5es com mais de 30 anos de uso, de uma frota total de 2 milh\u00f5es de ve\u00edculos pesados. A idade m\u00e9dia de toda a frota chega a expressivos 20 anos. Um n\u00famero que j\u00e1 foi debatido dentro do projeto de renova\u00e7\u00e3o de frota seria o pagamento de R$ 40 mil pelo modelo com mais de tr\u00eas d\u00e9cadas na estrada.<\/p>\n<p>&nbsp;<\/p>\n<p>A Fenatran, organizada pela Reed Exhibitions Alcantara Machado, \u00e9 o principal evento de transporte da Am\u00e9rica Latina. Com a presen\u00e7a de 450 marcas no S\u00e3o Paulo Expo, na capital paulista, a feira dever\u00e1 atrair um p\u00fablico de 60 mil compradores de diferentes setores da economia que utilizam o transporte de carga para a distribui\u00e7\u00e3o de mercadorias, tanto dos 27 estados brasileiros como de outros pa\u00edses. O evento termina na sexta-feira, 18. (AutoInd\u00fastria\/Alzira Rodrigues)<\/p>\n","protected":false},"excerpt":{"rendered":"<p>AutoInd\u00fastria &nbsp; A abertura oficial da Fenatran 2019, 22\u00aa Sal\u00e3o Internacional do Transporte Rodovi\u00e1rio de Cargas, nesta segunda-feira, 14, trouxe \u00e0 tona novamente a quest\u00e3o da necessidade de renova\u00e7\u00e3o da frota de ve\u00edculos no Pa\u00eds, principalmente a de caminh\u00f5es. &nbsp; Reivindica\u00e7\u00e3o antiga do setor, o projeto de renova\u00e7\u00e3o de frota acabou sendo citado na cerim\u00f4nia\u2026 <a class=\"readmore\" href=\"https:\/\/dana.com.br\/canaldana\/2019\/10\/15\/renovacao-de-frota-volta-a-tona-na-fenatran\/\">Leia mais \u00bb<\/a><\/p>\n","protected":false},"author":3,"featured_media":0,"comment_status":"closed","ping_status":"closed","sticky":false,"template":"","format":"standard","meta":{"_acf_changed":false,"footnotes":""},"categories":[61],"tags":[],"class_list":["post-37916","post","type-post","status-publish","format-standard","hentry","category-destaques"],"acf":[],"yoast_head":"<!-- This site is optimized with the Yoast SEO plugin v27.3 - https:\/\/yoast.com\/product\/yoast-seo-wordpress\/ -->\n<title>Renova\u00e7\u00e3o de frota volta \u00e0 tona na Fenatran - Canal Dana<\/title>\n<meta name=\"robots\" content=\"index, follow, max-snippet:-1, max-image-preview:large, max-video-preview:-1\" \/>\n<link rel=\"canonical\" href=\"https:\/\/dana.com.br\/canaldana\/2019\/10\/15\/renovacao-de-frota-volta-a-tona-na-fenatran\/\" \/>\n<meta property=\"og:locale\" content=\"pt_BR\" \/>\n<meta property=\"og:type\" content=\"article\" \/>\n<meta property=\"og:title\" content=\"Renova\u00e7\u00e3o de frota volta \u00e0 tona na Fenatran - Canal Dana\" \/>\n<meta property=\"og:description\" content=\"AutoInd\u00fastria &nbsp; A abertura oficial da Fenatran 2019, 22\u00aa Sal\u00e3o Internacional do Transporte Rodovi\u00e1rio de Cargas, nesta segunda-feira, 14, trouxe \u00e0 tona novamente a quest\u00e3o da necessidade de renova\u00e7\u00e3o da frota de ve\u00edculos no Pa\u00eds, principalmente a de caminh\u00f5es. &nbsp; Reivindica\u00e7\u00e3o antiga do setor, o projeto de renova\u00e7\u00e3o de frota acabou sendo citado na cerim\u00f4nia\u2026 Leia mais \u00bb\" \/>\n<meta property=\"og:url\" content=\"https:\/\/dana.com.br\/canaldana\/2019\/10\/15\/renovacao-de-frota-volta-a-tona-na-fenatran\/\" \/>\n<meta property=\"og:site_name\" content=\"Canal Dana\" \/>\n<meta property=\"article:published_time\" content=\"2019-10-15T11:56:11+00:00\" \/>\n<meta name=\"author\" content=\"Canal Dana\" \/>\n<meta name=\"twitter:card\" content=\"summary_large_image\" \/>\n<meta name=\"twitter:label1\" content=\"Escrito por\" \/>\n\t<meta name=\"twitter:data1\" content=\"Canal Dana\" \/>\n\t<meta name=\"twitter:label2\" content=\"Est. tempo de leitura\" \/>\n\t<meta name=\"twitter:data2\" content=\"2 minutos\" \/>\n<script type=\"application\/ld+json\" class=\"yoast-schema-graph\">{\"@context\":\"https:\\\/\\\/schema.org\",\"@graph\":[{\"@type\":\"Article\",\"@id\":\"https:\\\/\\\/dana.com.br\\\/canaldana\\\/2019\\\/10\\\/15\\\/renovacao-de-frota-volta-a-tona-na-fenatran\\\/#article\",\"isPartOf\":{\"@id\":\"https:\\\/\\\/dana.com.br\\\/canaldana\\\/2019\\\/10\\\/15\\\/renovacao-de-frota-volta-a-tona-na-fenatran\\\/\"},\"author\":{\"name\":\"Canal Dana\",\"@id\":\"https:\\\/\\\/dana.com.br\\\/canaldana\\\/#\\\/schema\\\/person\\\/3c21f22f56fcf3bc46b94bc60ea4fef6\"},\"headline\":\"Renova\u00e7\u00e3o de frota volta \u00e0 tona na Fenatran\",\"datePublished\":\"2019-10-15T11:56:11+00:00\",\"mainEntityOfPage\":{\"@id\":\"https:\\\/\\\/dana.com.br\\\/canaldana\\\/2019\\\/10\\\/15\\\/renovacao-de-frota-volta-a-tona-na-fenatran\\\/\"},\"wordCount\":459,\"articleSection\":[\"Destaques\"],\"inLanguage\":\"pt-BR\"},{\"@type\":\"WebPage\",\"@id\":\"https:\\\/\\\/dana.com.br\\\/canaldana\\\/2019\\\/10\\\/15\\\/renovacao-de-frota-volta-a-tona-na-fenatran\\\/\",\"url\":\"https:\\\/\\\/dana.com.br\\\/canaldana\\\/2019\\\/10\\\/15\\\/renovacao-de-frota-volta-a-tona-na-fenatran\\\/\",\"name\":\"Renova\u00e7\u00e3o de frota volta \u00e0 tona na Fenatran - Canal Dana\",\"isPartOf\":{\"@id\":\"https:\\\/\\\/dana.com.br\\\/canaldana\\\/#website\"},\"datePublished\":\"2019-10-15T11:56:11+00:00\",\"author\":{\"@id\":\"https:\\\/\\\/dana.com.br\\\/canaldana\\\/#\\\/schema\\\/person\\\/3c21f22f56fcf3bc46b94bc60ea4fef6\"},\"breadcrumb\":{\"@id\":\"https:\\\/\\\/dana.com.br\\\/canaldana\\\/2019\\\/10\\\/15\\\/renovacao-de-frota-volta-a-tona-na-fenatran\\\/#breadcrumb\"},\"inLanguage\":\"pt-BR\",\"potentialAction\":[{\"@type\":\"ReadAction\",\"target\":[\"https:\\\/\\\/dana.com.br\\\/canaldana\\\/2019\\\/10\\\/15\\\/renovacao-de-frota-volta-a-tona-na-fenatran\\\/\"]}]},{\"@type\":\"BreadcrumbList\",\"@id\":\"https:\\\/\\\/dana.com.br\\\/canaldana\\\/2019\\\/10\\\/15\\\/renovacao-de-frota-volta-a-tona-na-fenatran\\\/#breadcrumb\",\"itemListElement\":[{\"@type\":\"ListItem\",\"position\":1,\"name\":\"Home\",\"item\":\"https:\\\/\\\/dana.com.br\\\/canaldana\\\/\"},{\"@type\":\"ListItem\",\"position\":2,\"name\":\"Destaques\",\"item\":\"https:\\\/\\\/dana.com.br\\\/canaldana\\\/destaques\\\/\"},{\"@type\":\"ListItem\",\"position\":3,\"name\":\"Renova\u00e7\u00e3o de frota volta \u00e0 tona na Fenatran\"}]},{\"@type\":\"WebSite\",\"@id\":\"https:\\\/\\\/dana.com.br\\\/canaldana\\\/#website\",\"url\":\"https:\\\/\\\/dana.com.br\\\/canaldana\\\/\",\"name\":\"Canal Dana\",\"description\":\"Informativo com as principais not\u00edcias da ind\u00fastria automotiva\",\"potentialAction\":[{\"@type\":\"SearchAction\",\"target\":{\"@type\":\"EntryPoint\",\"urlTemplate\":\"https:\\\/\\\/dana.com.br\\\/canaldana\\\/?s={search_term_string}\"},\"query-input\":{\"@type\":\"PropertyValueSpecification\",\"valueRequired\":true,\"valueName\":\"search_term_string\"}}],\"inLanguage\":\"pt-BR\"},{\"@type\":\"Person\",\"@id\":\"https:\\\/\\\/dana.com.br\\\/canaldana\\\/#\\\/schema\\\/person\\\/3c21f22f56fcf3bc46b94bc60ea4fef6\",\"name\":\"Canal Dana\",\"image\":{\"@type\":\"ImageObject\",\"inLanguage\":\"pt-BR\",\"@id\":\"https:\\\/\\\/secure.gravatar.com\\\/avatar\\\/420aaf9278582877d9018637c6817617705899d2858d7572ef0fe59a6b6454b4?s=96&d=mm&r=g\",\"url\":\"https:\\\/\\\/secure.gravatar.com\\\/avatar\\\/420aaf9278582877d9018637c6817617705899d2858d7572ef0fe59a6b6454b4?s=96&d=mm&r=g\",\"contentUrl\":\"https:\\\/\\\/secure.gravatar.com\\\/avatar\\\/420aaf9278582877d9018637c6817617705899d2858d7572ef0fe59a6b6454b4?s=96&d=mm&r=g\",\"caption\":\"Canal Dana\"},\"url\":\"https:\\\/\\\/dana.com.br\\\/canaldana\\\/author\\\/cdeditor\\\/\"}]}<\/script>\n<!-- \/ Yoast SEO plugin. -->","yoast_head_json":{"title":"Renova\u00e7\u00e3o de frota volta \u00e0 tona na Fenatran - Canal Dana","robots":{"index":"index","follow":"follow","max-snippet":"max-snippet:-1","max-image-preview":"max-image-preview:large","max-video-preview":"max-video-preview:-1"},"canonical":"https:\/\/dana.com.br\/canaldana\/2019\/10\/15\/renovacao-de-frota-volta-a-tona-na-fenatran\/","og_locale":"pt_BR","og_type":"article","og_title":"Renova\u00e7\u00e3o de frota volta \u00e0 tona na Fenatran - Canal Dana","og_description":"AutoInd\u00fastria &nbsp; A abertura oficial da Fenatran 2019, 22\u00aa Sal\u00e3o Internacional do Transporte Rodovi\u00e1rio de Cargas, nesta segunda-feira, 14, trouxe \u00e0 tona novamente a quest\u00e3o da necessidade de renova\u00e7\u00e3o da frota de ve\u00edculos no Pa\u00eds, principalmente a de caminh\u00f5es. &nbsp; Reivindica\u00e7\u00e3o antiga do setor, o projeto de renova\u00e7\u00e3o de frota acabou sendo citado na cerim\u00f4nia\u2026 Leia mais \u00bb","og_url":"https:\/\/dana.com.br\/canaldana\/2019\/10\/15\/renovacao-de-frota-volta-a-tona-na-fenatran\/","og_site_name":"Canal Dana","article_published_time":"2019-10-15T11:56:11+00:00","author":"Canal Dana","twitter_card":"summary_large_image","twitter_misc":{"Escrito por":"Canal Dana","Est. tempo de leitura":"2 minutos"},"schema":{"@context":"https:\/\/schema.org","@graph":[{"@type":"Article","@id":"https:\/\/dana.com.br\/canaldana\/2019\/10\/15\/renovacao-de-frota-volta-a-tona-na-fenatran\/#article","isPartOf":{"@id":"https:\/\/dana.com.br\/canaldana\/2019\/10\/15\/renovacao-de-frota-volta-a-tona-na-fenatran\/"},"author":{"name":"Canal Dana","@id":"https:\/\/dana.com.br\/canaldana\/#\/schema\/person\/3c21f22f56fcf3bc46b94bc60ea4fef6"},"headline":"Renova\u00e7\u00e3o de frota volta \u00e0 tona na Fenatran","datePublished":"2019-10-15T11:56:11+00:00","mainEntityOfPage":{"@id":"https:\/\/dana.com.br\/canaldana\/2019\/10\/15\/renovacao-de-frota-volta-a-tona-na-fenatran\/"},"wordCount":459,"articleSection":["Destaques"],"inLanguage":"pt-BR"},{"@type":"WebPage","@id":"https:\/\/dana.com.br\/canaldana\/2019\/10\/15\/renovacao-de-frota-volta-a-tona-na-fenatran\/","url":"https:\/\/dana.com.br\/canaldana\/2019\/10\/15\/renovacao-de-frota-volta-a-tona-na-fenatran\/","name":"Renova\u00e7\u00e3o de frota volta \u00e0 tona na Fenatran - Canal Dana","isPartOf":{"@id":"https:\/\/dana.com.br\/canaldana\/#website"},"datePublished":"2019-10-15T11:56:11+00:00","author":{"@id":"https:\/\/dana.com.br\/canaldana\/#\/schema\/person\/3c21f22f56fcf3bc46b94bc60ea4fef6"},"breadcrumb":{"@id":"https:\/\/dana.com.br\/canaldana\/2019\/10\/15\/renovacao-de-frota-volta-a-tona-na-fenatran\/#breadcrumb"},"inLanguage":"pt-BR","potentialAction":[{"@type":"ReadAction","target":["https:\/\/dana.com.br\/canaldana\/2019\/10\/15\/renovacao-de-frota-volta-a-tona-na-fenatran\/"]}]},{"@type":"BreadcrumbList","@id":"https:\/\/dana.com.br\/canaldana\/2019\/10\/15\/renovacao-de-frota-volta-a-tona-na-fenatran\/#breadcrumb","itemListElement":[{"@type":"ListItem","position":1,"name":"Home","item":"https:\/\/dana.com.br\/canaldana\/"},{"@type":"ListItem","position":2,"name":"Destaques","item":"https:\/\/dana.com.br\/canaldana\/destaques\/"},{"@type":"ListItem","position":3,"name":"Renova\u00e7\u00e3o de frota volta \u00e0 tona na Fenatran"}]},{"@type":"WebSite","@id":"https:\/\/dana.com.br\/canaldana\/#website","url":"https:\/\/dana.com.br\/canaldana\/","name":"Canal Dana","description":"Informativo com as principais not\u00edcias da ind\u00fastria automotiva","potentialAction":[{"@type":"SearchAction","target":{"@type":"EntryPoint","urlTemplate":"https:\/\/dana.com.br\/canaldana\/?s={search_term_string}"},"query-input":{"@type":"PropertyValueSpecification","valueRequired":true,"valueName":"search_term_string"}}],"inLanguage":"pt-BR"},{"@type":"Person","@id":"https:\/\/dana.com.br\/canaldana\/#\/schema\/person\/3c21f22f56fcf3bc46b94bc60ea4fef6","name":"Canal Dana","image":{"@type":"ImageObject","inLanguage":"pt-BR","@id":"https:\/\/secure.gravatar.com\/avatar\/420aaf9278582877d9018637c6817617705899d2858d7572ef0fe59a6b6454b4?s=96&d=mm&r=g","url":"https:\/\/secure.gravatar.com\/avatar\/420aaf9278582877d9018637c6817617705899d2858d7572ef0fe59a6b6454b4?s=96&d=mm&r=g","contentUrl":"https:\/\/secure.gravatar.com\/avatar\/420aaf9278582877d9018637c6817617705899d2858d7572ef0fe59a6b6454b4?s=96&d=mm&r=g","caption":"Canal Dana"},"url":"https:\/\/dana.com.br\/canaldana\/author\/cdeditor\/"}]}},"_links":{"self":[{"href":"https:\/\/dana.com.br\/canaldana\/wp-json\/wp\/v2\/posts\/37916","targetHints":{"allow":["GET"]}}],"collection":[{"href":"https:\/\/dana.com.br\/canaldana\/wp-json\/wp\/v2\/posts"}],"about":[{"href":"https:\/\/dana.com.br\/canaldana\/wp-json\/wp\/v2\/types\/post"}],"author":[{"embeddable":true,"href":"https:\/\/dana.com.br\/canaldana\/wp-json\/wp\/v2\/users\/3"}],"replies":[{"embeddable":true,"href":"https:\/\/dana.com.br\/canaldana\/wp-json\/wp\/v2\/comments?post=37916"}],"version-history":[{"count":0,"href":"https:\/\/dana.com.br\/canaldana\/wp-json\/wp\/v2\/posts\/37916\/revisions"}],"wp:attachment":[{"href":"https:\/\/dana.com.br\/canaldana\/wp-json\/wp\/v2\/media?parent=37916"}],"wp:term":[{"taxonomy":"category","embeddable":true,"href":"https:\/\/dana.com.br\/canaldana\/wp-json\/wp\/v2\/categories?post=37916"},{"taxonomy":"post_tag","embeddable":true,"href":"https:\/\/dana.com.br\/canaldana\/wp-json\/wp\/v2\/tags?post=37916"}],"curies":[{"name":"wp","href":"https:\/\/api.w.org\/{rel}","templated":true}]}}