{"id":37841,"date":"2019-10-11T08:24:09","date_gmt":"2019-10-11T11:24:09","guid":{"rendered":"https:\/\/dana.com.br\/canaldana\/?p=37841"},"modified":"2019-10-11T08:24:09","modified_gmt":"2019-10-11T11:24:09","slug":"veiculos-pesados-tem-alta-de-14-no-abcr-de-setembro","status":"publish","type":"post","link":"https:\/\/dana.com.br\/canaldana\/2019\/10\/11\/veiculos-pesados-tem-alta-de-14-no-abcr-de-setembro\/","title":{"rendered":"Ve\u00edculos pesados t\u00eam alta de 1,4% no ABCR de setembro"},"content":{"rendered":"<p><em>Frota &amp; Cia <\/em><\/p>\n<p>&nbsp;<\/p>\n<p>O \u00edndice ABCR de atividade referente a setembro de 2019 apresentou crescimento de 1,4% no fluxo de ve\u00edculos pesados no comparativo com agosto, considerando os dados dessazonalizados. Considerando o total, o \u00edndice teve aumento de 0,8%. Mantida a compara\u00e7\u00e3o mensal dessazonalizada, o \u00edndice de fluxo pedagiado de ve\u00edculos leves subiu 0,9%.<\/p>\n<p>&nbsp;<\/p>\n<p>De acordo com Thiago Xavier, analista da Tend\u00eancias Consultoria, o desempenho mostra crescimento. \u201cO desempenho dos \u00faltimos meses configura continuidade na tend\u00eancia de moderado crescimento do indicador de fluxo total e de suas aberturas, retomada a partir do segundo trimestre deste ano. Vale lembrar, que os indicadores de fluxo, bem como a pr\u00f3pria atividade econ\u00f4mica conforme sintetizado pelo PIB negativo do per\u00edodo, apresentaram predominantes perdas no in\u00edcio do ano\u201d, ressalta.<\/p>\n<p>&nbsp;<\/p>\n<p>Comparado ao mesmo per\u00edodo de 2018, o \u00edndice ABCR total cresceu 3,2%. O fluxo pedagiado de ve\u00edculos leves registrou alta de 2,7%, enquanto o fluxo de pesados cresceu 4,8%. \u201cO movimento citado acima pode ser observado tanto na evolu\u00e7\u00e3o das m\u00e9dias m\u00f3veis trimestrais \u2013 que permitem observar ind\u00edcios relativos \u00e0 tend\u00eancia de curto prazo \u2013 como medidas que consideram maior horizonte temporal\u201d, comenta o analista. (Frota &amp; Cia\/Andr\u00e9 Garcia)<\/p>\n","protected":false},"excerpt":{"rendered":"<p>Frota &amp; Cia &nbsp; O \u00edndice ABCR de atividade referente a setembro de 2019 apresentou crescimento de 1,4% no fluxo de ve\u00edculos pesados no comparativo com agosto, considerando os dados dessazonalizados. Considerando o total, o \u00edndice teve aumento de 0,8%. Mantida a compara\u00e7\u00e3o mensal dessazonalizada, o \u00edndice de fluxo pedagiado de ve\u00edculos leves subiu 0,9%.\u2026 <a class=\"readmore\" href=\"https:\/\/dana.com.br\/canaldana\/2019\/10\/11\/veiculos-pesados-tem-alta-de-14-no-abcr-de-setembro\/\">Leia mais \u00bb<\/a><\/p>\n","protected":false},"author":3,"featured_media":0,"comment_status":"closed","ping_status":"closed","sticky":false,"template":"","format":"standard","meta":{"_acf_changed":false,"footnotes":""},"categories":[61],"tags":[],"class_list":["post-37841","post","type-post","status-publish","format-standard","hentry","category-destaques"],"acf":[],"yoast_head":"<!-- This site is optimized with the Yoast SEO plugin v27.5 - https:\/\/yoast.com\/product\/yoast-seo-wordpress\/ -->\n<title>Ve\u00edculos pesados t\u00eam alta de 1,4% no ABCR de setembro - Canal Dana<\/title>\n<meta name=\"robots\" content=\"index, follow, max-snippet:-1, max-image-preview:large, max-video-preview:-1\" \/>\n<link rel=\"canonical\" href=\"https:\/\/dana.com.br\/canaldana\/2019\/10\/11\/veiculos-pesados-tem-alta-de-14-no-abcr-de-setembro\/\" \/>\n<meta property=\"og:locale\" content=\"pt_BR\" \/>\n<meta property=\"og:type\" content=\"article\" \/>\n<meta property=\"og:title\" content=\"Ve\u00edculos pesados t\u00eam alta de 1,4% no ABCR de setembro - Canal Dana\" \/>\n<meta property=\"og:description\" content=\"Frota &amp; Cia &nbsp; O \u00edndice ABCR de atividade referente a setembro de 2019 apresentou crescimento de 1,4% no fluxo de ve\u00edculos pesados no comparativo com agosto, considerando os dados dessazonalizados. Considerando o total, o \u00edndice teve aumento de 0,8%. Mantida a compara\u00e7\u00e3o mensal dessazonalizada, o \u00edndice de fluxo pedagiado de ve\u00edculos leves subiu 0,9%.\u2026 Leia mais \u00bb\" \/>\n<meta property=\"og:url\" content=\"https:\/\/dana.com.br\/canaldana\/2019\/10\/11\/veiculos-pesados-tem-alta-de-14-no-abcr-de-setembro\/\" \/>\n<meta property=\"og:site_name\" content=\"Canal Dana\" \/>\n<meta property=\"article:published_time\" content=\"2019-10-11T11:24:09+00:00\" \/>\n<meta name=\"author\" content=\"Canal Dana\" \/>\n<meta name=\"twitter:card\" content=\"summary_large_image\" \/>\n<meta name=\"twitter:label1\" content=\"Escrito por\" \/>\n\t<meta name=\"twitter:data1\" content=\"Canal Dana\" \/>\n\t<meta name=\"twitter:label2\" content=\"Est. tempo de leitura\" \/>\n\t<meta name=\"twitter:data2\" content=\"1 minuto\" \/>\n<script type=\"application\/ld+json\" class=\"yoast-schema-graph\">{\"@context\":\"https:\\\/\\\/schema.org\",\"@graph\":[{\"@type\":\"Article\",\"@id\":\"https:\\\/\\\/dana.com.br\\\/canaldana\\\/2019\\\/10\\\/11\\\/veiculos-pesados-tem-alta-de-14-no-abcr-de-setembro\\\/#article\",\"isPartOf\":{\"@id\":\"https:\\\/\\\/dana.com.br\\\/canaldana\\\/2019\\\/10\\\/11\\\/veiculos-pesados-tem-alta-de-14-no-abcr-de-setembro\\\/\"},\"author\":{\"name\":\"Canal Dana\",\"@id\":\"https:\\\/\\\/dana.com.br\\\/canaldana\\\/#\\\/schema\\\/person\\\/3c21f22f56fcf3bc46b94bc60ea4fef6\"},\"headline\":\"Ve\u00edculos pesados t\u00eam alta de 1,4% no ABCR de setembro\",\"datePublished\":\"2019-10-11T11:24:09+00:00\",\"mainEntityOfPage\":{\"@id\":\"https:\\\/\\\/dana.com.br\\\/canaldana\\\/2019\\\/10\\\/11\\\/veiculos-pesados-tem-alta-de-14-no-abcr-de-setembro\\\/\"},\"wordCount\":213,\"articleSection\":[\"Destaques\"],\"inLanguage\":\"pt-BR\"},{\"@type\":\"WebPage\",\"@id\":\"https:\\\/\\\/dana.com.br\\\/canaldana\\\/2019\\\/10\\\/11\\\/veiculos-pesados-tem-alta-de-14-no-abcr-de-setembro\\\/\",\"url\":\"https:\\\/\\\/dana.com.br\\\/canaldana\\\/2019\\\/10\\\/11\\\/veiculos-pesados-tem-alta-de-14-no-abcr-de-setembro\\\/\",\"name\":\"Ve\u00edculos pesados t\u00eam alta de 1,4% no ABCR de setembro - Canal Dana\",\"isPartOf\":{\"@id\":\"https:\\\/\\\/dana.com.br\\\/canaldana\\\/#website\"},\"datePublished\":\"2019-10-11T11:24:09+00:00\",\"author\":{\"@id\":\"https:\\\/\\\/dana.com.br\\\/canaldana\\\/#\\\/schema\\\/person\\\/3c21f22f56fcf3bc46b94bc60ea4fef6\"},\"breadcrumb\":{\"@id\":\"https:\\\/\\\/dana.com.br\\\/canaldana\\\/2019\\\/10\\\/11\\\/veiculos-pesados-tem-alta-de-14-no-abcr-de-setembro\\\/#breadcrumb\"},\"inLanguage\":\"pt-BR\",\"potentialAction\":[{\"@type\":\"ReadAction\",\"target\":[\"https:\\\/\\\/dana.com.br\\\/canaldana\\\/2019\\\/10\\\/11\\\/veiculos-pesados-tem-alta-de-14-no-abcr-de-setembro\\\/\"]}]},{\"@type\":\"BreadcrumbList\",\"@id\":\"https:\\\/\\\/dana.com.br\\\/canaldana\\\/2019\\\/10\\\/11\\\/veiculos-pesados-tem-alta-de-14-no-abcr-de-setembro\\\/#breadcrumb\",\"itemListElement\":[{\"@type\":\"ListItem\",\"position\":1,\"name\":\"Home\",\"item\":\"https:\\\/\\\/dana.com.br\\\/canaldana\\\/\"},{\"@type\":\"ListItem\",\"position\":2,\"name\":\"Destaques\",\"item\":\"https:\\\/\\\/dana.com.br\\\/canaldana\\\/destaques\\\/\"},{\"@type\":\"ListItem\",\"position\":3,\"name\":\"Ve\u00edculos pesados t\u00eam alta de 1,4% no ABCR de setembro\"}]},{\"@type\":\"WebSite\",\"@id\":\"https:\\\/\\\/dana.com.br\\\/canaldana\\\/#website\",\"url\":\"https:\\\/\\\/dana.com.br\\\/canaldana\\\/\",\"name\":\"Canal Dana\",\"description\":\"Informativo com as principais not\u00edcias da ind\u00fastria automotiva\",\"potentialAction\":[{\"@type\":\"SearchAction\",\"target\":{\"@type\":\"EntryPoint\",\"urlTemplate\":\"https:\\\/\\\/dana.com.br\\\/canaldana\\\/?s={search_term_string}\"},\"query-input\":{\"@type\":\"PropertyValueSpecification\",\"valueRequired\":true,\"valueName\":\"search_term_string\"}}],\"inLanguage\":\"pt-BR\"},{\"@type\":\"Person\",\"@id\":\"https:\\\/\\\/dana.com.br\\\/canaldana\\\/#\\\/schema\\\/person\\\/3c21f22f56fcf3bc46b94bc60ea4fef6\",\"name\":\"Canal Dana\",\"image\":{\"@type\":\"ImageObject\",\"inLanguage\":\"pt-BR\",\"@id\":\"https:\\\/\\\/secure.gravatar.com\\\/avatar\\\/420aaf9278582877d9018637c6817617705899d2858d7572ef0fe59a6b6454b4?s=96&d=mm&r=g\",\"url\":\"https:\\\/\\\/secure.gravatar.com\\\/avatar\\\/420aaf9278582877d9018637c6817617705899d2858d7572ef0fe59a6b6454b4?s=96&d=mm&r=g\",\"contentUrl\":\"https:\\\/\\\/secure.gravatar.com\\\/avatar\\\/420aaf9278582877d9018637c6817617705899d2858d7572ef0fe59a6b6454b4?s=96&d=mm&r=g\",\"caption\":\"Canal Dana\"},\"url\":\"https:\\\/\\\/dana.com.br\\\/canaldana\\\/author\\\/cdeditor\\\/\"}]}<\/script>\n<!-- \/ Yoast SEO plugin. -->","yoast_head_json":{"title":"Ve\u00edculos pesados t\u00eam alta de 1,4% no ABCR de setembro - Canal Dana","robots":{"index":"index","follow":"follow","max-snippet":"max-snippet:-1","max-image-preview":"max-image-preview:large","max-video-preview":"max-video-preview:-1"},"canonical":"https:\/\/dana.com.br\/canaldana\/2019\/10\/11\/veiculos-pesados-tem-alta-de-14-no-abcr-de-setembro\/","og_locale":"pt_BR","og_type":"article","og_title":"Ve\u00edculos pesados t\u00eam alta de 1,4% no ABCR de setembro - Canal Dana","og_description":"Frota &amp; Cia &nbsp; O \u00edndice ABCR de atividade referente a setembro de 2019 apresentou crescimento de 1,4% no fluxo de ve\u00edculos pesados no comparativo com agosto, considerando os dados dessazonalizados. Considerando o total, o \u00edndice teve aumento de 0,8%. Mantida a compara\u00e7\u00e3o mensal dessazonalizada, o \u00edndice de fluxo pedagiado de ve\u00edculos leves subiu 0,9%.\u2026 Leia mais \u00bb","og_url":"https:\/\/dana.com.br\/canaldana\/2019\/10\/11\/veiculos-pesados-tem-alta-de-14-no-abcr-de-setembro\/","og_site_name":"Canal Dana","article_published_time":"2019-10-11T11:24:09+00:00","author":"Canal Dana","twitter_card":"summary_large_image","twitter_misc":{"Escrito por":"Canal Dana","Est. tempo de leitura":"1 minuto"},"schema":{"@context":"https:\/\/schema.org","@graph":[{"@type":"Article","@id":"https:\/\/dana.com.br\/canaldana\/2019\/10\/11\/veiculos-pesados-tem-alta-de-14-no-abcr-de-setembro\/#article","isPartOf":{"@id":"https:\/\/dana.com.br\/canaldana\/2019\/10\/11\/veiculos-pesados-tem-alta-de-14-no-abcr-de-setembro\/"},"author":{"name":"Canal Dana","@id":"https:\/\/dana.com.br\/canaldana\/#\/schema\/person\/3c21f22f56fcf3bc46b94bc60ea4fef6"},"headline":"Ve\u00edculos pesados t\u00eam alta de 1,4% no ABCR de setembro","datePublished":"2019-10-11T11:24:09+00:00","mainEntityOfPage":{"@id":"https:\/\/dana.com.br\/canaldana\/2019\/10\/11\/veiculos-pesados-tem-alta-de-14-no-abcr-de-setembro\/"},"wordCount":213,"articleSection":["Destaques"],"inLanguage":"pt-BR"},{"@type":"WebPage","@id":"https:\/\/dana.com.br\/canaldana\/2019\/10\/11\/veiculos-pesados-tem-alta-de-14-no-abcr-de-setembro\/","url":"https:\/\/dana.com.br\/canaldana\/2019\/10\/11\/veiculos-pesados-tem-alta-de-14-no-abcr-de-setembro\/","name":"Ve\u00edculos pesados t\u00eam alta de 1,4% no ABCR de setembro - Canal Dana","isPartOf":{"@id":"https:\/\/dana.com.br\/canaldana\/#website"},"datePublished":"2019-10-11T11:24:09+00:00","author":{"@id":"https:\/\/dana.com.br\/canaldana\/#\/schema\/person\/3c21f22f56fcf3bc46b94bc60ea4fef6"},"breadcrumb":{"@id":"https:\/\/dana.com.br\/canaldana\/2019\/10\/11\/veiculos-pesados-tem-alta-de-14-no-abcr-de-setembro\/#breadcrumb"},"inLanguage":"pt-BR","potentialAction":[{"@type":"ReadAction","target":["https:\/\/dana.com.br\/canaldana\/2019\/10\/11\/veiculos-pesados-tem-alta-de-14-no-abcr-de-setembro\/"]}]},{"@type":"BreadcrumbList","@id":"https:\/\/dana.com.br\/canaldana\/2019\/10\/11\/veiculos-pesados-tem-alta-de-14-no-abcr-de-setembro\/#breadcrumb","itemListElement":[{"@type":"ListItem","position":1,"name":"Home","item":"https:\/\/dana.com.br\/canaldana\/"},{"@type":"ListItem","position":2,"name":"Destaques","item":"https:\/\/dana.com.br\/canaldana\/destaques\/"},{"@type":"ListItem","position":3,"name":"Ve\u00edculos pesados t\u00eam alta de 1,4% no ABCR de setembro"}]},{"@type":"WebSite","@id":"https:\/\/dana.com.br\/canaldana\/#website","url":"https:\/\/dana.com.br\/canaldana\/","name":"Canal Dana","description":"Informativo com as principais not\u00edcias da ind\u00fastria automotiva","potentialAction":[{"@type":"SearchAction","target":{"@type":"EntryPoint","urlTemplate":"https:\/\/dana.com.br\/canaldana\/?s={search_term_string}"},"query-input":{"@type":"PropertyValueSpecification","valueRequired":true,"valueName":"search_term_string"}}],"inLanguage":"pt-BR"},{"@type":"Person","@id":"https:\/\/dana.com.br\/canaldana\/#\/schema\/person\/3c21f22f56fcf3bc46b94bc60ea4fef6","name":"Canal Dana","image":{"@type":"ImageObject","inLanguage":"pt-BR","@id":"https:\/\/secure.gravatar.com\/avatar\/420aaf9278582877d9018637c6817617705899d2858d7572ef0fe59a6b6454b4?s=96&d=mm&r=g","url":"https:\/\/secure.gravatar.com\/avatar\/420aaf9278582877d9018637c6817617705899d2858d7572ef0fe59a6b6454b4?s=96&d=mm&r=g","contentUrl":"https:\/\/secure.gravatar.com\/avatar\/420aaf9278582877d9018637c6817617705899d2858d7572ef0fe59a6b6454b4?s=96&d=mm&r=g","caption":"Canal Dana"},"url":"https:\/\/dana.com.br\/canaldana\/author\/cdeditor\/"}]}},"_links":{"self":[{"href":"https:\/\/dana.com.br\/canaldana\/wp-json\/wp\/v2\/posts\/37841","targetHints":{"allow":["GET"]}}],"collection":[{"href":"https:\/\/dana.com.br\/canaldana\/wp-json\/wp\/v2\/posts"}],"about":[{"href":"https:\/\/dana.com.br\/canaldana\/wp-json\/wp\/v2\/types\/post"}],"author":[{"embeddable":true,"href":"https:\/\/dana.com.br\/canaldana\/wp-json\/wp\/v2\/users\/3"}],"replies":[{"embeddable":true,"href":"https:\/\/dana.com.br\/canaldana\/wp-json\/wp\/v2\/comments?post=37841"}],"version-history":[{"count":0,"href":"https:\/\/dana.com.br\/canaldana\/wp-json\/wp\/v2\/posts\/37841\/revisions"}],"wp:attachment":[{"href":"https:\/\/dana.com.br\/canaldana\/wp-json\/wp\/v2\/media?parent=37841"}],"wp:term":[{"taxonomy":"category","embeddable":true,"href":"https:\/\/dana.com.br\/canaldana\/wp-json\/wp\/v2\/categories?post=37841"},{"taxonomy":"post_tag","embeddable":true,"href":"https:\/\/dana.com.br\/canaldana\/wp-json\/wp\/v2\/tags?post=37841"}],"curies":[{"name":"wp","href":"https:\/\/api.w.org\/{rel}","templated":true}]}}