{"id":3776,"date":"2015-10-29T08:17:17","date_gmt":"2015-10-29T10:17:17","guid":{"rendered":"http:\/\/dana.com.br\/canaldana\/?p=3776"},"modified":"2015-10-29T08:17:17","modified_gmt":"2015-10-29T10:17:17","slug":"apos-fraude-na-emissao-de-poluentes-volks-tem-o-1o-prejuizo-em-15-anos","status":"publish","type":"post","link":"https:\/\/dana.com.br\/canaldana\/2015\/10\/29\/apos-fraude-na-emissao-de-poluentes-volks-tem-o-1o-prejuizo-em-15-anos\/","title":{"rendered":"Ap\u00f3s fraude na emiss\u00e3o de poluentes, Volks tem o 1\u00ba preju\u00edzo em 15 anos"},"content":{"rendered":"<p><em>O Estado de S. Paulo\/Reuters<\/em><\/p>\n<p>&nbsp;<\/p>\n<p>A Volkswagen anunciou nesta quarta\u00adfeira, 28, um preju\u00edzo l\u00edquido de 1,73 bilh\u00e3o de euros (US$ 1,9 bilh\u00e3o) no terceiro trimestre deste ano, revertendo lucro de 2,9 bilh\u00f5es de euros registrado em igual per\u00edodo de 2014. Este \u00e9 o primeiro preju\u00edzo trimestral em pelo menos 15 anos, impactada pelos custos relacionados ao esc\u00e2ndalo de fraude em testes de emiss\u00f5es de poluentes de motores a diesel.<\/p>\n<p>&nbsp;<\/p>\n<p>Por causa de mudan\u00e7as cont\u00e1beis, a empresa n\u00e3o pode precisar quando o \u00faltimo preju\u00edzo ocorreu. A empresa ainda reduziu a previs\u00e3o de lucro para o ano.<\/p>\n<p>&nbsp;<\/p>\n<p>O resultado foi prejudicado por despesas extraordin\u00e1rias de 6,7 bilh\u00f5es de euros, formadas principalmente por gastos com um recall global de 11 milh\u00f5es de ve\u00edculos que disp\u00f5em de um software para burlar testes de emiss\u00f5es de poluentes. Num esc\u00e2ndalo que estourou no m\u00eas passado, a Volkswagen admitiu que seus ve\u00edculos a diesel est\u00e3o equipados com o software.<\/p>\n<p>&nbsp;<\/p>\n<p>Analistas consultados pelo Wall Street Journal previam que a Volkswagen teria preju\u00edzo menor no trimestre, de 1,6 bilh\u00e3o de euros. Com o resultado trimestral, a montadora alem\u00e3 ficou atr\u00e1s da japonesa Toyota na lideran\u00e7a das vendas mundiais nos acumulado dos nove primeiros meses deste ano ap\u00f3s ter assumido a primeira posi\u00e7\u00e3o tr\u00eas meses antes.<\/p>\n<p>&nbsp;<\/p>\n<p><strong>Resultado<\/strong><\/p>\n<p>&nbsp;<\/p>\n<p>O lucro operacional, que n\u00e3o inclui o resultado na China e o impacto financeiro do recall, teve queda anual de 0,7% nos tr\u00eas meses at\u00e9 setembro, a 3,2 bilh\u00f5es de euros.<\/p>\n<p>&nbsp;<\/p>\n<p>A receita, que tamb\u00e9m desconsidera as opera\u00e7\u00f5es chinesas, subiu 5,3%, a 51,5 bilh\u00f5es de euros, gra\u00e7as a fortes vendas no oeste da Europa e apesar da fraqueza em mercados emergentes, como Brasil e R\u00fassia.<\/p>\n<p>&nbsp;<\/p>\n<p>A Volkswagen tamb\u00e9m alertou que, em fun\u00e7\u00e3o dos gastos relacionados ao esc\u00e2ndalo, seu lucro operacional dever\u00e1 cair significativamente este ano.<\/p>\n<p>&nbsp;<\/p>\n<p>A montadora planeja cortar os investimentos em 1 bilh\u00e3o de euros por ano em sua principal divis\u00e3o, respons\u00e1vel por 5 milh\u00f5es de carros que ser\u00e3o alvo de recall. A divis\u00e3o de luxo Audi, fonte de cerca de 40% do lucro do grupo, tamb\u00e9m planeja cortes nos investimentos. (O Estado de S. Paulo\/Reuters)<\/p>\n","protected":false},"excerpt":{"rendered":"<p>O Estado de S. Paulo\/Reuters &nbsp; A Volkswagen anunciou nesta quarta\u00adfeira, 28, um preju\u00edzo l\u00edquido de 1,73 bilh\u00e3o de euros (US$ 1,9 bilh\u00e3o) no terceiro trimestre deste ano, revertendo lucro de 2,9 bilh\u00f5es de euros registrado em igual per\u00edodo de 2014. Este \u00e9 o primeiro preju\u00edzo trimestral em pelo menos 15 anos, impactada pelos custos\u2026 <a class=\"readmore\" href=\"https:\/\/dana.com.br\/canaldana\/2015\/10\/29\/apos-fraude-na-emissao-de-poluentes-volks-tem-o-1o-prejuizo-em-15-anos\/\">Leia mais \u00bb<\/a><\/p>\n","protected":false},"author":3,"featured_media":0,"comment_status":"closed","ping_status":"closed","sticky":false,"template":"","format":"standard","meta":{"_acf_changed":false,"footnotes":""},"categories":[61],"tags":[],"class_list":["post-3776","post","type-post","status-publish","format-standard","hentry","category-destaques"],"acf":[],"yoast_head":"<!-- This site is optimized with the Yoast SEO plugin v27.3 - https:\/\/yoast.com\/product\/yoast-seo-wordpress\/ -->\n<title>Ap\u00f3s fraude na emiss\u00e3o de poluentes, Volks tem o 1\u00ba preju\u00edzo em 15 anos - Canal Dana<\/title>\n<meta name=\"robots\" content=\"index, follow, max-snippet:-1, max-image-preview:large, max-video-preview:-1\" \/>\n<link rel=\"canonical\" href=\"https:\/\/dana.com.br\/canaldana\/2015\/10\/29\/apos-fraude-na-emissao-de-poluentes-volks-tem-o-1o-prejuizo-em-15-anos\/\" \/>\n<meta property=\"og:locale\" content=\"pt_BR\" \/>\n<meta property=\"og:type\" content=\"article\" \/>\n<meta property=\"og:title\" content=\"Ap\u00f3s fraude na emiss\u00e3o de poluentes, Volks tem o 1\u00ba preju\u00edzo em 15 anos - Canal Dana\" \/>\n<meta property=\"og:description\" content=\"O Estado de S. Paulo\/Reuters &nbsp; A Volkswagen anunciou nesta quarta\u00adfeira, 28, um preju\u00edzo l\u00edquido de 1,73 bilh\u00e3o de euros (US$ 1,9 bilh\u00e3o) no terceiro trimestre deste ano, revertendo lucro de 2,9 bilh\u00f5es de euros registrado em igual per\u00edodo de 2014. Este \u00e9 o primeiro preju\u00edzo trimestral em pelo menos 15 anos, impactada pelos custos\u2026 Leia mais \u00bb\" \/>\n<meta property=\"og:url\" content=\"https:\/\/dana.com.br\/canaldana\/2015\/10\/29\/apos-fraude-na-emissao-de-poluentes-volks-tem-o-1o-prejuizo-em-15-anos\/\" \/>\n<meta property=\"og:site_name\" content=\"Canal Dana\" \/>\n<meta property=\"article:published_time\" content=\"2015-10-29T10:17:17+00:00\" \/>\n<meta name=\"author\" content=\"Canal Dana\" \/>\n<meta name=\"twitter:card\" content=\"summary_large_image\" \/>\n<meta name=\"twitter:label1\" content=\"Escrito por\" \/>\n\t<meta name=\"twitter:data1\" content=\"Canal Dana\" \/>\n\t<meta name=\"twitter:label2\" content=\"Est. tempo de leitura\" \/>\n\t<meta name=\"twitter:data2\" content=\"2 minutos\" \/>\n<script type=\"application\/ld+json\" class=\"yoast-schema-graph\">{\"@context\":\"https:\\\/\\\/schema.org\",\"@graph\":[{\"@type\":\"Article\",\"@id\":\"https:\\\/\\\/dana.com.br\\\/canaldana\\\/2015\\\/10\\\/29\\\/apos-fraude-na-emissao-de-poluentes-volks-tem-o-1o-prejuizo-em-15-anos\\\/#article\",\"isPartOf\":{\"@id\":\"https:\\\/\\\/dana.com.br\\\/canaldana\\\/2015\\\/10\\\/29\\\/apos-fraude-na-emissao-de-poluentes-volks-tem-o-1o-prejuizo-em-15-anos\\\/\"},\"author\":{\"name\":\"Canal Dana\",\"@id\":\"https:\\\/\\\/dana.com.br\\\/canaldana\\\/#\\\/schema\\\/person\\\/3c21f22f56fcf3bc46b94bc60ea4fef6\"},\"headline\":\"Ap\u00f3s fraude na emiss\u00e3o de poluentes, Volks tem o 1\u00ba preju\u00edzo em 15 anos\",\"datePublished\":\"2015-10-29T10:17:17+00:00\",\"mainEntityOfPage\":{\"@id\":\"https:\\\/\\\/dana.com.br\\\/canaldana\\\/2015\\\/10\\\/29\\\/apos-fraude-na-emissao-de-poluentes-volks-tem-o-1o-prejuizo-em-15-anos\\\/\"},\"wordCount\":403,\"articleSection\":[\"Destaques\"],\"inLanguage\":\"pt-BR\"},{\"@type\":\"WebPage\",\"@id\":\"https:\\\/\\\/dana.com.br\\\/canaldana\\\/2015\\\/10\\\/29\\\/apos-fraude-na-emissao-de-poluentes-volks-tem-o-1o-prejuizo-em-15-anos\\\/\",\"url\":\"https:\\\/\\\/dana.com.br\\\/canaldana\\\/2015\\\/10\\\/29\\\/apos-fraude-na-emissao-de-poluentes-volks-tem-o-1o-prejuizo-em-15-anos\\\/\",\"name\":\"Ap\u00f3s fraude na emiss\u00e3o de poluentes, Volks tem o 1\u00ba preju\u00edzo em 15 anos - Canal Dana\",\"isPartOf\":{\"@id\":\"https:\\\/\\\/dana.com.br\\\/canaldana\\\/#website\"},\"datePublished\":\"2015-10-29T10:17:17+00:00\",\"author\":{\"@id\":\"https:\\\/\\\/dana.com.br\\\/canaldana\\\/#\\\/schema\\\/person\\\/3c21f22f56fcf3bc46b94bc60ea4fef6\"},\"breadcrumb\":{\"@id\":\"https:\\\/\\\/dana.com.br\\\/canaldana\\\/2015\\\/10\\\/29\\\/apos-fraude-na-emissao-de-poluentes-volks-tem-o-1o-prejuizo-em-15-anos\\\/#breadcrumb\"},\"inLanguage\":\"pt-BR\",\"potentialAction\":[{\"@type\":\"ReadAction\",\"target\":[\"https:\\\/\\\/dana.com.br\\\/canaldana\\\/2015\\\/10\\\/29\\\/apos-fraude-na-emissao-de-poluentes-volks-tem-o-1o-prejuizo-em-15-anos\\\/\"]}]},{\"@type\":\"BreadcrumbList\",\"@id\":\"https:\\\/\\\/dana.com.br\\\/canaldana\\\/2015\\\/10\\\/29\\\/apos-fraude-na-emissao-de-poluentes-volks-tem-o-1o-prejuizo-em-15-anos\\\/#breadcrumb\",\"itemListElement\":[{\"@type\":\"ListItem\",\"position\":1,\"name\":\"Home\",\"item\":\"https:\\\/\\\/dana.com.br\\\/canaldana\\\/\"},{\"@type\":\"ListItem\",\"position\":2,\"name\":\"Destaques\",\"item\":\"https:\\\/\\\/dana.com.br\\\/canaldana\\\/destaques\\\/\"},{\"@type\":\"ListItem\",\"position\":3,\"name\":\"Ap\u00f3s fraude na emiss\u00e3o de poluentes, Volks tem o 1\u00ba preju\u00edzo em 15 anos\"}]},{\"@type\":\"WebSite\",\"@id\":\"https:\\\/\\\/dana.com.br\\\/canaldana\\\/#website\",\"url\":\"https:\\\/\\\/dana.com.br\\\/canaldana\\\/\",\"name\":\"Canal Dana\",\"description\":\"Informativo com as principais not\u00edcias da ind\u00fastria automotiva\",\"potentialAction\":[{\"@type\":\"SearchAction\",\"target\":{\"@type\":\"EntryPoint\",\"urlTemplate\":\"https:\\\/\\\/dana.com.br\\\/canaldana\\\/?s={search_term_string}\"},\"query-input\":{\"@type\":\"PropertyValueSpecification\",\"valueRequired\":true,\"valueName\":\"search_term_string\"}}],\"inLanguage\":\"pt-BR\"},{\"@type\":\"Person\",\"@id\":\"https:\\\/\\\/dana.com.br\\\/canaldana\\\/#\\\/schema\\\/person\\\/3c21f22f56fcf3bc46b94bc60ea4fef6\",\"name\":\"Canal Dana\",\"image\":{\"@type\":\"ImageObject\",\"inLanguage\":\"pt-BR\",\"@id\":\"https:\\\/\\\/secure.gravatar.com\\\/avatar\\\/420aaf9278582877d9018637c6817617705899d2858d7572ef0fe59a6b6454b4?s=96&d=mm&r=g\",\"url\":\"https:\\\/\\\/secure.gravatar.com\\\/avatar\\\/420aaf9278582877d9018637c6817617705899d2858d7572ef0fe59a6b6454b4?s=96&d=mm&r=g\",\"contentUrl\":\"https:\\\/\\\/secure.gravatar.com\\\/avatar\\\/420aaf9278582877d9018637c6817617705899d2858d7572ef0fe59a6b6454b4?s=96&d=mm&r=g\",\"caption\":\"Canal Dana\"},\"url\":\"https:\\\/\\\/dana.com.br\\\/canaldana\\\/author\\\/cdeditor\\\/\"}]}<\/script>\n<!-- \/ Yoast SEO plugin. -->","yoast_head_json":{"title":"Ap\u00f3s fraude na emiss\u00e3o de poluentes, Volks tem o 1\u00ba preju\u00edzo em 15 anos - Canal Dana","robots":{"index":"index","follow":"follow","max-snippet":"max-snippet:-1","max-image-preview":"max-image-preview:large","max-video-preview":"max-video-preview:-1"},"canonical":"https:\/\/dana.com.br\/canaldana\/2015\/10\/29\/apos-fraude-na-emissao-de-poluentes-volks-tem-o-1o-prejuizo-em-15-anos\/","og_locale":"pt_BR","og_type":"article","og_title":"Ap\u00f3s fraude na emiss\u00e3o de poluentes, Volks tem o 1\u00ba preju\u00edzo em 15 anos - Canal Dana","og_description":"O Estado de S. Paulo\/Reuters &nbsp; A Volkswagen anunciou nesta quarta\u00adfeira, 28, um preju\u00edzo l\u00edquido de 1,73 bilh\u00e3o de euros (US$ 1,9 bilh\u00e3o) no terceiro trimestre deste ano, revertendo lucro de 2,9 bilh\u00f5es de euros registrado em igual per\u00edodo de 2014. Este \u00e9 o primeiro preju\u00edzo trimestral em pelo menos 15 anos, impactada pelos custos\u2026 Leia mais \u00bb","og_url":"https:\/\/dana.com.br\/canaldana\/2015\/10\/29\/apos-fraude-na-emissao-de-poluentes-volks-tem-o-1o-prejuizo-em-15-anos\/","og_site_name":"Canal Dana","article_published_time":"2015-10-29T10:17:17+00:00","author":"Canal Dana","twitter_card":"summary_large_image","twitter_misc":{"Escrito por":"Canal Dana","Est. tempo de leitura":"2 minutos"},"schema":{"@context":"https:\/\/schema.org","@graph":[{"@type":"Article","@id":"https:\/\/dana.com.br\/canaldana\/2015\/10\/29\/apos-fraude-na-emissao-de-poluentes-volks-tem-o-1o-prejuizo-em-15-anos\/#article","isPartOf":{"@id":"https:\/\/dana.com.br\/canaldana\/2015\/10\/29\/apos-fraude-na-emissao-de-poluentes-volks-tem-o-1o-prejuizo-em-15-anos\/"},"author":{"name":"Canal Dana","@id":"https:\/\/dana.com.br\/canaldana\/#\/schema\/person\/3c21f22f56fcf3bc46b94bc60ea4fef6"},"headline":"Ap\u00f3s fraude na emiss\u00e3o de poluentes, Volks tem o 1\u00ba preju\u00edzo em 15 anos","datePublished":"2015-10-29T10:17:17+00:00","mainEntityOfPage":{"@id":"https:\/\/dana.com.br\/canaldana\/2015\/10\/29\/apos-fraude-na-emissao-de-poluentes-volks-tem-o-1o-prejuizo-em-15-anos\/"},"wordCount":403,"articleSection":["Destaques"],"inLanguage":"pt-BR"},{"@type":"WebPage","@id":"https:\/\/dana.com.br\/canaldana\/2015\/10\/29\/apos-fraude-na-emissao-de-poluentes-volks-tem-o-1o-prejuizo-em-15-anos\/","url":"https:\/\/dana.com.br\/canaldana\/2015\/10\/29\/apos-fraude-na-emissao-de-poluentes-volks-tem-o-1o-prejuizo-em-15-anos\/","name":"Ap\u00f3s fraude na emiss\u00e3o de poluentes, Volks tem o 1\u00ba preju\u00edzo em 15 anos - Canal Dana","isPartOf":{"@id":"https:\/\/dana.com.br\/canaldana\/#website"},"datePublished":"2015-10-29T10:17:17+00:00","author":{"@id":"https:\/\/dana.com.br\/canaldana\/#\/schema\/person\/3c21f22f56fcf3bc46b94bc60ea4fef6"},"breadcrumb":{"@id":"https:\/\/dana.com.br\/canaldana\/2015\/10\/29\/apos-fraude-na-emissao-de-poluentes-volks-tem-o-1o-prejuizo-em-15-anos\/#breadcrumb"},"inLanguage":"pt-BR","potentialAction":[{"@type":"ReadAction","target":["https:\/\/dana.com.br\/canaldana\/2015\/10\/29\/apos-fraude-na-emissao-de-poluentes-volks-tem-o-1o-prejuizo-em-15-anos\/"]}]},{"@type":"BreadcrumbList","@id":"https:\/\/dana.com.br\/canaldana\/2015\/10\/29\/apos-fraude-na-emissao-de-poluentes-volks-tem-o-1o-prejuizo-em-15-anos\/#breadcrumb","itemListElement":[{"@type":"ListItem","position":1,"name":"Home","item":"https:\/\/dana.com.br\/canaldana\/"},{"@type":"ListItem","position":2,"name":"Destaques","item":"https:\/\/dana.com.br\/canaldana\/destaques\/"},{"@type":"ListItem","position":3,"name":"Ap\u00f3s fraude na emiss\u00e3o de poluentes, Volks tem o 1\u00ba preju\u00edzo em 15 anos"}]},{"@type":"WebSite","@id":"https:\/\/dana.com.br\/canaldana\/#website","url":"https:\/\/dana.com.br\/canaldana\/","name":"Canal Dana","description":"Informativo com as principais not\u00edcias da ind\u00fastria automotiva","potentialAction":[{"@type":"SearchAction","target":{"@type":"EntryPoint","urlTemplate":"https:\/\/dana.com.br\/canaldana\/?s={search_term_string}"},"query-input":{"@type":"PropertyValueSpecification","valueRequired":true,"valueName":"search_term_string"}}],"inLanguage":"pt-BR"},{"@type":"Person","@id":"https:\/\/dana.com.br\/canaldana\/#\/schema\/person\/3c21f22f56fcf3bc46b94bc60ea4fef6","name":"Canal Dana","image":{"@type":"ImageObject","inLanguage":"pt-BR","@id":"https:\/\/secure.gravatar.com\/avatar\/420aaf9278582877d9018637c6817617705899d2858d7572ef0fe59a6b6454b4?s=96&d=mm&r=g","url":"https:\/\/secure.gravatar.com\/avatar\/420aaf9278582877d9018637c6817617705899d2858d7572ef0fe59a6b6454b4?s=96&d=mm&r=g","contentUrl":"https:\/\/secure.gravatar.com\/avatar\/420aaf9278582877d9018637c6817617705899d2858d7572ef0fe59a6b6454b4?s=96&d=mm&r=g","caption":"Canal Dana"},"url":"https:\/\/dana.com.br\/canaldana\/author\/cdeditor\/"}]}},"_links":{"self":[{"href":"https:\/\/dana.com.br\/canaldana\/wp-json\/wp\/v2\/posts\/3776","targetHints":{"allow":["GET"]}}],"collection":[{"href":"https:\/\/dana.com.br\/canaldana\/wp-json\/wp\/v2\/posts"}],"about":[{"href":"https:\/\/dana.com.br\/canaldana\/wp-json\/wp\/v2\/types\/post"}],"author":[{"embeddable":true,"href":"https:\/\/dana.com.br\/canaldana\/wp-json\/wp\/v2\/users\/3"}],"replies":[{"embeddable":true,"href":"https:\/\/dana.com.br\/canaldana\/wp-json\/wp\/v2\/comments?post=3776"}],"version-history":[{"count":0,"href":"https:\/\/dana.com.br\/canaldana\/wp-json\/wp\/v2\/posts\/3776\/revisions"}],"wp:attachment":[{"href":"https:\/\/dana.com.br\/canaldana\/wp-json\/wp\/v2\/media?parent=3776"}],"wp:term":[{"taxonomy":"category","embeddable":true,"href":"https:\/\/dana.com.br\/canaldana\/wp-json\/wp\/v2\/categories?post=3776"},{"taxonomy":"post_tag","embeddable":true,"href":"https:\/\/dana.com.br\/canaldana\/wp-json\/wp\/v2\/tags?post=3776"}],"curies":[{"name":"wp","href":"https:\/\/api.w.org\/{rel}","templated":true}]}}