{"id":37742,"date":"2019-10-08T08:29:01","date_gmt":"2019-10-08T11:29:01","guid":{"rendered":"https:\/\/dana.com.br\/canaldana\/?p=37742"},"modified":"2019-10-08T08:29:01","modified_gmt":"2019-10-08T11:29:01","slug":"dicave-da-volvo-inaugura-concessionaria-em-santa-catarina","status":"publish","type":"post","link":"https:\/\/dana.com.br\/canaldana\/2019\/10\/08\/dicave-da-volvo-inaugura-concessionaria-em-santa-catarina\/","title":{"rendered":"Dicave, da Volvo, inaugura concession\u00e1ria em Santa Catarina"},"content":{"rendered":"<p><em>Frota &amp; Cia <\/em><\/p>\n<p>&nbsp;<\/p>\n<p>A Dicave, concession\u00e1ria Volvo em Santa Catarina, inaugurou mais uma unidade de caminh\u00f5es e \u00f4nibus da marca. Localizada em S\u00e3o Miguel do Oeste, no extremo Oeste catarinense, \u00e9 a 14\u00aa casa da Dicave no Estado.<\/p>\n<p>&nbsp;<\/p>\n<p>De acordo com Lourival Fiedler, presidente do Conselho de Administra\u00e7\u00e3o do Grupo Dicave, o investimento refor\u00e7a a presen\u00e7a da marca no estado. \u201cEla nasce para refor\u00e7ar ainda mais a nossa rela\u00e7\u00e3o com essa regi\u00e3o. Ao todo, atendemos 29 munic\u00edpios, todos economicamente muito fortes e que fomentam a cadeia de log\u00edstica e de transporte de cargas e passageiros\u201d.<\/p>\n<p>&nbsp;<\/p>\n<p>A moderna unidade tem cerca de 3,5 mil metros quadrados (m\u00b2) de \u00e1rea constru\u00edda. O terreno possui 37 mil m\u00b2 e est\u00e1 localizado no quil\u00f4metro 643 da BR-282. Portanto, no principal eixo de liga\u00e7\u00e3o com a BR-163, rodovia que liga o Sul do Brasil aos demais estados.<\/p>\n<p>&nbsp;<\/p>\n<p>\u201c\u00c9 uma regi\u00e3o estrat\u00e9gica do ponto de vista geograficamente, por onde passam cerca de oito mil ve\u00edculos por dia\u201d, diz o executivo. O agroneg\u00f3cio \u00e9 o setor da economia mais forte e com maior presen\u00e7a na regi\u00e3o atendida pela nova casa. \u00c9 no extremo Oeste catarinense que est\u00e1 a maior bacia de produ\u00e7\u00e3o de leites e derivados do Brasil.<\/p>\n<p>&nbsp;<\/p>\n<p><strong>Infraestrutura<\/strong><\/p>\n<p>&nbsp;<\/p>\n<p>A concession\u00e1ria possui uma infraestrutura prepara para atender os transportadores de todo o Brasil que frequentam a regi\u00e3o. \u201cEla re\u00fane uma s\u00e9rie de benef\u00edcios para atender de forma ainda mais r\u00e1pida e com mais qualidade\u201d, observa Fiedler. A nova casa tem 14 boxes para atendimento geral. Al\u00e9m disso dois boxes do tipo Pit Stops Volvo, que s\u00e3o exclusivos e de grande rapidez para os caminh\u00f5es e \u00f4nibus da marca.<\/p>\n<p>&nbsp;<\/p>\n<p>A nova unidade inclui ainda um show room, sala de treinamento e audit\u00f3rio com 70 lugares, oficina completa, e p\u00e1tio de 10 mil m\u00b2 para estacionamento de caminh\u00f5es. Al\u00e9m disso, possui tamb\u00e9m uma Casa do Motorista \u2013 um conjunto de instala\u00e7\u00f5es com sala de espera, rede Wifi, TV, cozinha e alojamento com quatro quartos para abrigar com conforto oito motoristas que precisem pernoitar no local antes de seguir viagem. Um dos quartos \u00e9 uma su\u00edte, para acomodar melhor o motorista que eventualmente viaje com um familiar. (Frota &amp; Cia\/Andr\u00e9 Garcia)<\/p>\n","protected":false},"excerpt":{"rendered":"<p>Frota &amp; Cia &nbsp; A Dicave, concession\u00e1ria Volvo em Santa Catarina, inaugurou mais uma unidade de caminh\u00f5es e \u00f4nibus da marca. Localizada em S\u00e3o Miguel do Oeste, no extremo Oeste catarinense, \u00e9 a 14\u00aa casa da Dicave no Estado. &nbsp; De acordo com Lourival Fiedler, presidente do Conselho de Administra\u00e7\u00e3o do Grupo Dicave, o investimento\u2026 <a class=\"readmore\" href=\"https:\/\/dana.com.br\/canaldana\/2019\/10\/08\/dicave-da-volvo-inaugura-concessionaria-em-santa-catarina\/\">Leia mais \u00bb<\/a><\/p>\n","protected":false},"author":3,"featured_media":0,"comment_status":"closed","ping_status":"closed","sticky":false,"template":"","format":"standard","meta":{"_acf_changed":false,"footnotes":""},"categories":[79],"tags":[],"class_list":["post-37742","post","type-post","status-publish","format-standard","hentry","category-mercado"],"acf":[],"yoast_head":"<!-- This site is optimized with the Yoast SEO plugin v27.5 - https:\/\/yoast.com\/product\/yoast-seo-wordpress\/ -->\n<title>Dicave, da Volvo, inaugura concession\u00e1ria em Santa Catarina - Canal Dana<\/title>\n<meta name=\"robots\" content=\"index, follow, max-snippet:-1, max-image-preview:large, max-video-preview:-1\" \/>\n<link rel=\"canonical\" href=\"https:\/\/dana.com.br\/canaldana\/2019\/10\/08\/dicave-da-volvo-inaugura-concessionaria-em-santa-catarina\/\" \/>\n<meta property=\"og:locale\" content=\"pt_BR\" \/>\n<meta property=\"og:type\" content=\"article\" \/>\n<meta property=\"og:title\" content=\"Dicave, da Volvo, inaugura concession\u00e1ria em Santa Catarina - Canal Dana\" \/>\n<meta property=\"og:description\" content=\"Frota &amp; Cia &nbsp; A Dicave, concession\u00e1ria Volvo em Santa Catarina, inaugurou mais uma unidade de caminh\u00f5es e \u00f4nibus da marca. Localizada em S\u00e3o Miguel do Oeste, no extremo Oeste catarinense, \u00e9 a 14\u00aa casa da Dicave no Estado. &nbsp; De acordo com Lourival Fiedler, presidente do Conselho de Administra\u00e7\u00e3o do Grupo Dicave, o investimento\u2026 Leia mais \u00bb\" \/>\n<meta property=\"og:url\" content=\"https:\/\/dana.com.br\/canaldana\/2019\/10\/08\/dicave-da-volvo-inaugura-concessionaria-em-santa-catarina\/\" \/>\n<meta property=\"og:site_name\" content=\"Canal Dana\" \/>\n<meta property=\"article:published_time\" content=\"2019-10-08T11:29:01+00:00\" \/>\n<meta name=\"author\" content=\"Canal Dana\" \/>\n<meta name=\"twitter:card\" content=\"summary_large_image\" \/>\n<meta name=\"twitter:label1\" content=\"Escrito por\" \/>\n\t<meta name=\"twitter:data1\" content=\"Canal Dana\" \/>\n\t<meta name=\"twitter:label2\" content=\"Est. tempo de leitura\" \/>\n\t<meta name=\"twitter:data2\" content=\"2 minutos\" \/>\n<script type=\"application\/ld+json\" class=\"yoast-schema-graph\">{\"@context\":\"https:\\\/\\\/schema.org\",\"@graph\":[{\"@type\":\"Article\",\"@id\":\"https:\\\/\\\/dana.com.br\\\/canaldana\\\/2019\\\/10\\\/08\\\/dicave-da-volvo-inaugura-concessionaria-em-santa-catarina\\\/#article\",\"isPartOf\":{\"@id\":\"https:\\\/\\\/dana.com.br\\\/canaldana\\\/2019\\\/10\\\/08\\\/dicave-da-volvo-inaugura-concessionaria-em-santa-catarina\\\/\"},\"author\":{\"name\":\"Canal Dana\",\"@id\":\"https:\\\/\\\/dana.com.br\\\/canaldana\\\/#\\\/schema\\\/person\\\/3c21f22f56fcf3bc46b94bc60ea4fef6\"},\"headline\":\"Dicave, da Volvo, inaugura concession\u00e1ria em Santa Catarina\",\"datePublished\":\"2019-10-08T11:29:01+00:00\",\"mainEntityOfPage\":{\"@id\":\"https:\\\/\\\/dana.com.br\\\/canaldana\\\/2019\\\/10\\\/08\\\/dicave-da-volvo-inaugura-concessionaria-em-santa-catarina\\\/\"},\"wordCount\":401,\"articleSection\":[\"Mercado\"],\"inLanguage\":\"pt-BR\"},{\"@type\":\"WebPage\",\"@id\":\"https:\\\/\\\/dana.com.br\\\/canaldana\\\/2019\\\/10\\\/08\\\/dicave-da-volvo-inaugura-concessionaria-em-santa-catarina\\\/\",\"url\":\"https:\\\/\\\/dana.com.br\\\/canaldana\\\/2019\\\/10\\\/08\\\/dicave-da-volvo-inaugura-concessionaria-em-santa-catarina\\\/\",\"name\":\"Dicave, da Volvo, inaugura concession\u00e1ria em Santa Catarina - Canal Dana\",\"isPartOf\":{\"@id\":\"https:\\\/\\\/dana.com.br\\\/canaldana\\\/#website\"},\"datePublished\":\"2019-10-08T11:29:01+00:00\",\"author\":{\"@id\":\"https:\\\/\\\/dana.com.br\\\/canaldana\\\/#\\\/schema\\\/person\\\/3c21f22f56fcf3bc46b94bc60ea4fef6\"},\"breadcrumb\":{\"@id\":\"https:\\\/\\\/dana.com.br\\\/canaldana\\\/2019\\\/10\\\/08\\\/dicave-da-volvo-inaugura-concessionaria-em-santa-catarina\\\/#breadcrumb\"},\"inLanguage\":\"pt-BR\",\"potentialAction\":[{\"@type\":\"ReadAction\",\"target\":[\"https:\\\/\\\/dana.com.br\\\/canaldana\\\/2019\\\/10\\\/08\\\/dicave-da-volvo-inaugura-concessionaria-em-santa-catarina\\\/\"]}]},{\"@type\":\"BreadcrumbList\",\"@id\":\"https:\\\/\\\/dana.com.br\\\/canaldana\\\/2019\\\/10\\\/08\\\/dicave-da-volvo-inaugura-concessionaria-em-santa-catarina\\\/#breadcrumb\",\"itemListElement\":[{\"@type\":\"ListItem\",\"position\":1,\"name\":\"Home\",\"item\":\"https:\\\/\\\/dana.com.br\\\/canaldana\\\/\"},{\"@type\":\"ListItem\",\"position\":2,\"name\":\"Mercado\",\"item\":\"https:\\\/\\\/dana.com.br\\\/canaldana\\\/mercado\\\/\"},{\"@type\":\"ListItem\",\"position\":3,\"name\":\"Dicave, da Volvo, inaugura concession\u00e1ria em Santa Catarina\"}]},{\"@type\":\"WebSite\",\"@id\":\"https:\\\/\\\/dana.com.br\\\/canaldana\\\/#website\",\"url\":\"https:\\\/\\\/dana.com.br\\\/canaldana\\\/\",\"name\":\"Canal Dana\",\"description\":\"Informativo com as principais not\u00edcias da ind\u00fastria automotiva\",\"potentialAction\":[{\"@type\":\"SearchAction\",\"target\":{\"@type\":\"EntryPoint\",\"urlTemplate\":\"https:\\\/\\\/dana.com.br\\\/canaldana\\\/?s={search_term_string}\"},\"query-input\":{\"@type\":\"PropertyValueSpecification\",\"valueRequired\":true,\"valueName\":\"search_term_string\"}}],\"inLanguage\":\"pt-BR\"},{\"@type\":\"Person\",\"@id\":\"https:\\\/\\\/dana.com.br\\\/canaldana\\\/#\\\/schema\\\/person\\\/3c21f22f56fcf3bc46b94bc60ea4fef6\",\"name\":\"Canal Dana\",\"image\":{\"@type\":\"ImageObject\",\"inLanguage\":\"pt-BR\",\"@id\":\"https:\\\/\\\/secure.gravatar.com\\\/avatar\\\/420aaf9278582877d9018637c6817617705899d2858d7572ef0fe59a6b6454b4?s=96&d=mm&r=g\",\"url\":\"https:\\\/\\\/secure.gravatar.com\\\/avatar\\\/420aaf9278582877d9018637c6817617705899d2858d7572ef0fe59a6b6454b4?s=96&d=mm&r=g\",\"contentUrl\":\"https:\\\/\\\/secure.gravatar.com\\\/avatar\\\/420aaf9278582877d9018637c6817617705899d2858d7572ef0fe59a6b6454b4?s=96&d=mm&r=g\",\"caption\":\"Canal Dana\"},\"url\":\"https:\\\/\\\/dana.com.br\\\/canaldana\\\/author\\\/cdeditor\\\/\"}]}<\/script>\n<!-- \/ Yoast SEO plugin. -->","yoast_head_json":{"title":"Dicave, da Volvo, inaugura concession\u00e1ria em Santa Catarina - Canal Dana","robots":{"index":"index","follow":"follow","max-snippet":"max-snippet:-1","max-image-preview":"max-image-preview:large","max-video-preview":"max-video-preview:-1"},"canonical":"https:\/\/dana.com.br\/canaldana\/2019\/10\/08\/dicave-da-volvo-inaugura-concessionaria-em-santa-catarina\/","og_locale":"pt_BR","og_type":"article","og_title":"Dicave, da Volvo, inaugura concession\u00e1ria em Santa Catarina - Canal Dana","og_description":"Frota &amp; Cia &nbsp; A Dicave, concession\u00e1ria Volvo em Santa Catarina, inaugurou mais uma unidade de caminh\u00f5es e \u00f4nibus da marca. Localizada em S\u00e3o Miguel do Oeste, no extremo Oeste catarinense, \u00e9 a 14\u00aa casa da Dicave no Estado. &nbsp; De acordo com Lourival Fiedler, presidente do Conselho de Administra\u00e7\u00e3o do Grupo Dicave, o investimento\u2026 Leia mais \u00bb","og_url":"https:\/\/dana.com.br\/canaldana\/2019\/10\/08\/dicave-da-volvo-inaugura-concessionaria-em-santa-catarina\/","og_site_name":"Canal Dana","article_published_time":"2019-10-08T11:29:01+00:00","author":"Canal Dana","twitter_card":"summary_large_image","twitter_misc":{"Escrito por":"Canal Dana","Est. tempo de leitura":"2 minutos"},"schema":{"@context":"https:\/\/schema.org","@graph":[{"@type":"Article","@id":"https:\/\/dana.com.br\/canaldana\/2019\/10\/08\/dicave-da-volvo-inaugura-concessionaria-em-santa-catarina\/#article","isPartOf":{"@id":"https:\/\/dana.com.br\/canaldana\/2019\/10\/08\/dicave-da-volvo-inaugura-concessionaria-em-santa-catarina\/"},"author":{"name":"Canal Dana","@id":"https:\/\/dana.com.br\/canaldana\/#\/schema\/person\/3c21f22f56fcf3bc46b94bc60ea4fef6"},"headline":"Dicave, da Volvo, inaugura concession\u00e1ria em Santa Catarina","datePublished":"2019-10-08T11:29:01+00:00","mainEntityOfPage":{"@id":"https:\/\/dana.com.br\/canaldana\/2019\/10\/08\/dicave-da-volvo-inaugura-concessionaria-em-santa-catarina\/"},"wordCount":401,"articleSection":["Mercado"],"inLanguage":"pt-BR"},{"@type":"WebPage","@id":"https:\/\/dana.com.br\/canaldana\/2019\/10\/08\/dicave-da-volvo-inaugura-concessionaria-em-santa-catarina\/","url":"https:\/\/dana.com.br\/canaldana\/2019\/10\/08\/dicave-da-volvo-inaugura-concessionaria-em-santa-catarina\/","name":"Dicave, da Volvo, inaugura concession\u00e1ria em Santa Catarina - Canal Dana","isPartOf":{"@id":"https:\/\/dana.com.br\/canaldana\/#website"},"datePublished":"2019-10-08T11:29:01+00:00","author":{"@id":"https:\/\/dana.com.br\/canaldana\/#\/schema\/person\/3c21f22f56fcf3bc46b94bc60ea4fef6"},"breadcrumb":{"@id":"https:\/\/dana.com.br\/canaldana\/2019\/10\/08\/dicave-da-volvo-inaugura-concessionaria-em-santa-catarina\/#breadcrumb"},"inLanguage":"pt-BR","potentialAction":[{"@type":"ReadAction","target":["https:\/\/dana.com.br\/canaldana\/2019\/10\/08\/dicave-da-volvo-inaugura-concessionaria-em-santa-catarina\/"]}]},{"@type":"BreadcrumbList","@id":"https:\/\/dana.com.br\/canaldana\/2019\/10\/08\/dicave-da-volvo-inaugura-concessionaria-em-santa-catarina\/#breadcrumb","itemListElement":[{"@type":"ListItem","position":1,"name":"Home","item":"https:\/\/dana.com.br\/canaldana\/"},{"@type":"ListItem","position":2,"name":"Mercado","item":"https:\/\/dana.com.br\/canaldana\/mercado\/"},{"@type":"ListItem","position":3,"name":"Dicave, da Volvo, inaugura concession\u00e1ria em Santa Catarina"}]},{"@type":"WebSite","@id":"https:\/\/dana.com.br\/canaldana\/#website","url":"https:\/\/dana.com.br\/canaldana\/","name":"Canal Dana","description":"Informativo com as principais not\u00edcias da ind\u00fastria automotiva","potentialAction":[{"@type":"SearchAction","target":{"@type":"EntryPoint","urlTemplate":"https:\/\/dana.com.br\/canaldana\/?s={search_term_string}"},"query-input":{"@type":"PropertyValueSpecification","valueRequired":true,"valueName":"search_term_string"}}],"inLanguage":"pt-BR"},{"@type":"Person","@id":"https:\/\/dana.com.br\/canaldana\/#\/schema\/person\/3c21f22f56fcf3bc46b94bc60ea4fef6","name":"Canal Dana","image":{"@type":"ImageObject","inLanguage":"pt-BR","@id":"https:\/\/secure.gravatar.com\/avatar\/420aaf9278582877d9018637c6817617705899d2858d7572ef0fe59a6b6454b4?s=96&d=mm&r=g","url":"https:\/\/secure.gravatar.com\/avatar\/420aaf9278582877d9018637c6817617705899d2858d7572ef0fe59a6b6454b4?s=96&d=mm&r=g","contentUrl":"https:\/\/secure.gravatar.com\/avatar\/420aaf9278582877d9018637c6817617705899d2858d7572ef0fe59a6b6454b4?s=96&d=mm&r=g","caption":"Canal Dana"},"url":"https:\/\/dana.com.br\/canaldana\/author\/cdeditor\/"}]}},"_links":{"self":[{"href":"https:\/\/dana.com.br\/canaldana\/wp-json\/wp\/v2\/posts\/37742","targetHints":{"allow":["GET"]}}],"collection":[{"href":"https:\/\/dana.com.br\/canaldana\/wp-json\/wp\/v2\/posts"}],"about":[{"href":"https:\/\/dana.com.br\/canaldana\/wp-json\/wp\/v2\/types\/post"}],"author":[{"embeddable":true,"href":"https:\/\/dana.com.br\/canaldana\/wp-json\/wp\/v2\/users\/3"}],"replies":[{"embeddable":true,"href":"https:\/\/dana.com.br\/canaldana\/wp-json\/wp\/v2\/comments?post=37742"}],"version-history":[{"count":0,"href":"https:\/\/dana.com.br\/canaldana\/wp-json\/wp\/v2\/posts\/37742\/revisions"}],"wp:attachment":[{"href":"https:\/\/dana.com.br\/canaldana\/wp-json\/wp\/v2\/media?parent=37742"}],"wp:term":[{"taxonomy":"category","embeddable":true,"href":"https:\/\/dana.com.br\/canaldana\/wp-json\/wp\/v2\/categories?post=37742"},{"taxonomy":"post_tag","embeddable":true,"href":"https:\/\/dana.com.br\/canaldana\/wp-json\/wp\/v2\/tags?post=37742"}],"curies":[{"name":"wp","href":"https:\/\/api.w.org\/{rel}","templated":true}]}}