{"id":3768,"date":"2015-10-29T08:15:11","date_gmt":"2015-10-29T10:15:11","guid":{"rendered":"http:\/\/dana.com.br\/canaldana\/?p=3768"},"modified":"2015-10-29T08:15:11","modified_gmt":"2015-10-29T10:15:11","slug":"mercedes-benz-lanca-accelo-1316-6x2-caminhao-medio-da-marca","status":"publish","type":"post","link":"https:\/\/dana.com.br\/canaldana\/2015\/10\/29\/mercedes-benz-lanca-accelo-1316-6x2-caminhao-medio-da-marca\/","title":{"rendered":"Mercedes-Benz lan\u00e7a Accelo 1316 6&#215;2, caminh\u00e3o m\u00e9dio da marca"},"content":{"rendered":"<p><em>Frota &amp; Cia<\/em><\/p>\n<p>&nbsp;<\/p>\n<p>A fam\u00edlia de caminh\u00f5es Accelo Mercedes-Benz cresceu e est\u00e1 ganhando mais for\u00e7a e capacidade de carga. Al\u00e9m dos j\u00e1 conhecidos modelos 815 e 1016, do segmento de leves, chega ao mercado o novo Accelo 1316 6&#215;2, com terceiro eixo e suspensor originais de f\u00e1brica, ve\u00edculo de 13 toneladas de PBT (peso bruto total) que se enquadra no segmento de m\u00e9dios.<\/p>\n<p>&nbsp;<\/p>\n<p>\u201cReunimos nesse in\u00e9dito ve\u00edculo o melhor de dois conceitos. Juntamos a pr\u00e1tica cabina e as dimens\u00f5es compactas do caminh\u00e3o leve Accelo com a plataforma e a capacidade de carga de um m\u00e9dio\u201d, ressalta Roberto Leoncini, vice-presidente de Vendas, Marketing e P\u00f3s-Venda de Caminh\u00f5es e \u00d4nibus da Mercedes-Benz do Brasil.<\/p>\n<p>&nbsp;<\/p>\n<p>De acordo com o executivo, o Accelo 1316 6&#215;2 \u00e9 um caminh\u00e3o que atende \u00e0s exig\u00eancias da mobilidade urbana.<\/p>\n<p>&nbsp;<\/p>\n<p>O novo membro da fam\u00edlia Accelo tem sua configura\u00e7\u00e3o baseada no modelo 1016, ganhando ent\u00e3o o terceiro eixo com suspensor original de f\u00e1brica, alcan\u00e7ando assim o PBT de 13.000 kg.<\/p>\n<p>&nbsp;<\/p>\n<p>O terceiro eixo destaca-se pela resist\u00eancia e robustez. O fato de j\u00e1 vir montado de f\u00e1brica evita gastos e tempo com a instala\u00e7\u00e3o de um eixo de apoio no ve\u00edculo. Al\u00e9m disso, o Accelo 1316 possui um sistema de freios projetado para a aplica\u00e7\u00e3o 6&#215;2. Complementando os benef\u00edcios ao cliente, os eixos traseiros tamb\u00e9m t\u00eam garantia Mercedes-Benz de 1 ano, sem limite de quilometragem.<\/p>\n<p>&nbsp;<\/p>\n<p>Dispon\u00edvel com duas dist\u00e2ncias de entre eixos (3.700 e 4.400 mm), o Accelo 1316 6&#215;2 permite a montagem de carro\u00e7arias de at\u00e9 8 metros. Estas carro\u00e7arias s\u00e3o ideais para varejistas, pois apresentam grande capacidade volum\u00e9trica e uma carga \u00fatil igual ou superior a de um caminh\u00e3o m\u00e9dio.<\/p>\n<p>&nbsp;<\/p>\n<p>O Accelo 1316 6&#215;2 \u00e9 indicado a grandes transportadores e empresas que atuam na distribui\u00e7\u00e3o urbana e intercidades. Pelo conceito do produto, tamb\u00e9m \u00e9 indicado para empresas que utilizam caminh\u00f5es m\u00e9dios tradicionais de 13 toneladas de PBT. (Frota &amp; Cia)<\/p>\n","protected":false},"excerpt":{"rendered":"<p>Frota &amp; Cia &nbsp; A fam\u00edlia de caminh\u00f5es Accelo Mercedes-Benz cresceu e est\u00e1 ganhando mais for\u00e7a e capacidade de carga. Al\u00e9m dos j\u00e1 conhecidos modelos 815 e 1016, do segmento de leves, chega ao mercado o novo Accelo 1316 6&#215;2, com terceiro eixo e suspensor originais de f\u00e1brica, ve\u00edculo de 13 toneladas de PBT (peso\u2026 <a class=\"readmore\" href=\"https:\/\/dana.com.br\/canaldana\/2015\/10\/29\/mercedes-benz-lanca-accelo-1316-6x2-caminhao-medio-da-marca\/\">Leia mais \u00bb<\/a><\/p>\n","protected":false},"author":3,"featured_media":0,"comment_status":"closed","ping_status":"closed","sticky":false,"template":"","format":"standard","meta":{"_acf_changed":false,"footnotes":""},"categories":[1],"tags":[],"class_list":["post-3768","post","type-post","status-publish","format-standard","hentry","category-sin-categoria"],"acf":[],"yoast_head":"<!-- This site is optimized with the Yoast SEO plugin v27.3 - https:\/\/yoast.com\/product\/yoast-seo-wordpress\/ -->\n<title>Mercedes-Benz lan\u00e7a Accelo 1316 6x2, caminh\u00e3o m\u00e9dio da marca - Canal Dana<\/title>\n<meta name=\"robots\" content=\"index, follow, max-snippet:-1, max-image-preview:large, max-video-preview:-1\" \/>\n<link rel=\"canonical\" href=\"https:\/\/dana.com.br\/canaldana\/2015\/10\/29\/mercedes-benz-lanca-accelo-1316-6x2-caminhao-medio-da-marca\/\" \/>\n<meta property=\"og:locale\" content=\"pt_BR\" \/>\n<meta property=\"og:type\" content=\"article\" \/>\n<meta property=\"og:title\" content=\"Mercedes-Benz lan\u00e7a Accelo 1316 6x2, caminh\u00e3o m\u00e9dio da marca - Canal Dana\" \/>\n<meta property=\"og:description\" content=\"Frota &amp; Cia &nbsp; A fam\u00edlia de caminh\u00f5es Accelo Mercedes-Benz cresceu e est\u00e1 ganhando mais for\u00e7a e capacidade de carga. Al\u00e9m dos j\u00e1 conhecidos modelos 815 e 1016, do segmento de leves, chega ao mercado o novo Accelo 1316 6&#215;2, com terceiro eixo e suspensor originais de f\u00e1brica, ve\u00edculo de 13 toneladas de PBT (peso\u2026 Leia mais \u00bb\" \/>\n<meta property=\"og:url\" content=\"https:\/\/dana.com.br\/canaldana\/2015\/10\/29\/mercedes-benz-lanca-accelo-1316-6x2-caminhao-medio-da-marca\/\" \/>\n<meta property=\"og:site_name\" content=\"Canal Dana\" \/>\n<meta property=\"article:published_time\" content=\"2015-10-29T10:15:11+00:00\" \/>\n<meta name=\"author\" content=\"Canal Dana\" \/>\n<meta name=\"twitter:card\" content=\"summary_large_image\" \/>\n<meta name=\"twitter:label1\" content=\"Escrito por\" \/>\n\t<meta name=\"twitter:data1\" content=\"Canal Dana\" \/>\n\t<meta name=\"twitter:label2\" content=\"Est. tempo de leitura\" \/>\n\t<meta name=\"twitter:data2\" content=\"2 minutos\" \/>\n<script type=\"application\/ld+json\" class=\"yoast-schema-graph\">{\"@context\":\"https:\\\/\\\/schema.org\",\"@graph\":[{\"@type\":\"Article\",\"@id\":\"https:\\\/\\\/dana.com.br\\\/canaldana\\\/2015\\\/10\\\/29\\\/mercedes-benz-lanca-accelo-1316-6x2-caminhao-medio-da-marca\\\/#article\",\"isPartOf\":{\"@id\":\"https:\\\/\\\/dana.com.br\\\/canaldana\\\/2015\\\/10\\\/29\\\/mercedes-benz-lanca-accelo-1316-6x2-caminhao-medio-da-marca\\\/\"},\"author\":{\"name\":\"Canal Dana\",\"@id\":\"https:\\\/\\\/dana.com.br\\\/canaldana\\\/#\\\/schema\\\/person\\\/3c21f22f56fcf3bc46b94bc60ea4fef6\"},\"headline\":\"Mercedes-Benz lan\u00e7a Accelo 1316 6&#215;2, caminh\u00e3o m\u00e9dio da marca\",\"datePublished\":\"2015-10-29T10:15:11+00:00\",\"mainEntityOfPage\":{\"@id\":\"https:\\\/\\\/dana.com.br\\\/canaldana\\\/2015\\\/10\\\/29\\\/mercedes-benz-lanca-accelo-1316-6x2-caminhao-medio-da-marca\\\/\"},\"wordCount\":355,\"articleSection\":[\"Sin categor\u00eda\"],\"inLanguage\":\"pt-BR\"},{\"@type\":\"WebPage\",\"@id\":\"https:\\\/\\\/dana.com.br\\\/canaldana\\\/2015\\\/10\\\/29\\\/mercedes-benz-lanca-accelo-1316-6x2-caminhao-medio-da-marca\\\/\",\"url\":\"https:\\\/\\\/dana.com.br\\\/canaldana\\\/2015\\\/10\\\/29\\\/mercedes-benz-lanca-accelo-1316-6x2-caminhao-medio-da-marca\\\/\",\"name\":\"Mercedes-Benz lan\u00e7a Accelo 1316 6x2, caminh\u00e3o m\u00e9dio da marca - Canal Dana\",\"isPartOf\":{\"@id\":\"https:\\\/\\\/dana.com.br\\\/canaldana\\\/#website\"},\"datePublished\":\"2015-10-29T10:15:11+00:00\",\"author\":{\"@id\":\"https:\\\/\\\/dana.com.br\\\/canaldana\\\/#\\\/schema\\\/person\\\/3c21f22f56fcf3bc46b94bc60ea4fef6\"},\"breadcrumb\":{\"@id\":\"https:\\\/\\\/dana.com.br\\\/canaldana\\\/2015\\\/10\\\/29\\\/mercedes-benz-lanca-accelo-1316-6x2-caminhao-medio-da-marca\\\/#breadcrumb\"},\"inLanguage\":\"pt-BR\",\"potentialAction\":[{\"@type\":\"ReadAction\",\"target\":[\"https:\\\/\\\/dana.com.br\\\/canaldana\\\/2015\\\/10\\\/29\\\/mercedes-benz-lanca-accelo-1316-6x2-caminhao-medio-da-marca\\\/\"]}]},{\"@type\":\"BreadcrumbList\",\"@id\":\"https:\\\/\\\/dana.com.br\\\/canaldana\\\/2015\\\/10\\\/29\\\/mercedes-benz-lanca-accelo-1316-6x2-caminhao-medio-da-marca\\\/#breadcrumb\",\"itemListElement\":[{\"@type\":\"ListItem\",\"position\":1,\"name\":\"Home\",\"item\":\"https:\\\/\\\/dana.com.br\\\/canaldana\\\/\"},{\"@type\":\"ListItem\",\"position\":2,\"name\":\"Sin categor\u00eda\",\"item\":\"https:\\\/\\\/dana.com.br\\\/canaldana\\\/sin-categoria\\\/\"},{\"@type\":\"ListItem\",\"position\":3,\"name\":\"Mercedes-Benz lan\u00e7a Accelo 1316 6&#215;2, caminh\u00e3o m\u00e9dio da marca\"}]},{\"@type\":\"WebSite\",\"@id\":\"https:\\\/\\\/dana.com.br\\\/canaldana\\\/#website\",\"url\":\"https:\\\/\\\/dana.com.br\\\/canaldana\\\/\",\"name\":\"Canal Dana\",\"description\":\"Informativo com as principais not\u00edcias da ind\u00fastria automotiva\",\"potentialAction\":[{\"@type\":\"SearchAction\",\"target\":{\"@type\":\"EntryPoint\",\"urlTemplate\":\"https:\\\/\\\/dana.com.br\\\/canaldana\\\/?s={search_term_string}\"},\"query-input\":{\"@type\":\"PropertyValueSpecification\",\"valueRequired\":true,\"valueName\":\"search_term_string\"}}],\"inLanguage\":\"pt-BR\"},{\"@type\":\"Person\",\"@id\":\"https:\\\/\\\/dana.com.br\\\/canaldana\\\/#\\\/schema\\\/person\\\/3c21f22f56fcf3bc46b94bc60ea4fef6\",\"name\":\"Canal Dana\",\"image\":{\"@type\":\"ImageObject\",\"inLanguage\":\"pt-BR\",\"@id\":\"https:\\\/\\\/secure.gravatar.com\\\/avatar\\\/420aaf9278582877d9018637c6817617705899d2858d7572ef0fe59a6b6454b4?s=96&d=mm&r=g\",\"url\":\"https:\\\/\\\/secure.gravatar.com\\\/avatar\\\/420aaf9278582877d9018637c6817617705899d2858d7572ef0fe59a6b6454b4?s=96&d=mm&r=g\",\"contentUrl\":\"https:\\\/\\\/secure.gravatar.com\\\/avatar\\\/420aaf9278582877d9018637c6817617705899d2858d7572ef0fe59a6b6454b4?s=96&d=mm&r=g\",\"caption\":\"Canal Dana\"},\"url\":\"https:\\\/\\\/dana.com.br\\\/canaldana\\\/author\\\/cdeditor\\\/\"}]}<\/script>\n<!-- \/ Yoast SEO plugin. -->","yoast_head_json":{"title":"Mercedes-Benz lan\u00e7a Accelo 1316 6x2, caminh\u00e3o m\u00e9dio da marca - Canal Dana","robots":{"index":"index","follow":"follow","max-snippet":"max-snippet:-1","max-image-preview":"max-image-preview:large","max-video-preview":"max-video-preview:-1"},"canonical":"https:\/\/dana.com.br\/canaldana\/2015\/10\/29\/mercedes-benz-lanca-accelo-1316-6x2-caminhao-medio-da-marca\/","og_locale":"pt_BR","og_type":"article","og_title":"Mercedes-Benz lan\u00e7a Accelo 1316 6x2, caminh\u00e3o m\u00e9dio da marca - Canal Dana","og_description":"Frota &amp; Cia &nbsp; A fam\u00edlia de caminh\u00f5es Accelo Mercedes-Benz cresceu e est\u00e1 ganhando mais for\u00e7a e capacidade de carga. Al\u00e9m dos j\u00e1 conhecidos modelos 815 e 1016, do segmento de leves, chega ao mercado o novo Accelo 1316 6&#215;2, com terceiro eixo e suspensor originais de f\u00e1brica, ve\u00edculo de 13 toneladas de PBT (peso\u2026 Leia mais \u00bb","og_url":"https:\/\/dana.com.br\/canaldana\/2015\/10\/29\/mercedes-benz-lanca-accelo-1316-6x2-caminhao-medio-da-marca\/","og_site_name":"Canal Dana","article_published_time":"2015-10-29T10:15:11+00:00","author":"Canal Dana","twitter_card":"summary_large_image","twitter_misc":{"Escrito por":"Canal Dana","Est. tempo de leitura":"2 minutos"},"schema":{"@context":"https:\/\/schema.org","@graph":[{"@type":"Article","@id":"https:\/\/dana.com.br\/canaldana\/2015\/10\/29\/mercedes-benz-lanca-accelo-1316-6x2-caminhao-medio-da-marca\/#article","isPartOf":{"@id":"https:\/\/dana.com.br\/canaldana\/2015\/10\/29\/mercedes-benz-lanca-accelo-1316-6x2-caminhao-medio-da-marca\/"},"author":{"name":"Canal Dana","@id":"https:\/\/dana.com.br\/canaldana\/#\/schema\/person\/3c21f22f56fcf3bc46b94bc60ea4fef6"},"headline":"Mercedes-Benz lan\u00e7a Accelo 1316 6&#215;2, caminh\u00e3o m\u00e9dio da marca","datePublished":"2015-10-29T10:15:11+00:00","mainEntityOfPage":{"@id":"https:\/\/dana.com.br\/canaldana\/2015\/10\/29\/mercedes-benz-lanca-accelo-1316-6x2-caminhao-medio-da-marca\/"},"wordCount":355,"articleSection":["Sin categor\u00eda"],"inLanguage":"pt-BR"},{"@type":"WebPage","@id":"https:\/\/dana.com.br\/canaldana\/2015\/10\/29\/mercedes-benz-lanca-accelo-1316-6x2-caminhao-medio-da-marca\/","url":"https:\/\/dana.com.br\/canaldana\/2015\/10\/29\/mercedes-benz-lanca-accelo-1316-6x2-caminhao-medio-da-marca\/","name":"Mercedes-Benz lan\u00e7a Accelo 1316 6x2, caminh\u00e3o m\u00e9dio da marca - Canal Dana","isPartOf":{"@id":"https:\/\/dana.com.br\/canaldana\/#website"},"datePublished":"2015-10-29T10:15:11+00:00","author":{"@id":"https:\/\/dana.com.br\/canaldana\/#\/schema\/person\/3c21f22f56fcf3bc46b94bc60ea4fef6"},"breadcrumb":{"@id":"https:\/\/dana.com.br\/canaldana\/2015\/10\/29\/mercedes-benz-lanca-accelo-1316-6x2-caminhao-medio-da-marca\/#breadcrumb"},"inLanguage":"pt-BR","potentialAction":[{"@type":"ReadAction","target":["https:\/\/dana.com.br\/canaldana\/2015\/10\/29\/mercedes-benz-lanca-accelo-1316-6x2-caminhao-medio-da-marca\/"]}]},{"@type":"BreadcrumbList","@id":"https:\/\/dana.com.br\/canaldana\/2015\/10\/29\/mercedes-benz-lanca-accelo-1316-6x2-caminhao-medio-da-marca\/#breadcrumb","itemListElement":[{"@type":"ListItem","position":1,"name":"Home","item":"https:\/\/dana.com.br\/canaldana\/"},{"@type":"ListItem","position":2,"name":"Sin categor\u00eda","item":"https:\/\/dana.com.br\/canaldana\/sin-categoria\/"},{"@type":"ListItem","position":3,"name":"Mercedes-Benz lan\u00e7a Accelo 1316 6&#215;2, caminh\u00e3o m\u00e9dio da marca"}]},{"@type":"WebSite","@id":"https:\/\/dana.com.br\/canaldana\/#website","url":"https:\/\/dana.com.br\/canaldana\/","name":"Canal Dana","description":"Informativo com as principais not\u00edcias da ind\u00fastria automotiva","potentialAction":[{"@type":"SearchAction","target":{"@type":"EntryPoint","urlTemplate":"https:\/\/dana.com.br\/canaldana\/?s={search_term_string}"},"query-input":{"@type":"PropertyValueSpecification","valueRequired":true,"valueName":"search_term_string"}}],"inLanguage":"pt-BR"},{"@type":"Person","@id":"https:\/\/dana.com.br\/canaldana\/#\/schema\/person\/3c21f22f56fcf3bc46b94bc60ea4fef6","name":"Canal Dana","image":{"@type":"ImageObject","inLanguage":"pt-BR","@id":"https:\/\/secure.gravatar.com\/avatar\/420aaf9278582877d9018637c6817617705899d2858d7572ef0fe59a6b6454b4?s=96&d=mm&r=g","url":"https:\/\/secure.gravatar.com\/avatar\/420aaf9278582877d9018637c6817617705899d2858d7572ef0fe59a6b6454b4?s=96&d=mm&r=g","contentUrl":"https:\/\/secure.gravatar.com\/avatar\/420aaf9278582877d9018637c6817617705899d2858d7572ef0fe59a6b6454b4?s=96&d=mm&r=g","caption":"Canal Dana"},"url":"https:\/\/dana.com.br\/canaldana\/author\/cdeditor\/"}]}},"_links":{"self":[{"href":"https:\/\/dana.com.br\/canaldana\/wp-json\/wp\/v2\/posts\/3768","targetHints":{"allow":["GET"]}}],"collection":[{"href":"https:\/\/dana.com.br\/canaldana\/wp-json\/wp\/v2\/posts"}],"about":[{"href":"https:\/\/dana.com.br\/canaldana\/wp-json\/wp\/v2\/types\/post"}],"author":[{"embeddable":true,"href":"https:\/\/dana.com.br\/canaldana\/wp-json\/wp\/v2\/users\/3"}],"replies":[{"embeddable":true,"href":"https:\/\/dana.com.br\/canaldana\/wp-json\/wp\/v2\/comments?post=3768"}],"version-history":[{"count":0,"href":"https:\/\/dana.com.br\/canaldana\/wp-json\/wp\/v2\/posts\/3768\/revisions"}],"wp:attachment":[{"href":"https:\/\/dana.com.br\/canaldana\/wp-json\/wp\/v2\/media?parent=3768"}],"wp:term":[{"taxonomy":"category","embeddable":true,"href":"https:\/\/dana.com.br\/canaldana\/wp-json\/wp\/v2\/categories?post=3768"},{"taxonomy":"post_tag","embeddable":true,"href":"https:\/\/dana.com.br\/canaldana\/wp-json\/wp\/v2\/tags?post=3768"}],"curies":[{"name":"wp","href":"https:\/\/api.w.org\/{rel}","templated":true}]}}