{"id":37673,"date":"2019-10-04T08:55:32","date_gmt":"2019-10-04T11:55:32","guid":{"rendered":"https:\/\/dana.com.br\/canaldana\/?p=37673"},"modified":"2019-10-04T08:55:32","modified_gmt":"2019-10-04T11:55:32","slug":"locadoras-de-veiculos-recuam-com-projeto-de-lei-que-restringe-venda-de-seminovos","status":"publish","type":"post","link":"https:\/\/dana.com.br\/canaldana\/2019\/10\/04\/locadoras-de-veiculos-recuam-com-projeto-de-lei-que-restringe-venda-de-seminovos\/","title":{"rendered":"Locadoras de ve\u00edculos recuam com projeto de lei que restringe venda de seminovos"},"content":{"rendered":"<p><em>InfoMoney <\/em><\/p>\n<p>&nbsp;<\/p>\n<p>Na parte da manh\u00e3 desta quarta-feira, as a\u00e7\u00f5es da Movida (MOVI3), Unidas (LCAM3) e Localiza (RENT3) operam com perdas expressivas na bolsa paulista, reagindo \u00e0 not\u00edcia do Valor Econ\u00f4mico sobre a tramita\u00e7\u00e3o de um projeto de lei na C\u00e2mara dos Deputados que restringe os benef\u00edcios fiscais das empresas do setor para a venda de carros seminovos.<\/p>\n<p>&nbsp;<\/p>\n<p>Os pap\u00e9is da Movida t\u00eam perdas de 4,42% a R$ 14,72; os da Localiza cedem 3,06% a R$ 43,05; e os da Unidas recuam 3,76% a R$ 48,84.<\/p>\n<p>&nbsp;<\/p>\n<p>O projeto, de autoria do deputado M\u00e1rio Heringer (FHER3) (PDT-MG), questiona o sistema de venda direta das montadoras, canal respons\u00e1vel por 49% das vendas em setembro.<\/p>\n<p>&nbsp;<\/p>\n<p>O ponto de quest\u00e3o \u00e9 que a venda direta traz um desconto de at\u00e9 35%, al\u00e9m do desconto do ICMS. Essa forma de neg\u00f3cio \u00e9 um inc\u00f4modo h\u00e1 anos para as concession\u00e1rias, uma vez que as locadoras, que s\u00e3o os principais clientes dessa modalidade, revendem os carros depois de pouco tempo com pre\u00e7os inferiores aos praticados nas revendas tradicionais.<\/p>\n<p>&nbsp;<\/p>\n<p>O texto do parlamentar visa estabelecer limite a venda sem tributa\u00e7\u00e3o, podendo acontecer somente ap\u00f3s 24 meses da compra. O problema \u00e9 que a disputa tamb\u00e9m atinge as montadoras, que n\u00e3o querem abrir m\u00e3o do modelo que sustenta a venda da maior parte dos carros novos. Para essas fabricantes, j\u00e1 h\u00e1 sinais de mudan\u00e7as nos h\u00e1bitos de consumo e isso sustenta manter a venda direta.<\/p>\n<p>&nbsp;<\/p>\n<p>A Anfavea, associa\u00e7\u00e3o dos fabricantes de ve\u00edculos, destaca que cada vez \u00e9 maior o interesse dos consumidores por servi\u00e7os de transporte terceirizado, como o Uber. Desta forma, cada vez menos consumidores t\u00eam interesse em ter o pr\u00f3prio carro. Isso, de acordo com a entidade, faz com que as vendas do varejo recuem e as diretas avancem. H\u00e1 quatro anos, esse canal absorvia 28% das vendas. No ano passado ficou em 42%. Em agosto estava em 46% e em setembro passou para 49%.<\/p>\n<p>&nbsp;<\/p>\n<p>Ao jornal, o deputado afirmou que a ideia do projeto de lei \u00e9 acabar com os privil\u00e9gios de algumas categorias, sendo contr\u00e1rio \u00e0 ren\u00fancia fiscal que beneficia as locadoras.<\/p>\n<p>&nbsp;<\/p>\n<p>O presidente da Associa\u00e7\u00e3o Brasileira de Locadoras de autom\u00f3veis (Abla), Paulo Miguel, disse ao Valor que a venda de carros n\u00e3o \u00e9 a atividade principal das locadoras, e sim a desmobiliza\u00e7\u00e3o de ativo usado para a presta\u00e7\u00e3o de um servi\u00e7o.<\/p>\n<p>&nbsp;<\/p>\n<p>O Valor destaca ainda que a venda de seminovos tem peso importante na gera\u00e7\u00e3o de receita da Localiza, Movida e Unidas, que no segundo trimestre representaram 58%, 65% e 55%, respectivamente.<\/p>\n<p>&nbsp;<\/p>\n<p>A associa\u00e7\u00e3o do setor de loca\u00e7\u00e3o e ve\u00edculos informou que o setor vendeu 230 mil ve\u00edculos seminovos no ano passado, sendo que mais da metade dessa frota foi comprada por lojas multimarcas e concession\u00e1rias. O restante foi comercializado nas lojas das pr\u00f3prias locadoras. (InfoMoney\/Diana Cheng)<\/p>\n","protected":false},"excerpt":{"rendered":"<p>InfoMoney &nbsp; Na parte da manh\u00e3 desta quarta-feira, as a\u00e7\u00f5es da Movida (MOVI3), Unidas (LCAM3) e Localiza (RENT3) operam com perdas expressivas na bolsa paulista, reagindo \u00e0 not\u00edcia do Valor Econ\u00f4mico sobre a tramita\u00e7\u00e3o de um projeto de lei na C\u00e2mara dos Deputados que restringe os benef\u00edcios fiscais das empresas do setor para a venda\u2026 <a class=\"readmore\" href=\"https:\/\/dana.com.br\/canaldana\/2019\/10\/04\/locadoras-de-veiculos-recuam-com-projeto-de-lei-que-restringe-venda-de-seminovos\/\">Leia mais \u00bb<\/a><\/p>\n","protected":false},"author":3,"featured_media":0,"comment_status":"closed","ping_status":"closed","sticky":false,"template":"","format":"standard","meta":{"_acf_changed":false,"footnotes":""},"categories":[79],"tags":[],"class_list":["post-37673","post","type-post","status-publish","format-standard","hentry","category-mercado"],"acf":[],"yoast_head":"<!-- This site is optimized with the Yoast SEO plugin v27.3 - https:\/\/yoast.com\/product\/yoast-seo-wordpress\/ -->\n<title>Locadoras de ve\u00edculos recuam com projeto de lei que restringe venda de seminovos - Canal Dana<\/title>\n<meta name=\"robots\" content=\"index, follow, max-snippet:-1, max-image-preview:large, max-video-preview:-1\" \/>\n<link rel=\"canonical\" href=\"https:\/\/dana.com.br\/canaldana\/2019\/10\/04\/locadoras-de-veiculos-recuam-com-projeto-de-lei-que-restringe-venda-de-seminovos\/\" \/>\n<meta property=\"og:locale\" content=\"pt_BR\" \/>\n<meta property=\"og:type\" content=\"article\" \/>\n<meta property=\"og:title\" content=\"Locadoras de ve\u00edculos recuam com projeto de lei que restringe venda de seminovos - Canal Dana\" \/>\n<meta property=\"og:description\" content=\"InfoMoney &nbsp; Na parte da manh\u00e3 desta quarta-feira, as a\u00e7\u00f5es da Movida (MOVI3), Unidas (LCAM3) e Localiza (RENT3) operam com perdas expressivas na bolsa paulista, reagindo \u00e0 not\u00edcia do Valor Econ\u00f4mico sobre a tramita\u00e7\u00e3o de um projeto de lei na C\u00e2mara dos Deputados que restringe os benef\u00edcios fiscais das empresas do setor para a venda\u2026 Leia mais \u00bb\" \/>\n<meta property=\"og:url\" content=\"https:\/\/dana.com.br\/canaldana\/2019\/10\/04\/locadoras-de-veiculos-recuam-com-projeto-de-lei-que-restringe-venda-de-seminovos\/\" \/>\n<meta property=\"og:site_name\" content=\"Canal Dana\" \/>\n<meta property=\"article:published_time\" content=\"2019-10-04T11:55:32+00:00\" \/>\n<meta name=\"author\" content=\"Canal Dana\" \/>\n<meta name=\"twitter:card\" content=\"summary_large_image\" \/>\n<meta name=\"twitter:label1\" content=\"Escrito por\" \/>\n\t<meta name=\"twitter:data1\" content=\"Canal Dana\" \/>\n\t<meta name=\"twitter:label2\" content=\"Est. tempo de leitura\" \/>\n\t<meta name=\"twitter:data2\" content=\"2 minutos\" \/>\n<script type=\"application\/ld+json\" class=\"yoast-schema-graph\">{\"@context\":\"https:\\\/\\\/schema.org\",\"@graph\":[{\"@type\":\"Article\",\"@id\":\"https:\\\/\\\/dana.com.br\\\/canaldana\\\/2019\\\/10\\\/04\\\/locadoras-de-veiculos-recuam-com-projeto-de-lei-que-restringe-venda-de-seminovos\\\/#article\",\"isPartOf\":{\"@id\":\"https:\\\/\\\/dana.com.br\\\/canaldana\\\/2019\\\/10\\\/04\\\/locadoras-de-veiculos-recuam-com-projeto-de-lei-que-restringe-venda-de-seminovos\\\/\"},\"author\":{\"name\":\"Canal Dana\",\"@id\":\"https:\\\/\\\/dana.com.br\\\/canaldana\\\/#\\\/schema\\\/person\\\/3c21f22f56fcf3bc46b94bc60ea4fef6\"},\"headline\":\"Locadoras de ve\u00edculos recuam com projeto de lei que restringe venda de seminovos\",\"datePublished\":\"2019-10-04T11:55:32+00:00\",\"mainEntityOfPage\":{\"@id\":\"https:\\\/\\\/dana.com.br\\\/canaldana\\\/2019\\\/10\\\/04\\\/locadoras-de-veiculos-recuam-com-projeto-de-lei-que-restringe-venda-de-seminovos\\\/\"},\"wordCount\":507,\"articleSection\":[\"Mercado\"],\"inLanguage\":\"pt-BR\"},{\"@type\":\"WebPage\",\"@id\":\"https:\\\/\\\/dana.com.br\\\/canaldana\\\/2019\\\/10\\\/04\\\/locadoras-de-veiculos-recuam-com-projeto-de-lei-que-restringe-venda-de-seminovos\\\/\",\"url\":\"https:\\\/\\\/dana.com.br\\\/canaldana\\\/2019\\\/10\\\/04\\\/locadoras-de-veiculos-recuam-com-projeto-de-lei-que-restringe-venda-de-seminovos\\\/\",\"name\":\"Locadoras de ve\u00edculos recuam com projeto de lei que restringe venda de seminovos - Canal Dana\",\"isPartOf\":{\"@id\":\"https:\\\/\\\/dana.com.br\\\/canaldana\\\/#website\"},\"datePublished\":\"2019-10-04T11:55:32+00:00\",\"author\":{\"@id\":\"https:\\\/\\\/dana.com.br\\\/canaldana\\\/#\\\/schema\\\/person\\\/3c21f22f56fcf3bc46b94bc60ea4fef6\"},\"breadcrumb\":{\"@id\":\"https:\\\/\\\/dana.com.br\\\/canaldana\\\/2019\\\/10\\\/04\\\/locadoras-de-veiculos-recuam-com-projeto-de-lei-que-restringe-venda-de-seminovos\\\/#breadcrumb\"},\"inLanguage\":\"pt-BR\",\"potentialAction\":[{\"@type\":\"ReadAction\",\"target\":[\"https:\\\/\\\/dana.com.br\\\/canaldana\\\/2019\\\/10\\\/04\\\/locadoras-de-veiculos-recuam-com-projeto-de-lei-que-restringe-venda-de-seminovos\\\/\"]}]},{\"@type\":\"BreadcrumbList\",\"@id\":\"https:\\\/\\\/dana.com.br\\\/canaldana\\\/2019\\\/10\\\/04\\\/locadoras-de-veiculos-recuam-com-projeto-de-lei-que-restringe-venda-de-seminovos\\\/#breadcrumb\",\"itemListElement\":[{\"@type\":\"ListItem\",\"position\":1,\"name\":\"Home\",\"item\":\"https:\\\/\\\/dana.com.br\\\/canaldana\\\/\"},{\"@type\":\"ListItem\",\"position\":2,\"name\":\"Mercado\",\"item\":\"https:\\\/\\\/dana.com.br\\\/canaldana\\\/mercado\\\/\"},{\"@type\":\"ListItem\",\"position\":3,\"name\":\"Locadoras de ve\u00edculos recuam com projeto de lei que restringe venda de seminovos\"}]},{\"@type\":\"WebSite\",\"@id\":\"https:\\\/\\\/dana.com.br\\\/canaldana\\\/#website\",\"url\":\"https:\\\/\\\/dana.com.br\\\/canaldana\\\/\",\"name\":\"Canal Dana\",\"description\":\"Informativo com as principais not\u00edcias da ind\u00fastria automotiva\",\"potentialAction\":[{\"@type\":\"SearchAction\",\"target\":{\"@type\":\"EntryPoint\",\"urlTemplate\":\"https:\\\/\\\/dana.com.br\\\/canaldana\\\/?s={search_term_string}\"},\"query-input\":{\"@type\":\"PropertyValueSpecification\",\"valueRequired\":true,\"valueName\":\"search_term_string\"}}],\"inLanguage\":\"pt-BR\"},{\"@type\":\"Person\",\"@id\":\"https:\\\/\\\/dana.com.br\\\/canaldana\\\/#\\\/schema\\\/person\\\/3c21f22f56fcf3bc46b94bc60ea4fef6\",\"name\":\"Canal Dana\",\"image\":{\"@type\":\"ImageObject\",\"inLanguage\":\"pt-BR\",\"@id\":\"https:\\\/\\\/secure.gravatar.com\\\/avatar\\\/420aaf9278582877d9018637c6817617705899d2858d7572ef0fe59a6b6454b4?s=96&d=mm&r=g\",\"url\":\"https:\\\/\\\/secure.gravatar.com\\\/avatar\\\/420aaf9278582877d9018637c6817617705899d2858d7572ef0fe59a6b6454b4?s=96&d=mm&r=g\",\"contentUrl\":\"https:\\\/\\\/secure.gravatar.com\\\/avatar\\\/420aaf9278582877d9018637c6817617705899d2858d7572ef0fe59a6b6454b4?s=96&d=mm&r=g\",\"caption\":\"Canal Dana\"},\"url\":\"https:\\\/\\\/dana.com.br\\\/canaldana\\\/author\\\/cdeditor\\\/\"}]}<\/script>\n<!-- \/ Yoast SEO plugin. -->","yoast_head_json":{"title":"Locadoras de ve\u00edculos recuam com projeto de lei que restringe venda de seminovos - Canal Dana","robots":{"index":"index","follow":"follow","max-snippet":"max-snippet:-1","max-image-preview":"max-image-preview:large","max-video-preview":"max-video-preview:-1"},"canonical":"https:\/\/dana.com.br\/canaldana\/2019\/10\/04\/locadoras-de-veiculos-recuam-com-projeto-de-lei-que-restringe-venda-de-seminovos\/","og_locale":"pt_BR","og_type":"article","og_title":"Locadoras de ve\u00edculos recuam com projeto de lei que restringe venda de seminovos - Canal Dana","og_description":"InfoMoney &nbsp; Na parte da manh\u00e3 desta quarta-feira, as a\u00e7\u00f5es da Movida (MOVI3), Unidas (LCAM3) e Localiza (RENT3) operam com perdas expressivas na bolsa paulista, reagindo \u00e0 not\u00edcia do Valor Econ\u00f4mico sobre a tramita\u00e7\u00e3o de um projeto de lei na C\u00e2mara dos Deputados que restringe os benef\u00edcios fiscais das empresas do setor para a venda\u2026 Leia mais \u00bb","og_url":"https:\/\/dana.com.br\/canaldana\/2019\/10\/04\/locadoras-de-veiculos-recuam-com-projeto-de-lei-que-restringe-venda-de-seminovos\/","og_site_name":"Canal Dana","article_published_time":"2019-10-04T11:55:32+00:00","author":"Canal Dana","twitter_card":"summary_large_image","twitter_misc":{"Escrito por":"Canal Dana","Est. tempo de leitura":"2 minutos"},"schema":{"@context":"https:\/\/schema.org","@graph":[{"@type":"Article","@id":"https:\/\/dana.com.br\/canaldana\/2019\/10\/04\/locadoras-de-veiculos-recuam-com-projeto-de-lei-que-restringe-venda-de-seminovos\/#article","isPartOf":{"@id":"https:\/\/dana.com.br\/canaldana\/2019\/10\/04\/locadoras-de-veiculos-recuam-com-projeto-de-lei-que-restringe-venda-de-seminovos\/"},"author":{"name":"Canal Dana","@id":"https:\/\/dana.com.br\/canaldana\/#\/schema\/person\/3c21f22f56fcf3bc46b94bc60ea4fef6"},"headline":"Locadoras de ve\u00edculos recuam com projeto de lei que restringe venda de seminovos","datePublished":"2019-10-04T11:55:32+00:00","mainEntityOfPage":{"@id":"https:\/\/dana.com.br\/canaldana\/2019\/10\/04\/locadoras-de-veiculos-recuam-com-projeto-de-lei-que-restringe-venda-de-seminovos\/"},"wordCount":507,"articleSection":["Mercado"],"inLanguage":"pt-BR"},{"@type":"WebPage","@id":"https:\/\/dana.com.br\/canaldana\/2019\/10\/04\/locadoras-de-veiculos-recuam-com-projeto-de-lei-que-restringe-venda-de-seminovos\/","url":"https:\/\/dana.com.br\/canaldana\/2019\/10\/04\/locadoras-de-veiculos-recuam-com-projeto-de-lei-que-restringe-venda-de-seminovos\/","name":"Locadoras de ve\u00edculos recuam com projeto de lei que restringe venda de seminovos - Canal Dana","isPartOf":{"@id":"https:\/\/dana.com.br\/canaldana\/#website"},"datePublished":"2019-10-04T11:55:32+00:00","author":{"@id":"https:\/\/dana.com.br\/canaldana\/#\/schema\/person\/3c21f22f56fcf3bc46b94bc60ea4fef6"},"breadcrumb":{"@id":"https:\/\/dana.com.br\/canaldana\/2019\/10\/04\/locadoras-de-veiculos-recuam-com-projeto-de-lei-que-restringe-venda-de-seminovos\/#breadcrumb"},"inLanguage":"pt-BR","potentialAction":[{"@type":"ReadAction","target":["https:\/\/dana.com.br\/canaldana\/2019\/10\/04\/locadoras-de-veiculos-recuam-com-projeto-de-lei-que-restringe-venda-de-seminovos\/"]}]},{"@type":"BreadcrumbList","@id":"https:\/\/dana.com.br\/canaldana\/2019\/10\/04\/locadoras-de-veiculos-recuam-com-projeto-de-lei-que-restringe-venda-de-seminovos\/#breadcrumb","itemListElement":[{"@type":"ListItem","position":1,"name":"Home","item":"https:\/\/dana.com.br\/canaldana\/"},{"@type":"ListItem","position":2,"name":"Mercado","item":"https:\/\/dana.com.br\/canaldana\/mercado\/"},{"@type":"ListItem","position":3,"name":"Locadoras de ve\u00edculos recuam com projeto de lei que restringe venda de seminovos"}]},{"@type":"WebSite","@id":"https:\/\/dana.com.br\/canaldana\/#website","url":"https:\/\/dana.com.br\/canaldana\/","name":"Canal Dana","description":"Informativo com as principais not\u00edcias da ind\u00fastria automotiva","potentialAction":[{"@type":"SearchAction","target":{"@type":"EntryPoint","urlTemplate":"https:\/\/dana.com.br\/canaldana\/?s={search_term_string}"},"query-input":{"@type":"PropertyValueSpecification","valueRequired":true,"valueName":"search_term_string"}}],"inLanguage":"pt-BR"},{"@type":"Person","@id":"https:\/\/dana.com.br\/canaldana\/#\/schema\/person\/3c21f22f56fcf3bc46b94bc60ea4fef6","name":"Canal Dana","image":{"@type":"ImageObject","inLanguage":"pt-BR","@id":"https:\/\/secure.gravatar.com\/avatar\/420aaf9278582877d9018637c6817617705899d2858d7572ef0fe59a6b6454b4?s=96&d=mm&r=g","url":"https:\/\/secure.gravatar.com\/avatar\/420aaf9278582877d9018637c6817617705899d2858d7572ef0fe59a6b6454b4?s=96&d=mm&r=g","contentUrl":"https:\/\/secure.gravatar.com\/avatar\/420aaf9278582877d9018637c6817617705899d2858d7572ef0fe59a6b6454b4?s=96&d=mm&r=g","caption":"Canal Dana"},"url":"https:\/\/dana.com.br\/canaldana\/author\/cdeditor\/"}]}},"_links":{"self":[{"href":"https:\/\/dana.com.br\/canaldana\/wp-json\/wp\/v2\/posts\/37673","targetHints":{"allow":["GET"]}}],"collection":[{"href":"https:\/\/dana.com.br\/canaldana\/wp-json\/wp\/v2\/posts"}],"about":[{"href":"https:\/\/dana.com.br\/canaldana\/wp-json\/wp\/v2\/types\/post"}],"author":[{"embeddable":true,"href":"https:\/\/dana.com.br\/canaldana\/wp-json\/wp\/v2\/users\/3"}],"replies":[{"embeddable":true,"href":"https:\/\/dana.com.br\/canaldana\/wp-json\/wp\/v2\/comments?post=37673"}],"version-history":[{"count":0,"href":"https:\/\/dana.com.br\/canaldana\/wp-json\/wp\/v2\/posts\/37673\/revisions"}],"wp:attachment":[{"href":"https:\/\/dana.com.br\/canaldana\/wp-json\/wp\/v2\/media?parent=37673"}],"wp:term":[{"taxonomy":"category","embeddable":true,"href":"https:\/\/dana.com.br\/canaldana\/wp-json\/wp\/v2\/categories?post=37673"},{"taxonomy":"post_tag","embeddable":true,"href":"https:\/\/dana.com.br\/canaldana\/wp-json\/wp\/v2\/tags?post=37673"}],"curies":[{"name":"wp","href":"https:\/\/api.w.org\/{rel}","templated":true}]}}