{"id":37586,"date":"2019-10-01T08:40:53","date_gmt":"2019-10-01T11:40:53","guid":{"rendered":"https:\/\/dana.com.br\/canaldana\/?p=37586"},"modified":"2019-10-01T08:40:53","modified_gmt":"2019-10-01T11:40:53","slug":"brasil-e-mexico-miram-livre-comercio-em-negociacao-prevista-para-comecar-em-outubro","status":"publish","type":"post","link":"https:\/\/dana.com.br\/canaldana\/2019\/10\/01\/brasil-e-mexico-miram-livre-comercio-em-negociacao-prevista-para-comecar-em-outubro\/","title":{"rendered":"Brasil e M\u00e9xico miram livre com\u00e9rcio em negocia\u00e7\u00e3o prevista para come\u00e7ar em outubro"},"content":{"rendered":"<p><em>DCI Online\/Reuters <\/em><\/p>\n<p>&nbsp;<\/p>\n<p>A primeira troca de ofertas entre Brasil e M\u00e9xico em negocia\u00e7\u00f5es para chegar ao livre com\u00e9rcio, no que pode ser o pr\u00f3ximo grande acordo a ser fechado pelo pa\u00eds, deve acontecer j\u00e1 em outubro.<\/p>\n<p>&nbsp;<\/p>\n<p>De olho em um mercado que pode ir de carnes a avi\u00f5es, o governo brasileiro tenta desde 2015 ampliar acordo de tarifa zero com o M\u00e9xico, atualmente restrito ao setor automotivo e a \u00e1reas do setor qu\u00edmico.<\/p>\n<p>&nbsp;<\/p>\n<p>O processo havia desacelerado em meio \u00e0s renegocia\u00e7\u00f5es do Nafta &#8211; zona de livre com\u00e9rcio entre M\u00e9xico, Estados Unidos e Canad\u00e1- impostas pelo governo Trump aos vizinhos. Mas o tema voltou a ganhar f\u00f4lego em mar\u00e7o, quando o acordo automotivo entre os dois pa\u00edses, assinado em 2002, avan\u00e7ou para o patamar de livre com\u00e9rcio.<\/p>\n<p>&nbsp;<\/p>\n<p>Sob as novas regras, as exig\u00eancias de conte\u00fado nacional -insumos produzidos localmente- no acordo automotivo passaram a ser mais r\u00edgidas, saltando de uma m\u00e9dia de 35 para 40%, e a lista de exce\u00e7\u00f5es, que permitia um conte\u00fado nacional mais baixo, de at\u00e9 10%, para alguns produtos, foi eliminada.<\/p>\n<p>&nbsp;<\/p>\n<p>Com dificuldades em cumprir a nova norma, o governo mexicano pediu uma renegocia\u00e7\u00e3o, e o Brasil apresentou ent\u00e3o a proposta, aceita pelo outro lado, de se levar adiante uma negocia\u00e7\u00e3o mais ampla, que envolvesse todos os setores.<\/p>\n<p>&nbsp;<\/p>\n<p>De acordo com o diretor do Departamento do Mercosul e Integra\u00e7\u00e3o Regional do Itamaraty, ministro Michel Arslanian Neto, o novo governo brasileiro assumiu com inten\u00e7\u00e3o de forte engajamento em acordos comerciais e, nesse contexto, houve a op\u00e7\u00e3o de se buscar um entendimento mais ambicioso com os mexicanos.<\/p>\n<p>&nbsp;<\/p>\n<p>&#8220;Quer\u00edamos que essa negocia\u00e7\u00e3o fosse parte de um processo de amplia\u00e7\u00e3o do com\u00e9rcio com M\u00e9xico. Isso foi indicado em uma reuni\u00e3o em fevereiro&#8221;, afirmou.<\/p>\n<p>&nbsp;<\/p>\n<p>A partir da\u00ed iniciaram-se as conversas sobre os temas e as regras para as negocia\u00e7\u00f5es efetivas, que devem come\u00e7ar de fato at\u00e9 o final do ano, mais provavelmente em outubro, quando os dois pa\u00edses devem apresentar propostas para as desgrava\u00e7\u00f5es tarif\u00e1rias nos diferentes setores, com sugest\u00f5es de prazos, cotas e cronogramas.<\/p>\n<p>&nbsp;<\/p>\n<p>O mercado mexicano \u00e9 um dos principais objetos de desejo tanto do setor industrial quanto do agropecu\u00e1rio no Brasil. Em pesquisas feitas pela Confedera\u00e7\u00e3o Nacional da Ind\u00fastria (CNI), o pa\u00eds aparecia apenas atr\u00e1s da Uni\u00e3o Europeia -com quem o Mercosul conseguiu este ano destravar o acordo comercial- e dos Estados Unidos.<\/p>\n<p>&nbsp;<\/p>\n<p>&#8220;M\u00e9xico e Brasil s\u00e3o as duas maiores economias da Am\u00e9rica Latina, mas eles representam menos de 3% das nossas importa\u00e7\u00f5es e nossa participa\u00e7\u00e3o no mercado deles \u00e9 de 1,4%&#8221;, conta Fabrizio Panzini, gerente de Negocia\u00e7\u00f5es Internacionais da CNI. Ele lembra que 25% do que o Brasil vende hoje para o M\u00e9xico est\u00e1 concentrado no setor automotivo, por causa do acordo existente, o que representa 800 produtos em um universo de 6 mil.<\/p>\n<p>&nbsp;<\/p>\n<p>&#8220;H\u00e1 mais oportunidades no M\u00e9xico que em qualquer outro pa\u00eds, incluindo Estados Unidos, Canad\u00e1, o Efta, Coreia ou Jap\u00e3o&#8221;, diz, citando pa\u00edses com quem o Brasil negocia acordos comerciais.<\/p>\n<p>&nbsp;<\/p>\n<p>O pa\u00eds faz parte da Alian\u00e7a do Pac\u00edfico, grupo comercial composto ainda por Chile, Peru e Col\u00f4mbia, com quem o Brasil negocia um cronograma paralelo de desgrava\u00e7\u00e3o tarif\u00e1ria. Mas, ao contr\u00e1rio dos demais, em que a libera\u00e7\u00e3o das tarifas j\u00e1 est\u00e1 em 100% das linhas (Chile) ou pr\u00f3ximo disso (Col\u00f4mbia e Peru), com os mexicanos \u00e9 de apenas 12,2%.<\/p>\n<p>&nbsp;<\/p>\n<p>&#8220;Muita gente diz &#8216;ah, o M\u00e9xico tem acordo comercial com todo mundo, o problema \u00e9 o Brasil&#8217;. Mas quem conhece sabe que n\u00e3o \u00e9 assim. \u00c9 uma rela\u00e7\u00e3o complexa, uma rela\u00e7\u00e3o que n\u00e3o desencanta, subaproveitada. E n\u00e3o \u00e9 que n\u00e3o seja importante. \u00c9 um com\u00e9rcio mais importante que a Fran\u00e7a, It\u00e1lia, j\u00e1 h\u00e1 uma base importante&#8221;, diz Arslanian Neto.<\/p>\n<p>&nbsp;<\/p>\n<p><strong>Potencial<\/strong><\/p>\n<p>&nbsp;<\/p>\n<p>Em 2018, Brasil e M\u00e9xico tiveram uma corrente comercial de 9,4 bilh\u00f5es de reais, com um d\u00e9ficit de 404 milh\u00f5es de reais para o Brasil, de acordo com dados do governo federal.<\/p>\n<p>&nbsp;<\/p>\n<p>Um estudo da CNI aponta 346 produtos manufaturados brasileiros com potencial de entrada no mercado mexicano. Desses, atualmente mais de 60% tem tarifas de importa\u00e7\u00e3o. A rela\u00e7\u00e3o abarca produtos que v\u00e3o da ind\u00fastria de metais a m\u00e1quinas e equipamentos, papel e celulose, eletroeletr\u00f4nicos, motores, cosm\u00e9ticos, cal\u00e7ados, entre outros.<\/p>\n<p>&nbsp;<\/p>\n<p>Temores de uma invas\u00e3o de eletroeletr\u00f4nicos ou outros produtos no mercado brasileiro, diz Panzini, s\u00e3o infundados. &#8220;Seria bastante parelho. Fizemos uma proje\u00e7\u00e3o de quanto cresceria e poderia aumentar nossa exporta\u00e7\u00e3o em 41% e, deles para n\u00f3s, em 40%&#8221;, afirma.<\/p>\n<p>&nbsp;<\/p>\n<p>A maior dificuldade estaria, como em outros acordos comerciais, no setor agr\u00edcola. Terceiro maior exportador do setor no mundo, o Brasil assusta os produtores mexicanos.<\/p>\n<p>&nbsp;<\/p>\n<p>&#8220;Eles t\u00eam uma resist\u00eancia muito grande em agricultura com a gente. Tanto que o acordo existente hoje praticamente n\u00e3o contempla o setor&#8221;, admite Camila Sande, coordenadora de Rela\u00e7\u00f5es Internacionais da Confedera\u00e7\u00e3o da Agricultura e Pecu\u00e1ria do Brasil (CNA).<\/p>\n<p>&nbsp;<\/p>\n<p>&#8220;Esse \u00e9 um acordo que interessa muito ao setor. O M\u00e9xico \u00e9 um importador l\u00edquido de alimentos, tem quase 130 milh\u00f5es de consumidores, \u00e9 a 15\u00aa economia do mundo&#8221;, explica.<\/p>\n<p>&nbsp;<\/p>\n<p>Hoje esse mercado est\u00e1 praticamente dominado por Estados Unidos e Canad\u00e1, dentro do acordo do Nafta. Camila explica que os carros-chefe das exporta\u00e7\u00f5es de alimentos do Brasil ao M\u00e9xico s\u00e3o madeira e frango -\u00fanica carne brasileira a entrar no pa\u00eds, tem 19% do mercado, enquanto os americanos t\u00eam 77%.<\/p>\n<p>&nbsp;<\/p>\n<p>&#8220;Estamos lutando pelo menos por algumas cotas. O Brasil seria muito competitivo pelo menos em um acordo que nos deixasse em p\u00e9 de igualdade&#8221;, defende.<\/p>\n<p>&nbsp;<\/p>\n<p>Cereais, carnes em geral, frutas e l\u00e1cteos seriam as principais \u00e1reas em que o Brasil iria se beneficiar de um acordo.<\/p>\n<p>&nbsp;<\/p>\n<p>Do lado mexicano, a agricultura poderia ser menos competitiva, mas isso pode ser compensado em outras \u00e1reas. &#8220;Todo acordo parte de um equil\u00edbrio&#8221;, diz Camila.<\/p>\n<p>&nbsp;<\/p>\n<p>No Itamaraty, a expectativa \u00e9 que um acordo com os mexicanos ande r\u00e1pido e possa ser um dos pr\u00f3ximos a sair do papel. &#8220;O neg\u00f3cio \u00e9 desencroar. A gente tem que passar para uma nova fase nessas rela\u00e7\u00f5es comerciais&#8221;, defende o ministro Arslanian Neto. (DCI Online\/Reuters\/Lisandra Paraguassu e Marcela Ayres)<\/p>\n","protected":false},"excerpt":{"rendered":"<p>DCI Online\/Reuters &nbsp; A primeira troca de ofertas entre Brasil e M\u00e9xico em negocia\u00e7\u00f5es para chegar ao livre com\u00e9rcio, no que pode ser o pr\u00f3ximo grande acordo a ser fechado pelo pa\u00eds, deve acontecer j\u00e1 em outubro. &nbsp; De olho em um mercado que pode ir de carnes a avi\u00f5es, o governo brasileiro tenta desde\u2026 <a class=\"readmore\" href=\"https:\/\/dana.com.br\/canaldana\/2019\/10\/01\/brasil-e-mexico-miram-livre-comercio-em-negociacao-prevista-para-comecar-em-outubro\/\">Leia mais \u00bb<\/a><\/p>\n","protected":false},"author":3,"featured_media":0,"comment_status":"closed","ping_status":"closed","sticky":false,"template":"","format":"standard","meta":{"_acf_changed":false,"footnotes":""},"categories":[61],"tags":[],"class_list":["post-37586","post","type-post","status-publish","format-standard","hentry","category-destaques"],"acf":[],"yoast_head":"<!-- This site is optimized with the Yoast SEO plugin v27.5 - https:\/\/yoast.com\/product\/yoast-seo-wordpress\/ -->\n<title>Brasil e M\u00e9xico miram livre com\u00e9rcio em negocia\u00e7\u00e3o prevista para come\u00e7ar em outubro - Canal Dana<\/title>\n<meta name=\"robots\" content=\"index, follow, max-snippet:-1, max-image-preview:large, max-video-preview:-1\" \/>\n<link rel=\"canonical\" href=\"https:\/\/dana.com.br\/canaldana\/2019\/10\/01\/brasil-e-mexico-miram-livre-comercio-em-negociacao-prevista-para-comecar-em-outubro\/\" \/>\n<meta property=\"og:locale\" content=\"pt_BR\" \/>\n<meta property=\"og:type\" content=\"article\" \/>\n<meta property=\"og:title\" content=\"Brasil e M\u00e9xico miram livre com\u00e9rcio em negocia\u00e7\u00e3o prevista para come\u00e7ar em outubro - Canal Dana\" \/>\n<meta property=\"og:description\" content=\"DCI Online\/Reuters &nbsp; A primeira troca de ofertas entre Brasil e M\u00e9xico em negocia\u00e7\u00f5es para chegar ao livre com\u00e9rcio, no que pode ser o pr\u00f3ximo grande acordo a ser fechado pelo pa\u00eds, deve acontecer j\u00e1 em outubro. &nbsp; De olho em um mercado que pode ir de carnes a avi\u00f5es, o governo brasileiro tenta desde\u2026 Leia mais \u00bb\" \/>\n<meta property=\"og:url\" content=\"https:\/\/dana.com.br\/canaldana\/2019\/10\/01\/brasil-e-mexico-miram-livre-comercio-em-negociacao-prevista-para-comecar-em-outubro\/\" \/>\n<meta property=\"og:site_name\" content=\"Canal Dana\" \/>\n<meta property=\"article:published_time\" content=\"2019-10-01T11:40:53+00:00\" \/>\n<meta name=\"author\" content=\"Canal Dana\" \/>\n<meta name=\"twitter:card\" content=\"summary_large_image\" \/>\n<meta name=\"twitter:label1\" content=\"Escrito por\" \/>\n\t<meta name=\"twitter:data1\" content=\"Canal Dana\" \/>\n\t<meta name=\"twitter:label2\" content=\"Est. tempo de leitura\" \/>\n\t<meta name=\"twitter:data2\" content=\"5 minutos\" \/>\n<script type=\"application\/ld+json\" class=\"yoast-schema-graph\">{\"@context\":\"https:\\\/\\\/schema.org\",\"@graph\":[{\"@type\":\"Article\",\"@id\":\"https:\\\/\\\/dana.com.br\\\/canaldana\\\/2019\\\/10\\\/01\\\/brasil-e-mexico-miram-livre-comercio-em-negociacao-prevista-para-comecar-em-outubro\\\/#article\",\"isPartOf\":{\"@id\":\"https:\\\/\\\/dana.com.br\\\/canaldana\\\/2019\\\/10\\\/01\\\/brasil-e-mexico-miram-livre-comercio-em-negociacao-prevista-para-comecar-em-outubro\\\/\"},\"author\":{\"name\":\"Canal Dana\",\"@id\":\"https:\\\/\\\/dana.com.br\\\/canaldana\\\/#\\\/schema\\\/person\\\/3c21f22f56fcf3bc46b94bc60ea4fef6\"},\"headline\":\"Brasil e M\u00e9xico miram livre com\u00e9rcio em negocia\u00e7\u00e3o prevista para come\u00e7ar em outubro\",\"datePublished\":\"2019-10-01T11:40:53+00:00\",\"mainEntityOfPage\":{\"@id\":\"https:\\\/\\\/dana.com.br\\\/canaldana\\\/2019\\\/10\\\/01\\\/brasil-e-mexico-miram-livre-comercio-em-negociacao-prevista-para-comecar-em-outubro\\\/\"},\"wordCount\":1114,\"articleSection\":[\"Destaques\"],\"inLanguage\":\"pt-BR\"},{\"@type\":\"WebPage\",\"@id\":\"https:\\\/\\\/dana.com.br\\\/canaldana\\\/2019\\\/10\\\/01\\\/brasil-e-mexico-miram-livre-comercio-em-negociacao-prevista-para-comecar-em-outubro\\\/\",\"url\":\"https:\\\/\\\/dana.com.br\\\/canaldana\\\/2019\\\/10\\\/01\\\/brasil-e-mexico-miram-livre-comercio-em-negociacao-prevista-para-comecar-em-outubro\\\/\",\"name\":\"Brasil e M\u00e9xico miram livre com\u00e9rcio em negocia\u00e7\u00e3o prevista para come\u00e7ar em outubro - Canal Dana\",\"isPartOf\":{\"@id\":\"https:\\\/\\\/dana.com.br\\\/canaldana\\\/#website\"},\"datePublished\":\"2019-10-01T11:40:53+00:00\",\"author\":{\"@id\":\"https:\\\/\\\/dana.com.br\\\/canaldana\\\/#\\\/schema\\\/person\\\/3c21f22f56fcf3bc46b94bc60ea4fef6\"},\"breadcrumb\":{\"@id\":\"https:\\\/\\\/dana.com.br\\\/canaldana\\\/2019\\\/10\\\/01\\\/brasil-e-mexico-miram-livre-comercio-em-negociacao-prevista-para-comecar-em-outubro\\\/#breadcrumb\"},\"inLanguage\":\"pt-BR\",\"potentialAction\":[{\"@type\":\"ReadAction\",\"target\":[\"https:\\\/\\\/dana.com.br\\\/canaldana\\\/2019\\\/10\\\/01\\\/brasil-e-mexico-miram-livre-comercio-em-negociacao-prevista-para-comecar-em-outubro\\\/\"]}]},{\"@type\":\"BreadcrumbList\",\"@id\":\"https:\\\/\\\/dana.com.br\\\/canaldana\\\/2019\\\/10\\\/01\\\/brasil-e-mexico-miram-livre-comercio-em-negociacao-prevista-para-comecar-em-outubro\\\/#breadcrumb\",\"itemListElement\":[{\"@type\":\"ListItem\",\"position\":1,\"name\":\"Home\",\"item\":\"https:\\\/\\\/dana.com.br\\\/canaldana\\\/\"},{\"@type\":\"ListItem\",\"position\":2,\"name\":\"Destaques\",\"item\":\"https:\\\/\\\/dana.com.br\\\/canaldana\\\/destaques\\\/\"},{\"@type\":\"ListItem\",\"position\":3,\"name\":\"Brasil e M\u00e9xico miram livre com\u00e9rcio em negocia\u00e7\u00e3o prevista para come\u00e7ar em outubro\"}]},{\"@type\":\"WebSite\",\"@id\":\"https:\\\/\\\/dana.com.br\\\/canaldana\\\/#website\",\"url\":\"https:\\\/\\\/dana.com.br\\\/canaldana\\\/\",\"name\":\"Canal Dana\",\"description\":\"Informativo com as principais not\u00edcias da ind\u00fastria automotiva\",\"potentialAction\":[{\"@type\":\"SearchAction\",\"target\":{\"@type\":\"EntryPoint\",\"urlTemplate\":\"https:\\\/\\\/dana.com.br\\\/canaldana\\\/?s={search_term_string}\"},\"query-input\":{\"@type\":\"PropertyValueSpecification\",\"valueRequired\":true,\"valueName\":\"search_term_string\"}}],\"inLanguage\":\"pt-BR\"},{\"@type\":\"Person\",\"@id\":\"https:\\\/\\\/dana.com.br\\\/canaldana\\\/#\\\/schema\\\/person\\\/3c21f22f56fcf3bc46b94bc60ea4fef6\",\"name\":\"Canal Dana\",\"image\":{\"@type\":\"ImageObject\",\"inLanguage\":\"pt-BR\",\"@id\":\"https:\\\/\\\/secure.gravatar.com\\\/avatar\\\/420aaf9278582877d9018637c6817617705899d2858d7572ef0fe59a6b6454b4?s=96&d=mm&r=g\",\"url\":\"https:\\\/\\\/secure.gravatar.com\\\/avatar\\\/420aaf9278582877d9018637c6817617705899d2858d7572ef0fe59a6b6454b4?s=96&d=mm&r=g\",\"contentUrl\":\"https:\\\/\\\/secure.gravatar.com\\\/avatar\\\/420aaf9278582877d9018637c6817617705899d2858d7572ef0fe59a6b6454b4?s=96&d=mm&r=g\",\"caption\":\"Canal Dana\"},\"url\":\"https:\\\/\\\/dana.com.br\\\/canaldana\\\/author\\\/cdeditor\\\/\"}]}<\/script>\n<!-- \/ Yoast SEO plugin. -->","yoast_head_json":{"title":"Brasil e M\u00e9xico miram livre com\u00e9rcio em negocia\u00e7\u00e3o prevista para come\u00e7ar em outubro - Canal Dana","robots":{"index":"index","follow":"follow","max-snippet":"max-snippet:-1","max-image-preview":"max-image-preview:large","max-video-preview":"max-video-preview:-1"},"canonical":"https:\/\/dana.com.br\/canaldana\/2019\/10\/01\/brasil-e-mexico-miram-livre-comercio-em-negociacao-prevista-para-comecar-em-outubro\/","og_locale":"pt_BR","og_type":"article","og_title":"Brasil e M\u00e9xico miram livre com\u00e9rcio em negocia\u00e7\u00e3o prevista para come\u00e7ar em outubro - Canal Dana","og_description":"DCI Online\/Reuters &nbsp; A primeira troca de ofertas entre Brasil e M\u00e9xico em negocia\u00e7\u00f5es para chegar ao livre com\u00e9rcio, no que pode ser o pr\u00f3ximo grande acordo a ser fechado pelo pa\u00eds, deve acontecer j\u00e1 em outubro. &nbsp; De olho em um mercado que pode ir de carnes a avi\u00f5es, o governo brasileiro tenta desde\u2026 Leia mais \u00bb","og_url":"https:\/\/dana.com.br\/canaldana\/2019\/10\/01\/brasil-e-mexico-miram-livre-comercio-em-negociacao-prevista-para-comecar-em-outubro\/","og_site_name":"Canal Dana","article_published_time":"2019-10-01T11:40:53+00:00","author":"Canal Dana","twitter_card":"summary_large_image","twitter_misc":{"Escrito por":"Canal Dana","Est. tempo de leitura":"5 minutos"},"schema":{"@context":"https:\/\/schema.org","@graph":[{"@type":"Article","@id":"https:\/\/dana.com.br\/canaldana\/2019\/10\/01\/brasil-e-mexico-miram-livre-comercio-em-negociacao-prevista-para-comecar-em-outubro\/#article","isPartOf":{"@id":"https:\/\/dana.com.br\/canaldana\/2019\/10\/01\/brasil-e-mexico-miram-livre-comercio-em-negociacao-prevista-para-comecar-em-outubro\/"},"author":{"name":"Canal Dana","@id":"https:\/\/dana.com.br\/canaldana\/#\/schema\/person\/3c21f22f56fcf3bc46b94bc60ea4fef6"},"headline":"Brasil e M\u00e9xico miram livre com\u00e9rcio em negocia\u00e7\u00e3o prevista para come\u00e7ar em outubro","datePublished":"2019-10-01T11:40:53+00:00","mainEntityOfPage":{"@id":"https:\/\/dana.com.br\/canaldana\/2019\/10\/01\/brasil-e-mexico-miram-livre-comercio-em-negociacao-prevista-para-comecar-em-outubro\/"},"wordCount":1114,"articleSection":["Destaques"],"inLanguage":"pt-BR"},{"@type":"WebPage","@id":"https:\/\/dana.com.br\/canaldana\/2019\/10\/01\/brasil-e-mexico-miram-livre-comercio-em-negociacao-prevista-para-comecar-em-outubro\/","url":"https:\/\/dana.com.br\/canaldana\/2019\/10\/01\/brasil-e-mexico-miram-livre-comercio-em-negociacao-prevista-para-comecar-em-outubro\/","name":"Brasil e M\u00e9xico miram livre com\u00e9rcio em negocia\u00e7\u00e3o prevista para come\u00e7ar em outubro - Canal Dana","isPartOf":{"@id":"https:\/\/dana.com.br\/canaldana\/#website"},"datePublished":"2019-10-01T11:40:53+00:00","author":{"@id":"https:\/\/dana.com.br\/canaldana\/#\/schema\/person\/3c21f22f56fcf3bc46b94bc60ea4fef6"},"breadcrumb":{"@id":"https:\/\/dana.com.br\/canaldana\/2019\/10\/01\/brasil-e-mexico-miram-livre-comercio-em-negociacao-prevista-para-comecar-em-outubro\/#breadcrumb"},"inLanguage":"pt-BR","potentialAction":[{"@type":"ReadAction","target":["https:\/\/dana.com.br\/canaldana\/2019\/10\/01\/brasil-e-mexico-miram-livre-comercio-em-negociacao-prevista-para-comecar-em-outubro\/"]}]},{"@type":"BreadcrumbList","@id":"https:\/\/dana.com.br\/canaldana\/2019\/10\/01\/brasil-e-mexico-miram-livre-comercio-em-negociacao-prevista-para-comecar-em-outubro\/#breadcrumb","itemListElement":[{"@type":"ListItem","position":1,"name":"Home","item":"https:\/\/dana.com.br\/canaldana\/"},{"@type":"ListItem","position":2,"name":"Destaques","item":"https:\/\/dana.com.br\/canaldana\/destaques\/"},{"@type":"ListItem","position":3,"name":"Brasil e M\u00e9xico miram livre com\u00e9rcio em negocia\u00e7\u00e3o prevista para come\u00e7ar em outubro"}]},{"@type":"WebSite","@id":"https:\/\/dana.com.br\/canaldana\/#website","url":"https:\/\/dana.com.br\/canaldana\/","name":"Canal Dana","description":"Informativo com as principais not\u00edcias da ind\u00fastria automotiva","potentialAction":[{"@type":"SearchAction","target":{"@type":"EntryPoint","urlTemplate":"https:\/\/dana.com.br\/canaldana\/?s={search_term_string}"},"query-input":{"@type":"PropertyValueSpecification","valueRequired":true,"valueName":"search_term_string"}}],"inLanguage":"pt-BR"},{"@type":"Person","@id":"https:\/\/dana.com.br\/canaldana\/#\/schema\/person\/3c21f22f56fcf3bc46b94bc60ea4fef6","name":"Canal Dana","image":{"@type":"ImageObject","inLanguage":"pt-BR","@id":"https:\/\/secure.gravatar.com\/avatar\/420aaf9278582877d9018637c6817617705899d2858d7572ef0fe59a6b6454b4?s=96&d=mm&r=g","url":"https:\/\/secure.gravatar.com\/avatar\/420aaf9278582877d9018637c6817617705899d2858d7572ef0fe59a6b6454b4?s=96&d=mm&r=g","contentUrl":"https:\/\/secure.gravatar.com\/avatar\/420aaf9278582877d9018637c6817617705899d2858d7572ef0fe59a6b6454b4?s=96&d=mm&r=g","caption":"Canal Dana"},"url":"https:\/\/dana.com.br\/canaldana\/author\/cdeditor\/"}]}},"_links":{"self":[{"href":"https:\/\/dana.com.br\/canaldana\/wp-json\/wp\/v2\/posts\/37586","targetHints":{"allow":["GET"]}}],"collection":[{"href":"https:\/\/dana.com.br\/canaldana\/wp-json\/wp\/v2\/posts"}],"about":[{"href":"https:\/\/dana.com.br\/canaldana\/wp-json\/wp\/v2\/types\/post"}],"author":[{"embeddable":true,"href":"https:\/\/dana.com.br\/canaldana\/wp-json\/wp\/v2\/users\/3"}],"replies":[{"embeddable":true,"href":"https:\/\/dana.com.br\/canaldana\/wp-json\/wp\/v2\/comments?post=37586"}],"version-history":[{"count":0,"href":"https:\/\/dana.com.br\/canaldana\/wp-json\/wp\/v2\/posts\/37586\/revisions"}],"wp:attachment":[{"href":"https:\/\/dana.com.br\/canaldana\/wp-json\/wp\/v2\/media?parent=37586"}],"wp:term":[{"taxonomy":"category","embeddable":true,"href":"https:\/\/dana.com.br\/canaldana\/wp-json\/wp\/v2\/categories?post=37586"},{"taxonomy":"post_tag","embeddable":true,"href":"https:\/\/dana.com.br\/canaldana\/wp-json\/wp\/v2\/tags?post=37586"}],"curies":[{"name":"wp","href":"https:\/\/api.w.org\/{rel}","templated":true}]}}