{"id":37584,"date":"2019-10-01T08:39:48","date_gmt":"2019-10-01T11:39:48","guid":{"rendered":"https:\/\/dana.com.br\/canaldana\/?p=37584"},"modified":"2019-10-01T08:39:48","modified_gmt":"2019-10-01T11:39:48","slug":"cummins-e-hyundai-se-unem-em-busca-de-novas-tecnologias","status":"publish","type":"post","link":"https:\/\/dana.com.br\/canaldana\/2019\/10\/01\/cummins-e-hyundai-se-unem-em-busca-de-novas-tecnologias\/","title":{"rendered":"Cummins e Hyundai se unem em busca de novas tecnologias"},"content":{"rendered":"<p><em>AutoInd\u00fastria<\/em><\/p>\n<p>&nbsp;<\/p>\n<p>A Cummins e a Hyundai Motor assinaram um memorando de entendimento para avaliar em conjunto oportunidades para desenvolver e comercializar grupos de for\u00e7a el\u00e9tricos e de c\u00e9lulas de combust\u00edvel. O desenvolvimento inicial ser\u00e1 focado no mercado norte-americano de ve\u00edculos comerciais, incluindo o trabalho com montadoras norte-americanas na integra\u00e7\u00e3o desses sistemas em seus ve\u00edculos.<\/p>\n<p>&nbsp;<\/p>\n<p>A uni\u00e3o leva em conta as especializa\u00e7\u00f5es de cada empresa, ou seja, a ideia \u00e9 combinar os sistemas de c\u00e9lulas de combust\u00edvel da Hyundai com as tecnologias de trem de for\u00e7a el\u00e9trico, baterias e controles da Cummins.<\/p>\n<p>&nbsp;<\/p>\n<p>\u201cEssa parceria \u00e9 uma excelente oportunidade para as duas empresas alavancarem seus respectivos pontos fortes e criarem novas oportunidades de crescer e ampliar o portf\u00f3lio de produtos que oferecem aos seus clientes\u201d, avalia Thad Ewald, vice-presidente de estrat\u00e9gia corporativa da Cummins Inc. \u201cRealizamos investimentos significativos ao longo do ano passado para acelerar nossas capacidades de c\u00e9lulas de combust\u00edvel, incluindo a aquisi\u00e7\u00e3o da Hydrogenics e essa parceria \u00e9 outro passo adiante\u201d.<\/p>\n<p>&nbsp;<\/p>\n<p>De acordo com o memorando assinado na semana passada, 27, as empresas se comprometem a designar uma equipe de profissionais para investigar e buscar outras \u00e1reas de colabora\u00e7\u00e3o, al\u00e9m de trabalharem juntas o desenvolvimento de sistemas de c\u00e9lulas de combust\u00edvel da pr\u00f3xima gera\u00e7\u00e3o.<\/p>\n<p>&nbsp;<\/p>\n<p>\u201cCom a lideran\u00e7a global da Hyundai em sistemas de c\u00e9lulas de combust\u00edvel, juntamente com as tecnologias de trem de for\u00e7a eletrificadas incompar\u00e1veis \u200b\u200bda Cummins, esperamos que essa parceria deixe uma marca no mercado de ve\u00edculos comerciais\u201d, diz Saehoon Kim, vice-presidente e chefe do grupo de c\u00e9lulas de combust\u00edvel do Hyundai Motor Group.<\/p>\n<p>&nbsp;<\/p>\n<p>Segundo o executivo, colabora\u00e7\u00f5es desse tipo v\u00e3o permitir que a empresa diversifique ainda mais seus neg\u00f3cios, al\u00e9m de refor\u00e7ar sua lideran\u00e7a global em hidrog\u00eanio por meio da venda de sistemas de c\u00e9lulas de combust\u00edvel Hyundai novos e existentes.<\/p>\n<p>&nbsp;<\/p>\n<p>Com essa parceria, a fabricante coreana poder\u00e1 aumentar sua presen\u00e7a no mercado de ve\u00edculos comerciais na Am\u00e9rica do Norte e a Cummins vai aprimorar seu portf\u00f3lio de produtos de energia eletrificada, adicionando as tecnologias avan\u00e7adas de c\u00e9lulas de combust\u00edvel da Hyundai.<\/p>\n<p>&nbsp;<\/p>\n<p>A nova colabora\u00e7\u00e3o pode se estender al\u00e9m do mercado de ve\u00edculos comerciais, pois as empresas tamb\u00e9m avaliar\u00e3o o desenvolvimento de geradores de energia a c\u00e9lulas de combust\u00edvel. (AutoInd\u00fastria)<\/p>\n","protected":false},"excerpt":{"rendered":"<p>AutoInd\u00fastria &nbsp; A Cummins e a Hyundai Motor assinaram um memorando de entendimento para avaliar em conjunto oportunidades para desenvolver e comercializar grupos de for\u00e7a el\u00e9tricos e de c\u00e9lulas de combust\u00edvel. O desenvolvimento inicial ser\u00e1 focado no mercado norte-americano de ve\u00edculos comerciais, incluindo o trabalho com montadoras norte-americanas na integra\u00e7\u00e3o desses sistemas em seus ve\u00edculos.\u2026 <a class=\"readmore\" href=\"https:\/\/dana.com.br\/canaldana\/2019\/10\/01\/cummins-e-hyundai-se-unem-em-busca-de-novas-tecnologias\/\">Leia mais \u00bb<\/a><\/p>\n","protected":false},"author":3,"featured_media":0,"comment_status":"closed","ping_status":"closed","sticky":false,"template":"","format":"standard","meta":{"_acf_changed":false,"footnotes":""},"categories":[61],"tags":[],"class_list":["post-37584","post","type-post","status-publish","format-standard","hentry","category-destaques"],"acf":[],"yoast_head":"<!-- This site is optimized with the Yoast SEO plugin v27.5 - https:\/\/yoast.com\/product\/yoast-seo-wordpress\/ -->\n<title>Cummins e Hyundai se unem em busca de novas tecnologias - Canal Dana<\/title>\n<meta name=\"robots\" content=\"index, follow, max-snippet:-1, max-image-preview:large, max-video-preview:-1\" \/>\n<link rel=\"canonical\" href=\"https:\/\/dana.com.br\/canaldana\/2019\/10\/01\/cummins-e-hyundai-se-unem-em-busca-de-novas-tecnologias\/\" \/>\n<meta property=\"og:locale\" content=\"pt_BR\" \/>\n<meta property=\"og:type\" content=\"article\" \/>\n<meta property=\"og:title\" content=\"Cummins e Hyundai se unem em busca de novas tecnologias - Canal Dana\" \/>\n<meta property=\"og:description\" content=\"AutoInd\u00fastria &nbsp; A Cummins e a Hyundai Motor assinaram um memorando de entendimento para avaliar em conjunto oportunidades para desenvolver e comercializar grupos de for\u00e7a el\u00e9tricos e de c\u00e9lulas de combust\u00edvel. O desenvolvimento inicial ser\u00e1 focado no mercado norte-americano de ve\u00edculos comerciais, incluindo o trabalho com montadoras norte-americanas na integra\u00e7\u00e3o desses sistemas em seus ve\u00edculos.\u2026 Leia mais \u00bb\" \/>\n<meta property=\"og:url\" content=\"https:\/\/dana.com.br\/canaldana\/2019\/10\/01\/cummins-e-hyundai-se-unem-em-busca-de-novas-tecnologias\/\" \/>\n<meta property=\"og:site_name\" content=\"Canal Dana\" \/>\n<meta property=\"article:published_time\" content=\"2019-10-01T11:39:48+00:00\" \/>\n<meta name=\"author\" content=\"Canal Dana\" \/>\n<meta name=\"twitter:card\" content=\"summary_large_image\" \/>\n<meta name=\"twitter:label1\" content=\"Escrito por\" \/>\n\t<meta name=\"twitter:data1\" content=\"Canal Dana\" \/>\n\t<meta name=\"twitter:label2\" content=\"Est. tempo de leitura\" \/>\n\t<meta name=\"twitter:data2\" content=\"2 minutos\" \/>\n<script type=\"application\/ld+json\" class=\"yoast-schema-graph\">{\"@context\":\"https:\\\/\\\/schema.org\",\"@graph\":[{\"@type\":\"Article\",\"@id\":\"https:\\\/\\\/dana.com.br\\\/canaldana\\\/2019\\\/10\\\/01\\\/cummins-e-hyundai-se-unem-em-busca-de-novas-tecnologias\\\/#article\",\"isPartOf\":{\"@id\":\"https:\\\/\\\/dana.com.br\\\/canaldana\\\/2019\\\/10\\\/01\\\/cummins-e-hyundai-se-unem-em-busca-de-novas-tecnologias\\\/\"},\"author\":{\"name\":\"Canal Dana\",\"@id\":\"https:\\\/\\\/dana.com.br\\\/canaldana\\\/#\\\/schema\\\/person\\\/3c21f22f56fcf3bc46b94bc60ea4fef6\"},\"headline\":\"Cummins e Hyundai se unem em busca de novas tecnologias\",\"datePublished\":\"2019-10-01T11:39:48+00:00\",\"mainEntityOfPage\":{\"@id\":\"https:\\\/\\\/dana.com.br\\\/canaldana\\\/2019\\\/10\\\/01\\\/cummins-e-hyundai-se-unem-em-busca-de-novas-tecnologias\\\/\"},\"wordCount\":434,\"articleSection\":[\"Destaques\"],\"inLanguage\":\"pt-BR\"},{\"@type\":\"WebPage\",\"@id\":\"https:\\\/\\\/dana.com.br\\\/canaldana\\\/2019\\\/10\\\/01\\\/cummins-e-hyundai-se-unem-em-busca-de-novas-tecnologias\\\/\",\"url\":\"https:\\\/\\\/dana.com.br\\\/canaldana\\\/2019\\\/10\\\/01\\\/cummins-e-hyundai-se-unem-em-busca-de-novas-tecnologias\\\/\",\"name\":\"Cummins e Hyundai se unem em busca de novas tecnologias - Canal Dana\",\"isPartOf\":{\"@id\":\"https:\\\/\\\/dana.com.br\\\/canaldana\\\/#website\"},\"datePublished\":\"2019-10-01T11:39:48+00:00\",\"author\":{\"@id\":\"https:\\\/\\\/dana.com.br\\\/canaldana\\\/#\\\/schema\\\/person\\\/3c21f22f56fcf3bc46b94bc60ea4fef6\"},\"breadcrumb\":{\"@id\":\"https:\\\/\\\/dana.com.br\\\/canaldana\\\/2019\\\/10\\\/01\\\/cummins-e-hyundai-se-unem-em-busca-de-novas-tecnologias\\\/#breadcrumb\"},\"inLanguage\":\"pt-BR\",\"potentialAction\":[{\"@type\":\"ReadAction\",\"target\":[\"https:\\\/\\\/dana.com.br\\\/canaldana\\\/2019\\\/10\\\/01\\\/cummins-e-hyundai-se-unem-em-busca-de-novas-tecnologias\\\/\"]}]},{\"@type\":\"BreadcrumbList\",\"@id\":\"https:\\\/\\\/dana.com.br\\\/canaldana\\\/2019\\\/10\\\/01\\\/cummins-e-hyundai-se-unem-em-busca-de-novas-tecnologias\\\/#breadcrumb\",\"itemListElement\":[{\"@type\":\"ListItem\",\"position\":1,\"name\":\"Home\",\"item\":\"https:\\\/\\\/dana.com.br\\\/canaldana\\\/\"},{\"@type\":\"ListItem\",\"position\":2,\"name\":\"Destaques\",\"item\":\"https:\\\/\\\/dana.com.br\\\/canaldana\\\/destaques\\\/\"},{\"@type\":\"ListItem\",\"position\":3,\"name\":\"Cummins e Hyundai se unem em busca de novas tecnologias\"}]},{\"@type\":\"WebSite\",\"@id\":\"https:\\\/\\\/dana.com.br\\\/canaldana\\\/#website\",\"url\":\"https:\\\/\\\/dana.com.br\\\/canaldana\\\/\",\"name\":\"Canal Dana\",\"description\":\"Informativo com as principais not\u00edcias da ind\u00fastria automotiva\",\"potentialAction\":[{\"@type\":\"SearchAction\",\"target\":{\"@type\":\"EntryPoint\",\"urlTemplate\":\"https:\\\/\\\/dana.com.br\\\/canaldana\\\/?s={search_term_string}\"},\"query-input\":{\"@type\":\"PropertyValueSpecification\",\"valueRequired\":true,\"valueName\":\"search_term_string\"}}],\"inLanguage\":\"pt-BR\"},{\"@type\":\"Person\",\"@id\":\"https:\\\/\\\/dana.com.br\\\/canaldana\\\/#\\\/schema\\\/person\\\/3c21f22f56fcf3bc46b94bc60ea4fef6\",\"name\":\"Canal Dana\",\"image\":{\"@type\":\"ImageObject\",\"inLanguage\":\"pt-BR\",\"@id\":\"https:\\\/\\\/secure.gravatar.com\\\/avatar\\\/420aaf9278582877d9018637c6817617705899d2858d7572ef0fe59a6b6454b4?s=96&d=mm&r=g\",\"url\":\"https:\\\/\\\/secure.gravatar.com\\\/avatar\\\/420aaf9278582877d9018637c6817617705899d2858d7572ef0fe59a6b6454b4?s=96&d=mm&r=g\",\"contentUrl\":\"https:\\\/\\\/secure.gravatar.com\\\/avatar\\\/420aaf9278582877d9018637c6817617705899d2858d7572ef0fe59a6b6454b4?s=96&d=mm&r=g\",\"caption\":\"Canal Dana\"},\"url\":\"https:\\\/\\\/dana.com.br\\\/canaldana\\\/author\\\/cdeditor\\\/\"}]}<\/script>\n<!-- \/ Yoast SEO plugin. -->","yoast_head_json":{"title":"Cummins e Hyundai se unem em busca de novas tecnologias - Canal Dana","robots":{"index":"index","follow":"follow","max-snippet":"max-snippet:-1","max-image-preview":"max-image-preview:large","max-video-preview":"max-video-preview:-1"},"canonical":"https:\/\/dana.com.br\/canaldana\/2019\/10\/01\/cummins-e-hyundai-se-unem-em-busca-de-novas-tecnologias\/","og_locale":"pt_BR","og_type":"article","og_title":"Cummins e Hyundai se unem em busca de novas tecnologias - Canal Dana","og_description":"AutoInd\u00fastria &nbsp; A Cummins e a Hyundai Motor assinaram um memorando de entendimento para avaliar em conjunto oportunidades para desenvolver e comercializar grupos de for\u00e7a el\u00e9tricos e de c\u00e9lulas de combust\u00edvel. O desenvolvimento inicial ser\u00e1 focado no mercado norte-americano de ve\u00edculos comerciais, incluindo o trabalho com montadoras norte-americanas na integra\u00e7\u00e3o desses sistemas em seus ve\u00edculos.\u2026 Leia mais \u00bb","og_url":"https:\/\/dana.com.br\/canaldana\/2019\/10\/01\/cummins-e-hyundai-se-unem-em-busca-de-novas-tecnologias\/","og_site_name":"Canal Dana","article_published_time":"2019-10-01T11:39:48+00:00","author":"Canal Dana","twitter_card":"summary_large_image","twitter_misc":{"Escrito por":"Canal Dana","Est. tempo de leitura":"2 minutos"},"schema":{"@context":"https:\/\/schema.org","@graph":[{"@type":"Article","@id":"https:\/\/dana.com.br\/canaldana\/2019\/10\/01\/cummins-e-hyundai-se-unem-em-busca-de-novas-tecnologias\/#article","isPartOf":{"@id":"https:\/\/dana.com.br\/canaldana\/2019\/10\/01\/cummins-e-hyundai-se-unem-em-busca-de-novas-tecnologias\/"},"author":{"name":"Canal Dana","@id":"https:\/\/dana.com.br\/canaldana\/#\/schema\/person\/3c21f22f56fcf3bc46b94bc60ea4fef6"},"headline":"Cummins e Hyundai se unem em busca de novas tecnologias","datePublished":"2019-10-01T11:39:48+00:00","mainEntityOfPage":{"@id":"https:\/\/dana.com.br\/canaldana\/2019\/10\/01\/cummins-e-hyundai-se-unem-em-busca-de-novas-tecnologias\/"},"wordCount":434,"articleSection":["Destaques"],"inLanguage":"pt-BR"},{"@type":"WebPage","@id":"https:\/\/dana.com.br\/canaldana\/2019\/10\/01\/cummins-e-hyundai-se-unem-em-busca-de-novas-tecnologias\/","url":"https:\/\/dana.com.br\/canaldana\/2019\/10\/01\/cummins-e-hyundai-se-unem-em-busca-de-novas-tecnologias\/","name":"Cummins e Hyundai se unem em busca de novas tecnologias - Canal Dana","isPartOf":{"@id":"https:\/\/dana.com.br\/canaldana\/#website"},"datePublished":"2019-10-01T11:39:48+00:00","author":{"@id":"https:\/\/dana.com.br\/canaldana\/#\/schema\/person\/3c21f22f56fcf3bc46b94bc60ea4fef6"},"breadcrumb":{"@id":"https:\/\/dana.com.br\/canaldana\/2019\/10\/01\/cummins-e-hyundai-se-unem-em-busca-de-novas-tecnologias\/#breadcrumb"},"inLanguage":"pt-BR","potentialAction":[{"@type":"ReadAction","target":["https:\/\/dana.com.br\/canaldana\/2019\/10\/01\/cummins-e-hyundai-se-unem-em-busca-de-novas-tecnologias\/"]}]},{"@type":"BreadcrumbList","@id":"https:\/\/dana.com.br\/canaldana\/2019\/10\/01\/cummins-e-hyundai-se-unem-em-busca-de-novas-tecnologias\/#breadcrumb","itemListElement":[{"@type":"ListItem","position":1,"name":"Home","item":"https:\/\/dana.com.br\/canaldana\/"},{"@type":"ListItem","position":2,"name":"Destaques","item":"https:\/\/dana.com.br\/canaldana\/destaques\/"},{"@type":"ListItem","position":3,"name":"Cummins e Hyundai se unem em busca de novas tecnologias"}]},{"@type":"WebSite","@id":"https:\/\/dana.com.br\/canaldana\/#website","url":"https:\/\/dana.com.br\/canaldana\/","name":"Canal Dana","description":"Informativo com as principais not\u00edcias da ind\u00fastria automotiva","potentialAction":[{"@type":"SearchAction","target":{"@type":"EntryPoint","urlTemplate":"https:\/\/dana.com.br\/canaldana\/?s={search_term_string}"},"query-input":{"@type":"PropertyValueSpecification","valueRequired":true,"valueName":"search_term_string"}}],"inLanguage":"pt-BR"},{"@type":"Person","@id":"https:\/\/dana.com.br\/canaldana\/#\/schema\/person\/3c21f22f56fcf3bc46b94bc60ea4fef6","name":"Canal Dana","image":{"@type":"ImageObject","inLanguage":"pt-BR","@id":"https:\/\/secure.gravatar.com\/avatar\/420aaf9278582877d9018637c6817617705899d2858d7572ef0fe59a6b6454b4?s=96&d=mm&r=g","url":"https:\/\/secure.gravatar.com\/avatar\/420aaf9278582877d9018637c6817617705899d2858d7572ef0fe59a6b6454b4?s=96&d=mm&r=g","contentUrl":"https:\/\/secure.gravatar.com\/avatar\/420aaf9278582877d9018637c6817617705899d2858d7572ef0fe59a6b6454b4?s=96&d=mm&r=g","caption":"Canal Dana"},"url":"https:\/\/dana.com.br\/canaldana\/author\/cdeditor\/"}]}},"_links":{"self":[{"href":"https:\/\/dana.com.br\/canaldana\/wp-json\/wp\/v2\/posts\/37584","targetHints":{"allow":["GET"]}}],"collection":[{"href":"https:\/\/dana.com.br\/canaldana\/wp-json\/wp\/v2\/posts"}],"about":[{"href":"https:\/\/dana.com.br\/canaldana\/wp-json\/wp\/v2\/types\/post"}],"author":[{"embeddable":true,"href":"https:\/\/dana.com.br\/canaldana\/wp-json\/wp\/v2\/users\/3"}],"replies":[{"embeddable":true,"href":"https:\/\/dana.com.br\/canaldana\/wp-json\/wp\/v2\/comments?post=37584"}],"version-history":[{"count":0,"href":"https:\/\/dana.com.br\/canaldana\/wp-json\/wp\/v2\/posts\/37584\/revisions"}],"wp:attachment":[{"href":"https:\/\/dana.com.br\/canaldana\/wp-json\/wp\/v2\/media?parent=37584"}],"wp:term":[{"taxonomy":"category","embeddable":true,"href":"https:\/\/dana.com.br\/canaldana\/wp-json\/wp\/v2\/categories?post=37584"},{"taxonomy":"post_tag","embeddable":true,"href":"https:\/\/dana.com.br\/canaldana\/wp-json\/wp\/v2\/tags?post=37584"}],"curies":[{"name":"wp","href":"https:\/\/api.w.org\/{rel}","templated":true}]}}