{"id":37295,"date":"2019-09-18T08:11:51","date_gmt":"2019-09-18T11:11:51","guid":{"rendered":"https:\/\/dana.com.br\/canaldana\/?p=37295"},"modified":"2019-09-18T08:11:51","modified_gmt":"2019-09-18T11:11:51","slug":"presidente-da-cni-pede-acordo-com-a-alemanha-para-evitar-dupla-tributacao","status":"publish","type":"post","link":"https:\/\/dana.com.br\/canaldana\/2019\/09\/18\/presidente-da-cni-pede-acordo-com-a-alemanha-para-evitar-dupla-tributacao\/","title":{"rendered":"Presidente da CNI pede acordo com a Alemanha para evitar dupla tributa\u00e7\u00e3o"},"content":{"rendered":"<p><em>Portal CNI<\/em><\/p>\n<p>&nbsp;<\/p>\n<p>O presidente da Confedera\u00e7\u00e3o Nacional da Ind\u00fastria (CNI), Robson Braga de Andrade, defendeu, na abertura do 37\u00ba Encontro Econ\u00f4mico Brasil Alemanha (EEBA), a costura de acordo entre os pa\u00edses para evitar dupla tributa\u00e7\u00e3o (ADT). Mais de mil empres\u00e1rios, al\u00e9m do presidente da Rep\u00fablica em exerc\u00edcio, general Hamilton Mour\u00e3o, acompanharam o evento, realizado em Natal (RN).<\/p>\n<p>&nbsp;<\/p>\n<p>O setor privado considera o acordo essencial para evitar a bitributa\u00e7\u00e3o de lucros, dividendos, royalties, servi\u00e7os e juros. Nos \u00faltimos 15 anos, a Alemanha condenou o modelo brasileiro de ADT pode ser diferente das regras da Organiza\u00e7\u00e3o para a Coopera\u00e7\u00e3o e Desenvolvimento Econ\u00f4mico (OCDE). No entanto, o presidente da CNI afirmou que o Brasil tem assinado novos acordos deste tipo e se aproximado cada vez mais do padr\u00e3o OCDE.<\/p>\n<p>&nbsp;<\/p>\n<p>\u201cO ADT representa aumento da seguran\u00e7a jur\u00eddica, dos investimentos e das exporta\u00e7\u00f5es, al\u00e9m de estimular a aquisi\u00e7\u00e3o de tecnologia, com impacto direto na competitividade empresarial\u201d, afirmou Andrade. \u201cO acordo \u00e9 essencial entre na\u00e7\u00f5es com fluxo intenso de com\u00e9rcios e investimentos\u201d, reiterou.<\/p>\n<p>&nbsp;<\/p>\n<p>O presidente da Rep\u00fablica em exerc\u00edcio, general Hamilton Mour\u00e3o, destacou o compromisso do governo em reestabelecer a confian\u00e7a do pa\u00eds e em proteger a Amaz\u00f4nia. Segundo ele, a agenda econ\u00f4mica para colocar o Brasil nos trilhos est\u00e1 em andamento, com as reformas da Previd\u00eancia e tribut\u00e1ria, al\u00e9m dos pacotes anticrime e anticorrup\u00e7\u00e3o. \u201cA eleva\u00e7\u00e3o da produtividade decorrer\u00e1 de um conjunto de medidas, entre elas a privatiza\u00e7\u00e3o, abertura comercial e reformas\u201d, garantiu o general Hamilton Mour\u00e3o.<\/p>\n<p>&nbsp;<\/p>\n<p>Participaram da abertura do EEBA a governadora do Rio Grande do Norte, F\u00e1tima Bezerra; o vice-ministro de Economia e Energia da Alemanha, Thomas Bareiss; o presidente da Federa\u00e7\u00e3o das Ind\u00fastrias do Estado do Rio Grande do Norte (FIERN), Amaro Sales; o presidente da Federa\u00e7\u00e3o das Ind\u00fastrias Alem\u00e3es (BDI), Dieter Kempf; e o secret\u00e1rio de negocia\u00e7\u00f5es bilaterais no Oriente M\u00e9dio, Europa e \u00c1frica do Minist\u00e9rio de Rela\u00e7\u00f5es Exteriores, Kenneth da N\u00f3brega.<\/p>\n<p>&nbsp;<\/p>\n<p>Tamb\u00e9m estavam na mesa de abertura o presidente da Comiss\u00e3o de Rela\u00e7\u00f5es Exteriores da C\u00e2mara dos Deputados, Eduardo Bolsonaro (PSL); o\u00a0 coordenador de Rela\u00e7\u00f5es Governamentais da Apex-Brasil, general Gerson Menandro Garcia de Freitas; o presidente da Comiss\u00e3o para Am\u00e9rica Latina da Ind\u00fastria Alem\u00e3 (LADW) e membro do &#8220;board&#8221; mundial do grupo Volkswagen, Andreas Renschler; e o prefeito de Natal, \u00c1lvaro Costa Dias (MDB).<\/p>\n<p>&nbsp;<\/p>\n<p><strong>Investimentos<\/strong><\/p>\n<p>&nbsp;<\/p>\n<p>A Alemanha \u00e9 o nono maior investidor direto estrangeiro no Brasil, com estoque de US$ 16 bilh\u00f5es aplicados em setores como metais, automotivo, qu\u00edmico e equipamentos industriais. As empresas brasileiras t\u00eam US$ 386 bilh\u00f5es investidos na Alemanha, com destaque para as \u00e1reas de software e servi\u00e7os e TI, componentes eletr\u00f4nicos, servi\u00e7os e neg\u00f3cios, qu\u00edmicos e componentes automotivos.<\/p>\n<p>&nbsp;<\/p>\n<p>Segundo o presidente da CNI, o Brasil passa por um momento promissor, devido ao avan\u00e7o das reformas estruturais. Segundo ele, al\u00e9m do encaminhamento da reforma da Previd\u00eancia, a ind\u00fastria aposta na reforma tribut\u00e1ria para eliminar o excesso de obriga\u00e7\u00f5es burocr\u00e1ticas que prejudicam os empreendedores e o com\u00e9rcio internacional.<\/p>\n<p>&nbsp;<\/p>\n<p>\u201cGra\u00e7as \u00e0 nova estrat\u00e9gia do governo, nosso pa\u00eds est\u00e1 avan\u00e7ando numa trajet\u00f3ria de liberaliza\u00e7\u00e3o e de moderniza\u00e7\u00e3o da economia, que possibilitar\u00e1 a atra\u00e7\u00e3o de investimentos estrangeiros e dar\u00e1 maior competitividade \u00e0 ind\u00fastria nacional\u201d, afirma Robson Braga de Andrade.<\/p>\n<p>&nbsp;<\/p>\n<p><strong>Setor privado alem\u00e3o<\/strong><\/p>\n<p>&nbsp;<\/p>\n<p>O presidente da Federa\u00e7\u00e3o das Ind\u00fastrias Alem\u00e3es (BDI), Dieter Kempf, declarou que as rela\u00e7\u00f5es econ\u00f4micas entre Alemanha e Brasil s\u00e3o estrat\u00e9gicas. \u201cO Brasil \u00e9 uma das economias mais atraentes da Am\u00e9rica Latina. Mas se quisermos enfrentar os desafios do s\u00e9culo XXI, precisamos de uma ind\u00fastria forte. Na Alemanha e no Brasil. H\u00e1 muitas oportunidades no Brasil. Mas sabemos que oportunidades implicam riscos, por isso precisamos de f\u00f4lego forte\u201d, disse Kempf.<\/p>\n<p>&nbsp;<\/p>\n<p>Ele defendeu a r\u00e1pida entrada em vigor do Acordo Mercosul-Uni\u00e3o Europeia, como um passo importante em \u201ctempos de isolacionismo\u201d. Segundo ele, a redu\u00e7\u00e3o de tarifas vai fortalecer o com\u00e9rcio com a Europa, principalmente diante da incerteza a respeito do Brexit. Kempf avalia que, se o Reino Unido sair da Uni\u00e3o Europeia sem acordo, o crescimento econ\u00f4mico da Alemanha ser\u00e1 de zero. A previs\u00e3o do PIB atual \u00e9 de expans\u00e3o de 1%.<\/p>\n<p>&nbsp;<\/p>\n<p>Al\u00e9m disso, o setor privado alem\u00e3o defendeu o in\u00edcio r\u00e1pido das negocia\u00e7\u00f5es de um acordo para evitar a dupla tributa\u00e7\u00e3o como o Brasil. \u201cUm ADT seria um motor para os investimentos, quanto o mais r\u00e1pido se chegar a um acordo tanto melhor ser\u00e1 para as nossas economias e para os nossos investidores. O acordo vai favorecer todos as empresas\u201d, afirma Kempf.<\/p>\n<p>&nbsp;<\/p>\n<p><strong>Governo alem\u00e3o<\/strong><\/p>\n<p>&nbsp;<\/p>\n<p>O vice-ministro de Economia da Alemanha, Thomas Bareiss, deu das sinaliza\u00e7\u00f5es positivas para o empresariado brasileiro. Admitiu que o governo alem\u00e3o tem interesse e iniciar o mais rapidamente poss\u00edvel as negocia\u00e7\u00f5es de um ADT e afirmou que o acordo Mercosul-Uni\u00e3o Europeia \u00e9 uma prioridade.<\/p>\n<p>&nbsp;<\/p>\n<p>\u201cN\u00e3o devemos colocar o acordo Mercosul-EU em jogo. H\u00e1 muitas vantagens nesse acordo para centenas de milh\u00f5es de pessoas, na Am\u00e9rica do Sul e na Europa. A Alemanha \u00e9 sin\u00f4nimo de economia forte e tamb\u00e9m de sustentabilidade, de produtos sustent\u00e1veis. Os sinais emitidos pelo Brasil est\u00e3o sendo bem positivos nesse sentido e tenho certeza de que poderemos implementar os padr\u00f5es em conjuntos\u201d, avalia o pol\u00edtico alem\u00e3o. (Portal CNI)<\/p>\n","protected":false},"excerpt":{"rendered":"<p>Portal CNI &nbsp; O presidente da Confedera\u00e7\u00e3o Nacional da Ind\u00fastria (CNI), Robson Braga de Andrade, defendeu, na abertura do 37\u00ba Encontro Econ\u00f4mico Brasil Alemanha (EEBA), a costura de acordo entre os pa\u00edses para evitar dupla tributa\u00e7\u00e3o (ADT). Mais de mil empres\u00e1rios, al\u00e9m do presidente da Rep\u00fablica em exerc\u00edcio, general Hamilton Mour\u00e3o, acompanharam o evento, realizado\u2026 <a class=\"readmore\" href=\"https:\/\/dana.com.br\/canaldana\/2019\/09\/18\/presidente-da-cni-pede-acordo-com-a-alemanha-para-evitar-dupla-tributacao\/\">Leia mais \u00bb<\/a><\/p>\n","protected":false},"author":3,"featured_media":0,"comment_status":"closed","ping_status":"closed","sticky":false,"template":"","format":"standard","meta":{"_acf_changed":false,"footnotes":""},"categories":[79],"tags":[],"class_list":["post-37295","post","type-post","status-publish","format-standard","hentry","category-mercado"],"acf":[],"yoast_head":"<!-- This site is optimized with the Yoast SEO plugin v27.3 - https:\/\/yoast.com\/product\/yoast-seo-wordpress\/ -->\n<title>Presidente da CNI pede acordo com a Alemanha para evitar dupla tributa\u00e7\u00e3o - Canal Dana<\/title>\n<meta name=\"robots\" content=\"index, follow, max-snippet:-1, max-image-preview:large, max-video-preview:-1\" \/>\n<link rel=\"canonical\" href=\"https:\/\/dana.com.br\/canaldana\/2019\/09\/18\/presidente-da-cni-pede-acordo-com-a-alemanha-para-evitar-dupla-tributacao\/\" \/>\n<meta property=\"og:locale\" content=\"pt_BR\" \/>\n<meta property=\"og:type\" content=\"article\" \/>\n<meta property=\"og:title\" content=\"Presidente da CNI pede acordo com a Alemanha para evitar dupla tributa\u00e7\u00e3o - Canal Dana\" \/>\n<meta property=\"og:description\" content=\"Portal CNI &nbsp; O presidente da Confedera\u00e7\u00e3o Nacional da Ind\u00fastria (CNI), Robson Braga de Andrade, defendeu, na abertura do 37\u00ba Encontro Econ\u00f4mico Brasil Alemanha (EEBA), a costura de acordo entre os pa\u00edses para evitar dupla tributa\u00e7\u00e3o (ADT). Mais de mil empres\u00e1rios, al\u00e9m do presidente da Rep\u00fablica em exerc\u00edcio, general Hamilton Mour\u00e3o, acompanharam o evento, realizado\u2026 Leia mais \u00bb\" \/>\n<meta property=\"og:url\" content=\"https:\/\/dana.com.br\/canaldana\/2019\/09\/18\/presidente-da-cni-pede-acordo-com-a-alemanha-para-evitar-dupla-tributacao\/\" \/>\n<meta property=\"og:site_name\" content=\"Canal Dana\" \/>\n<meta property=\"article:published_time\" content=\"2019-09-18T11:11:51+00:00\" \/>\n<meta name=\"author\" content=\"Canal Dana\" \/>\n<meta name=\"twitter:card\" content=\"summary_large_image\" \/>\n<meta name=\"twitter:label1\" content=\"Escrito por\" \/>\n\t<meta name=\"twitter:data1\" content=\"Canal Dana\" \/>\n\t<meta name=\"twitter:label2\" content=\"Est. tempo de leitura\" \/>\n\t<meta name=\"twitter:data2\" content=\"5 minutos\" \/>\n<script type=\"application\/ld+json\" class=\"yoast-schema-graph\">{\"@context\":\"https:\\\/\\\/schema.org\",\"@graph\":[{\"@type\":\"Article\",\"@id\":\"https:\\\/\\\/dana.com.br\\\/canaldana\\\/2019\\\/09\\\/18\\\/presidente-da-cni-pede-acordo-com-a-alemanha-para-evitar-dupla-tributacao\\\/#article\",\"isPartOf\":{\"@id\":\"https:\\\/\\\/dana.com.br\\\/canaldana\\\/2019\\\/09\\\/18\\\/presidente-da-cni-pede-acordo-com-a-alemanha-para-evitar-dupla-tributacao\\\/\"},\"author\":{\"name\":\"Canal Dana\",\"@id\":\"https:\\\/\\\/dana.com.br\\\/canaldana\\\/#\\\/schema\\\/person\\\/3c21f22f56fcf3bc46b94bc60ea4fef6\"},\"headline\":\"Presidente da CNI pede acordo com a Alemanha para evitar dupla tributa\u00e7\u00e3o\",\"datePublished\":\"2019-09-18T11:11:51+00:00\",\"mainEntityOfPage\":{\"@id\":\"https:\\\/\\\/dana.com.br\\\/canaldana\\\/2019\\\/09\\\/18\\\/presidente-da-cni-pede-acordo-com-a-alemanha-para-evitar-dupla-tributacao\\\/\"},\"wordCount\":981,\"articleSection\":[\"Mercado\"],\"inLanguage\":\"pt-BR\"},{\"@type\":\"WebPage\",\"@id\":\"https:\\\/\\\/dana.com.br\\\/canaldana\\\/2019\\\/09\\\/18\\\/presidente-da-cni-pede-acordo-com-a-alemanha-para-evitar-dupla-tributacao\\\/\",\"url\":\"https:\\\/\\\/dana.com.br\\\/canaldana\\\/2019\\\/09\\\/18\\\/presidente-da-cni-pede-acordo-com-a-alemanha-para-evitar-dupla-tributacao\\\/\",\"name\":\"Presidente da CNI pede acordo com a Alemanha para evitar dupla tributa\u00e7\u00e3o - Canal Dana\",\"isPartOf\":{\"@id\":\"https:\\\/\\\/dana.com.br\\\/canaldana\\\/#website\"},\"datePublished\":\"2019-09-18T11:11:51+00:00\",\"author\":{\"@id\":\"https:\\\/\\\/dana.com.br\\\/canaldana\\\/#\\\/schema\\\/person\\\/3c21f22f56fcf3bc46b94bc60ea4fef6\"},\"breadcrumb\":{\"@id\":\"https:\\\/\\\/dana.com.br\\\/canaldana\\\/2019\\\/09\\\/18\\\/presidente-da-cni-pede-acordo-com-a-alemanha-para-evitar-dupla-tributacao\\\/#breadcrumb\"},\"inLanguage\":\"pt-BR\",\"potentialAction\":[{\"@type\":\"ReadAction\",\"target\":[\"https:\\\/\\\/dana.com.br\\\/canaldana\\\/2019\\\/09\\\/18\\\/presidente-da-cni-pede-acordo-com-a-alemanha-para-evitar-dupla-tributacao\\\/\"]}]},{\"@type\":\"BreadcrumbList\",\"@id\":\"https:\\\/\\\/dana.com.br\\\/canaldana\\\/2019\\\/09\\\/18\\\/presidente-da-cni-pede-acordo-com-a-alemanha-para-evitar-dupla-tributacao\\\/#breadcrumb\",\"itemListElement\":[{\"@type\":\"ListItem\",\"position\":1,\"name\":\"Home\",\"item\":\"https:\\\/\\\/dana.com.br\\\/canaldana\\\/\"},{\"@type\":\"ListItem\",\"position\":2,\"name\":\"Mercado\",\"item\":\"https:\\\/\\\/dana.com.br\\\/canaldana\\\/mercado\\\/\"},{\"@type\":\"ListItem\",\"position\":3,\"name\":\"Presidente da CNI pede acordo com a Alemanha para evitar dupla tributa\u00e7\u00e3o\"}]},{\"@type\":\"WebSite\",\"@id\":\"https:\\\/\\\/dana.com.br\\\/canaldana\\\/#website\",\"url\":\"https:\\\/\\\/dana.com.br\\\/canaldana\\\/\",\"name\":\"Canal Dana\",\"description\":\"Informativo com as principais not\u00edcias da ind\u00fastria automotiva\",\"potentialAction\":[{\"@type\":\"SearchAction\",\"target\":{\"@type\":\"EntryPoint\",\"urlTemplate\":\"https:\\\/\\\/dana.com.br\\\/canaldana\\\/?s={search_term_string}\"},\"query-input\":{\"@type\":\"PropertyValueSpecification\",\"valueRequired\":true,\"valueName\":\"search_term_string\"}}],\"inLanguage\":\"pt-BR\"},{\"@type\":\"Person\",\"@id\":\"https:\\\/\\\/dana.com.br\\\/canaldana\\\/#\\\/schema\\\/person\\\/3c21f22f56fcf3bc46b94bc60ea4fef6\",\"name\":\"Canal Dana\",\"image\":{\"@type\":\"ImageObject\",\"inLanguage\":\"pt-BR\",\"@id\":\"https:\\\/\\\/secure.gravatar.com\\\/avatar\\\/420aaf9278582877d9018637c6817617705899d2858d7572ef0fe59a6b6454b4?s=96&d=mm&r=g\",\"url\":\"https:\\\/\\\/secure.gravatar.com\\\/avatar\\\/420aaf9278582877d9018637c6817617705899d2858d7572ef0fe59a6b6454b4?s=96&d=mm&r=g\",\"contentUrl\":\"https:\\\/\\\/secure.gravatar.com\\\/avatar\\\/420aaf9278582877d9018637c6817617705899d2858d7572ef0fe59a6b6454b4?s=96&d=mm&r=g\",\"caption\":\"Canal Dana\"},\"url\":\"https:\\\/\\\/dana.com.br\\\/canaldana\\\/author\\\/cdeditor\\\/\"}]}<\/script>\n<!-- \/ Yoast SEO plugin. -->","yoast_head_json":{"title":"Presidente da CNI pede acordo com a Alemanha para evitar dupla tributa\u00e7\u00e3o - Canal Dana","robots":{"index":"index","follow":"follow","max-snippet":"max-snippet:-1","max-image-preview":"max-image-preview:large","max-video-preview":"max-video-preview:-1"},"canonical":"https:\/\/dana.com.br\/canaldana\/2019\/09\/18\/presidente-da-cni-pede-acordo-com-a-alemanha-para-evitar-dupla-tributacao\/","og_locale":"pt_BR","og_type":"article","og_title":"Presidente da CNI pede acordo com a Alemanha para evitar dupla tributa\u00e7\u00e3o - Canal Dana","og_description":"Portal CNI &nbsp; O presidente da Confedera\u00e7\u00e3o Nacional da Ind\u00fastria (CNI), Robson Braga de Andrade, defendeu, na abertura do 37\u00ba Encontro Econ\u00f4mico Brasil Alemanha (EEBA), a costura de acordo entre os pa\u00edses para evitar dupla tributa\u00e7\u00e3o (ADT). Mais de mil empres\u00e1rios, al\u00e9m do presidente da Rep\u00fablica em exerc\u00edcio, general Hamilton Mour\u00e3o, acompanharam o evento, realizado\u2026 Leia mais \u00bb","og_url":"https:\/\/dana.com.br\/canaldana\/2019\/09\/18\/presidente-da-cni-pede-acordo-com-a-alemanha-para-evitar-dupla-tributacao\/","og_site_name":"Canal Dana","article_published_time":"2019-09-18T11:11:51+00:00","author":"Canal Dana","twitter_card":"summary_large_image","twitter_misc":{"Escrito por":"Canal Dana","Est. tempo de leitura":"5 minutos"},"schema":{"@context":"https:\/\/schema.org","@graph":[{"@type":"Article","@id":"https:\/\/dana.com.br\/canaldana\/2019\/09\/18\/presidente-da-cni-pede-acordo-com-a-alemanha-para-evitar-dupla-tributacao\/#article","isPartOf":{"@id":"https:\/\/dana.com.br\/canaldana\/2019\/09\/18\/presidente-da-cni-pede-acordo-com-a-alemanha-para-evitar-dupla-tributacao\/"},"author":{"name":"Canal Dana","@id":"https:\/\/dana.com.br\/canaldana\/#\/schema\/person\/3c21f22f56fcf3bc46b94bc60ea4fef6"},"headline":"Presidente da CNI pede acordo com a Alemanha para evitar dupla tributa\u00e7\u00e3o","datePublished":"2019-09-18T11:11:51+00:00","mainEntityOfPage":{"@id":"https:\/\/dana.com.br\/canaldana\/2019\/09\/18\/presidente-da-cni-pede-acordo-com-a-alemanha-para-evitar-dupla-tributacao\/"},"wordCount":981,"articleSection":["Mercado"],"inLanguage":"pt-BR"},{"@type":"WebPage","@id":"https:\/\/dana.com.br\/canaldana\/2019\/09\/18\/presidente-da-cni-pede-acordo-com-a-alemanha-para-evitar-dupla-tributacao\/","url":"https:\/\/dana.com.br\/canaldana\/2019\/09\/18\/presidente-da-cni-pede-acordo-com-a-alemanha-para-evitar-dupla-tributacao\/","name":"Presidente da CNI pede acordo com a Alemanha para evitar dupla tributa\u00e7\u00e3o - Canal Dana","isPartOf":{"@id":"https:\/\/dana.com.br\/canaldana\/#website"},"datePublished":"2019-09-18T11:11:51+00:00","author":{"@id":"https:\/\/dana.com.br\/canaldana\/#\/schema\/person\/3c21f22f56fcf3bc46b94bc60ea4fef6"},"breadcrumb":{"@id":"https:\/\/dana.com.br\/canaldana\/2019\/09\/18\/presidente-da-cni-pede-acordo-com-a-alemanha-para-evitar-dupla-tributacao\/#breadcrumb"},"inLanguage":"pt-BR","potentialAction":[{"@type":"ReadAction","target":["https:\/\/dana.com.br\/canaldana\/2019\/09\/18\/presidente-da-cni-pede-acordo-com-a-alemanha-para-evitar-dupla-tributacao\/"]}]},{"@type":"BreadcrumbList","@id":"https:\/\/dana.com.br\/canaldana\/2019\/09\/18\/presidente-da-cni-pede-acordo-com-a-alemanha-para-evitar-dupla-tributacao\/#breadcrumb","itemListElement":[{"@type":"ListItem","position":1,"name":"Home","item":"https:\/\/dana.com.br\/canaldana\/"},{"@type":"ListItem","position":2,"name":"Mercado","item":"https:\/\/dana.com.br\/canaldana\/mercado\/"},{"@type":"ListItem","position":3,"name":"Presidente da CNI pede acordo com a Alemanha para evitar dupla tributa\u00e7\u00e3o"}]},{"@type":"WebSite","@id":"https:\/\/dana.com.br\/canaldana\/#website","url":"https:\/\/dana.com.br\/canaldana\/","name":"Canal Dana","description":"Informativo com as principais not\u00edcias da ind\u00fastria automotiva","potentialAction":[{"@type":"SearchAction","target":{"@type":"EntryPoint","urlTemplate":"https:\/\/dana.com.br\/canaldana\/?s={search_term_string}"},"query-input":{"@type":"PropertyValueSpecification","valueRequired":true,"valueName":"search_term_string"}}],"inLanguage":"pt-BR"},{"@type":"Person","@id":"https:\/\/dana.com.br\/canaldana\/#\/schema\/person\/3c21f22f56fcf3bc46b94bc60ea4fef6","name":"Canal Dana","image":{"@type":"ImageObject","inLanguage":"pt-BR","@id":"https:\/\/secure.gravatar.com\/avatar\/420aaf9278582877d9018637c6817617705899d2858d7572ef0fe59a6b6454b4?s=96&d=mm&r=g","url":"https:\/\/secure.gravatar.com\/avatar\/420aaf9278582877d9018637c6817617705899d2858d7572ef0fe59a6b6454b4?s=96&d=mm&r=g","contentUrl":"https:\/\/secure.gravatar.com\/avatar\/420aaf9278582877d9018637c6817617705899d2858d7572ef0fe59a6b6454b4?s=96&d=mm&r=g","caption":"Canal Dana"},"url":"https:\/\/dana.com.br\/canaldana\/author\/cdeditor\/"}]}},"_links":{"self":[{"href":"https:\/\/dana.com.br\/canaldana\/wp-json\/wp\/v2\/posts\/37295","targetHints":{"allow":["GET"]}}],"collection":[{"href":"https:\/\/dana.com.br\/canaldana\/wp-json\/wp\/v2\/posts"}],"about":[{"href":"https:\/\/dana.com.br\/canaldana\/wp-json\/wp\/v2\/types\/post"}],"author":[{"embeddable":true,"href":"https:\/\/dana.com.br\/canaldana\/wp-json\/wp\/v2\/users\/3"}],"replies":[{"embeddable":true,"href":"https:\/\/dana.com.br\/canaldana\/wp-json\/wp\/v2\/comments?post=37295"}],"version-history":[{"count":0,"href":"https:\/\/dana.com.br\/canaldana\/wp-json\/wp\/v2\/posts\/37295\/revisions"}],"wp:attachment":[{"href":"https:\/\/dana.com.br\/canaldana\/wp-json\/wp\/v2\/media?parent=37295"}],"wp:term":[{"taxonomy":"category","embeddable":true,"href":"https:\/\/dana.com.br\/canaldana\/wp-json\/wp\/v2\/categories?post=37295"},{"taxonomy":"post_tag","embeddable":true,"href":"https:\/\/dana.com.br\/canaldana\/wp-json\/wp\/v2\/tags?post=37295"}],"curies":[{"name":"wp","href":"https:\/\/api.w.org\/{rel}","templated":true}]}}