{"id":37293,"date":"2019-09-18T08:11:17","date_gmt":"2019-09-18T11:11:17","guid":{"rendered":"https:\/\/dana.com.br\/canaldana\/?p=37293"},"modified":"2019-09-18T08:11:17","modified_gmt":"2019-09-18T11:11:17","slug":"pelo-menos-a-curto-prazo-petrobras-nao-deve-mexer-no-preco-dos-combustiveis","status":"publish","type":"post","link":"https:\/\/dana.com.br\/canaldana\/2019\/09\/18\/pelo-menos-a-curto-prazo-petrobras-nao-deve-mexer-no-preco-dos-combustiveis\/","title":{"rendered":"Pelo menos a curto prazo, Petrobras n\u00e3o deve mexer no pre\u00e7o dos combust\u00edveis"},"content":{"rendered":"<p><em>Frota &amp; Cia <\/em><\/p>\n<p>&nbsp;<\/p>\n<p>Depois de uma alta de quase 20% no pre\u00e7o do petr\u00f3leo, em raz\u00e3o aos ataques \u00e0 Arabia Saudita, a Petrobras informou que deve segurar o pre\u00e7o dos combust\u00edveis, pelo menos a curto prazo. O atentado de s\u00e1bado interrompeu a produ\u00e7\u00e3o de 5,7 milh\u00f5es de barris de petr\u00f3leo, 50% da produ\u00e7\u00e3o saudita.<\/p>\n<p>&nbsp;<\/p>\n<p>Segundo D\u00e9cio Oddone, diretor-geral da ANP, atrav\u00e9s do seu Twiiter, o atentado causa muita preocupa\u00e7\u00e3o. Ele chegou a classificar o incidente como \u201cuma esp\u00e9cie de 11 de setembro\u201d, lembrando o ataque \u00e0s torres g\u00eameas americanas.<\/p>\n<p>&nbsp;<\/p>\n<p>De acordo com o presidente, Jair Bolsonaro, atrav\u00e9s de uma liga\u00e7\u00e3o para Roberto Castello Branco, presidente da Petrobras, ele obteve a informa\u00e7\u00e3o de que os pre\u00e7os n\u00e3o devem subir imediatamente. \u201cConversei com o presidente da Petrobras, disse que, como \u00e9 algo at\u00edpico n\u00e3o deve mexer no pre\u00e7o do combust\u00edvel.\u201d<\/p>\n<p>&nbsp;<\/p>\n<p>Dessa forma, a ideia da estatal \u00e9 avaliar o comportamento do pre\u00e7o do petr\u00f3leo nos pr\u00f3ximos dias. Ent\u00e3o, somente ap\u00f3s essa an\u00e1lise, tomar qualquer decis\u00e3o sobre altera\u00e7\u00f5es nos pre\u00e7os.<\/p>\n<p>&nbsp;<\/p>\n<p>No entanto, analistas est\u00e3o preocupados com os pr\u00f3ximos passos a serem dados pela estatal. Isso porque, vale lembrar, que a Petrobras j\u00e1 sofreu muitas cr\u00edticas por parte de investidores, quando, no come\u00e7o do ano, por interfer\u00eancia do Governo deixou de subir o pre\u00e7o do combust\u00edvel.<\/p>\n<p>&nbsp;<\/p>\n<p>De acordo com Lu\u00eds Sales, analista da Guide Investimentos, o momento \u00e9 crucial. \u201cSe essa alta (do petr\u00f3leo) n\u00e3o for repassada, por causa da press\u00e3o dos caminhoneiros, a imagem da Petrobras pode ser afetada. Ou seja, a governan\u00e7a da petroleira est\u00e1 em jogo\u201d. (Frota &amp; Cia\/Andr\u00e9 Silva)<\/p>\n","protected":false},"excerpt":{"rendered":"<p>Frota &amp; Cia &nbsp; Depois de uma alta de quase 20% no pre\u00e7o do petr\u00f3leo, em raz\u00e3o aos ataques \u00e0 Arabia Saudita, a Petrobras informou que deve segurar o pre\u00e7o dos combust\u00edveis, pelo menos a curto prazo. O atentado de s\u00e1bado interrompeu a produ\u00e7\u00e3o de 5,7 milh\u00f5es de barris de petr\u00f3leo, 50% da produ\u00e7\u00e3o saudita.\u2026 <a class=\"readmore\" href=\"https:\/\/dana.com.br\/canaldana\/2019\/09\/18\/pelo-menos-a-curto-prazo-petrobras-nao-deve-mexer-no-preco-dos-combustiveis\/\">Leia mais \u00bb<\/a><\/p>\n","protected":false},"author":3,"featured_media":0,"comment_status":"closed","ping_status":"closed","sticky":false,"template":"","format":"standard","meta":{"_acf_changed":false,"footnotes":""},"categories":[79],"tags":[],"class_list":["post-37293","post","type-post","status-publish","format-standard","hentry","category-mercado"],"acf":[],"yoast_head":"<!-- This site is optimized with the Yoast SEO plugin v27.3 - https:\/\/yoast.com\/product\/yoast-seo-wordpress\/ -->\n<title>Pelo menos a curto prazo, Petrobras n\u00e3o deve mexer no pre\u00e7o dos combust\u00edveis - Canal Dana<\/title>\n<meta name=\"robots\" content=\"index, follow, max-snippet:-1, max-image-preview:large, max-video-preview:-1\" \/>\n<link rel=\"canonical\" href=\"https:\/\/dana.com.br\/canaldana\/2019\/09\/18\/pelo-menos-a-curto-prazo-petrobras-nao-deve-mexer-no-preco-dos-combustiveis\/\" \/>\n<meta property=\"og:locale\" content=\"pt_BR\" \/>\n<meta property=\"og:type\" content=\"article\" \/>\n<meta property=\"og:title\" content=\"Pelo menos a curto prazo, Petrobras n\u00e3o deve mexer no pre\u00e7o dos combust\u00edveis - Canal Dana\" \/>\n<meta property=\"og:description\" content=\"Frota &amp; Cia &nbsp; Depois de uma alta de quase 20% no pre\u00e7o do petr\u00f3leo, em raz\u00e3o aos ataques \u00e0 Arabia Saudita, a Petrobras informou que deve segurar o pre\u00e7o dos combust\u00edveis, pelo menos a curto prazo. O atentado de s\u00e1bado interrompeu a produ\u00e7\u00e3o de 5,7 milh\u00f5es de barris de petr\u00f3leo, 50% da produ\u00e7\u00e3o saudita.\u2026 Leia mais \u00bb\" \/>\n<meta property=\"og:url\" content=\"https:\/\/dana.com.br\/canaldana\/2019\/09\/18\/pelo-menos-a-curto-prazo-petrobras-nao-deve-mexer-no-preco-dos-combustiveis\/\" \/>\n<meta property=\"og:site_name\" content=\"Canal Dana\" \/>\n<meta property=\"article:published_time\" content=\"2019-09-18T11:11:17+00:00\" \/>\n<meta name=\"author\" content=\"Canal Dana\" \/>\n<meta name=\"twitter:card\" content=\"summary_large_image\" \/>\n<meta name=\"twitter:label1\" content=\"Escrito por\" \/>\n\t<meta name=\"twitter:data1\" content=\"Canal Dana\" \/>\n\t<meta name=\"twitter:label2\" content=\"Est. tempo de leitura\" \/>\n\t<meta name=\"twitter:data2\" content=\"2 minutos\" \/>\n<script type=\"application\/ld+json\" class=\"yoast-schema-graph\">{\"@context\":\"https:\\\/\\\/schema.org\",\"@graph\":[{\"@type\":\"Article\",\"@id\":\"https:\\\/\\\/dana.com.br\\\/canaldana\\\/2019\\\/09\\\/18\\\/pelo-menos-a-curto-prazo-petrobras-nao-deve-mexer-no-preco-dos-combustiveis\\\/#article\",\"isPartOf\":{\"@id\":\"https:\\\/\\\/dana.com.br\\\/canaldana\\\/2019\\\/09\\\/18\\\/pelo-menos-a-curto-prazo-petrobras-nao-deve-mexer-no-preco-dos-combustiveis\\\/\"},\"author\":{\"name\":\"Canal Dana\",\"@id\":\"https:\\\/\\\/dana.com.br\\\/canaldana\\\/#\\\/schema\\\/person\\\/3c21f22f56fcf3bc46b94bc60ea4fef6\"},\"headline\":\"Pelo menos a curto prazo, Petrobras n\u00e3o deve mexer no pre\u00e7o dos combust\u00edveis\",\"datePublished\":\"2019-09-18T11:11:17+00:00\",\"mainEntityOfPage\":{\"@id\":\"https:\\\/\\\/dana.com.br\\\/canaldana\\\/2019\\\/09\\\/18\\\/pelo-menos-a-curto-prazo-petrobras-nao-deve-mexer-no-preco-dos-combustiveis\\\/\"},\"wordCount\":319,\"articleSection\":[\"Mercado\"],\"inLanguage\":\"pt-BR\"},{\"@type\":\"WebPage\",\"@id\":\"https:\\\/\\\/dana.com.br\\\/canaldana\\\/2019\\\/09\\\/18\\\/pelo-menos-a-curto-prazo-petrobras-nao-deve-mexer-no-preco-dos-combustiveis\\\/\",\"url\":\"https:\\\/\\\/dana.com.br\\\/canaldana\\\/2019\\\/09\\\/18\\\/pelo-menos-a-curto-prazo-petrobras-nao-deve-mexer-no-preco-dos-combustiveis\\\/\",\"name\":\"Pelo menos a curto prazo, Petrobras n\u00e3o deve mexer no pre\u00e7o dos combust\u00edveis - Canal Dana\",\"isPartOf\":{\"@id\":\"https:\\\/\\\/dana.com.br\\\/canaldana\\\/#website\"},\"datePublished\":\"2019-09-18T11:11:17+00:00\",\"author\":{\"@id\":\"https:\\\/\\\/dana.com.br\\\/canaldana\\\/#\\\/schema\\\/person\\\/3c21f22f56fcf3bc46b94bc60ea4fef6\"},\"breadcrumb\":{\"@id\":\"https:\\\/\\\/dana.com.br\\\/canaldana\\\/2019\\\/09\\\/18\\\/pelo-menos-a-curto-prazo-petrobras-nao-deve-mexer-no-preco-dos-combustiveis\\\/#breadcrumb\"},\"inLanguage\":\"pt-BR\",\"potentialAction\":[{\"@type\":\"ReadAction\",\"target\":[\"https:\\\/\\\/dana.com.br\\\/canaldana\\\/2019\\\/09\\\/18\\\/pelo-menos-a-curto-prazo-petrobras-nao-deve-mexer-no-preco-dos-combustiveis\\\/\"]}]},{\"@type\":\"BreadcrumbList\",\"@id\":\"https:\\\/\\\/dana.com.br\\\/canaldana\\\/2019\\\/09\\\/18\\\/pelo-menos-a-curto-prazo-petrobras-nao-deve-mexer-no-preco-dos-combustiveis\\\/#breadcrumb\",\"itemListElement\":[{\"@type\":\"ListItem\",\"position\":1,\"name\":\"Home\",\"item\":\"https:\\\/\\\/dana.com.br\\\/canaldana\\\/\"},{\"@type\":\"ListItem\",\"position\":2,\"name\":\"Mercado\",\"item\":\"https:\\\/\\\/dana.com.br\\\/canaldana\\\/mercado\\\/\"},{\"@type\":\"ListItem\",\"position\":3,\"name\":\"Pelo menos a curto prazo, Petrobras n\u00e3o deve mexer no pre\u00e7o dos combust\u00edveis\"}]},{\"@type\":\"WebSite\",\"@id\":\"https:\\\/\\\/dana.com.br\\\/canaldana\\\/#website\",\"url\":\"https:\\\/\\\/dana.com.br\\\/canaldana\\\/\",\"name\":\"Canal Dana\",\"description\":\"Informativo com as principais not\u00edcias da ind\u00fastria automotiva\",\"potentialAction\":[{\"@type\":\"SearchAction\",\"target\":{\"@type\":\"EntryPoint\",\"urlTemplate\":\"https:\\\/\\\/dana.com.br\\\/canaldana\\\/?s={search_term_string}\"},\"query-input\":{\"@type\":\"PropertyValueSpecification\",\"valueRequired\":true,\"valueName\":\"search_term_string\"}}],\"inLanguage\":\"pt-BR\"},{\"@type\":\"Person\",\"@id\":\"https:\\\/\\\/dana.com.br\\\/canaldana\\\/#\\\/schema\\\/person\\\/3c21f22f56fcf3bc46b94bc60ea4fef6\",\"name\":\"Canal Dana\",\"image\":{\"@type\":\"ImageObject\",\"inLanguage\":\"pt-BR\",\"@id\":\"https:\\\/\\\/secure.gravatar.com\\\/avatar\\\/420aaf9278582877d9018637c6817617705899d2858d7572ef0fe59a6b6454b4?s=96&d=mm&r=g\",\"url\":\"https:\\\/\\\/secure.gravatar.com\\\/avatar\\\/420aaf9278582877d9018637c6817617705899d2858d7572ef0fe59a6b6454b4?s=96&d=mm&r=g\",\"contentUrl\":\"https:\\\/\\\/secure.gravatar.com\\\/avatar\\\/420aaf9278582877d9018637c6817617705899d2858d7572ef0fe59a6b6454b4?s=96&d=mm&r=g\",\"caption\":\"Canal Dana\"},\"url\":\"https:\\\/\\\/dana.com.br\\\/canaldana\\\/author\\\/cdeditor\\\/\"}]}<\/script>\n<!-- \/ Yoast SEO plugin. -->","yoast_head_json":{"title":"Pelo menos a curto prazo, Petrobras n\u00e3o deve mexer no pre\u00e7o dos combust\u00edveis - Canal Dana","robots":{"index":"index","follow":"follow","max-snippet":"max-snippet:-1","max-image-preview":"max-image-preview:large","max-video-preview":"max-video-preview:-1"},"canonical":"https:\/\/dana.com.br\/canaldana\/2019\/09\/18\/pelo-menos-a-curto-prazo-petrobras-nao-deve-mexer-no-preco-dos-combustiveis\/","og_locale":"pt_BR","og_type":"article","og_title":"Pelo menos a curto prazo, Petrobras n\u00e3o deve mexer no pre\u00e7o dos combust\u00edveis - Canal Dana","og_description":"Frota &amp; Cia &nbsp; Depois de uma alta de quase 20% no pre\u00e7o do petr\u00f3leo, em raz\u00e3o aos ataques \u00e0 Arabia Saudita, a Petrobras informou que deve segurar o pre\u00e7o dos combust\u00edveis, pelo menos a curto prazo. O atentado de s\u00e1bado interrompeu a produ\u00e7\u00e3o de 5,7 milh\u00f5es de barris de petr\u00f3leo, 50% da produ\u00e7\u00e3o saudita.\u2026 Leia mais \u00bb","og_url":"https:\/\/dana.com.br\/canaldana\/2019\/09\/18\/pelo-menos-a-curto-prazo-petrobras-nao-deve-mexer-no-preco-dos-combustiveis\/","og_site_name":"Canal Dana","article_published_time":"2019-09-18T11:11:17+00:00","author":"Canal Dana","twitter_card":"summary_large_image","twitter_misc":{"Escrito por":"Canal Dana","Est. tempo de leitura":"2 minutos"},"schema":{"@context":"https:\/\/schema.org","@graph":[{"@type":"Article","@id":"https:\/\/dana.com.br\/canaldana\/2019\/09\/18\/pelo-menos-a-curto-prazo-petrobras-nao-deve-mexer-no-preco-dos-combustiveis\/#article","isPartOf":{"@id":"https:\/\/dana.com.br\/canaldana\/2019\/09\/18\/pelo-menos-a-curto-prazo-petrobras-nao-deve-mexer-no-preco-dos-combustiveis\/"},"author":{"name":"Canal Dana","@id":"https:\/\/dana.com.br\/canaldana\/#\/schema\/person\/3c21f22f56fcf3bc46b94bc60ea4fef6"},"headline":"Pelo menos a curto prazo, Petrobras n\u00e3o deve mexer no pre\u00e7o dos combust\u00edveis","datePublished":"2019-09-18T11:11:17+00:00","mainEntityOfPage":{"@id":"https:\/\/dana.com.br\/canaldana\/2019\/09\/18\/pelo-menos-a-curto-prazo-petrobras-nao-deve-mexer-no-preco-dos-combustiveis\/"},"wordCount":319,"articleSection":["Mercado"],"inLanguage":"pt-BR"},{"@type":"WebPage","@id":"https:\/\/dana.com.br\/canaldana\/2019\/09\/18\/pelo-menos-a-curto-prazo-petrobras-nao-deve-mexer-no-preco-dos-combustiveis\/","url":"https:\/\/dana.com.br\/canaldana\/2019\/09\/18\/pelo-menos-a-curto-prazo-petrobras-nao-deve-mexer-no-preco-dos-combustiveis\/","name":"Pelo menos a curto prazo, Petrobras n\u00e3o deve mexer no pre\u00e7o dos combust\u00edveis - Canal Dana","isPartOf":{"@id":"https:\/\/dana.com.br\/canaldana\/#website"},"datePublished":"2019-09-18T11:11:17+00:00","author":{"@id":"https:\/\/dana.com.br\/canaldana\/#\/schema\/person\/3c21f22f56fcf3bc46b94bc60ea4fef6"},"breadcrumb":{"@id":"https:\/\/dana.com.br\/canaldana\/2019\/09\/18\/pelo-menos-a-curto-prazo-petrobras-nao-deve-mexer-no-preco-dos-combustiveis\/#breadcrumb"},"inLanguage":"pt-BR","potentialAction":[{"@type":"ReadAction","target":["https:\/\/dana.com.br\/canaldana\/2019\/09\/18\/pelo-menos-a-curto-prazo-petrobras-nao-deve-mexer-no-preco-dos-combustiveis\/"]}]},{"@type":"BreadcrumbList","@id":"https:\/\/dana.com.br\/canaldana\/2019\/09\/18\/pelo-menos-a-curto-prazo-petrobras-nao-deve-mexer-no-preco-dos-combustiveis\/#breadcrumb","itemListElement":[{"@type":"ListItem","position":1,"name":"Home","item":"https:\/\/dana.com.br\/canaldana\/"},{"@type":"ListItem","position":2,"name":"Mercado","item":"https:\/\/dana.com.br\/canaldana\/mercado\/"},{"@type":"ListItem","position":3,"name":"Pelo menos a curto prazo, Petrobras n\u00e3o deve mexer no pre\u00e7o dos combust\u00edveis"}]},{"@type":"WebSite","@id":"https:\/\/dana.com.br\/canaldana\/#website","url":"https:\/\/dana.com.br\/canaldana\/","name":"Canal Dana","description":"Informativo com as principais not\u00edcias da ind\u00fastria automotiva","potentialAction":[{"@type":"SearchAction","target":{"@type":"EntryPoint","urlTemplate":"https:\/\/dana.com.br\/canaldana\/?s={search_term_string}"},"query-input":{"@type":"PropertyValueSpecification","valueRequired":true,"valueName":"search_term_string"}}],"inLanguage":"pt-BR"},{"@type":"Person","@id":"https:\/\/dana.com.br\/canaldana\/#\/schema\/person\/3c21f22f56fcf3bc46b94bc60ea4fef6","name":"Canal Dana","image":{"@type":"ImageObject","inLanguage":"pt-BR","@id":"https:\/\/secure.gravatar.com\/avatar\/420aaf9278582877d9018637c6817617705899d2858d7572ef0fe59a6b6454b4?s=96&d=mm&r=g","url":"https:\/\/secure.gravatar.com\/avatar\/420aaf9278582877d9018637c6817617705899d2858d7572ef0fe59a6b6454b4?s=96&d=mm&r=g","contentUrl":"https:\/\/secure.gravatar.com\/avatar\/420aaf9278582877d9018637c6817617705899d2858d7572ef0fe59a6b6454b4?s=96&d=mm&r=g","caption":"Canal Dana"},"url":"https:\/\/dana.com.br\/canaldana\/author\/cdeditor\/"}]}},"_links":{"self":[{"href":"https:\/\/dana.com.br\/canaldana\/wp-json\/wp\/v2\/posts\/37293","targetHints":{"allow":["GET"]}}],"collection":[{"href":"https:\/\/dana.com.br\/canaldana\/wp-json\/wp\/v2\/posts"}],"about":[{"href":"https:\/\/dana.com.br\/canaldana\/wp-json\/wp\/v2\/types\/post"}],"author":[{"embeddable":true,"href":"https:\/\/dana.com.br\/canaldana\/wp-json\/wp\/v2\/users\/3"}],"replies":[{"embeddable":true,"href":"https:\/\/dana.com.br\/canaldana\/wp-json\/wp\/v2\/comments?post=37293"}],"version-history":[{"count":0,"href":"https:\/\/dana.com.br\/canaldana\/wp-json\/wp\/v2\/posts\/37293\/revisions"}],"wp:attachment":[{"href":"https:\/\/dana.com.br\/canaldana\/wp-json\/wp\/v2\/media?parent=37293"}],"wp:term":[{"taxonomy":"category","embeddable":true,"href":"https:\/\/dana.com.br\/canaldana\/wp-json\/wp\/v2\/categories?post=37293"},{"taxonomy":"post_tag","embeddable":true,"href":"https:\/\/dana.com.br\/canaldana\/wp-json\/wp\/v2\/tags?post=37293"}],"curies":[{"name":"wp","href":"https:\/\/api.w.org\/{rel}","templated":true}]}}