{"id":37279,"date":"2019-09-18T08:07:49","date_gmt":"2019-09-18T11:07:49","guid":{"rendered":"https:\/\/dana.com.br\/canaldana\/?p=37279"},"modified":"2019-09-18T08:07:49","modified_gmt":"2019-09-18T11:07:49","slug":"primeira-unidade-de-abastecimento-com-recuperacao-de-vapor-e-implantada-no-brasil","status":"publish","type":"post","link":"https:\/\/dana.com.br\/canaldana\/2019\/09\/18\/primeira-unidade-de-abastecimento-com-recuperacao-de-vapor-e-implantada-no-brasil\/","title":{"rendered":"Primeira unidade de abastecimento com recupera\u00e7\u00e3o de vapor \u00e9 implantada no Brasil"},"content":{"rendered":"<p><em>O Brasil Sobre Rodas<\/em><\/p>\n<p>&nbsp;<\/p>\n<p>A sustentabilidade sempre foi marcante na atua\u00e7\u00e3o da ALE no mercado de distribui\u00e7\u00e3o de combust\u00edveis. A companhia, que ocupa a quarta coloca\u00e7\u00e3o nacional no setor, foi pioneira na comercializa\u00e7\u00e3o de biodiesel no pa\u00eds e \u00e9 reconhecida por buscar solu\u00e7\u00f5es que sejam diferenciais no segmento, incluindo a implanta\u00e7\u00e3o de energia fotovoltaica nos postos da Rede.\u00a0 Neste m\u00eas, a empresa instalou a primeira bomba de combust\u00edveis com sistema de recupera\u00e7\u00e3o de vapores do pa\u00eds, que impede a emiss\u00e3o de benzeno no ambiente. A instala\u00e7\u00e3o foi realizada no posto de combust\u00edveis e servi\u00e7os ALE Alphaville, localizado na cidade de Santana do Parna\u00edba (SP).<\/p>\n<p>&nbsp;<\/p>\n<p>Segundo as portarias 1.109\/206 (Secretaria do Trabalho) e a 509 (Instituto Nacional de Metrologia, Qualidade e Tecnologia &#8211; Inmetro), a partir de setembro de 2022, todas as bombas de gasolina dever\u00e3o evitar a emiss\u00e3o de benzeno no ambiente. A ALE se antecipou no mercado e, em parceria com a Gilbarco Veeder-Root, l\u00edder mundial em solu\u00e7\u00f5es tecnol\u00f3gicas integradas para postos de abastecimento, iniciou a instala\u00e7\u00e3o do modelo de bomba que segue a nova regulamenta\u00e7\u00e3o e \u00e9 certificada pelo Inmetro.<\/p>\n<p>&nbsp;<\/p>\n<p>De acordo com o gerente de Engenharia e Meio Ambiente da ALE, Tadeu Borges, o projeto atende integralmente ao novo Regulamento T\u00e9cnico Metrol\u00f3gico e de Avalia\u00e7\u00e3o da Conformidade, que estabelece requisitos espec\u00edficos para as condi\u00e7\u00f5es de sa\u00fade, seguran\u00e7a, prote\u00e7\u00e3o ambiental e do consumidor. \u201cA nova bomba de gasolina \u00e9 interligada a um tanque, que possibilita o retorno do vapor de benzeno e n\u00e3o exp\u00f5e o frentista \u00e0 subst\u00e2ncia. H\u00e1 tamb\u00e9m uma consider\u00e1vel redu\u00e7\u00e3o nas emiss\u00f5es atmosf\u00e9ricas; um ganho em sustentabilidade e seguran\u00e7a para a equipe dos postos\u201d, declara.<\/p>\n<p>&nbsp;<\/p>\n<p>A tecnologia, projetada pela Gilbarco Veeder-Root, foi desenvolvida durante dois anos. Segundo o gerente nacional de vendas da empresa, Alexandre Dias, a bomba de combust\u00edveis com o sistema oferece maior prote\u00e7\u00e3o e seguran\u00e7a no trabalho. \u201cO equipamento tamb\u00e9m possui velocidade de opera\u00e7\u00e3o mais r\u00e1pida e n\u00e3o h\u00e1 gotejamento do combust\u00edvel. A bomba ainda disp\u00f5e de sistema de identifica\u00e7\u00e3o de frentistas instalado, novos displays e acabamento na parte superior\u201d, explica.<\/p>\n<p>&nbsp;<\/p>\n<p>Para o diretor de Opera\u00e7\u00f5es da ALE, Eduardo Dominguez, o pioneirismo da companhia na comercializa\u00e7\u00e3o de biodiesel, na instala\u00e7\u00e3o da bomba com o sistema de recupera\u00e7\u00e3o de vapor e na implanta\u00e7\u00e3o de energia renov\u00e1vel confirma o empenho em atuar no segmento de forma sustent\u00e1vel. \u201cEstamos sempre atentos \u00e0s legisla\u00e7\u00f5es, mas, mais que isso, nossa premissa \u00e9 sempre zelar pela sa\u00fade da nossa equipe e pela preserva\u00e7\u00e3o do meio ambiente. O objetivo \u00e9 prezar pelo desenvolvimento sustent\u00e1vel e pelo equil\u00edbrio entre interesses econ\u00f4micos, ambientais e sociais\u201d, acrescenta. (O Brasil Sobre Rodas)<\/p>\n","protected":false},"excerpt":{"rendered":"<p>O Brasil Sobre Rodas &nbsp; A sustentabilidade sempre foi marcante na atua\u00e7\u00e3o da ALE no mercado de distribui\u00e7\u00e3o de combust\u00edveis. A companhia, que ocupa a quarta coloca\u00e7\u00e3o nacional no setor, foi pioneira na comercializa\u00e7\u00e3o de biodiesel no pa\u00eds e \u00e9 reconhecida por buscar solu\u00e7\u00f5es que sejam diferenciais no segmento, incluindo a implanta\u00e7\u00e3o de energia fotovoltaica\u2026 <a class=\"readmore\" href=\"https:\/\/dana.com.br\/canaldana\/2019\/09\/18\/primeira-unidade-de-abastecimento-com-recuperacao-de-vapor-e-implantada-no-brasil\/\">Leia mais \u00bb<\/a><\/p>\n","protected":false},"author":3,"featured_media":0,"comment_status":"closed","ping_status":"closed","sticky":false,"template":"","format":"standard","meta":{"_acf_changed":false,"footnotes":""},"categories":[105],"tags":[],"class_list":["post-37279","post","type-post","status-publish","format-standard","hentry","category-sustentabilidade"],"acf":[],"yoast_head":"<!-- This site is optimized with the Yoast SEO plugin v27.3 - https:\/\/yoast.com\/product\/yoast-seo-wordpress\/ -->\n<title>Primeira unidade de abastecimento com recupera\u00e7\u00e3o de vapor \u00e9 implantada no Brasil - Canal Dana<\/title>\n<meta name=\"robots\" content=\"index, follow, max-snippet:-1, max-image-preview:large, max-video-preview:-1\" \/>\n<link rel=\"canonical\" href=\"https:\/\/dana.com.br\/canaldana\/2019\/09\/18\/primeira-unidade-de-abastecimento-com-recuperacao-de-vapor-e-implantada-no-brasil\/\" \/>\n<meta property=\"og:locale\" content=\"pt_BR\" \/>\n<meta property=\"og:type\" content=\"article\" \/>\n<meta property=\"og:title\" content=\"Primeira unidade de abastecimento com recupera\u00e7\u00e3o de vapor \u00e9 implantada no Brasil - Canal Dana\" \/>\n<meta property=\"og:description\" content=\"O Brasil Sobre Rodas &nbsp; A sustentabilidade sempre foi marcante na atua\u00e7\u00e3o da ALE no mercado de distribui\u00e7\u00e3o de combust\u00edveis. A companhia, que ocupa a quarta coloca\u00e7\u00e3o nacional no setor, foi pioneira na comercializa\u00e7\u00e3o de biodiesel no pa\u00eds e \u00e9 reconhecida por buscar solu\u00e7\u00f5es que sejam diferenciais no segmento, incluindo a implanta\u00e7\u00e3o de energia fotovoltaica\u2026 Leia mais \u00bb\" \/>\n<meta property=\"og:url\" content=\"https:\/\/dana.com.br\/canaldana\/2019\/09\/18\/primeira-unidade-de-abastecimento-com-recuperacao-de-vapor-e-implantada-no-brasil\/\" \/>\n<meta property=\"og:site_name\" content=\"Canal Dana\" \/>\n<meta property=\"article:published_time\" content=\"2019-09-18T11:07:49+00:00\" \/>\n<meta name=\"author\" content=\"Canal Dana\" \/>\n<meta name=\"twitter:card\" content=\"summary_large_image\" \/>\n<meta name=\"twitter:label1\" content=\"Escrito por\" \/>\n\t<meta name=\"twitter:data1\" content=\"Canal Dana\" \/>\n\t<meta name=\"twitter:label2\" content=\"Est. tempo de leitura\" \/>\n\t<meta name=\"twitter:data2\" content=\"2 minutos\" \/>\n<script type=\"application\/ld+json\" class=\"yoast-schema-graph\">{\"@context\":\"https:\\\/\\\/schema.org\",\"@graph\":[{\"@type\":\"Article\",\"@id\":\"https:\\\/\\\/dana.com.br\\\/canaldana\\\/2019\\\/09\\\/18\\\/primeira-unidade-de-abastecimento-com-recuperacao-de-vapor-e-implantada-no-brasil\\\/#article\",\"isPartOf\":{\"@id\":\"https:\\\/\\\/dana.com.br\\\/canaldana\\\/2019\\\/09\\\/18\\\/primeira-unidade-de-abastecimento-com-recuperacao-de-vapor-e-implantada-no-brasil\\\/\"},\"author\":{\"name\":\"Canal Dana\",\"@id\":\"https:\\\/\\\/dana.com.br\\\/canaldana\\\/#\\\/schema\\\/person\\\/3c21f22f56fcf3bc46b94bc60ea4fef6\"},\"headline\":\"Primeira unidade de abastecimento com recupera\u00e7\u00e3o de vapor \u00e9 implantada no Brasil\",\"datePublished\":\"2019-09-18T11:07:49+00:00\",\"mainEntityOfPage\":{\"@id\":\"https:\\\/\\\/dana.com.br\\\/canaldana\\\/2019\\\/09\\\/18\\\/primeira-unidade-de-abastecimento-com-recuperacao-de-vapor-e-implantada-no-brasil\\\/\"},\"wordCount\":501,\"articleSection\":[\"Sustentabilidade\"],\"inLanguage\":\"pt-BR\"},{\"@type\":\"WebPage\",\"@id\":\"https:\\\/\\\/dana.com.br\\\/canaldana\\\/2019\\\/09\\\/18\\\/primeira-unidade-de-abastecimento-com-recuperacao-de-vapor-e-implantada-no-brasil\\\/\",\"url\":\"https:\\\/\\\/dana.com.br\\\/canaldana\\\/2019\\\/09\\\/18\\\/primeira-unidade-de-abastecimento-com-recuperacao-de-vapor-e-implantada-no-brasil\\\/\",\"name\":\"Primeira unidade de abastecimento com recupera\u00e7\u00e3o de vapor \u00e9 implantada no Brasil - Canal Dana\",\"isPartOf\":{\"@id\":\"https:\\\/\\\/dana.com.br\\\/canaldana\\\/#website\"},\"datePublished\":\"2019-09-18T11:07:49+00:00\",\"author\":{\"@id\":\"https:\\\/\\\/dana.com.br\\\/canaldana\\\/#\\\/schema\\\/person\\\/3c21f22f56fcf3bc46b94bc60ea4fef6\"},\"breadcrumb\":{\"@id\":\"https:\\\/\\\/dana.com.br\\\/canaldana\\\/2019\\\/09\\\/18\\\/primeira-unidade-de-abastecimento-com-recuperacao-de-vapor-e-implantada-no-brasil\\\/#breadcrumb\"},\"inLanguage\":\"pt-BR\",\"potentialAction\":[{\"@type\":\"ReadAction\",\"target\":[\"https:\\\/\\\/dana.com.br\\\/canaldana\\\/2019\\\/09\\\/18\\\/primeira-unidade-de-abastecimento-com-recuperacao-de-vapor-e-implantada-no-brasil\\\/\"]}]},{\"@type\":\"BreadcrumbList\",\"@id\":\"https:\\\/\\\/dana.com.br\\\/canaldana\\\/2019\\\/09\\\/18\\\/primeira-unidade-de-abastecimento-com-recuperacao-de-vapor-e-implantada-no-brasil\\\/#breadcrumb\",\"itemListElement\":[{\"@type\":\"ListItem\",\"position\":1,\"name\":\"Home\",\"item\":\"https:\\\/\\\/dana.com.br\\\/canaldana\\\/\"},{\"@type\":\"ListItem\",\"position\":2,\"name\":\"Sustentabilidade\",\"item\":\"https:\\\/\\\/dana.com.br\\\/canaldana\\\/sustentabilidade\\\/\"},{\"@type\":\"ListItem\",\"position\":3,\"name\":\"Primeira unidade de abastecimento com recupera\u00e7\u00e3o de vapor \u00e9 implantada no Brasil\"}]},{\"@type\":\"WebSite\",\"@id\":\"https:\\\/\\\/dana.com.br\\\/canaldana\\\/#website\",\"url\":\"https:\\\/\\\/dana.com.br\\\/canaldana\\\/\",\"name\":\"Canal Dana\",\"description\":\"Informativo com as principais not\u00edcias da ind\u00fastria automotiva\",\"potentialAction\":[{\"@type\":\"SearchAction\",\"target\":{\"@type\":\"EntryPoint\",\"urlTemplate\":\"https:\\\/\\\/dana.com.br\\\/canaldana\\\/?s={search_term_string}\"},\"query-input\":{\"@type\":\"PropertyValueSpecification\",\"valueRequired\":true,\"valueName\":\"search_term_string\"}}],\"inLanguage\":\"pt-BR\"},{\"@type\":\"Person\",\"@id\":\"https:\\\/\\\/dana.com.br\\\/canaldana\\\/#\\\/schema\\\/person\\\/3c21f22f56fcf3bc46b94bc60ea4fef6\",\"name\":\"Canal Dana\",\"image\":{\"@type\":\"ImageObject\",\"inLanguage\":\"pt-BR\",\"@id\":\"https:\\\/\\\/secure.gravatar.com\\\/avatar\\\/420aaf9278582877d9018637c6817617705899d2858d7572ef0fe59a6b6454b4?s=96&d=mm&r=g\",\"url\":\"https:\\\/\\\/secure.gravatar.com\\\/avatar\\\/420aaf9278582877d9018637c6817617705899d2858d7572ef0fe59a6b6454b4?s=96&d=mm&r=g\",\"contentUrl\":\"https:\\\/\\\/secure.gravatar.com\\\/avatar\\\/420aaf9278582877d9018637c6817617705899d2858d7572ef0fe59a6b6454b4?s=96&d=mm&r=g\",\"caption\":\"Canal Dana\"},\"url\":\"https:\\\/\\\/dana.com.br\\\/canaldana\\\/author\\\/cdeditor\\\/\"}]}<\/script>\n<!-- \/ Yoast SEO plugin. -->","yoast_head_json":{"title":"Primeira unidade de abastecimento com recupera\u00e7\u00e3o de vapor \u00e9 implantada no Brasil - Canal Dana","robots":{"index":"index","follow":"follow","max-snippet":"max-snippet:-1","max-image-preview":"max-image-preview:large","max-video-preview":"max-video-preview:-1"},"canonical":"https:\/\/dana.com.br\/canaldana\/2019\/09\/18\/primeira-unidade-de-abastecimento-com-recuperacao-de-vapor-e-implantada-no-brasil\/","og_locale":"pt_BR","og_type":"article","og_title":"Primeira unidade de abastecimento com recupera\u00e7\u00e3o de vapor \u00e9 implantada no Brasil - Canal Dana","og_description":"O Brasil Sobre Rodas &nbsp; A sustentabilidade sempre foi marcante na atua\u00e7\u00e3o da ALE no mercado de distribui\u00e7\u00e3o de combust\u00edveis. A companhia, que ocupa a quarta coloca\u00e7\u00e3o nacional no setor, foi pioneira na comercializa\u00e7\u00e3o de biodiesel no pa\u00eds e \u00e9 reconhecida por buscar solu\u00e7\u00f5es que sejam diferenciais no segmento, incluindo a implanta\u00e7\u00e3o de energia fotovoltaica\u2026 Leia mais \u00bb","og_url":"https:\/\/dana.com.br\/canaldana\/2019\/09\/18\/primeira-unidade-de-abastecimento-com-recuperacao-de-vapor-e-implantada-no-brasil\/","og_site_name":"Canal Dana","article_published_time":"2019-09-18T11:07:49+00:00","author":"Canal Dana","twitter_card":"summary_large_image","twitter_misc":{"Escrito por":"Canal Dana","Est. tempo de leitura":"2 minutos"},"schema":{"@context":"https:\/\/schema.org","@graph":[{"@type":"Article","@id":"https:\/\/dana.com.br\/canaldana\/2019\/09\/18\/primeira-unidade-de-abastecimento-com-recuperacao-de-vapor-e-implantada-no-brasil\/#article","isPartOf":{"@id":"https:\/\/dana.com.br\/canaldana\/2019\/09\/18\/primeira-unidade-de-abastecimento-com-recuperacao-de-vapor-e-implantada-no-brasil\/"},"author":{"name":"Canal Dana","@id":"https:\/\/dana.com.br\/canaldana\/#\/schema\/person\/3c21f22f56fcf3bc46b94bc60ea4fef6"},"headline":"Primeira unidade de abastecimento com recupera\u00e7\u00e3o de vapor \u00e9 implantada no Brasil","datePublished":"2019-09-18T11:07:49+00:00","mainEntityOfPage":{"@id":"https:\/\/dana.com.br\/canaldana\/2019\/09\/18\/primeira-unidade-de-abastecimento-com-recuperacao-de-vapor-e-implantada-no-brasil\/"},"wordCount":501,"articleSection":["Sustentabilidade"],"inLanguage":"pt-BR"},{"@type":"WebPage","@id":"https:\/\/dana.com.br\/canaldana\/2019\/09\/18\/primeira-unidade-de-abastecimento-com-recuperacao-de-vapor-e-implantada-no-brasil\/","url":"https:\/\/dana.com.br\/canaldana\/2019\/09\/18\/primeira-unidade-de-abastecimento-com-recuperacao-de-vapor-e-implantada-no-brasil\/","name":"Primeira unidade de abastecimento com recupera\u00e7\u00e3o de vapor \u00e9 implantada no Brasil - Canal Dana","isPartOf":{"@id":"https:\/\/dana.com.br\/canaldana\/#website"},"datePublished":"2019-09-18T11:07:49+00:00","author":{"@id":"https:\/\/dana.com.br\/canaldana\/#\/schema\/person\/3c21f22f56fcf3bc46b94bc60ea4fef6"},"breadcrumb":{"@id":"https:\/\/dana.com.br\/canaldana\/2019\/09\/18\/primeira-unidade-de-abastecimento-com-recuperacao-de-vapor-e-implantada-no-brasil\/#breadcrumb"},"inLanguage":"pt-BR","potentialAction":[{"@type":"ReadAction","target":["https:\/\/dana.com.br\/canaldana\/2019\/09\/18\/primeira-unidade-de-abastecimento-com-recuperacao-de-vapor-e-implantada-no-brasil\/"]}]},{"@type":"BreadcrumbList","@id":"https:\/\/dana.com.br\/canaldana\/2019\/09\/18\/primeira-unidade-de-abastecimento-com-recuperacao-de-vapor-e-implantada-no-brasil\/#breadcrumb","itemListElement":[{"@type":"ListItem","position":1,"name":"Home","item":"https:\/\/dana.com.br\/canaldana\/"},{"@type":"ListItem","position":2,"name":"Sustentabilidade","item":"https:\/\/dana.com.br\/canaldana\/sustentabilidade\/"},{"@type":"ListItem","position":3,"name":"Primeira unidade de abastecimento com recupera\u00e7\u00e3o de vapor \u00e9 implantada no Brasil"}]},{"@type":"WebSite","@id":"https:\/\/dana.com.br\/canaldana\/#website","url":"https:\/\/dana.com.br\/canaldana\/","name":"Canal Dana","description":"Informativo com as principais not\u00edcias da ind\u00fastria automotiva","potentialAction":[{"@type":"SearchAction","target":{"@type":"EntryPoint","urlTemplate":"https:\/\/dana.com.br\/canaldana\/?s={search_term_string}"},"query-input":{"@type":"PropertyValueSpecification","valueRequired":true,"valueName":"search_term_string"}}],"inLanguage":"pt-BR"},{"@type":"Person","@id":"https:\/\/dana.com.br\/canaldana\/#\/schema\/person\/3c21f22f56fcf3bc46b94bc60ea4fef6","name":"Canal Dana","image":{"@type":"ImageObject","inLanguage":"pt-BR","@id":"https:\/\/secure.gravatar.com\/avatar\/420aaf9278582877d9018637c6817617705899d2858d7572ef0fe59a6b6454b4?s=96&d=mm&r=g","url":"https:\/\/secure.gravatar.com\/avatar\/420aaf9278582877d9018637c6817617705899d2858d7572ef0fe59a6b6454b4?s=96&d=mm&r=g","contentUrl":"https:\/\/secure.gravatar.com\/avatar\/420aaf9278582877d9018637c6817617705899d2858d7572ef0fe59a6b6454b4?s=96&d=mm&r=g","caption":"Canal Dana"},"url":"https:\/\/dana.com.br\/canaldana\/author\/cdeditor\/"}]}},"_links":{"self":[{"href":"https:\/\/dana.com.br\/canaldana\/wp-json\/wp\/v2\/posts\/37279","targetHints":{"allow":["GET"]}}],"collection":[{"href":"https:\/\/dana.com.br\/canaldana\/wp-json\/wp\/v2\/posts"}],"about":[{"href":"https:\/\/dana.com.br\/canaldana\/wp-json\/wp\/v2\/types\/post"}],"author":[{"embeddable":true,"href":"https:\/\/dana.com.br\/canaldana\/wp-json\/wp\/v2\/users\/3"}],"replies":[{"embeddable":true,"href":"https:\/\/dana.com.br\/canaldana\/wp-json\/wp\/v2\/comments?post=37279"}],"version-history":[{"count":0,"href":"https:\/\/dana.com.br\/canaldana\/wp-json\/wp\/v2\/posts\/37279\/revisions"}],"wp:attachment":[{"href":"https:\/\/dana.com.br\/canaldana\/wp-json\/wp\/v2\/media?parent=37279"}],"wp:term":[{"taxonomy":"category","embeddable":true,"href":"https:\/\/dana.com.br\/canaldana\/wp-json\/wp\/v2\/categories?post=37279"},{"taxonomy":"post_tag","embeddable":true,"href":"https:\/\/dana.com.br\/canaldana\/wp-json\/wp\/v2\/tags?post=37279"}],"curies":[{"name":"wp","href":"https:\/\/api.w.org\/{rel}","templated":true}]}}