{"id":37277,"date":"2019-09-18T08:06:06","date_gmt":"2019-09-18T11:06:06","guid":{"rendered":"https:\/\/dana.com.br\/canaldana\/?p=37277"},"modified":"2019-09-18T08:06:06","modified_gmt":"2019-09-18T11:06:06","slug":"volkswagen-confirma-novo-suv-no-pais","status":"publish","type":"post","link":"https:\/\/dana.com.br\/canaldana\/2019\/09\/18\/volkswagen-confirma-novo-suv-no-pais\/","title":{"rendered":"Volkswagen confirma novo SUV no Pa\u00eds"},"content":{"rendered":"<p><em>O Estado de S. Paulo <\/em><\/p>\n<p>&nbsp;<\/p>\n<p>Para a Volkswagen brasileira, o Sal\u00e3o de Frankfurt (Alemanha), que termina no domingo, foi palco de alguns an\u00fancios sobre produtos. A montadora confirmou a produ\u00e7\u00e3o de um SUV no Pa\u00eds. Al\u00e9m disso, o presidente da subsidi\u00e1ria latino-americana, Pablo Di Si, disse que estuda trazer o el\u00e9trico e-Up!.<\/p>\n<p>&nbsp;<\/p>\n<p>\u201cAdorei esse Up! el\u00e9trico. Me reuni com meu time e disse que precisamos deste carro no Brasil, mas que precisamos levant\u00e1-lo\u201d, falou o executivo.<\/p>\n<p>&nbsp;<\/p>\n<p>O levantar a que Di Si se refere \u00e9 a altura em rela\u00e7\u00e3o ao solo do carro. Como as baterias ficam embaixo e as ruas brasileiras n\u00e3o s\u00e3o l\u00e1 as mais lisas do mundo, isso poderia gerar problema de conforto a bordo.<\/p>\n<p>&nbsp;<\/p>\n<p>O e-Up! tem motor el\u00e9trico que gera o equivalente a 83 cv. A autonomia varia de 180 a 260 km, com 16h de recarga em tomada caseira. Leva duas horas em uma de 40 watts.<\/p>\n<p>&nbsp;<\/p>\n<p><strong>Novo SUV<\/strong><\/p>\n<p>&nbsp;<\/p>\n<p>Pouco mais de uma semana ap\u00f3s anunciar a produ\u00e7\u00e3o do SUV do Polo na f\u00e1brica da Anchieta, Di Si confirmou mais um utilit\u00e1rio para o Pa\u00eds. De acordo com fontes, o modelo ser\u00e1 feito em Taubat\u00e9 (SP).<\/p>\n<p>&nbsp;<\/p>\n<p>O utilit\u00e1rio, segundo o executivo, \u00e9 menor que toda a gama atual e ser\u00e1 bem radical. Mais que o T-Sport \u2013 como deve ser batizado o SUV do Polo. \u201cNas cl\u00ednicas que fizemos com clientes, esse modelo foi sempre o mais elogiado.\u201d<\/p>\n<p>&nbsp;<\/p>\n<p>O pequeno SUV tamb\u00e9m j\u00e1 est\u00e1 com o projeto pronto e, como o T-Sport, foi todo desenvolvido na filial brasileira. Ser\u00e1 o segundo produto global da marca concebido 100% no Pa\u00eds. Sua apresenta\u00e7\u00e3o ocorrer\u00e1 no segundo semestre de 2020.<\/p>\n<p>&nbsp;<\/p>\n<p>Logo depois, ser\u00e1 a vez da picape Tarok, que vir\u00e1 para concorrer com a Fiat Toro. (O Estado de S. Paulo\/Diego Ortiz)<\/p>\n","protected":false},"excerpt":{"rendered":"<p>O Estado de S. Paulo &nbsp; Para a Volkswagen brasileira, o Sal\u00e3o de Frankfurt (Alemanha), que termina no domingo, foi palco de alguns an\u00fancios sobre produtos. A montadora confirmou a produ\u00e7\u00e3o de um SUV no Pa\u00eds. Al\u00e9m disso, o presidente da subsidi\u00e1ria latino-americana, Pablo Di Si, disse que estuda trazer o el\u00e9trico e-Up!. &nbsp; \u201cAdorei\u2026 <a class=\"readmore\" href=\"https:\/\/dana.com.br\/canaldana\/2019\/09\/18\/volkswagen-confirma-novo-suv-no-pais\/\">Leia mais \u00bb<\/a><\/p>\n","protected":false},"author":3,"featured_media":0,"comment_status":"closed","ping_status":"closed","sticky":false,"template":"","format":"standard","meta":{"_acf_changed":false,"footnotes":""},"categories":[51],"tags":[],"class_list":["post-37277","post","type-post","status-publish","format-standard","hentry","category-salao-de-frankfurt"],"acf":[],"yoast_head":"<!-- This site is optimized with the Yoast SEO plugin v27.3 - https:\/\/yoast.com\/product\/yoast-seo-wordpress\/ -->\n<title>Volkswagen confirma novo SUV no Pa\u00eds - Canal Dana<\/title>\n<meta name=\"robots\" content=\"index, follow, max-snippet:-1, max-image-preview:large, max-video-preview:-1\" \/>\n<link rel=\"canonical\" href=\"https:\/\/dana.com.br\/canaldana\/2019\/09\/18\/volkswagen-confirma-novo-suv-no-pais\/\" \/>\n<meta property=\"og:locale\" content=\"pt_BR\" \/>\n<meta property=\"og:type\" content=\"article\" \/>\n<meta property=\"og:title\" content=\"Volkswagen confirma novo SUV no Pa\u00eds - Canal Dana\" \/>\n<meta property=\"og:description\" content=\"O Estado de S. Paulo &nbsp; Para a Volkswagen brasileira, o Sal\u00e3o de Frankfurt (Alemanha), que termina no domingo, foi palco de alguns an\u00fancios sobre produtos. A montadora confirmou a produ\u00e7\u00e3o de um SUV no Pa\u00eds. Al\u00e9m disso, o presidente da subsidi\u00e1ria latino-americana, Pablo Di Si, disse que estuda trazer o el\u00e9trico e-Up!. &nbsp; \u201cAdorei\u2026 Leia mais \u00bb\" \/>\n<meta property=\"og:url\" content=\"https:\/\/dana.com.br\/canaldana\/2019\/09\/18\/volkswagen-confirma-novo-suv-no-pais\/\" \/>\n<meta property=\"og:site_name\" content=\"Canal Dana\" \/>\n<meta property=\"article:published_time\" content=\"2019-09-18T11:06:06+00:00\" \/>\n<meta name=\"author\" content=\"Canal Dana\" \/>\n<meta name=\"twitter:card\" content=\"summary_large_image\" \/>\n<meta name=\"twitter:label1\" content=\"Escrito por\" \/>\n\t<meta name=\"twitter:data1\" content=\"Canal Dana\" \/>\n\t<meta name=\"twitter:label2\" content=\"Est. tempo de leitura\" \/>\n\t<meta name=\"twitter:data2\" content=\"2 minutos\" \/>\n<script type=\"application\/ld+json\" class=\"yoast-schema-graph\">{\"@context\":\"https:\\\/\\\/schema.org\",\"@graph\":[{\"@type\":\"Article\",\"@id\":\"https:\\\/\\\/dana.com.br\\\/canaldana\\\/2019\\\/09\\\/18\\\/volkswagen-confirma-novo-suv-no-pais\\\/#article\",\"isPartOf\":{\"@id\":\"https:\\\/\\\/dana.com.br\\\/canaldana\\\/2019\\\/09\\\/18\\\/volkswagen-confirma-novo-suv-no-pais\\\/\"},\"author\":{\"name\":\"Canal Dana\",\"@id\":\"https:\\\/\\\/dana.com.br\\\/canaldana\\\/#\\\/schema\\\/person\\\/3c21f22f56fcf3bc46b94bc60ea4fef6\"},\"headline\":\"Volkswagen confirma novo SUV no Pa\u00eds\",\"datePublished\":\"2019-09-18T11:06:06+00:00\",\"mainEntityOfPage\":{\"@id\":\"https:\\\/\\\/dana.com.br\\\/canaldana\\\/2019\\\/09\\\/18\\\/volkswagen-confirma-novo-suv-no-pais\\\/\"},\"wordCount\":326,\"articleSection\":[\"Sal\u00e3o de Frankfurt\"],\"inLanguage\":\"pt-BR\"},{\"@type\":\"WebPage\",\"@id\":\"https:\\\/\\\/dana.com.br\\\/canaldana\\\/2019\\\/09\\\/18\\\/volkswagen-confirma-novo-suv-no-pais\\\/\",\"url\":\"https:\\\/\\\/dana.com.br\\\/canaldana\\\/2019\\\/09\\\/18\\\/volkswagen-confirma-novo-suv-no-pais\\\/\",\"name\":\"Volkswagen confirma novo SUV no Pa\u00eds - Canal Dana\",\"isPartOf\":{\"@id\":\"https:\\\/\\\/dana.com.br\\\/canaldana\\\/#website\"},\"datePublished\":\"2019-09-18T11:06:06+00:00\",\"author\":{\"@id\":\"https:\\\/\\\/dana.com.br\\\/canaldana\\\/#\\\/schema\\\/person\\\/3c21f22f56fcf3bc46b94bc60ea4fef6\"},\"breadcrumb\":{\"@id\":\"https:\\\/\\\/dana.com.br\\\/canaldana\\\/2019\\\/09\\\/18\\\/volkswagen-confirma-novo-suv-no-pais\\\/#breadcrumb\"},\"inLanguage\":\"pt-BR\",\"potentialAction\":[{\"@type\":\"ReadAction\",\"target\":[\"https:\\\/\\\/dana.com.br\\\/canaldana\\\/2019\\\/09\\\/18\\\/volkswagen-confirma-novo-suv-no-pais\\\/\"]}]},{\"@type\":\"BreadcrumbList\",\"@id\":\"https:\\\/\\\/dana.com.br\\\/canaldana\\\/2019\\\/09\\\/18\\\/volkswagen-confirma-novo-suv-no-pais\\\/#breadcrumb\",\"itemListElement\":[{\"@type\":\"ListItem\",\"position\":1,\"name\":\"Home\",\"item\":\"https:\\\/\\\/dana.com.br\\\/canaldana\\\/\"},{\"@type\":\"ListItem\",\"position\":2,\"name\":\"Sal\u00e3o de Frankfurt\",\"item\":\"https:\\\/\\\/dana.com.br\\\/canaldana\\\/salao-de-frankfurt\\\/\"},{\"@type\":\"ListItem\",\"position\":3,\"name\":\"Volkswagen confirma novo SUV no Pa\u00eds\"}]},{\"@type\":\"WebSite\",\"@id\":\"https:\\\/\\\/dana.com.br\\\/canaldana\\\/#website\",\"url\":\"https:\\\/\\\/dana.com.br\\\/canaldana\\\/\",\"name\":\"Canal Dana\",\"description\":\"Informativo com as principais not\u00edcias da ind\u00fastria automotiva\",\"potentialAction\":[{\"@type\":\"SearchAction\",\"target\":{\"@type\":\"EntryPoint\",\"urlTemplate\":\"https:\\\/\\\/dana.com.br\\\/canaldana\\\/?s={search_term_string}\"},\"query-input\":{\"@type\":\"PropertyValueSpecification\",\"valueRequired\":true,\"valueName\":\"search_term_string\"}}],\"inLanguage\":\"pt-BR\"},{\"@type\":\"Person\",\"@id\":\"https:\\\/\\\/dana.com.br\\\/canaldana\\\/#\\\/schema\\\/person\\\/3c21f22f56fcf3bc46b94bc60ea4fef6\",\"name\":\"Canal Dana\",\"image\":{\"@type\":\"ImageObject\",\"inLanguage\":\"pt-BR\",\"@id\":\"https:\\\/\\\/secure.gravatar.com\\\/avatar\\\/420aaf9278582877d9018637c6817617705899d2858d7572ef0fe59a6b6454b4?s=96&d=mm&r=g\",\"url\":\"https:\\\/\\\/secure.gravatar.com\\\/avatar\\\/420aaf9278582877d9018637c6817617705899d2858d7572ef0fe59a6b6454b4?s=96&d=mm&r=g\",\"contentUrl\":\"https:\\\/\\\/secure.gravatar.com\\\/avatar\\\/420aaf9278582877d9018637c6817617705899d2858d7572ef0fe59a6b6454b4?s=96&d=mm&r=g\",\"caption\":\"Canal Dana\"},\"url\":\"https:\\\/\\\/dana.com.br\\\/canaldana\\\/author\\\/cdeditor\\\/\"}]}<\/script>\n<!-- \/ Yoast SEO plugin. -->","yoast_head_json":{"title":"Volkswagen confirma novo SUV no Pa\u00eds - Canal Dana","robots":{"index":"index","follow":"follow","max-snippet":"max-snippet:-1","max-image-preview":"max-image-preview:large","max-video-preview":"max-video-preview:-1"},"canonical":"https:\/\/dana.com.br\/canaldana\/2019\/09\/18\/volkswagen-confirma-novo-suv-no-pais\/","og_locale":"pt_BR","og_type":"article","og_title":"Volkswagen confirma novo SUV no Pa\u00eds - Canal Dana","og_description":"O Estado de S. Paulo &nbsp; Para a Volkswagen brasileira, o Sal\u00e3o de Frankfurt (Alemanha), que termina no domingo, foi palco de alguns an\u00fancios sobre produtos. A montadora confirmou a produ\u00e7\u00e3o de um SUV no Pa\u00eds. Al\u00e9m disso, o presidente da subsidi\u00e1ria latino-americana, Pablo Di Si, disse que estuda trazer o el\u00e9trico e-Up!. &nbsp; \u201cAdorei\u2026 Leia mais \u00bb","og_url":"https:\/\/dana.com.br\/canaldana\/2019\/09\/18\/volkswagen-confirma-novo-suv-no-pais\/","og_site_name":"Canal Dana","article_published_time":"2019-09-18T11:06:06+00:00","author":"Canal Dana","twitter_card":"summary_large_image","twitter_misc":{"Escrito por":"Canal Dana","Est. tempo de leitura":"2 minutos"},"schema":{"@context":"https:\/\/schema.org","@graph":[{"@type":"Article","@id":"https:\/\/dana.com.br\/canaldana\/2019\/09\/18\/volkswagen-confirma-novo-suv-no-pais\/#article","isPartOf":{"@id":"https:\/\/dana.com.br\/canaldana\/2019\/09\/18\/volkswagen-confirma-novo-suv-no-pais\/"},"author":{"name":"Canal Dana","@id":"https:\/\/dana.com.br\/canaldana\/#\/schema\/person\/3c21f22f56fcf3bc46b94bc60ea4fef6"},"headline":"Volkswagen confirma novo SUV no Pa\u00eds","datePublished":"2019-09-18T11:06:06+00:00","mainEntityOfPage":{"@id":"https:\/\/dana.com.br\/canaldana\/2019\/09\/18\/volkswagen-confirma-novo-suv-no-pais\/"},"wordCount":326,"articleSection":["Sal\u00e3o de Frankfurt"],"inLanguage":"pt-BR"},{"@type":"WebPage","@id":"https:\/\/dana.com.br\/canaldana\/2019\/09\/18\/volkswagen-confirma-novo-suv-no-pais\/","url":"https:\/\/dana.com.br\/canaldana\/2019\/09\/18\/volkswagen-confirma-novo-suv-no-pais\/","name":"Volkswagen confirma novo SUV no Pa\u00eds - Canal Dana","isPartOf":{"@id":"https:\/\/dana.com.br\/canaldana\/#website"},"datePublished":"2019-09-18T11:06:06+00:00","author":{"@id":"https:\/\/dana.com.br\/canaldana\/#\/schema\/person\/3c21f22f56fcf3bc46b94bc60ea4fef6"},"breadcrumb":{"@id":"https:\/\/dana.com.br\/canaldana\/2019\/09\/18\/volkswagen-confirma-novo-suv-no-pais\/#breadcrumb"},"inLanguage":"pt-BR","potentialAction":[{"@type":"ReadAction","target":["https:\/\/dana.com.br\/canaldana\/2019\/09\/18\/volkswagen-confirma-novo-suv-no-pais\/"]}]},{"@type":"BreadcrumbList","@id":"https:\/\/dana.com.br\/canaldana\/2019\/09\/18\/volkswagen-confirma-novo-suv-no-pais\/#breadcrumb","itemListElement":[{"@type":"ListItem","position":1,"name":"Home","item":"https:\/\/dana.com.br\/canaldana\/"},{"@type":"ListItem","position":2,"name":"Sal\u00e3o de Frankfurt","item":"https:\/\/dana.com.br\/canaldana\/salao-de-frankfurt\/"},{"@type":"ListItem","position":3,"name":"Volkswagen confirma novo SUV no Pa\u00eds"}]},{"@type":"WebSite","@id":"https:\/\/dana.com.br\/canaldana\/#website","url":"https:\/\/dana.com.br\/canaldana\/","name":"Canal Dana","description":"Informativo com as principais not\u00edcias da ind\u00fastria automotiva","potentialAction":[{"@type":"SearchAction","target":{"@type":"EntryPoint","urlTemplate":"https:\/\/dana.com.br\/canaldana\/?s={search_term_string}"},"query-input":{"@type":"PropertyValueSpecification","valueRequired":true,"valueName":"search_term_string"}}],"inLanguage":"pt-BR"},{"@type":"Person","@id":"https:\/\/dana.com.br\/canaldana\/#\/schema\/person\/3c21f22f56fcf3bc46b94bc60ea4fef6","name":"Canal Dana","image":{"@type":"ImageObject","inLanguage":"pt-BR","@id":"https:\/\/secure.gravatar.com\/avatar\/420aaf9278582877d9018637c6817617705899d2858d7572ef0fe59a6b6454b4?s=96&d=mm&r=g","url":"https:\/\/secure.gravatar.com\/avatar\/420aaf9278582877d9018637c6817617705899d2858d7572ef0fe59a6b6454b4?s=96&d=mm&r=g","contentUrl":"https:\/\/secure.gravatar.com\/avatar\/420aaf9278582877d9018637c6817617705899d2858d7572ef0fe59a6b6454b4?s=96&d=mm&r=g","caption":"Canal Dana"},"url":"https:\/\/dana.com.br\/canaldana\/author\/cdeditor\/"}]}},"_links":{"self":[{"href":"https:\/\/dana.com.br\/canaldana\/wp-json\/wp\/v2\/posts\/37277","targetHints":{"allow":["GET"]}}],"collection":[{"href":"https:\/\/dana.com.br\/canaldana\/wp-json\/wp\/v2\/posts"}],"about":[{"href":"https:\/\/dana.com.br\/canaldana\/wp-json\/wp\/v2\/types\/post"}],"author":[{"embeddable":true,"href":"https:\/\/dana.com.br\/canaldana\/wp-json\/wp\/v2\/users\/3"}],"replies":[{"embeddable":true,"href":"https:\/\/dana.com.br\/canaldana\/wp-json\/wp\/v2\/comments?post=37277"}],"version-history":[{"count":0,"href":"https:\/\/dana.com.br\/canaldana\/wp-json\/wp\/v2\/posts\/37277\/revisions"}],"wp:attachment":[{"href":"https:\/\/dana.com.br\/canaldana\/wp-json\/wp\/v2\/media?parent=37277"}],"wp:term":[{"taxonomy":"category","embeddable":true,"href":"https:\/\/dana.com.br\/canaldana\/wp-json\/wp\/v2\/categories?post=37277"},{"taxonomy":"post_tag","embeddable":true,"href":"https:\/\/dana.com.br\/canaldana\/wp-json\/wp\/v2\/tags?post=37277"}],"curies":[{"name":"wp","href":"https:\/\/api.w.org\/{rel}","templated":true}]}}